{"id":123528,"date":"2025-10-01T14:25:43","date_gmt":"2025-10-01T13:25:43","guid":{"rendered":"https:\/\/www.altominho.tv\/site\/?p=123528"},"modified":"2025-10-01T14:25:45","modified_gmt":"2025-10-01T13:25:45","slug":"comedias-do-minho-levam-espetaculo-de-danca-a-cerveira-e-melgaco","status":"publish","type":"post","link":"https:\/\/www.altominho.tv\/site\/2025\/10\/01\/comedias-do-minho-levam-espetaculo-de-danca-a-cerveira-e-melgaco\/","title":{"rendered":"Com\u00e9dias do Minho levam espet\u00e1culo de dan\u00e7a a Cerveira e cria\u00e7\u00e3o teatral a Melga\u00e7o"},"content":{"rendered":"<p class=\"p1\">As Com\u00e9dias do Minho d\u00e3o in\u00edcio \u00e0 nova temporada com duas propostas que unem arte, educa\u00e7\u00e3o e comunidade: o espet\u00e1culo de dan\u00e7a \u201cDentro da Cabe\u00e7a\u201d, em Vila Nova de Cerveira, e a apresenta\u00e7\u00e3o de uma cria\u00e7\u00e3o de teatro, em Melga\u00e7o.<\/p>\n<p class=\"p1\">Assim, em Vila Nova de Cerveira, regressa\u00a0\u201cDentro da Cabe\u00e7a\u201d, espet\u00e1culo de dan\u00e7a de\u00a0M\u00e1rcia Lan\u00e7a, integrado no projeto pedag\u00f3gico da companhia. Esta cria\u00e7\u00e3o convida a explorar o fascinante universo do c\u00e9rebro humano atrav\u00e9s do corpo e do movimento, estimulando novas formas de olhar e de aprender.<\/p>\n<p class=\"p1\">Com a participa\u00e7\u00e3o de\u00a0Leonor Mendes\u00a0e\u00a0Naiana Padial, \u201cDentro da Cabe\u00e7a\u201d apresenta-se no\u00a0Palco das Artes\u00a0no dia 4 de outubro, \u00e0s 11h00, numa sess\u00e3o aberta a fam\u00edlias, e prossegue nos dias 6, 7 e 8 de outubro em sess\u00f5es especialmente dedicadas \u00e0s escolas do concelho.<\/p>\n<p class=\"p1\">Em Melga\u00e7o, a\u00a0Companhia de Teatro das Com\u00e9dias do Minho\u00a0apresenta\u00a0\u201cOuve-me de perto como se te tocasse\u201d, um espet\u00e1culo que \u201crompe fronteiras entre palco e plateia e coloca em primeiro plano a cumplicidade entre quem conta uma hist\u00f3ria e quem a escuta\u201d.<\/p>\n<p class=\"p1\">Com texto de\u00a0Eduardo Brito, cria\u00e7\u00e3o pl\u00e1stica de\u00a0Diana S\u00e1\u00a0e cenografia de\u00a0Patrick Hubmann, a pe\u00e7a conta com as interpreta\u00e7\u00f5es de\u00a0Cheila Pereira, Lu\u00eds Filipe Silva, Sara Costa, Diana S\u00e1 e Gon\u00e7alo Fonseca, a que se junta a participa\u00e7\u00e3o especial de\u00a0Juliana Pires, natural de Melga\u00e7o. A primeira apresenta\u00e7\u00e3o acontece no dia 3 de outubro, \u00e0s 21h00, na Associa\u00e7\u00e3o A Batela, em Alvaredo, seguindo depois para a Pra\u00e7a da Rep\u00fablica, em Melga\u00e7o, no dia 4 de outubro, \u00e0s 21h00, e para o Caf\u00e9 Coelho, em S\u00e3o Greg\u00f3rio, no dia 5 de outubro, \u00e0s 16h00.<\/p>\n<p class=\"p1\">A entrada \u00e9 livre em todos os espet\u00e1culos.<\/p>\n","protected":false},"excerpt":{"rendered":"<p>As Com\u00e9dias do Minho d\u00e3o in\u00edcio \u00e0 nova temporada com duas propostas que unem arte, educa\u00e7\u00e3o e comunidade: o espet\u00e1culo de dan\u00e7a \u201cDentro da Cabe\u00e7a\u201d, em Vila Nova de Cerveira, e a apresenta\u00e7\u00e3o de uma cria\u00e7\u00e3o de teatro, em Melga\u00e7o. Assim, em Vila Nova de Cerveira, regressa\u00a0\u201cDentro da Cabe\u00e7a\u201d, espet\u00e1culo de dan\u00e7a de\u00a0M\u00e1rcia Lan\u00e7a, integrado [&hellip;]<\/p>\n","protected":false},"author":30,"featured_media":123532,"comment_status":"closed","ping_status":"closed","sticky":false,"template":"","format":"standard","meta":{"_exactmetrics_skip_tracking":false,"_exactmetrics_sitenote_active":false,"_exactmetrics_sitenote_note":"","_exactmetrics_sitenote_category":0,"footnotes":""},"categories":[73],"tags":[19],"class_list":["post-123528","post","type-post","status-publish","format-standard","has-post-thumbnail","hentry","category-alto-minho","tag-cultura"],"yoast_head":"<!-- This site is optimized with the Yoast SEO Premium plugin v27.5 (Yoast SEO v27.5) - https:\/\/yoast.com\/product\/yoast-seo-premium-wordpress\/ -->\n<title>Com\u00e9dias do Minho levam espet\u00e1culo de dan\u00e7a a Cerveira e cria\u00e7\u00e3o teatral a Melga\u00e7o<\/title>\n<meta name=\"description\" content=\"As Com\u00e9dias do Minho d\u00e3o in\u00edcio \u00e0 nova temporada com duas propostas que unem arte, educa\u00e7\u00e3o e comunidade: o espet\u00e1culo de dan\u00e7a \u201cDentro da Cabe\u00e7a\u201d, em Vila Nova de Cerveira, e a apresenta\u00e7\u00e3o de uma cria\u00e7\u00e3o de teatro, em Melga\u00e7o.\" \/>\n<meta name=\"robots\" content=\"index, follow, max-snippet:-1, max-image-preview:large, max-video-preview:-1\" \/>\n<link rel=\"canonical\" href=\"https:\/\/www.altominho.tv\/site\/2025\/10\/01\/comedias-do-minho-levam-espetaculo-de-danca-a-cerveira-e-melgaco\/\" \/>\n<meta property=\"og:locale\" content=\"pt_PT\" \/>\n<meta property=\"og:type\" content=\"article\" \/>\n<meta property=\"og:title\" content=\"Com\u00e9dias do Minho levam espet\u00e1culo de dan\u00e7a a Cerveira e cria\u00e7\u00e3o teatral a Melga\u00e7o\" \/>\n<meta property=\"og:description\" content=\"As Com\u00e9dias do Minho d\u00e3o in\u00edcio \u00e0 nova temporada com duas propostas que unem arte, educa\u00e7\u00e3o e comunidade: o espet\u00e1culo de dan\u00e7a \u201cDentro da Cabe\u00e7a\u201d, em Vila Nova de Cerveira, e a apresenta\u00e7\u00e3o de uma cria\u00e7\u00e3o de teatro, em Melga\u00e7o.\" \/>\n<meta property=\"og:url\" content=\"https:\/\/www.altominho.tv\/site\/2025\/10\/01\/comedias-do-minho-levam-espetaculo-de-danca-a-cerveira-e-melgaco\/\" \/>\n<meta property=\"og:site_name\" content=\"Altominho.tv\" \/>\n<meta property=\"article:publisher\" content=\"https:\/\/www.facebook.com\/altominhotv\" \/>\n<meta property=\"article:published_time\" content=\"2025-10-01T13:25:43+00:00\" \/>\n<meta property=\"article:modified_time\" content=\"2025-10-01T13:25:45+00:00\" \/>\n<meta property=\"og:image\" content=\"https:\/\/www.altominho.tv\/site\/wp-content\/uploads\/2025\/10\/teatro-comedias-do-minho.jpg\" \/>\n\t<meta property=\"og:image:width\" content=\"1200\" \/>\n\t<meta property=\"og:image:height\" content=\"630\" \/>\n\t<meta property=\"og:image:type\" content=\"image\/jpeg\" \/>\n<meta name=\"author\" content=\"Eduarda Cardoso\" \/>\n<meta name=\"twitter:card\" content=\"summary_large_image\" \/>\n<meta name=\"twitter:creator\" content=\"@altominhoTV\" \/>\n<meta name=\"twitter:site\" content=\"@altominhoTV\" \/>\n<meta name=\"twitter:label1\" content=\"Escrito por\" \/>\n\t<meta name=\"twitter:data1\" content=\"Eduarda Cardoso\" \/>\n\t<meta name=\"twitter:label2\" content=\"Tempo estimado de leitura\" \/>\n\t<meta name=\"twitter:data2\" content=\"2 minutos\" \/>\n<script type=\"application\/ld+json\" class=\"yoast-schema-graph\">{\"@context\":\"https:\\\/\\\/schema.org\",\"@graph\":[{\"@type\":\"Article\",\"@id\":\"https:\\\/\\\/www.altominho.tv\\\/site\\\/2025\\\/10\\\/01\\\/comedias-do-minho-levam-espetaculo-de-danca-a-cerveira-e-melgaco\\\/#article\",\"isPartOf\":{\"@id\":\"https:\\\/\\\/www.altominho.tv\\\/site\\\/2025\\\/10\\\/01\\\/comedias-do-minho-levam-espetaculo-de-danca-a-cerveira-e-melgaco\\\/\"},\"author\":{\"name\":\"Eduarda Cardoso\",\"@id\":\"https:\\\/\\\/www.altominho.tv\\\/site\\\/#\\\/schema\\\/person\\\/9e351387b727413d005ccf1152c93539\"},\"headline\":\"Com\u00e9dias do Minho levam espet\u00e1culo de dan\u00e7a a Cerveira e cria\u00e7\u00e3o teatral a Melga\u00e7o\",\"datePublished\":\"2025-10-01T13:25:43+00:00\",\"dateModified\":\"2025-10-01T13:25:45+00:00\",\"mainEntityOfPage\":{\"@id\":\"https:\\\/\\\/www.altominho.tv\\\/site\\\/2025\\\/10\\\/01\\\/comedias-do-minho-levam-espetaculo-de-danca-a-cerveira-e-melgaco\\\/\"},\"wordCount\":334,\"image\":{\"@id\":\"https:\\\/\\\/www.altominho.tv\\\/site\\\/2025\\\/10\\\/01\\\/comedias-do-minho-levam-espetaculo-de-danca-a-cerveira-e-melgaco\\\/#primaryimage\"},\"thumbnailUrl\":\"https:\\\/\\\/www.altominho.tv\\\/site\\\/wp-content\\\/uploads\\\/2025\\\/10\\\/teatro-comedias-do-minho.jpg\",\"keywords\":[\"Cultura\"],\"articleSection\":[\"Alto Minho\"],\"inLanguage\":\"pt-PT\",\"copyrightYear\":\"2025\",\"copyrightHolder\":{\"@id\":\"https:\\\/\\\/www.altominho.tv\\\/site\\\/#organization\"}},{\"@type\":\"WebPage\",\"@id\":\"https:\\\/\\\/www.altominho.tv\\\/site\\\/2025\\\/10\\\/01\\\/comedias-do-minho-levam-espetaculo-de-danca-a-cerveira-e-melgaco\\\/\",\"url\":\"https:\\\/\\\/www.altominho.tv\\\/site\\\/2025\\\/10\\\/01\\\/comedias-do-minho-levam-espetaculo-de-danca-a-cerveira-e-melgaco\\\/\",\"name\":\"Com\u00e9dias do Minho levam espet\u00e1culo de dan\u00e7a a Cerveira e cria\u00e7\u00e3o teatral a Melga\u00e7o\",\"isPartOf\":{\"@id\":\"https:\\\/\\\/www.altominho.tv\\\/site\\\/#website\"},\"primaryImageOfPage\":{\"@id\":\"https:\\\/\\\/www.altominho.tv\\\/site\\\/2025\\\/10\\\/01\\\/comedias-do-minho-levam-espetaculo-de-danca-a-cerveira-e-melgaco\\\/#primaryimage\"},\"image\":{\"@id\":\"https:\\\/\\\/www.altominho.tv\\\/site\\\/2025\\\/10\\\/01\\\/comedias-do-minho-levam-espetaculo-de-danca-a-cerveira-e-melgaco\\\/#primaryimage\"},\"thumbnailUrl\":\"https:\\\/\\\/www.altominho.tv\\\/site\\\/wp-content\\\/uploads\\\/2025\\\/10\\\/teatro-comedias-do-minho.jpg\",\"datePublished\":\"2025-10-01T13:25:43+00:00\",\"dateModified\":\"2025-10-01T13:25:45+00:00\",\"author\":{\"@id\":\"https:\\\/\\\/www.altominho.tv\\\/site\\\/#\\\/schema\\\/person\\\/9e351387b727413d005ccf1152c93539\"},\"description\":\"As Com\u00e9dias do Minho d\u00e3o in\u00edcio \u00e0 nova temporada com duas propostas que unem arte, educa\u00e7\u00e3o e comunidade: o espet\u00e1culo de dan\u00e7a \u201cDentro da Cabe\u00e7a\u201d, em Vila Nova de Cerveira, e a apresenta\u00e7\u00e3o de uma cria\u00e7\u00e3o de teatro, em Melga\u00e7o.\",\"breadcrumb\":{\"@id\":\"https:\\\/\\\/www.altominho.tv\\\/site\\\/2025\\\/10\\\/01\\\/comedias-do-minho-levam-espetaculo-de-danca-a-cerveira-e-melgaco\\\/#breadcrumb\"},\"inLanguage\":\"pt-PT\",\"potentialAction\":[{\"@type\":\"ReadAction\",\"target\":[\"https:\\\/\\\/www.altominho.tv\\\/site\\\/2025\\\/10\\\/01\\\/comedias-do-minho-levam-espetaculo-de-danca-a-cerveira-e-melgaco\\\/\"]}]},{\"@type\":\"ImageObject\",\"inLanguage\":\"pt-PT\",\"@id\":\"https:\\\/\\\/www.altominho.tv\\\/site\\\/2025\\\/10\\\/01\\\/comedias-do-minho-levam-espetaculo-de-danca-a-cerveira-e-melgaco\\\/#primaryimage\",\"url\":\"https:\\\/\\\/www.altominho.tv\\\/site\\\/wp-content\\\/uploads\\\/2025\\\/10\\\/teatro-comedias-do-minho.jpg\",\"contentUrl\":\"https:\\\/\\\/www.altominho.tv\\\/site\\\/wp-content\\\/uploads\\\/2025\\\/10\\\/teatro-comedias-do-minho.jpg\",\"width\":1200,\"height\":630},{\"@type\":\"BreadcrumbList\",\"@id\":\"https:\\\/\\\/www.altominho.tv\\\/site\\\/2025\\\/10\\\/01\\\/comedias-do-minho-levam-espetaculo-de-danca-a-cerveira-e-melgaco\\\/#breadcrumb\",\"itemListElement\":[{\"@type\":\"ListItem\",\"position\":1,\"name\":\"In\u00edcio\",\"item\":\"https:\\\/\\\/www.altominho.tv\\\/site\\\/\"},{\"@type\":\"ListItem\",\"position\":2,\"name\":\"Com\u00e9dias do Minho levam espet\u00e1culo de dan\u00e7a a Cerveira e cria\u00e7\u00e3o teatral a Melga\u00e7o\"}]},{\"@type\":\"WebSite\",\"@id\":\"https:\\\/\\\/www.altominho.tv\\\/site\\\/#website\",\"url\":\"https:\\\/\\\/www.altominho.tv\\\/site\\\/\",\"name\":\"Altominho.tv\",\"description\":\"A sua regi\u00e3o \u00e0 dist\u00e2ncia de um clique...\",\"potentialAction\":[{\"@type\":\"SearchAction\",\"target\":{\"@type\":\"EntryPoint\",\"urlTemplate\":\"https:\\\/\\\/www.altominho.tv\\\/site\\\/?s={search_term_string}\"},\"query-input\":{\"@type\":\"PropertyValueSpecification\",\"valueRequired\":true,\"valueName\":\"search_term_string\"}}],\"inLanguage\":\"pt-PT\"},{\"@type\":\"Person\",\"@id\":\"https:\\\/\\\/www.altominho.tv\\\/site\\\/#\\\/schema\\\/person\\\/9e351387b727413d005ccf1152c93539\",\"name\":\"Eduarda Cardoso\",\"image\":{\"@type\":\"ImageObject\",\"inLanguage\":\"pt-PT\",\"@id\":\"https:\\\/\\\/www.altominho.tv\\\/site\\\/wp-content\\\/uploads\\\/2021\\\/01\\\/cropped-Logo-ATV_WEB-150x150.png\",\"url\":\"https:\\\/\\\/www.altominho.tv\\\/site\\\/wp-content\\\/uploads\\\/2021\\\/01\\\/cropped-Logo-ATV_WEB-150x150.png\",\"contentUrl\":\"https:\\\/\\\/www.altominho.tv\\\/site\\\/wp-content\\\/uploads\\\/2021\\\/01\\\/cropped-Logo-ATV_WEB-150x150.png\",\"caption\":\"Eduarda Cardoso\"},\"url\":\"https:\\\/\\\/www.altominho.tv\\\/site\\\/author\\\/eduarda-cardoso\\\/\"}]}<\/script>\n<!-- \/ Yoast SEO Premium plugin. -->","yoast_head_json":{"title":"Com\u00e9dias do Minho levam espet\u00e1culo de dan\u00e7a a Cerveira e cria\u00e7\u00e3o teatral a Melga\u00e7o","description":"As Com\u00e9dias do Minho d\u00e3o in\u00edcio \u00e0 nova temporada com duas propostas que unem arte, educa\u00e7\u00e3o e comunidade: o espet\u00e1culo de dan\u00e7a \u201cDentro da Cabe\u00e7a\u201d, em Vila Nova de Cerveira, e a apresenta\u00e7\u00e3o de uma cria\u00e7\u00e3o de teatro, em Melga\u00e7o.","robots":{"index":"index","follow":"follow","max-snippet":"max-snippet:-1","max-image-preview":"max-image-preview:large","max-video-preview":"max-video-preview:-1"},"canonical":"https:\/\/www.altominho.tv\/site\/2025\/10\/01\/comedias-do-minho-levam-espetaculo-de-danca-a-cerveira-e-melgaco\/","og_locale":"pt_PT","og_type":"article","og_title":"Com\u00e9dias do Minho levam espet\u00e1culo de dan\u00e7a a Cerveira e cria\u00e7\u00e3o teatral a Melga\u00e7o","og_description":"As Com\u00e9dias do Minho d\u00e3o in\u00edcio \u00e0 nova temporada com duas propostas que unem arte, educa\u00e7\u00e3o e comunidade: o espet\u00e1culo de dan\u00e7a \u201cDentro da Cabe\u00e7a\u201d, em Vila Nova de Cerveira, e a apresenta\u00e7\u00e3o de uma cria\u00e7\u00e3o de teatro, em Melga\u00e7o.","og_url":"https:\/\/www.altominho.tv\/site\/2025\/10\/01\/comedias-do-minho-levam-espetaculo-de-danca-a-cerveira-e-melgaco\/","og_site_name":"Altominho.tv","article_publisher":"https:\/\/www.facebook.com\/altominhotv","article_published_time":"2025-10-01T13:25:43+00:00","article_modified_time":"2025-10-01T13:25:45+00:00","og_image":[{"width":1200,"height":630,"url":"https:\/\/www.altominho.tv\/site\/wp-content\/uploads\/2025\/10\/teatro-comedias-do-minho.jpg","type":"image\/jpeg"}],"author":"Eduarda Cardoso","twitter_card":"summary_large_image","twitter_creator":"@altominhoTV","twitter_site":"@altominhoTV","twitter_misc":{"Escrito por":"Eduarda Cardoso","Tempo estimado de leitura":"2 minutos"},"schema":{"@context":"https:\/\/schema.org","@graph":[{"@type":"Article","@id":"https:\/\/www.altominho.tv\/site\/2025\/10\/01\/comedias-do-minho-levam-espetaculo-de-danca-a-cerveira-e-melgaco\/#article","isPartOf":{"@id":"https:\/\/www.altominho.tv\/site\/2025\/10\/01\/comedias-do-minho-levam-espetaculo-de-danca-a-cerveira-e-melgaco\/"},"author":{"name":"Eduarda Cardoso","@id":"https:\/\/www.altominho.tv\/site\/#\/schema\/person\/9e351387b727413d005ccf1152c93539"},"headline":"Com\u00e9dias do Minho levam espet\u00e1culo de dan\u00e7a a Cerveira e cria\u00e7\u00e3o teatral a Melga\u00e7o","datePublished":"2025-10-01T13:25:43+00:00","dateModified":"2025-10-01T13:25:45+00:00","mainEntityOfPage":{"@id":"https:\/\/www.altominho.tv\/site\/2025\/10\/01\/comedias-do-minho-levam-espetaculo-de-danca-a-cerveira-e-melgaco\/"},"wordCount":334,"image":{"@id":"https:\/\/www.altominho.tv\/site\/2025\/10\/01\/comedias-do-minho-levam-espetaculo-de-danca-a-cerveira-e-melgaco\/#primaryimage"},"thumbnailUrl":"https:\/\/www.altominho.tv\/site\/wp-content\/uploads\/2025\/10\/teatro-comedias-do-minho.jpg","keywords":["Cultura"],"articleSection":["Alto Minho"],"inLanguage":"pt-PT","copyrightYear":"2025","copyrightHolder":{"@id":"https:\/\/www.altominho.tv\/site\/#organization"}},{"@type":"WebPage","@id":"https:\/\/www.altominho.tv\/site\/2025\/10\/01\/comedias-do-minho-levam-espetaculo-de-danca-a-cerveira-e-melgaco\/","url":"https:\/\/www.altominho.tv\/site\/2025\/10\/01\/comedias-do-minho-levam-espetaculo-de-danca-a-cerveira-e-melgaco\/","name":"Com\u00e9dias do Minho levam espet\u00e1culo de dan\u00e7a a Cerveira e cria\u00e7\u00e3o teatral a Melga\u00e7o","isPartOf":{"@id":"https:\/\/www.altominho.tv\/site\/#website"},"primaryImageOfPage":{"@id":"https:\/\/www.altominho.tv\/site\/2025\/10\/01\/comedias-do-minho-levam-espetaculo-de-danca-a-cerveira-e-melgaco\/#primaryimage"},"image":{"@id":"https:\/\/www.altominho.tv\/site\/2025\/10\/01\/comedias-do-minho-levam-espetaculo-de-danca-a-cerveira-e-melgaco\/#primaryimage"},"thumbnailUrl":"https:\/\/www.altominho.tv\/site\/wp-content\/uploads\/2025\/10\/teatro-comedias-do-minho.jpg","datePublished":"2025-10-01T13:25:43+00:00","dateModified":"2025-10-01T13:25:45+00:00","author":{"@id":"https:\/\/www.altominho.tv\/site\/#\/schema\/person\/9e351387b727413d005ccf1152c93539"},"description":"As Com\u00e9dias do Minho d\u00e3o in\u00edcio \u00e0 nova temporada com duas propostas que unem arte, educa\u00e7\u00e3o e comunidade: o espet\u00e1culo de dan\u00e7a \u201cDentro da Cabe\u00e7a\u201d, em Vila Nova de Cerveira, e a apresenta\u00e7\u00e3o de uma cria\u00e7\u00e3o de teatro, em Melga\u00e7o.","breadcrumb":{"@id":"https:\/\/www.altominho.tv\/site\/2025\/10\/01\/comedias-do-minho-levam-espetaculo-de-danca-a-cerveira-e-melgaco\/#breadcrumb"},"inLanguage":"pt-PT","potentialAction":[{"@type":"ReadAction","target":["https:\/\/www.altominho.tv\/site\/2025\/10\/01\/comedias-do-minho-levam-espetaculo-de-danca-a-cerveira-e-melgaco\/"]}]},{"@type":"ImageObject","inLanguage":"pt-PT","@id":"https:\/\/www.altominho.tv\/site\/2025\/10\/01\/comedias-do-minho-levam-espetaculo-de-danca-a-cerveira-e-melgaco\/#primaryimage","url":"https:\/\/www.altominho.tv\/site\/wp-content\/uploads\/2025\/10\/teatro-comedias-do-minho.jpg","contentUrl":"https:\/\/www.altominho.tv\/site\/wp-content\/uploads\/2025\/10\/teatro-comedias-do-minho.jpg","width":1200,"height":630},{"@type":"BreadcrumbList","@id":"https:\/\/www.altominho.tv\/site\/2025\/10\/01\/comedias-do-minho-levam-espetaculo-de-danca-a-cerveira-e-melgaco\/#breadcrumb","itemListElement":[{"@type":"ListItem","position":1,"name":"In\u00edcio","item":"https:\/\/www.altominho.tv\/site\/"},{"@type":"ListItem","position":2,"name":"Com\u00e9dias do Minho levam espet\u00e1culo de dan\u00e7a a Cerveira e cria\u00e7\u00e3o teatral a Melga\u00e7o"}]},{"@type":"WebSite","@id":"https:\/\/www.altominho.tv\/site\/#website","url":"https:\/\/www.altominho.tv\/site\/","name":"Altominho.tv","description":"A sua regi\u00e3o \u00e0 dist\u00e2ncia de um clique...","potentialAction":[{"@type":"SearchAction","target":{"@type":"EntryPoint","urlTemplate":"https:\/\/www.altominho.tv\/site\/?s={search_term_string}"},"query-input":{"@type":"PropertyValueSpecification","valueRequired":true,"valueName":"search_term_string"}}],"inLanguage":"pt-PT"},{"@type":"Person","@id":"https:\/\/www.altominho.tv\/site\/#\/schema\/person\/9e351387b727413d005ccf1152c93539","name":"Eduarda Cardoso","image":{"@type":"ImageObject","inLanguage":"pt-PT","@id":"https:\/\/www.altominho.tv\/site\/wp-content\/uploads\/2021\/01\/cropped-Logo-ATV_WEB-150x150.png","url":"https:\/\/www.altominho.tv\/site\/wp-content\/uploads\/2021\/01\/cropped-Logo-ATV_WEB-150x150.png","contentUrl":"https:\/\/www.altominho.tv\/site\/wp-content\/uploads\/2021\/01\/cropped-Logo-ATV_WEB-150x150.png","caption":"Eduarda Cardoso"},"url":"https:\/\/www.altominho.tv\/site\/author\/eduarda-cardoso\/"}]}},"_links":{"self":[{"href":"https:\/\/www.altominho.tv\/site\/wp-json\/wp\/v2\/posts\/123528","targetHints":{"allow":["GET"]}}],"collection":[{"href":"https:\/\/www.altominho.tv\/site\/wp-json\/wp\/v2\/posts"}],"about":[{"href":"https:\/\/www.altominho.tv\/site\/wp-json\/wp\/v2\/types\/post"}],"author":[{"embeddable":true,"href":"https:\/\/www.altominho.tv\/site\/wp-json\/wp\/v2\/users\/30"}],"replies":[{"embeddable":true,"href":"https:\/\/www.altominho.tv\/site\/wp-json\/wp\/v2\/comments?post=123528"}],"version-history":[{"count":1,"href":"https:\/\/www.altominho.tv\/site\/wp-json\/wp\/v2\/posts\/123528\/revisions"}],"predecessor-version":[{"id":123533,"href":"https:\/\/www.altominho.tv\/site\/wp-json\/wp\/v2\/posts\/123528\/revisions\/123533"}],"wp:featuredmedia":[{"embeddable":true,"href":"https:\/\/www.altominho.tv\/site\/wp-json\/wp\/v2\/media\/123532"}],"wp:attachment":[{"href":"https:\/\/www.altominho.tv\/site\/wp-json\/wp\/v2\/media?parent=123528"}],"wp:term":[{"taxonomy":"category","embeddable":true,"href":"https:\/\/www.altominho.tv\/site\/wp-json\/wp\/v2\/categories?post=123528"},{"taxonomy":"post_tag","embeddable":true,"href":"https:\/\/www.altominho.tv\/site\/wp-json\/wp\/v2\/tags?post=123528"}],"curies":[{"name":"wp","href":"https:\/\/api.w.org\/{rel}","templated":true}]}}