{"id":123446,"date":"2025-09-29T17:19:01","date_gmt":"2025-09-29T16:19:01","guid":{"rendered":"https:\/\/www.altominho.tv\/site\/?p=123446"},"modified":"2025-09-29T17:19:05","modified_gmt":"2025-09-29T16:19:05","slug":"viana-do-castelo-ipvc-turismo-3","status":"publish","type":"post","link":"https:\/\/www.altominho.tv\/site\/2025\/09\/29\/viana-do-castelo-ipvc-turismo-3\/","title":{"rendered":"FISATUR, projeto do Polit\u00e9cnico de Viana do Castelo, promove turismo sustent\u00e1vel"},"content":{"rendered":"\n<p>O projeto europeu FISATUR culminou esta manh\u00e3 em Viana do Castelo com a chegada dos 12 tripulantes \u00e0 vela, ap\u00f3s escalas em Fran\u00e7a e Espanha.<\/p>\n\n\n\n<p>A sess\u00e3o \u201cTurismo Mar\u00edtimo e Comunidades Piscat\u00f3rias: Perspetivas para o Futuro\u201d marcou o encerramento de 28 meses de investiga\u00e7\u00e3o, destacando a import\u00e2ncia da coopera\u00e7\u00e3o transfronteiri\u00e7a, a valoriza\u00e7\u00e3o do setor mar\u00edtimo e a forma\u00e7\u00e3o de novos agentes locais.<\/p>\n\n\n\n<p>A iniciativa marca praticamente o encerramento do FISATUR, projeto europeu que nasceu com o prop\u00f3sito de diversificar as atividades dos ecossistemas de pesca locais, partilhar boas pr\u00e1ticas, mas tamb\u00e9m com a miss\u00e3o de promover e impulsionar novas solu\u00e7\u00f5es de desenvolvimento tur\u00edstico sustent\u00e1vel relacionadas com a pesca, a aquacultura e o patrim\u00f3nio mar\u00edtimo.<\/p>\n\n\n\n<p>Ao longo de mais de dois anos de dura\u00e7\u00e3o do FISATUR, foram conhecidos perto de quatro centenas de projetos ligados ao setor, muitos deles j\u00e1 implementados nos respetivos territ\u00f3rios e outros em fase de implementa\u00e7\u00e3o, o que revela o car\u00e1cter impactante, pr\u00e1tico, real e envolvente do projeto.<\/p>\n\n\n\n<p>J\u00e1 em terra firme, foram apresentadas, esta manh\u00e3, na Biblioteca Municipal de Viana do Castelo, as principais conclus\u00f5es de um projeto inovador que juntou tr\u00eas territ\u00f3rios localizados na costa atl\u00e2ntica em torno de prop\u00f3sitos claros. Nesta sess\u00e3o p\u00fablica, Ana Sofia Rodrigues, vice-presidente do Polit\u00e9cnico de Viana do Castelo (IPVC), institui\u00e7\u00e3o coordenadora do FISATUR em Portugal, defendeu que o projeto europeu \u201cpermite \u00e0s comunidades desenvolverem-se de forma sustent\u00e1vel, mantendo as pessoas nos seus territ\u00f3rios e promovendo oportunidades inovadoras ligadas ao mar.\u201d<\/p>\n\n\n\n<p><strong>Projetos implementados no territ\u00f3rio<\/strong><\/p>\n\n\n\n<p>J\u00e1 o presidente da CIM do Alto Minho, Manoel Batista, salientou a relev\u00e2ncia do projeto para a regi\u00e3o, defendendo que \u201co FISATUR cria um novo paradigma no turismo mar\u00edtimo, integrando tradi\u00e7\u00e3o e inova\u00e7\u00e3o, valorizando as comunidades piscat\u00f3rias e refor\u00e7ando a sustentabilidade econ\u00f3mica e social do nosso litoral.\u201d O FISATUR, rematou Manoel Batista, \u201c\u00e9 um projeto que representa muito mais do que uma simples iniciativa transfronteiri\u00e7a. \u00c9 a materializa\u00e7\u00e3o de uma vis\u00e3o partilhada entre Fran\u00e7a, Espanha e Portugal, para a cria\u00e7\u00e3o de um novo paradigma no turismo mar\u00edtimo, onde a tradi\u00e7\u00e3o piscat\u00f3ria se encontra com a inova\u00e7\u00e3o tur\u00edstica, gerando novas oportunidades econ\u00f3micas para as nossas unidades costeiras.\u201d<\/p>\n\n\n\n<p>O presidente da CIM do Alto Minho rematou a sua interven\u00e7\u00e3o, dizendo acreditar que \u201ca interliga\u00e7\u00e3o sustent\u00e1vel entre a pesca tradicional e as novas propostas de valor tur\u00edstico pode ser um motor de desenvolvimento econ\u00f3mico e social para toda a regi\u00e3o.\u201d<\/p>\n\n\n\n<p>Na apresenta\u00e7\u00e3o dos principais resultados, Maria Caldeiro, diretora da FUNDAMAR, Funda\u00e7\u00e3o para a Pesca e Marisco, sublinhou a import\u00e2ncia de dar continuidade \u00e0s aprendizagens e as parcerias criadas atrav\u00e9s do projeto, refor\u00e7ando a coopera\u00e7\u00e3o p\u00fablico-privada, a valoriza\u00e7\u00e3o do setor mar\u00edtimo, a forma\u00e7\u00e3o de novos ativos locais e a transfer\u00eancia de conhecimento.<\/p>\n\n\n\n<p>Entre os participantes portugueses na viagem de veleiro destaca-se \u201cPreserva\u00e7\u00e3o do Patrim\u00f3nio Mar\u00edtimo em Esposende\u201d, projeto que venceu o FISATUR em Portugal e que combina restauro de embarca\u00e7\u00f5es tradicionais com tecnologia 3D e atividades educativas.<\/p>\n\n\n\n<p>O projeto, com a dura\u00e7\u00e3o de 28 meses, desenvolveu-se em tr\u00eas fase: mapeamento de iniciativas existentes na regi\u00e3o atl\u00e2ntica entre a Bretanha, em Fran\u00e7a, e a zona costeira do norte de Portugal (foram identificadas perto de 400 atividades ligadas ao setor); programa de incuba\u00e7\u00e3o, com a sele\u00e7\u00e3o de dez projetos por pa\u00eds (Fran\u00e7a, Espanha e Portugal) para um programa de mentoria e forma\u00e7\u00e3o; e a terceira fase, que chega agora a fim com o passeio \u00e0 vela com os projetos vencedores sa\u00eddos de cada territ\u00f3rio, com paragens ao longo do percurso, para uma s\u00e9rie de atividades e networking.<\/p>\n\n\n\n<p>O FISATUR \u00e9 cofinanciado pela Uni\u00e3o Europeia, atrav\u00e9s do Fundo Europeu dos Assuntos Mar\u00edtimos, das Pescas e da Aquicultura (FEMPA) e gerido pela Ag\u00eancia de Execu\u00e7\u00e3o Europeia do Clima, das Infraestruturas e do Ambiente (CINEA).<\/p>\n\n\n\n<p>O veleiro com os 12 tripulantes deveria ter chegado a Viana do Castelo este domingo, mas a viagem sofreu altera\u00e7\u00f5es devido \u00e0 Tempestade Gabrielle, tendo chegado apenas no dia de hoje.<\/p>\n\n\n\n<p>O FISATUR envolve seis parceiros de tr\u00eas pa\u00edses \u2013 o Polit\u00e9cnico de Viana do Castelo e a CIM do Alto Minho, em Portugal, a FUNDAMAR e o ICSEM, em Espanha (Galiza), e ainda L&#8217;Institut Agro Rennes-Angers e a Technopole Quimper-Cornouaille, em Fran\u00e7a (Bretanha).<\/p>\n","protected":false},"excerpt":{"rendered":"<p>O projeto europeu FISATUR culminou esta manh\u00e3 em Viana do Castelo com a chegada dos 12 tripulantes \u00e0 vela, ap\u00f3s escalas em Fran\u00e7a e Espanha. A sess\u00e3o \u201cTurismo Mar\u00edtimo e Comunidades Piscat\u00f3rias: Perspetivas para o Futuro\u201d marcou o encerramento de 28 meses de investiga\u00e7\u00e3o, destacando a import\u00e2ncia da coopera\u00e7\u00e3o transfronteiri\u00e7a, a valoriza\u00e7\u00e3o do setor mar\u00edtimo [&hellip;]<\/p>\n","protected":false},"author":7,"featured_media":123448,"comment_status":"closed","ping_status":"closed","sticky":false,"template":"","format":"standard","meta":{"_exactmetrics_skip_tracking":false,"_exactmetrics_sitenote_active":false,"_exactmetrics_sitenote_note":"","_exactmetrics_sitenote_category":0,"footnotes":""},"categories":[14],"tags":[27],"class_list":["post-123446","post","type-post","status-publish","format-standard","has-post-thumbnail","hentry","category-viana-do-castelo","tag-sociedade"],"yoast_head":"<!-- This site is optimized with the Yoast SEO Premium plugin v27.5 (Yoast SEO v27.5) - https:\/\/yoast.com\/product\/yoast-seo-premium-wordpress\/ -->\n<title>FISATUR, projeto do Polit\u00e9cnico de Viana do Castelo, promove turismo sustent\u00e1vel<\/title>\n<meta name=\"description\" content=\"O FISATUR, projeto do Polit\u00e9cnico de Viana do Castelo, promove o turismo sustent\u00e1vel.\" \/>\n<meta name=\"robots\" content=\"index, follow, max-snippet:-1, max-image-preview:large, max-video-preview:-1\" \/>\n<link rel=\"canonical\" href=\"https:\/\/www.altominho.tv\/site\/2025\/09\/29\/viana-do-castelo-ipvc-turismo-3\/\" \/>\n<meta property=\"og:locale\" content=\"pt_PT\" \/>\n<meta property=\"og:type\" content=\"article\" \/>\n<meta property=\"og:title\" content=\"FISATUR, projeto do Polit\u00e9cnico de Viana do Castelo, promove turismo sustent\u00e1vel\" \/>\n<meta property=\"og:description\" content=\"O FISATUR, projeto do Polit\u00e9cnico de Viana do Castelo, promove o turismo sustent\u00e1vel.\" \/>\n<meta property=\"og:url\" content=\"https:\/\/www.altominho.tv\/site\/2025\/09\/29\/viana-do-castelo-ipvc-turismo-3\/\" \/>\n<meta property=\"og:site_name\" content=\"Altominho.tv\" \/>\n<meta property=\"article:publisher\" content=\"https:\/\/www.facebook.com\/altominhotv\" \/>\n<meta property=\"article:published_time\" content=\"2025-09-29T16:19:01+00:00\" \/>\n<meta property=\"article:modified_time\" content=\"2025-09-29T16:19:05+00:00\" \/>\n<meta property=\"og:image\" content=\"https:\/\/www.altominho.tv\/site\/wp-content\/uploads\/2025\/09\/fitasur.png\" \/>\n\t<meta property=\"og:image:width\" content=\"1200\" \/>\n\t<meta property=\"og:image:height\" content=\"630\" \/>\n\t<meta property=\"og:image:type\" content=\"image\/png\" \/>\n<meta name=\"author\" content=\"Andreia Cunha\" \/>\n<meta name=\"twitter:card\" content=\"summary_large_image\" \/>\n<meta name=\"twitter:creator\" content=\"@altominhoTV\" \/>\n<meta name=\"twitter:site\" content=\"@altominhoTV\" \/>\n<meta name=\"twitter:label1\" content=\"Escrito por\" \/>\n\t<meta name=\"twitter:data1\" content=\"Andreia Cunha\" \/>\n\t<meta name=\"twitter:label2\" content=\"Tempo estimado de leitura\" \/>\n\t<meta name=\"twitter:data2\" content=\"4 minutos\" \/>\n<script type=\"application\/ld+json\" class=\"yoast-schema-graph\">{\"@context\":\"https:\\\/\\\/schema.org\",\"@graph\":[{\"@type\":\"Article\",\"@id\":\"https:\\\/\\\/www.altominho.tv\\\/site\\\/2025\\\/09\\\/29\\\/viana-do-castelo-ipvc-turismo-3\\\/#article\",\"isPartOf\":{\"@id\":\"https:\\\/\\\/www.altominho.tv\\\/site\\\/2025\\\/09\\\/29\\\/viana-do-castelo-ipvc-turismo-3\\\/\"},\"author\":{\"name\":\"Andreia Cunha\",\"@id\":\"https:\\\/\\\/www.altominho.tv\\\/site\\\/#\\\/schema\\\/person\\\/a0e4ef6d041f98ca284393d8f1d97153\"},\"headline\":\"FISATUR, projeto do Polit\u00e9cnico de Viana do Castelo, promove turismo sustent\u00e1vel\",\"datePublished\":\"2025-09-29T16:19:01+00:00\",\"dateModified\":\"2025-09-29T16:19:05+00:00\",\"mainEntityOfPage\":{\"@id\":\"https:\\\/\\\/www.altominho.tv\\\/site\\\/2025\\\/09\\\/29\\\/viana-do-castelo-ipvc-turismo-3\\\/\"},\"wordCount\":787,\"image\":{\"@id\":\"https:\\\/\\\/www.altominho.tv\\\/site\\\/2025\\\/09\\\/29\\\/viana-do-castelo-ipvc-turismo-3\\\/#primaryimage\"},\"thumbnailUrl\":\"https:\\\/\\\/www.altominho.tv\\\/site\\\/wp-content\\\/uploads\\\/2025\\\/09\\\/fitasur.png\",\"keywords\":[\"Sociedade\"],\"articleSection\":[\"Viana do Castelo\"],\"inLanguage\":\"pt-PT\",\"copyrightYear\":\"2025\",\"copyrightHolder\":{\"@id\":\"https:\\\/\\\/www.altominho.tv\\\/site\\\/#organization\"}},{\"@type\":\"WebPage\",\"@id\":\"https:\\\/\\\/www.altominho.tv\\\/site\\\/2025\\\/09\\\/29\\\/viana-do-castelo-ipvc-turismo-3\\\/\",\"url\":\"https:\\\/\\\/www.altominho.tv\\\/site\\\/2025\\\/09\\\/29\\\/viana-do-castelo-ipvc-turismo-3\\\/\",\"name\":\"FISATUR, projeto do Polit\u00e9cnico de Viana do Castelo, promove turismo sustent\u00e1vel\",\"isPartOf\":{\"@id\":\"https:\\\/\\\/www.altominho.tv\\\/site\\\/#website\"},\"primaryImageOfPage\":{\"@id\":\"https:\\\/\\\/www.altominho.tv\\\/site\\\/2025\\\/09\\\/29\\\/viana-do-castelo-ipvc-turismo-3\\\/#primaryimage\"},\"image\":{\"@id\":\"https:\\\/\\\/www.altominho.tv\\\/site\\\/2025\\\/09\\\/29\\\/viana-do-castelo-ipvc-turismo-3\\\/#primaryimage\"},\"thumbnailUrl\":\"https:\\\/\\\/www.altominho.tv\\\/site\\\/wp-content\\\/uploads\\\/2025\\\/09\\\/fitasur.png\",\"datePublished\":\"2025-09-29T16:19:01+00:00\",\"dateModified\":\"2025-09-29T16:19:05+00:00\",\"author\":{\"@id\":\"https:\\\/\\\/www.altominho.tv\\\/site\\\/#\\\/schema\\\/person\\\/a0e4ef6d041f98ca284393d8f1d97153\"},\"description\":\"O FISATUR, projeto do Polit\u00e9cnico de Viana do Castelo, promove o turismo sustent\u00e1vel.\",\"breadcrumb\":{\"@id\":\"https:\\\/\\\/www.altominho.tv\\\/site\\\/2025\\\/09\\\/29\\\/viana-do-castelo-ipvc-turismo-3\\\/#breadcrumb\"},\"inLanguage\":\"pt-PT\",\"potentialAction\":[{\"@type\":\"ReadAction\",\"target\":[\"https:\\\/\\\/www.altominho.tv\\\/site\\\/2025\\\/09\\\/29\\\/viana-do-castelo-ipvc-turismo-3\\\/\"]}]},{\"@type\":\"ImageObject\",\"inLanguage\":\"pt-PT\",\"@id\":\"https:\\\/\\\/www.altominho.tv\\\/site\\\/2025\\\/09\\\/29\\\/viana-do-castelo-ipvc-turismo-3\\\/#primaryimage\",\"url\":\"https:\\\/\\\/www.altominho.tv\\\/site\\\/wp-content\\\/uploads\\\/2025\\\/09\\\/fitasur.png\",\"contentUrl\":\"https:\\\/\\\/www.altominho.tv\\\/site\\\/wp-content\\\/uploads\\\/2025\\\/09\\\/fitasur.png\",\"width\":1200,\"height\":630},{\"@type\":\"BreadcrumbList\",\"@id\":\"https:\\\/\\\/www.altominho.tv\\\/site\\\/2025\\\/09\\\/29\\\/viana-do-castelo-ipvc-turismo-3\\\/#breadcrumb\",\"itemListElement\":[{\"@type\":\"ListItem\",\"position\":1,\"name\":\"In\u00edcio\",\"item\":\"https:\\\/\\\/www.altominho.tv\\\/site\\\/\"},{\"@type\":\"ListItem\",\"position\":2,\"name\":\"FISATUR, projeto do Polit\u00e9cnico de Viana do Castelo, promove turismo sustent\u00e1vel\"}]},{\"@type\":\"WebSite\",\"@id\":\"https:\\\/\\\/www.altominho.tv\\\/site\\\/#website\",\"url\":\"https:\\\/\\\/www.altominho.tv\\\/site\\\/\",\"name\":\"Altominho.tv\",\"description\":\"A sua regi\u00e3o \u00e0 dist\u00e2ncia de um clique...\",\"potentialAction\":[{\"@type\":\"SearchAction\",\"target\":{\"@type\":\"EntryPoint\",\"urlTemplate\":\"https:\\\/\\\/www.altominho.tv\\\/site\\\/?s={search_term_string}\"},\"query-input\":{\"@type\":\"PropertyValueSpecification\",\"valueRequired\":true,\"valueName\":\"search_term_string\"}}],\"inLanguage\":\"pt-PT\"},{\"@type\":\"Person\",\"@id\":\"https:\\\/\\\/www.altominho.tv\\\/site\\\/#\\\/schema\\\/person\\\/a0e4ef6d041f98ca284393d8f1d97153\",\"name\":\"Andreia Cunha\",\"image\":{\"@type\":\"ImageObject\",\"inLanguage\":\"pt-PT\",\"@id\":\"https:\\\/\\\/www.altominho.tv\\\/site\\\/wp-content\\\/uploads\\\/2017\\\/11\\\/Andreia_Cunha-1-150x150.jpg\",\"url\":\"https:\\\/\\\/www.altominho.tv\\\/site\\\/wp-content\\\/uploads\\\/2017\\\/11\\\/Andreia_Cunha-1-150x150.jpg\",\"contentUrl\":\"https:\\\/\\\/www.altominho.tv\\\/site\\\/wp-content\\\/uploads\\\/2017\\\/11\\\/Andreia_Cunha-1-150x150.jpg\",\"caption\":\"Andreia Cunha\"},\"url\":\"https:\\\/\\\/www.altominho.tv\\\/site\\\/author\\\/andreiacunha\\\/\"}]}<\/script>\n<!-- \/ Yoast SEO Premium plugin. -->","yoast_head_json":{"title":"FISATUR, projeto do Polit\u00e9cnico de Viana do Castelo, promove turismo sustent\u00e1vel","description":"O FISATUR, projeto do Polit\u00e9cnico de Viana do Castelo, promove o turismo sustent\u00e1vel.","robots":{"index":"index","follow":"follow","max-snippet":"max-snippet:-1","max-image-preview":"max-image-preview:large","max-video-preview":"max-video-preview:-1"},"canonical":"https:\/\/www.altominho.tv\/site\/2025\/09\/29\/viana-do-castelo-ipvc-turismo-3\/","og_locale":"pt_PT","og_type":"article","og_title":"FISATUR, projeto do Polit\u00e9cnico de Viana do Castelo, promove turismo sustent\u00e1vel","og_description":"O FISATUR, projeto do Polit\u00e9cnico de Viana do Castelo, promove o turismo sustent\u00e1vel.","og_url":"https:\/\/www.altominho.tv\/site\/2025\/09\/29\/viana-do-castelo-ipvc-turismo-3\/","og_site_name":"Altominho.tv","article_publisher":"https:\/\/www.facebook.com\/altominhotv","article_published_time":"2025-09-29T16:19:01+00:00","article_modified_time":"2025-09-29T16:19:05+00:00","og_image":[{"width":1200,"height":630,"url":"https:\/\/www.altominho.tv\/site\/wp-content\/uploads\/2025\/09\/fitasur.png","type":"image\/png"}],"author":"Andreia Cunha","twitter_card":"summary_large_image","twitter_creator":"@altominhoTV","twitter_site":"@altominhoTV","twitter_misc":{"Escrito por":"Andreia Cunha","Tempo estimado de leitura":"4 minutos"},"schema":{"@context":"https:\/\/schema.org","@graph":[{"@type":"Article","@id":"https:\/\/www.altominho.tv\/site\/2025\/09\/29\/viana-do-castelo-ipvc-turismo-3\/#article","isPartOf":{"@id":"https:\/\/www.altominho.tv\/site\/2025\/09\/29\/viana-do-castelo-ipvc-turismo-3\/"},"author":{"name":"Andreia Cunha","@id":"https:\/\/www.altominho.tv\/site\/#\/schema\/person\/a0e4ef6d041f98ca284393d8f1d97153"},"headline":"FISATUR, projeto do Polit\u00e9cnico de Viana do Castelo, promove turismo sustent\u00e1vel","datePublished":"2025-09-29T16:19:01+00:00","dateModified":"2025-09-29T16:19:05+00:00","mainEntityOfPage":{"@id":"https:\/\/www.altominho.tv\/site\/2025\/09\/29\/viana-do-castelo-ipvc-turismo-3\/"},"wordCount":787,"image":{"@id":"https:\/\/www.altominho.tv\/site\/2025\/09\/29\/viana-do-castelo-ipvc-turismo-3\/#primaryimage"},"thumbnailUrl":"https:\/\/www.altominho.tv\/site\/wp-content\/uploads\/2025\/09\/fitasur.png","keywords":["Sociedade"],"articleSection":["Viana do Castelo"],"inLanguage":"pt-PT","copyrightYear":"2025","copyrightHolder":{"@id":"https:\/\/www.altominho.tv\/site\/#organization"}},{"@type":"WebPage","@id":"https:\/\/www.altominho.tv\/site\/2025\/09\/29\/viana-do-castelo-ipvc-turismo-3\/","url":"https:\/\/www.altominho.tv\/site\/2025\/09\/29\/viana-do-castelo-ipvc-turismo-3\/","name":"FISATUR, projeto do Polit\u00e9cnico de Viana do Castelo, promove turismo sustent\u00e1vel","isPartOf":{"@id":"https:\/\/www.altominho.tv\/site\/#website"},"primaryImageOfPage":{"@id":"https:\/\/www.altominho.tv\/site\/2025\/09\/29\/viana-do-castelo-ipvc-turismo-3\/#primaryimage"},"image":{"@id":"https:\/\/www.altominho.tv\/site\/2025\/09\/29\/viana-do-castelo-ipvc-turismo-3\/#primaryimage"},"thumbnailUrl":"https:\/\/www.altominho.tv\/site\/wp-content\/uploads\/2025\/09\/fitasur.png","datePublished":"2025-09-29T16:19:01+00:00","dateModified":"2025-09-29T16:19:05+00:00","author":{"@id":"https:\/\/www.altominho.tv\/site\/#\/schema\/person\/a0e4ef6d041f98ca284393d8f1d97153"},"description":"O FISATUR, projeto do Polit\u00e9cnico de Viana do Castelo, promove o turismo sustent\u00e1vel.","breadcrumb":{"@id":"https:\/\/www.altominho.tv\/site\/2025\/09\/29\/viana-do-castelo-ipvc-turismo-3\/#breadcrumb"},"inLanguage":"pt-PT","potentialAction":[{"@type":"ReadAction","target":["https:\/\/www.altominho.tv\/site\/2025\/09\/29\/viana-do-castelo-ipvc-turismo-3\/"]}]},{"@type":"ImageObject","inLanguage":"pt-PT","@id":"https:\/\/www.altominho.tv\/site\/2025\/09\/29\/viana-do-castelo-ipvc-turismo-3\/#primaryimage","url":"https:\/\/www.altominho.tv\/site\/wp-content\/uploads\/2025\/09\/fitasur.png","contentUrl":"https:\/\/www.altominho.tv\/site\/wp-content\/uploads\/2025\/09\/fitasur.png","width":1200,"height":630},{"@type":"BreadcrumbList","@id":"https:\/\/www.altominho.tv\/site\/2025\/09\/29\/viana-do-castelo-ipvc-turismo-3\/#breadcrumb","itemListElement":[{"@type":"ListItem","position":1,"name":"In\u00edcio","item":"https:\/\/www.altominho.tv\/site\/"},{"@type":"ListItem","position":2,"name":"FISATUR, projeto do Polit\u00e9cnico de Viana do Castelo, promove turismo sustent\u00e1vel"}]},{"@type":"WebSite","@id":"https:\/\/www.altominho.tv\/site\/#website","url":"https:\/\/www.altominho.tv\/site\/","name":"Altominho.tv","description":"A sua regi\u00e3o \u00e0 dist\u00e2ncia de um clique...","potentialAction":[{"@type":"SearchAction","target":{"@type":"EntryPoint","urlTemplate":"https:\/\/www.altominho.tv\/site\/?s={search_term_string}"},"query-input":{"@type":"PropertyValueSpecification","valueRequired":true,"valueName":"search_term_string"}}],"inLanguage":"pt-PT"},{"@type":"Person","@id":"https:\/\/www.altominho.tv\/site\/#\/schema\/person\/a0e4ef6d041f98ca284393d8f1d97153","name":"Andreia Cunha","image":{"@type":"ImageObject","inLanguage":"pt-PT","@id":"https:\/\/www.altominho.tv\/site\/wp-content\/uploads\/2017\/11\/Andreia_Cunha-1-150x150.jpg","url":"https:\/\/www.altominho.tv\/site\/wp-content\/uploads\/2017\/11\/Andreia_Cunha-1-150x150.jpg","contentUrl":"https:\/\/www.altominho.tv\/site\/wp-content\/uploads\/2017\/11\/Andreia_Cunha-1-150x150.jpg","caption":"Andreia Cunha"},"url":"https:\/\/www.altominho.tv\/site\/author\/andreiacunha\/"}]}},"_links":{"self":[{"href":"https:\/\/www.altominho.tv\/site\/wp-json\/wp\/v2\/posts\/123446","targetHints":{"allow":["GET"]}}],"collection":[{"href":"https:\/\/www.altominho.tv\/site\/wp-json\/wp\/v2\/posts"}],"about":[{"href":"https:\/\/www.altominho.tv\/site\/wp-json\/wp\/v2\/types\/post"}],"author":[{"embeddable":true,"href":"https:\/\/www.altominho.tv\/site\/wp-json\/wp\/v2\/users\/7"}],"replies":[{"embeddable":true,"href":"https:\/\/www.altominho.tv\/site\/wp-json\/wp\/v2\/comments?post=123446"}],"version-history":[{"count":1,"href":"https:\/\/www.altominho.tv\/site\/wp-json\/wp\/v2\/posts\/123446\/revisions"}],"predecessor-version":[{"id":123449,"href":"https:\/\/www.altominho.tv\/site\/wp-json\/wp\/v2\/posts\/123446\/revisions\/123449"}],"wp:featuredmedia":[{"embeddable":true,"href":"https:\/\/www.altominho.tv\/site\/wp-json\/wp\/v2\/media\/123448"}],"wp:attachment":[{"href":"https:\/\/www.altominho.tv\/site\/wp-json\/wp\/v2\/media?parent=123446"}],"wp:term":[{"taxonomy":"category","embeddable":true,"href":"https:\/\/www.altominho.tv\/site\/wp-json\/wp\/v2\/categories?post=123446"},{"taxonomy":"post_tag","embeddable":true,"href":"https:\/\/www.altominho.tv\/site\/wp-json\/wp\/v2\/tags?post=123446"}],"curies":[{"name":"wp","href":"https:\/\/api.w.org\/{rel}","templated":true}]}}