{"id":123358,"date":"2025-09-26T11:28:49","date_gmt":"2025-09-26T10:28:49","guid":{"rendered":"https:\/\/www.altominho.tv\/site\/?p=123358"},"modified":"2025-09-26T11:28:51","modified_gmt":"2025-09-26T10:28:51","slug":"assinado-auto-de-reconhecimento-de-fronteiras-no-troco-internacional-do-rio-minho","status":"publish","type":"post","link":"https:\/\/www.altominho.tv\/site\/2025\/09\/26\/assinado-auto-de-reconhecimento-de-fronteiras-no-troco-internacional-do-rio-minho\/","title":{"rendered":"Assinado Auto de Reconhecimento de Fronteiras no Tro\u00e7o Internacional do Rio Minho"},"content":{"rendered":"<p data-start=\"167\" data-end=\"364\">Foi assinado esta quinta-feira o Auto de Reconhecimento do estado da demarca\u00e7\u00e3o da fronteira entre os munic\u00edpios portugueses e espanh\u00f3is lim\u00edtrofes ao Tro\u00e7o Internacional do Rio Minho (TIRM).<\/p>\n<p data-start=\"366\" data-end=\"588\">Em representa\u00e7\u00e3o do Munic\u00edpio de Vila Nova de Cerveira, esteve presente a vereadora S\u00f3nia Guerreiro, que rubricou o documento em conjunto com as alcaldesas dos munic\u00edpios galegos vizinhos de Tomi\u00f1o e O Rosal.<\/p>\n<p data-start=\"590\" data-end=\"800\">A iniciativa contou com o apoio da Marinha Portuguesa, da Autoridade Mar\u00edtima Nacional e da Armada Espanhola, sublinhando a import\u00e2ncia da coopera\u00e7\u00e3o transfronteiri\u00e7a na gest\u00e3o deste tro\u00e7o do rio.<\/p>\n<p data-start=\"802\" data-end=\"1016\">A assinatura destes autos decorre anualmente, em cumprimento do Tratado de Limites entre Portugal e Espanha, assinado a 29 de setembro de 1864, e do respetivo Anexo I, datado de 4 de novembro de 1866.<\/p>\n","protected":false},"excerpt":{"rendered":"<p>Foi assinado esta quinta-feira o Auto de Reconhecimento do estado da demarca\u00e7\u00e3o da fronteira entre os munic\u00edpios portugueses e espanh\u00f3is lim\u00edtrofes ao Tro\u00e7o Internacional do Rio Minho (TIRM). Em representa\u00e7\u00e3o do Munic\u00edpio de Vila Nova de Cerveira, esteve presente a vereadora S\u00f3nia Guerreiro, que rubricou o documento em conjunto com as alcaldesas dos munic\u00edpios galegos [&hellip;]<\/p>\n","protected":false},"author":1,"featured_media":123359,"comment_status":"closed","ping_status":"closed","sticky":false,"template":"","format":"standard","meta":{"_exactmetrics_skip_tracking":false,"_exactmetrics_sitenote_active":false,"_exactmetrics_sitenote_note":"","_exactmetrics_sitenote_category":0,"footnotes":""},"categories":[15],"tags":[56326],"class_list":["post-123358","post","type-post","status-publish","format-standard","has-post-thumbnail","hentry","category-vila-nova-de-cerveira","tag-politica"],"yoast_head":"<!-- This site is optimized with the Yoast SEO Premium plugin v27.5 (Yoast SEO v27.5) - https:\/\/yoast.com\/product\/yoast-seo-premium-wordpress\/ -->\n<title>Assinado Auto de Reconhecimento de Fronteiras no Tro\u00e7o Internacional do Rio Minho<\/title>\n<meta name=\"description\" content=\"Foi assinado esta quinta-feira o Auto de Reconhecimento do estado da demarca\u00e7\u00e3o da fronteira entre os munic\u00edpios portugueses e espanh\u00f3is lim\u00edtrofes ao Tro\u00e7o Internacional do Rio Minho (TIRM).\" \/>\n<meta name=\"robots\" content=\"index, follow, max-snippet:-1, max-image-preview:large, max-video-preview:-1\" \/>\n<link rel=\"canonical\" href=\"https:\/\/www.altominho.tv\/site\/2025\/09\/26\/assinado-auto-de-reconhecimento-de-fronteiras-no-troco-internacional-do-rio-minho\/\" \/>\n<meta property=\"og:locale\" content=\"pt_PT\" \/>\n<meta property=\"og:type\" content=\"article\" \/>\n<meta property=\"og:title\" content=\"Assinado Auto de Reconhecimento de Fronteiras no Tro\u00e7o Internacional do Rio Minho\" \/>\n<meta property=\"og:description\" content=\"Foi assinado esta quinta-feira o Auto de Reconhecimento do estado da demarca\u00e7\u00e3o da fronteira entre os munic\u00edpios portugueses e espanh\u00f3is lim\u00edtrofes ao Tro\u00e7o Internacional do Rio Minho (TIRM).\" \/>\n<meta property=\"og:url\" content=\"https:\/\/www.altominho.tv\/site\/2025\/09\/26\/assinado-auto-de-reconhecimento-de-fronteiras-no-troco-internacional-do-rio-minho\/\" \/>\n<meta property=\"og:site_name\" content=\"Altominho.tv\" \/>\n<meta property=\"article:publisher\" content=\"https:\/\/www.facebook.com\/altominhotv\" \/>\n<meta property=\"article:published_time\" content=\"2025-09-26T10:28:49+00:00\" \/>\n<meta property=\"article:modified_time\" content=\"2025-09-26T10:28:51+00:00\" \/>\n<meta property=\"og:image\" content=\"https:\/\/www.altominho.tv\/site\/wp-content\/uploads\/2025\/09\/Auto-de-Reconhecimento-de-Fronteiras.jpg\" \/>\n\t<meta property=\"og:image:width\" content=\"1200\" \/>\n\t<meta property=\"og:image:height\" content=\"630\" \/>\n\t<meta property=\"og:image:type\" content=\"image\/jpeg\" \/>\n<meta name=\"author\" content=\"Altominho.tv\" \/>\n<meta name=\"twitter:card\" content=\"summary_large_image\" \/>\n<meta name=\"twitter:creator\" content=\"@altominhoTV\" \/>\n<meta name=\"twitter:site\" content=\"@altominhoTV\" \/>\n<meta name=\"twitter:label1\" content=\"Escrito por\" \/>\n\t<meta name=\"twitter:data1\" content=\"Altominho.tv\" \/>\n\t<meta name=\"twitter:label2\" content=\"Tempo estimado de leitura\" \/>\n\t<meta name=\"twitter:data2\" content=\"1 minuto\" \/>\n<script type=\"application\/ld+json\" class=\"yoast-schema-graph\">{\"@context\":\"https:\\\/\\\/schema.org\",\"@graph\":[{\"@type\":\"Article\",\"@id\":\"https:\\\/\\\/www.altominho.tv\\\/site\\\/2025\\\/09\\\/26\\\/assinado-auto-de-reconhecimento-de-fronteiras-no-troco-internacional-do-rio-minho\\\/#article\",\"isPartOf\":{\"@id\":\"https:\\\/\\\/www.altominho.tv\\\/site\\\/2025\\\/09\\\/26\\\/assinado-auto-de-reconhecimento-de-fronteiras-no-troco-internacional-do-rio-minho\\\/\"},\"author\":{\"name\":\"Altominho.tv\",\"@id\":\"https:\\\/\\\/www.altominho.tv\\\/site\\\/#\\\/schema\\\/person\\\/4e536851627d7914baf3dac752b6af22\"},\"headline\":\"Assinado Auto de Reconhecimento de Fronteiras no Tro\u00e7o Internacional do Rio Minho\",\"datePublished\":\"2025-09-26T10:28:49+00:00\",\"dateModified\":\"2025-09-26T10:28:51+00:00\",\"mainEntityOfPage\":{\"@id\":\"https:\\\/\\\/www.altominho.tv\\\/site\\\/2025\\\/09\\\/26\\\/assinado-auto-de-reconhecimento-de-fronteiras-no-troco-internacional-do-rio-minho\\\/\"},\"wordCount\":150,\"image\":{\"@id\":\"https:\\\/\\\/www.altominho.tv\\\/site\\\/2025\\\/09\\\/26\\\/assinado-auto-de-reconhecimento-de-fronteiras-no-troco-internacional-do-rio-minho\\\/#primaryimage\"},\"thumbnailUrl\":\"https:\\\/\\\/www.altominho.tv\\\/site\\\/wp-content\\\/uploads\\\/2025\\\/09\\\/Auto-de-Reconhecimento-de-Fronteiras.jpg\",\"keywords\":[\"Pol\u00edtica\"],\"articleSection\":[\"Vila Nova de Cerveira\"],\"inLanguage\":\"pt-PT\",\"copyrightYear\":\"2025\",\"copyrightHolder\":{\"@id\":\"https:\\\/\\\/www.altominho.tv\\\/site\\\/#organization\"}},{\"@type\":\"WebPage\",\"@id\":\"https:\\\/\\\/www.altominho.tv\\\/site\\\/2025\\\/09\\\/26\\\/assinado-auto-de-reconhecimento-de-fronteiras-no-troco-internacional-do-rio-minho\\\/\",\"url\":\"https:\\\/\\\/www.altominho.tv\\\/site\\\/2025\\\/09\\\/26\\\/assinado-auto-de-reconhecimento-de-fronteiras-no-troco-internacional-do-rio-minho\\\/\",\"name\":\"Assinado Auto de Reconhecimento de Fronteiras no Tro\u00e7o Internacional do Rio Minho\",\"isPartOf\":{\"@id\":\"https:\\\/\\\/www.altominho.tv\\\/site\\\/#website\"},\"primaryImageOfPage\":{\"@id\":\"https:\\\/\\\/www.altominho.tv\\\/site\\\/2025\\\/09\\\/26\\\/assinado-auto-de-reconhecimento-de-fronteiras-no-troco-internacional-do-rio-minho\\\/#primaryimage\"},\"image\":{\"@id\":\"https:\\\/\\\/www.altominho.tv\\\/site\\\/2025\\\/09\\\/26\\\/assinado-auto-de-reconhecimento-de-fronteiras-no-troco-internacional-do-rio-minho\\\/#primaryimage\"},\"thumbnailUrl\":\"https:\\\/\\\/www.altominho.tv\\\/site\\\/wp-content\\\/uploads\\\/2025\\\/09\\\/Auto-de-Reconhecimento-de-Fronteiras.jpg\",\"datePublished\":\"2025-09-26T10:28:49+00:00\",\"dateModified\":\"2025-09-26T10:28:51+00:00\",\"author\":{\"@id\":\"https:\\\/\\\/www.altominho.tv\\\/site\\\/#\\\/schema\\\/person\\\/4e536851627d7914baf3dac752b6af22\"},\"description\":\"Foi assinado esta quinta-feira o Auto de Reconhecimento do estado da demarca\u00e7\u00e3o da fronteira entre os munic\u00edpios portugueses e espanh\u00f3is lim\u00edtrofes ao Tro\u00e7o Internacional do Rio Minho (TIRM).\",\"breadcrumb\":{\"@id\":\"https:\\\/\\\/www.altominho.tv\\\/site\\\/2025\\\/09\\\/26\\\/assinado-auto-de-reconhecimento-de-fronteiras-no-troco-internacional-do-rio-minho\\\/#breadcrumb\"},\"inLanguage\":\"pt-PT\",\"potentialAction\":[{\"@type\":\"ReadAction\",\"target\":[\"https:\\\/\\\/www.altominho.tv\\\/site\\\/2025\\\/09\\\/26\\\/assinado-auto-de-reconhecimento-de-fronteiras-no-troco-internacional-do-rio-minho\\\/\"]}]},{\"@type\":\"ImageObject\",\"inLanguage\":\"pt-PT\",\"@id\":\"https:\\\/\\\/www.altominho.tv\\\/site\\\/2025\\\/09\\\/26\\\/assinado-auto-de-reconhecimento-de-fronteiras-no-troco-internacional-do-rio-minho\\\/#primaryimage\",\"url\":\"https:\\\/\\\/www.altominho.tv\\\/site\\\/wp-content\\\/uploads\\\/2025\\\/09\\\/Auto-de-Reconhecimento-de-Fronteiras.jpg\",\"contentUrl\":\"https:\\\/\\\/www.altominho.tv\\\/site\\\/wp-content\\\/uploads\\\/2025\\\/09\\\/Auto-de-Reconhecimento-de-Fronteiras.jpg\",\"width\":1200,\"height\":630},{\"@type\":\"BreadcrumbList\",\"@id\":\"https:\\\/\\\/www.altominho.tv\\\/site\\\/2025\\\/09\\\/26\\\/assinado-auto-de-reconhecimento-de-fronteiras-no-troco-internacional-do-rio-minho\\\/#breadcrumb\",\"itemListElement\":[{\"@type\":\"ListItem\",\"position\":1,\"name\":\"In\u00edcio\",\"item\":\"https:\\\/\\\/www.altominho.tv\\\/site\\\/\"},{\"@type\":\"ListItem\",\"position\":2,\"name\":\"Assinado Auto de Reconhecimento de Fronteiras no Tro\u00e7o Internacional do Rio Minho\"}]},{\"@type\":\"WebSite\",\"@id\":\"https:\\\/\\\/www.altominho.tv\\\/site\\\/#website\",\"url\":\"https:\\\/\\\/www.altominho.tv\\\/site\\\/\",\"name\":\"Altominho.tv\",\"description\":\"A sua regi\u00e3o \u00e0 dist\u00e2ncia de um clique...\",\"potentialAction\":[{\"@type\":\"SearchAction\",\"target\":{\"@type\":\"EntryPoint\",\"urlTemplate\":\"https:\\\/\\\/www.altominho.tv\\\/site\\\/?s={search_term_string}\"},\"query-input\":{\"@type\":\"PropertyValueSpecification\",\"valueRequired\":true,\"valueName\":\"search_term_string\"}}],\"inLanguage\":\"pt-PT\"},{\"@type\":\"Person\",\"@id\":\"https:\\\/\\\/www.altominho.tv\\\/site\\\/#\\\/schema\\\/person\\\/4e536851627d7914baf3dac752b6af22\",\"name\":\"Altominho.tv\",\"image\":{\"@type\":\"ImageObject\",\"inLanguage\":\"pt-PT\",\"@id\":\"https:\\\/\\\/www.altominho.tv\\\/site\\\/wp-content\\\/uploads\\\/2019\\\/11\\\/Logo_Avatar_2-150x150.jpg\",\"url\":\"https:\\\/\\\/www.altominho.tv\\\/site\\\/wp-content\\\/uploads\\\/2019\\\/11\\\/Logo_Avatar_2-150x150.jpg\",\"contentUrl\":\"https:\\\/\\\/www.altominho.tv\\\/site\\\/wp-content\\\/uploads\\\/2019\\\/11\\\/Logo_Avatar_2-150x150.jpg\",\"caption\":\"Altominho.tv\"},\"url\":\"https:\\\/\\\/www.altominho.tv\\\/site\\\/author\\\/altominhotv-tecnico\\\/\"}]}<\/script>\n<!-- \/ Yoast SEO Premium plugin. -->","yoast_head_json":{"title":"Assinado Auto de Reconhecimento de Fronteiras no Tro\u00e7o Internacional do Rio Minho","description":"Foi assinado esta quinta-feira o Auto de Reconhecimento do estado da demarca\u00e7\u00e3o da fronteira entre os munic\u00edpios portugueses e espanh\u00f3is lim\u00edtrofes ao Tro\u00e7o Internacional do Rio Minho (TIRM).","robots":{"index":"index","follow":"follow","max-snippet":"max-snippet:-1","max-image-preview":"max-image-preview:large","max-video-preview":"max-video-preview:-1"},"canonical":"https:\/\/www.altominho.tv\/site\/2025\/09\/26\/assinado-auto-de-reconhecimento-de-fronteiras-no-troco-internacional-do-rio-minho\/","og_locale":"pt_PT","og_type":"article","og_title":"Assinado Auto de Reconhecimento de Fronteiras no Tro\u00e7o Internacional do Rio Minho","og_description":"Foi assinado esta quinta-feira o Auto de Reconhecimento do estado da demarca\u00e7\u00e3o da fronteira entre os munic\u00edpios portugueses e espanh\u00f3is lim\u00edtrofes ao Tro\u00e7o Internacional do Rio Minho (TIRM).","og_url":"https:\/\/www.altominho.tv\/site\/2025\/09\/26\/assinado-auto-de-reconhecimento-de-fronteiras-no-troco-internacional-do-rio-minho\/","og_site_name":"Altominho.tv","article_publisher":"https:\/\/www.facebook.com\/altominhotv","article_published_time":"2025-09-26T10:28:49+00:00","article_modified_time":"2025-09-26T10:28:51+00:00","og_image":[{"width":1200,"height":630,"url":"https:\/\/www.altominho.tv\/site\/wp-content\/uploads\/2025\/09\/Auto-de-Reconhecimento-de-Fronteiras.jpg","type":"image\/jpeg"}],"author":"Altominho.tv","twitter_card":"summary_large_image","twitter_creator":"@altominhoTV","twitter_site":"@altominhoTV","twitter_misc":{"Escrito por":"Altominho.tv","Tempo estimado de leitura":"1 minuto"},"schema":{"@context":"https:\/\/schema.org","@graph":[{"@type":"Article","@id":"https:\/\/www.altominho.tv\/site\/2025\/09\/26\/assinado-auto-de-reconhecimento-de-fronteiras-no-troco-internacional-do-rio-minho\/#article","isPartOf":{"@id":"https:\/\/www.altominho.tv\/site\/2025\/09\/26\/assinado-auto-de-reconhecimento-de-fronteiras-no-troco-internacional-do-rio-minho\/"},"author":{"name":"Altominho.tv","@id":"https:\/\/www.altominho.tv\/site\/#\/schema\/person\/4e536851627d7914baf3dac752b6af22"},"headline":"Assinado Auto de Reconhecimento de Fronteiras no Tro\u00e7o Internacional do Rio Minho","datePublished":"2025-09-26T10:28:49+00:00","dateModified":"2025-09-26T10:28:51+00:00","mainEntityOfPage":{"@id":"https:\/\/www.altominho.tv\/site\/2025\/09\/26\/assinado-auto-de-reconhecimento-de-fronteiras-no-troco-internacional-do-rio-minho\/"},"wordCount":150,"image":{"@id":"https:\/\/www.altominho.tv\/site\/2025\/09\/26\/assinado-auto-de-reconhecimento-de-fronteiras-no-troco-internacional-do-rio-minho\/#primaryimage"},"thumbnailUrl":"https:\/\/www.altominho.tv\/site\/wp-content\/uploads\/2025\/09\/Auto-de-Reconhecimento-de-Fronteiras.jpg","keywords":["Pol\u00edtica"],"articleSection":["Vila Nova de Cerveira"],"inLanguage":"pt-PT","copyrightYear":"2025","copyrightHolder":{"@id":"https:\/\/www.altominho.tv\/site\/#organization"}},{"@type":"WebPage","@id":"https:\/\/www.altominho.tv\/site\/2025\/09\/26\/assinado-auto-de-reconhecimento-de-fronteiras-no-troco-internacional-do-rio-minho\/","url":"https:\/\/www.altominho.tv\/site\/2025\/09\/26\/assinado-auto-de-reconhecimento-de-fronteiras-no-troco-internacional-do-rio-minho\/","name":"Assinado Auto de Reconhecimento de Fronteiras no Tro\u00e7o Internacional do Rio Minho","isPartOf":{"@id":"https:\/\/www.altominho.tv\/site\/#website"},"primaryImageOfPage":{"@id":"https:\/\/www.altominho.tv\/site\/2025\/09\/26\/assinado-auto-de-reconhecimento-de-fronteiras-no-troco-internacional-do-rio-minho\/#primaryimage"},"image":{"@id":"https:\/\/www.altominho.tv\/site\/2025\/09\/26\/assinado-auto-de-reconhecimento-de-fronteiras-no-troco-internacional-do-rio-minho\/#primaryimage"},"thumbnailUrl":"https:\/\/www.altominho.tv\/site\/wp-content\/uploads\/2025\/09\/Auto-de-Reconhecimento-de-Fronteiras.jpg","datePublished":"2025-09-26T10:28:49+00:00","dateModified":"2025-09-26T10:28:51+00:00","author":{"@id":"https:\/\/www.altominho.tv\/site\/#\/schema\/person\/4e536851627d7914baf3dac752b6af22"},"description":"Foi assinado esta quinta-feira o Auto de Reconhecimento do estado da demarca\u00e7\u00e3o da fronteira entre os munic\u00edpios portugueses e espanh\u00f3is lim\u00edtrofes ao Tro\u00e7o Internacional do Rio Minho (TIRM).","breadcrumb":{"@id":"https:\/\/www.altominho.tv\/site\/2025\/09\/26\/assinado-auto-de-reconhecimento-de-fronteiras-no-troco-internacional-do-rio-minho\/#breadcrumb"},"inLanguage":"pt-PT","potentialAction":[{"@type":"ReadAction","target":["https:\/\/www.altominho.tv\/site\/2025\/09\/26\/assinado-auto-de-reconhecimento-de-fronteiras-no-troco-internacional-do-rio-minho\/"]}]},{"@type":"ImageObject","inLanguage":"pt-PT","@id":"https:\/\/www.altominho.tv\/site\/2025\/09\/26\/assinado-auto-de-reconhecimento-de-fronteiras-no-troco-internacional-do-rio-minho\/#primaryimage","url":"https:\/\/www.altominho.tv\/site\/wp-content\/uploads\/2025\/09\/Auto-de-Reconhecimento-de-Fronteiras.jpg","contentUrl":"https:\/\/www.altominho.tv\/site\/wp-content\/uploads\/2025\/09\/Auto-de-Reconhecimento-de-Fronteiras.jpg","width":1200,"height":630},{"@type":"BreadcrumbList","@id":"https:\/\/www.altominho.tv\/site\/2025\/09\/26\/assinado-auto-de-reconhecimento-de-fronteiras-no-troco-internacional-do-rio-minho\/#breadcrumb","itemListElement":[{"@type":"ListItem","position":1,"name":"In\u00edcio","item":"https:\/\/www.altominho.tv\/site\/"},{"@type":"ListItem","position":2,"name":"Assinado Auto de Reconhecimento de Fronteiras no Tro\u00e7o Internacional do Rio Minho"}]},{"@type":"WebSite","@id":"https:\/\/www.altominho.tv\/site\/#website","url":"https:\/\/www.altominho.tv\/site\/","name":"Altominho.tv","description":"A sua regi\u00e3o \u00e0 dist\u00e2ncia de um clique...","potentialAction":[{"@type":"SearchAction","target":{"@type":"EntryPoint","urlTemplate":"https:\/\/www.altominho.tv\/site\/?s={search_term_string}"},"query-input":{"@type":"PropertyValueSpecification","valueRequired":true,"valueName":"search_term_string"}}],"inLanguage":"pt-PT"},{"@type":"Person","@id":"https:\/\/www.altominho.tv\/site\/#\/schema\/person\/4e536851627d7914baf3dac752b6af22","name":"Altominho.tv","image":{"@type":"ImageObject","inLanguage":"pt-PT","@id":"https:\/\/www.altominho.tv\/site\/wp-content\/uploads\/2019\/11\/Logo_Avatar_2-150x150.jpg","url":"https:\/\/www.altominho.tv\/site\/wp-content\/uploads\/2019\/11\/Logo_Avatar_2-150x150.jpg","contentUrl":"https:\/\/www.altominho.tv\/site\/wp-content\/uploads\/2019\/11\/Logo_Avatar_2-150x150.jpg","caption":"Altominho.tv"},"url":"https:\/\/www.altominho.tv\/site\/author\/altominhotv-tecnico\/"}]}},"_links":{"self":[{"href":"https:\/\/www.altominho.tv\/site\/wp-json\/wp\/v2\/posts\/123358","targetHints":{"allow":["GET"]}}],"collection":[{"href":"https:\/\/www.altominho.tv\/site\/wp-json\/wp\/v2\/posts"}],"about":[{"href":"https:\/\/www.altominho.tv\/site\/wp-json\/wp\/v2\/types\/post"}],"author":[{"embeddable":true,"href":"https:\/\/www.altominho.tv\/site\/wp-json\/wp\/v2\/users\/1"}],"replies":[{"embeddable":true,"href":"https:\/\/www.altominho.tv\/site\/wp-json\/wp\/v2\/comments?post=123358"}],"version-history":[{"count":1,"href":"https:\/\/www.altominho.tv\/site\/wp-json\/wp\/v2\/posts\/123358\/revisions"}],"predecessor-version":[{"id":123360,"href":"https:\/\/www.altominho.tv\/site\/wp-json\/wp\/v2\/posts\/123358\/revisions\/123360"}],"wp:featuredmedia":[{"embeddable":true,"href":"https:\/\/www.altominho.tv\/site\/wp-json\/wp\/v2\/media\/123359"}],"wp:attachment":[{"href":"https:\/\/www.altominho.tv\/site\/wp-json\/wp\/v2\/media?parent=123358"}],"wp:term":[{"taxonomy":"category","embeddable":true,"href":"https:\/\/www.altominho.tv\/site\/wp-json\/wp\/v2\/categories?post=123358"},{"taxonomy":"post_tag","embeddable":true,"href":"https:\/\/www.altominho.tv\/site\/wp-json\/wp\/v2\/tags?post=123358"}],"curies":[{"name":"wp","href":"https:\/\/api.w.org\/{rel}","templated":true}]}}