{"id":123329,"date":"2025-09-26T08:41:27","date_gmt":"2025-09-26T07:41:27","guid":{"rendered":"https:\/\/www.altominho.tv\/site\/?p=123329"},"modified":"2025-09-26T08:41:31","modified_gmt":"2025-09-26T07:41:31","slug":"clube-de-leitura-cha-com-palavras-dedica-ano-a-ferreira-de-castro-e-laurinda-alves","status":"publish","type":"post","link":"https:\/\/www.altominho.tv\/site\/2025\/09\/26\/clube-de-leitura-cha-com-palavras-dedica-ano-a-ferreira-de-castro-e-laurinda-alves\/","title":{"rendered":"Clube de Leitura \u201cCh\u00e1 com Palavras\u201d dedica ano a Ferreira de Castro e Laurinda Alves"},"content":{"rendered":"<p data-start=\"190\" data-end=\"374\">O Clube de Leitura \u201cCh\u00e1 com Palavras\u201d, promovido pela Biblioteca Municipal de Valen\u00e7a, vai dedicar o ano liter\u00e1rio a dois escritores portugueses: Ferreira de Castro e Laurinda Alves.<\/p>\n<p data-start=\"376\" data-end=\"1005\">A C\u00e2mara Municipal disponibilizou aos participantes um kit com materiais sobre os dois autores, que ser\u00e3o trabalhados ao longo das sess\u00f5es semanais do clube.<\/p>\n<p data-start=\"376\" data-end=\"1005\">Ferreira de Castro, jornalista e escritor, \u00e9 considerado uma refer\u00eancia da literatura portuguesa, tendo alcan\u00e7ado proje\u00e7\u00e3o internacional com a obra <em data-start=\"682\" data-end=\"691\">A Selva<\/em>, que o chegou a colocar como candidato ao Pr\u00e9mio Nobel da Literatura.<\/p>\n<p data-start=\"376\" data-end=\"1005\">J\u00e1 Laurinda Alves, tamb\u00e9m jornalista e escritora, tem uma carreira marcada pela colabora\u00e7\u00e3o em \u00f3rg\u00e3os de comunica\u00e7\u00e3o social portugueses e espanh\u00f3is e \u00e9 autora de t\u00edtulos como <em data-start=\"937\" data-end=\"961\">XIS Ideias Para Pensar<\/em>, <em data-start=\"963\" data-end=\"986\">Um Dia Atr\u00e1s do Outro<\/em> e <em data-start=\"989\" data-end=\"1002\">Atitude XIS<\/em>.<\/p>\n<p data-start=\"1007\" data-end=\"1303\">O \u201cCh\u00e1 com Palavras\u201d \u00e9 um espa\u00e7o de encontro para leitores que se realiza todas as segundas-feiras, \u00e0s 15h00, no audit\u00f3rio da Biblioteca Municipal. Com o objetivo de dinamizar a atividade, a autarquia est\u00e1 a preparar um novo espa\u00e7o na Biblioteca que permita acolher o grupo em melhores condi\u00e7\u00f5es.<\/p>\n<p data-start=\"1305\" data-end=\"1479\">Aberto a todos os interessados, o clube pretende promover a literatura portuguesa, incentivar a leitura e dar a conhecer a Biblioteca Municipal de Valen\u00e7a a novos p\u00fablicos.<\/p>\n","protected":false},"excerpt":{"rendered":"<p>O Clube de Leitura \u201cCh\u00e1 com Palavras\u201d, promovido pela Biblioteca Municipal de Valen\u00e7a, vai dedicar o ano liter\u00e1rio a dois escritores portugueses: Ferreira de Castro e Laurinda Alves. A C\u00e2mara Municipal disponibilizou aos participantes um kit com materiais sobre os dois autores, que ser\u00e3o trabalhados ao longo das sess\u00f5es semanais do clube. Ferreira de Castro, [&hellip;]<\/p>\n","protected":false},"author":1,"featured_media":123330,"comment_status":"closed","ping_status":"closed","sticky":false,"template":"","format":"standard","meta":{"_exactmetrics_skip_tracking":false,"_exactmetrics_sitenote_active":false,"_exactmetrics_sitenote_note":"","_exactmetrics_sitenote_category":0,"footnotes":""},"categories":[13],"tags":[19],"class_list":["post-123329","post","type-post","status-publish","format-standard","has-post-thumbnail","hentry","category-valenca","tag-cultura"],"yoast_head":"<!-- This site is optimized with the Yoast SEO Premium plugin v27.5 (Yoast SEO v27.5) - https:\/\/yoast.com\/product\/yoast-seo-premium-wordpress\/ -->\n<title>Clube de Leitura \u201cCh\u00e1 com Palavras\u201d dedica ano a Ferreira de Castro e Laurinda Alves<\/title>\n<meta name=\"description\" content=\"O Clube de Leitura \u201cCh\u00e1 com Palavras\u201d, promovido pela Biblioteca Municipal de Valen\u00e7a, vai dedicar o ano liter\u00e1rio a dois escritores portugueses: Ferreira de Castro e Laurinda Alves.\" \/>\n<meta name=\"robots\" content=\"index, follow, max-snippet:-1, max-image-preview:large, max-video-preview:-1\" \/>\n<link rel=\"canonical\" href=\"https:\/\/www.altominho.tv\/site\/2025\/09\/26\/clube-de-leitura-cha-com-palavras-dedica-ano-a-ferreira-de-castro-e-laurinda-alves\/\" \/>\n<meta property=\"og:locale\" content=\"pt_PT\" \/>\n<meta property=\"og:type\" content=\"article\" \/>\n<meta property=\"og:title\" content=\"Clube de Leitura \u201cCh\u00e1 com Palavras\u201d dedica ano a Ferreira de Castro e Laurinda Alves\" \/>\n<meta property=\"og:description\" content=\"O Clube de Leitura \u201cCh\u00e1 com Palavras\u201d, promovido pela Biblioteca Municipal de Valen\u00e7a, vai dedicar o ano liter\u00e1rio a dois escritores portugueses: Ferreira de Castro e Laurinda Alves.\" \/>\n<meta property=\"og:url\" content=\"https:\/\/www.altominho.tv\/site\/2025\/09\/26\/clube-de-leitura-cha-com-palavras-dedica-ano-a-ferreira-de-castro-e-laurinda-alves\/\" \/>\n<meta property=\"og:site_name\" content=\"Altominho.tv\" \/>\n<meta property=\"article:publisher\" content=\"https:\/\/www.facebook.com\/altominhotv\" \/>\n<meta property=\"article:published_time\" content=\"2025-09-26T07:41:27+00:00\" \/>\n<meta property=\"article:modified_time\" content=\"2025-09-26T07:41:31+00:00\" \/>\n<meta property=\"og:image\" content=\"https:\/\/www.altominho.tv\/site\/wp-content\/uploads\/2025\/09\/clube-de-leitura.jpg\" \/>\n\t<meta property=\"og:image:width\" content=\"1200\" \/>\n\t<meta property=\"og:image:height\" content=\"630\" \/>\n\t<meta property=\"og:image:type\" content=\"image\/jpeg\" \/>\n<meta name=\"author\" content=\"Altominho.tv\" \/>\n<meta name=\"twitter:card\" content=\"summary_large_image\" \/>\n<meta name=\"twitter:creator\" content=\"@altominhoTV\" \/>\n<meta name=\"twitter:site\" content=\"@altominhoTV\" \/>\n<meta name=\"twitter:label1\" content=\"Escrito por\" \/>\n\t<meta name=\"twitter:data1\" content=\"Altominho.tv\" \/>\n\t<meta name=\"twitter:label2\" content=\"Tempo estimado de leitura\" \/>\n\t<meta name=\"twitter:data2\" content=\"2 minutos\" \/>\n<script type=\"application\/ld+json\" class=\"yoast-schema-graph\">{\"@context\":\"https:\\\/\\\/schema.org\",\"@graph\":[{\"@type\":\"Article\",\"@id\":\"https:\\\/\\\/www.altominho.tv\\\/site\\\/2025\\\/09\\\/26\\\/clube-de-leitura-cha-com-palavras-dedica-ano-a-ferreira-de-castro-e-laurinda-alves\\\/#article\",\"isPartOf\":{\"@id\":\"https:\\\/\\\/www.altominho.tv\\\/site\\\/2025\\\/09\\\/26\\\/clube-de-leitura-cha-com-palavras-dedica-ano-a-ferreira-de-castro-e-laurinda-alves\\\/\"},\"author\":{\"name\":\"Altominho.tv\",\"@id\":\"https:\\\/\\\/www.altominho.tv\\\/site\\\/#\\\/schema\\\/person\\\/4e536851627d7914baf3dac752b6af22\"},\"headline\":\"Clube de Leitura \u201cCh\u00e1 com Palavras\u201d dedica ano a Ferreira de Castro e Laurinda Alves\",\"datePublished\":\"2025-09-26T07:41:27+00:00\",\"dateModified\":\"2025-09-26T07:41:31+00:00\",\"mainEntityOfPage\":{\"@id\":\"https:\\\/\\\/www.altominho.tv\\\/site\\\/2025\\\/09\\\/26\\\/clube-de-leitura-cha-com-palavras-dedica-ano-a-ferreira-de-castro-e-laurinda-alves\\\/\"},\"wordCount\":235,\"image\":{\"@id\":\"https:\\\/\\\/www.altominho.tv\\\/site\\\/2025\\\/09\\\/26\\\/clube-de-leitura-cha-com-palavras-dedica-ano-a-ferreira-de-castro-e-laurinda-alves\\\/#primaryimage\"},\"thumbnailUrl\":\"https:\\\/\\\/www.altominho.tv\\\/site\\\/wp-content\\\/uploads\\\/2025\\\/09\\\/clube-de-leitura.jpg\",\"keywords\":[\"Cultura\"],\"articleSection\":[\"Valen\u00e7a\"],\"inLanguage\":\"pt-PT\",\"copyrightYear\":\"2025\",\"copyrightHolder\":{\"@id\":\"https:\\\/\\\/www.altominho.tv\\\/site\\\/#organization\"}},{\"@type\":\"WebPage\",\"@id\":\"https:\\\/\\\/www.altominho.tv\\\/site\\\/2025\\\/09\\\/26\\\/clube-de-leitura-cha-com-palavras-dedica-ano-a-ferreira-de-castro-e-laurinda-alves\\\/\",\"url\":\"https:\\\/\\\/www.altominho.tv\\\/site\\\/2025\\\/09\\\/26\\\/clube-de-leitura-cha-com-palavras-dedica-ano-a-ferreira-de-castro-e-laurinda-alves\\\/\",\"name\":\"Clube de Leitura \u201cCh\u00e1 com Palavras\u201d dedica ano a Ferreira de Castro e Laurinda Alves\",\"isPartOf\":{\"@id\":\"https:\\\/\\\/www.altominho.tv\\\/site\\\/#website\"},\"primaryImageOfPage\":{\"@id\":\"https:\\\/\\\/www.altominho.tv\\\/site\\\/2025\\\/09\\\/26\\\/clube-de-leitura-cha-com-palavras-dedica-ano-a-ferreira-de-castro-e-laurinda-alves\\\/#primaryimage\"},\"image\":{\"@id\":\"https:\\\/\\\/www.altominho.tv\\\/site\\\/2025\\\/09\\\/26\\\/clube-de-leitura-cha-com-palavras-dedica-ano-a-ferreira-de-castro-e-laurinda-alves\\\/#primaryimage\"},\"thumbnailUrl\":\"https:\\\/\\\/www.altominho.tv\\\/site\\\/wp-content\\\/uploads\\\/2025\\\/09\\\/clube-de-leitura.jpg\",\"datePublished\":\"2025-09-26T07:41:27+00:00\",\"dateModified\":\"2025-09-26T07:41:31+00:00\",\"author\":{\"@id\":\"https:\\\/\\\/www.altominho.tv\\\/site\\\/#\\\/schema\\\/person\\\/4e536851627d7914baf3dac752b6af22\"},\"description\":\"O Clube de Leitura \u201cCh\u00e1 com Palavras\u201d, promovido pela Biblioteca Municipal de Valen\u00e7a, vai dedicar o ano liter\u00e1rio a dois escritores portugueses: Ferreira de Castro e Laurinda Alves.\",\"breadcrumb\":{\"@id\":\"https:\\\/\\\/www.altominho.tv\\\/site\\\/2025\\\/09\\\/26\\\/clube-de-leitura-cha-com-palavras-dedica-ano-a-ferreira-de-castro-e-laurinda-alves\\\/#breadcrumb\"},\"inLanguage\":\"pt-PT\",\"potentialAction\":[{\"@type\":\"ReadAction\",\"target\":[\"https:\\\/\\\/www.altominho.tv\\\/site\\\/2025\\\/09\\\/26\\\/clube-de-leitura-cha-com-palavras-dedica-ano-a-ferreira-de-castro-e-laurinda-alves\\\/\"]}]},{\"@type\":\"ImageObject\",\"inLanguage\":\"pt-PT\",\"@id\":\"https:\\\/\\\/www.altominho.tv\\\/site\\\/2025\\\/09\\\/26\\\/clube-de-leitura-cha-com-palavras-dedica-ano-a-ferreira-de-castro-e-laurinda-alves\\\/#primaryimage\",\"url\":\"https:\\\/\\\/www.altominho.tv\\\/site\\\/wp-content\\\/uploads\\\/2025\\\/09\\\/clube-de-leitura.jpg\",\"contentUrl\":\"https:\\\/\\\/www.altominho.tv\\\/site\\\/wp-content\\\/uploads\\\/2025\\\/09\\\/clube-de-leitura.jpg\",\"width\":1200,\"height\":630},{\"@type\":\"BreadcrumbList\",\"@id\":\"https:\\\/\\\/www.altominho.tv\\\/site\\\/2025\\\/09\\\/26\\\/clube-de-leitura-cha-com-palavras-dedica-ano-a-ferreira-de-castro-e-laurinda-alves\\\/#breadcrumb\",\"itemListElement\":[{\"@type\":\"ListItem\",\"position\":1,\"name\":\"In\u00edcio\",\"item\":\"https:\\\/\\\/www.altominho.tv\\\/site\\\/\"},{\"@type\":\"ListItem\",\"position\":2,\"name\":\"Clube de Leitura \u201cCh\u00e1 com Palavras\u201d dedica ano a Ferreira de Castro e Laurinda Alves\"}]},{\"@type\":\"WebSite\",\"@id\":\"https:\\\/\\\/www.altominho.tv\\\/site\\\/#website\",\"url\":\"https:\\\/\\\/www.altominho.tv\\\/site\\\/\",\"name\":\"Altominho.tv\",\"description\":\"A sua regi\u00e3o \u00e0 dist\u00e2ncia de um clique...\",\"potentialAction\":[{\"@type\":\"SearchAction\",\"target\":{\"@type\":\"EntryPoint\",\"urlTemplate\":\"https:\\\/\\\/www.altominho.tv\\\/site\\\/?s={search_term_string}\"},\"query-input\":{\"@type\":\"PropertyValueSpecification\",\"valueRequired\":true,\"valueName\":\"search_term_string\"}}],\"inLanguage\":\"pt-PT\"},{\"@type\":\"Person\",\"@id\":\"https:\\\/\\\/www.altominho.tv\\\/site\\\/#\\\/schema\\\/person\\\/4e536851627d7914baf3dac752b6af22\",\"name\":\"Altominho.tv\",\"image\":{\"@type\":\"ImageObject\",\"inLanguage\":\"pt-PT\",\"@id\":\"https:\\\/\\\/www.altominho.tv\\\/site\\\/wp-content\\\/uploads\\\/2019\\\/11\\\/Logo_Avatar_2-150x150.jpg\",\"url\":\"https:\\\/\\\/www.altominho.tv\\\/site\\\/wp-content\\\/uploads\\\/2019\\\/11\\\/Logo_Avatar_2-150x150.jpg\",\"contentUrl\":\"https:\\\/\\\/www.altominho.tv\\\/site\\\/wp-content\\\/uploads\\\/2019\\\/11\\\/Logo_Avatar_2-150x150.jpg\",\"caption\":\"Altominho.tv\"},\"url\":\"https:\\\/\\\/www.altominho.tv\\\/site\\\/author\\\/altominhotv-tecnico\\\/\"}]}<\/script>\n<!-- \/ Yoast SEO Premium plugin. -->","yoast_head_json":{"title":"Clube de Leitura \u201cCh\u00e1 com Palavras\u201d dedica ano a Ferreira de Castro e Laurinda Alves","description":"O Clube de Leitura \u201cCh\u00e1 com Palavras\u201d, promovido pela Biblioteca Municipal de Valen\u00e7a, vai dedicar o ano liter\u00e1rio a dois escritores portugueses: Ferreira de Castro e Laurinda Alves.","robots":{"index":"index","follow":"follow","max-snippet":"max-snippet:-1","max-image-preview":"max-image-preview:large","max-video-preview":"max-video-preview:-1"},"canonical":"https:\/\/www.altominho.tv\/site\/2025\/09\/26\/clube-de-leitura-cha-com-palavras-dedica-ano-a-ferreira-de-castro-e-laurinda-alves\/","og_locale":"pt_PT","og_type":"article","og_title":"Clube de Leitura \u201cCh\u00e1 com Palavras\u201d dedica ano a Ferreira de Castro e Laurinda Alves","og_description":"O Clube de Leitura \u201cCh\u00e1 com Palavras\u201d, promovido pela Biblioteca Municipal de Valen\u00e7a, vai dedicar o ano liter\u00e1rio a dois escritores portugueses: Ferreira de Castro e Laurinda Alves.","og_url":"https:\/\/www.altominho.tv\/site\/2025\/09\/26\/clube-de-leitura-cha-com-palavras-dedica-ano-a-ferreira-de-castro-e-laurinda-alves\/","og_site_name":"Altominho.tv","article_publisher":"https:\/\/www.facebook.com\/altominhotv","article_published_time":"2025-09-26T07:41:27+00:00","article_modified_time":"2025-09-26T07:41:31+00:00","og_image":[{"width":1200,"height":630,"url":"https:\/\/www.altominho.tv\/site\/wp-content\/uploads\/2025\/09\/clube-de-leitura.jpg","type":"image\/jpeg"}],"author":"Altominho.tv","twitter_card":"summary_large_image","twitter_creator":"@altominhoTV","twitter_site":"@altominhoTV","twitter_misc":{"Escrito por":"Altominho.tv","Tempo estimado de leitura":"2 minutos"},"schema":{"@context":"https:\/\/schema.org","@graph":[{"@type":"Article","@id":"https:\/\/www.altominho.tv\/site\/2025\/09\/26\/clube-de-leitura-cha-com-palavras-dedica-ano-a-ferreira-de-castro-e-laurinda-alves\/#article","isPartOf":{"@id":"https:\/\/www.altominho.tv\/site\/2025\/09\/26\/clube-de-leitura-cha-com-palavras-dedica-ano-a-ferreira-de-castro-e-laurinda-alves\/"},"author":{"name":"Altominho.tv","@id":"https:\/\/www.altominho.tv\/site\/#\/schema\/person\/4e536851627d7914baf3dac752b6af22"},"headline":"Clube de Leitura \u201cCh\u00e1 com Palavras\u201d dedica ano a Ferreira de Castro e Laurinda Alves","datePublished":"2025-09-26T07:41:27+00:00","dateModified":"2025-09-26T07:41:31+00:00","mainEntityOfPage":{"@id":"https:\/\/www.altominho.tv\/site\/2025\/09\/26\/clube-de-leitura-cha-com-palavras-dedica-ano-a-ferreira-de-castro-e-laurinda-alves\/"},"wordCount":235,"image":{"@id":"https:\/\/www.altominho.tv\/site\/2025\/09\/26\/clube-de-leitura-cha-com-palavras-dedica-ano-a-ferreira-de-castro-e-laurinda-alves\/#primaryimage"},"thumbnailUrl":"https:\/\/www.altominho.tv\/site\/wp-content\/uploads\/2025\/09\/clube-de-leitura.jpg","keywords":["Cultura"],"articleSection":["Valen\u00e7a"],"inLanguage":"pt-PT","copyrightYear":"2025","copyrightHolder":{"@id":"https:\/\/www.altominho.tv\/site\/#organization"}},{"@type":"WebPage","@id":"https:\/\/www.altominho.tv\/site\/2025\/09\/26\/clube-de-leitura-cha-com-palavras-dedica-ano-a-ferreira-de-castro-e-laurinda-alves\/","url":"https:\/\/www.altominho.tv\/site\/2025\/09\/26\/clube-de-leitura-cha-com-palavras-dedica-ano-a-ferreira-de-castro-e-laurinda-alves\/","name":"Clube de Leitura \u201cCh\u00e1 com Palavras\u201d dedica ano a Ferreira de Castro e Laurinda Alves","isPartOf":{"@id":"https:\/\/www.altominho.tv\/site\/#website"},"primaryImageOfPage":{"@id":"https:\/\/www.altominho.tv\/site\/2025\/09\/26\/clube-de-leitura-cha-com-palavras-dedica-ano-a-ferreira-de-castro-e-laurinda-alves\/#primaryimage"},"image":{"@id":"https:\/\/www.altominho.tv\/site\/2025\/09\/26\/clube-de-leitura-cha-com-palavras-dedica-ano-a-ferreira-de-castro-e-laurinda-alves\/#primaryimage"},"thumbnailUrl":"https:\/\/www.altominho.tv\/site\/wp-content\/uploads\/2025\/09\/clube-de-leitura.jpg","datePublished":"2025-09-26T07:41:27+00:00","dateModified":"2025-09-26T07:41:31+00:00","author":{"@id":"https:\/\/www.altominho.tv\/site\/#\/schema\/person\/4e536851627d7914baf3dac752b6af22"},"description":"O Clube de Leitura \u201cCh\u00e1 com Palavras\u201d, promovido pela Biblioteca Municipal de Valen\u00e7a, vai dedicar o ano liter\u00e1rio a dois escritores portugueses: Ferreira de Castro e Laurinda Alves.","breadcrumb":{"@id":"https:\/\/www.altominho.tv\/site\/2025\/09\/26\/clube-de-leitura-cha-com-palavras-dedica-ano-a-ferreira-de-castro-e-laurinda-alves\/#breadcrumb"},"inLanguage":"pt-PT","potentialAction":[{"@type":"ReadAction","target":["https:\/\/www.altominho.tv\/site\/2025\/09\/26\/clube-de-leitura-cha-com-palavras-dedica-ano-a-ferreira-de-castro-e-laurinda-alves\/"]}]},{"@type":"ImageObject","inLanguage":"pt-PT","@id":"https:\/\/www.altominho.tv\/site\/2025\/09\/26\/clube-de-leitura-cha-com-palavras-dedica-ano-a-ferreira-de-castro-e-laurinda-alves\/#primaryimage","url":"https:\/\/www.altominho.tv\/site\/wp-content\/uploads\/2025\/09\/clube-de-leitura.jpg","contentUrl":"https:\/\/www.altominho.tv\/site\/wp-content\/uploads\/2025\/09\/clube-de-leitura.jpg","width":1200,"height":630},{"@type":"BreadcrumbList","@id":"https:\/\/www.altominho.tv\/site\/2025\/09\/26\/clube-de-leitura-cha-com-palavras-dedica-ano-a-ferreira-de-castro-e-laurinda-alves\/#breadcrumb","itemListElement":[{"@type":"ListItem","position":1,"name":"In\u00edcio","item":"https:\/\/www.altominho.tv\/site\/"},{"@type":"ListItem","position":2,"name":"Clube de Leitura \u201cCh\u00e1 com Palavras\u201d dedica ano a Ferreira de Castro e Laurinda Alves"}]},{"@type":"WebSite","@id":"https:\/\/www.altominho.tv\/site\/#website","url":"https:\/\/www.altominho.tv\/site\/","name":"Altominho.tv","description":"A sua regi\u00e3o \u00e0 dist\u00e2ncia de um clique...","potentialAction":[{"@type":"SearchAction","target":{"@type":"EntryPoint","urlTemplate":"https:\/\/www.altominho.tv\/site\/?s={search_term_string}"},"query-input":{"@type":"PropertyValueSpecification","valueRequired":true,"valueName":"search_term_string"}}],"inLanguage":"pt-PT"},{"@type":"Person","@id":"https:\/\/www.altominho.tv\/site\/#\/schema\/person\/4e536851627d7914baf3dac752b6af22","name":"Altominho.tv","image":{"@type":"ImageObject","inLanguage":"pt-PT","@id":"https:\/\/www.altominho.tv\/site\/wp-content\/uploads\/2019\/11\/Logo_Avatar_2-150x150.jpg","url":"https:\/\/www.altominho.tv\/site\/wp-content\/uploads\/2019\/11\/Logo_Avatar_2-150x150.jpg","contentUrl":"https:\/\/www.altominho.tv\/site\/wp-content\/uploads\/2019\/11\/Logo_Avatar_2-150x150.jpg","caption":"Altominho.tv"},"url":"https:\/\/www.altominho.tv\/site\/author\/altominhotv-tecnico\/"}]}},"_links":{"self":[{"href":"https:\/\/www.altominho.tv\/site\/wp-json\/wp\/v2\/posts\/123329","targetHints":{"allow":["GET"]}}],"collection":[{"href":"https:\/\/www.altominho.tv\/site\/wp-json\/wp\/v2\/posts"}],"about":[{"href":"https:\/\/www.altominho.tv\/site\/wp-json\/wp\/v2\/types\/post"}],"author":[{"embeddable":true,"href":"https:\/\/www.altominho.tv\/site\/wp-json\/wp\/v2\/users\/1"}],"replies":[{"embeddable":true,"href":"https:\/\/www.altominho.tv\/site\/wp-json\/wp\/v2\/comments?post=123329"}],"version-history":[{"count":1,"href":"https:\/\/www.altominho.tv\/site\/wp-json\/wp\/v2\/posts\/123329\/revisions"}],"predecessor-version":[{"id":123331,"href":"https:\/\/www.altominho.tv\/site\/wp-json\/wp\/v2\/posts\/123329\/revisions\/123331"}],"wp:featuredmedia":[{"embeddable":true,"href":"https:\/\/www.altominho.tv\/site\/wp-json\/wp\/v2\/media\/123330"}],"wp:attachment":[{"href":"https:\/\/www.altominho.tv\/site\/wp-json\/wp\/v2\/media?parent=123329"}],"wp:term":[{"taxonomy":"category","embeddable":true,"href":"https:\/\/www.altominho.tv\/site\/wp-json\/wp\/v2\/categories?post=123329"},{"taxonomy":"post_tag","embeddable":true,"href":"https:\/\/www.altominho.tv\/site\/wp-json\/wp\/v2\/tags?post=123329"}],"curies":[{"name":"wp","href":"https:\/\/api.w.org\/{rel}","templated":true}]}}