{"id":123295,"date":"2025-09-25T09:55:49","date_gmt":"2025-09-25T08:55:49","guid":{"rendered":"https:\/\/www.altominho.tv\/site\/?p=123295"},"modified":"2025-09-25T09:55:53","modified_gmt":"2025-09-25T08:55:53","slug":"centro-cultural-apresenta-resgate-da-danca-extinta-do-fado","status":"publish","type":"post","link":"https:\/\/www.altominho.tv\/site\/2025\/09\/25\/centro-cultural-apresenta-resgate-da-danca-extinta-do-fado\/","title":{"rendered":"Centro Cultural apresenta &#8220;Resgate &#8211; Da dan\u00e7a extinta do Fado&#8221;"},"content":{"rendered":"<p data-start=\"187\" data-end=\"587\">O Centro Cultural de Paredes de Coura recebe esta sexta-feira, 26 de setembro, \u00e0s 22h00, o espet\u00e1culo \u201cResgate \u2013 Da dan\u00e7a extinta do Fado\u201d, dirigido pelos core\u00f3grafos Jonas &amp; Lander. A proposta pretende recuperar o ato de sapatear o fado, pr\u00e1tica que, tal como em outras correntes musicais urbanas, como o samba ou o flamenco, chegou a ter express\u00e3o em Lisboa com o chamado Fado Batido.<\/p>\n<p data-start=\"187\" data-end=\"587\">Inspirados pela cria\u00e7\u00e3o \u201cBate Fundo\u201d, onde exploraram essa tradi\u00e7\u00e3o, os core\u00f3grafos avan\u00e7am agora com \u201cResgate\u201d, espet\u00e1culo que conjuga a dan\u00e7a enquanto instrumento de percuss\u00e3o com a voz e as guitarras. O projeto enquadra-se no desejo de Jonas &amp; Lander de consolidar uma companhia de batedores dedicada \u00e0 expans\u00e3o da dan\u00e7a do Fado Batido.<\/p>\n<p data-start=\"936\" data-end=\"1249\">A programa\u00e7\u00e3o do fim de semana inclui ainda cinema. No s\u00e1bado e domingo, com sess\u00f5es \u00e0s 15h00 e 22h00, ser\u00e1 exibido \u201cA Quinta\u201d, novo filme da realizadora espanhola Avelina Prat. Depois de \u201cVasil\u201d (2022), a cineasta natural de Val\u00eancia apresenta um drama rodado em Ponte de Lima, na Quinta da Aldeia.<\/p>\n<p data-start=\"1251\" data-end=\"1561\">A obra acompanha Fernando (Manolo Solo), professor de geografia em Barcelona, que se v\u00ea perdido ap\u00f3s o desaparecimento da esposa b\u00falgara. Ao aceitar substituir um jardineiro numa quinta portuguesa, acaba por criar la\u00e7os com Am\u00e1lia (Maria de Medeiros), que rapidamente percebe que ele n\u00e3o \u00e9 quem aparenta ser.<\/p>\n","protected":false},"excerpt":{"rendered":"<p>O Centro Cultural de Paredes de Coura recebe esta sexta-feira, 26 de setembro, \u00e0s 22h00, o espet\u00e1culo \u201cResgate \u2013 Da dan\u00e7a extinta do Fado\u201d, dirigido pelos core\u00f3grafos Jonas &amp; Lander. A proposta pretende recuperar o ato de sapatear o fado, pr\u00e1tica que, tal como em outras correntes musicais urbanas, como o samba ou o flamenco, [&hellip;]<\/p>\n","protected":false},"author":1,"featured_media":123297,"comment_status":"closed","ping_status":"closed","sticky":false,"template":"","format":"standard","meta":{"_exactmetrics_skip_tracking":false,"_exactmetrics_sitenote_active":false,"_exactmetrics_sitenote_note":"","_exactmetrics_sitenote_category":0,"footnotes":""},"categories":[10],"tags":[24],"class_list":["post-123295","post","type-post","status-publish","format-standard","has-post-thumbnail","hentry","category-paredes-de-coura","tag-lazer"],"yoast_head":"<!-- This site is optimized with the Yoast SEO Premium plugin v27.4 (Yoast SEO v27.4) - https:\/\/yoast.com\/product\/yoast-seo-premium-wordpress\/ -->\n<title>Centro Cultural apresenta &quot;Resgate - Da dan\u00e7a extinta do Fado&quot;<\/title>\n<meta name=\"description\" content=\"O Centro Cultural de Paredes de Coura recebe esta sexta-feira, 26 de setembro, \u00e0s 22h00, o espet\u00e1culo \u201cResgate \u2013 Da dan\u00e7a extinta do Fado\u201d, dirigido pelos core\u00f3grafos Jonas &amp; Lander.\" \/>\n<meta name=\"robots\" content=\"index, follow, max-snippet:-1, max-image-preview:large, max-video-preview:-1\" \/>\n<link rel=\"canonical\" href=\"https:\/\/www.altominho.tv\/site\/2025\/09\/25\/centro-cultural-apresenta-resgate-da-danca-extinta-do-fado\/\" \/>\n<meta property=\"og:locale\" content=\"pt_PT\" \/>\n<meta property=\"og:type\" content=\"article\" \/>\n<meta property=\"og:title\" content=\"Centro Cultural apresenta &quot;Resgate - Da dan\u00e7a extinta do Fado&quot;\" \/>\n<meta property=\"og:description\" content=\"O Centro Cultural de Paredes de Coura recebe esta sexta-feira, 26 de setembro, \u00e0s 22h00, o espet\u00e1culo \u201cResgate \u2013 Da dan\u00e7a extinta do Fado\u201d, dirigido pelos core\u00f3grafos Jonas &amp; Lander.\" \/>\n<meta property=\"og:url\" content=\"https:\/\/www.altominho.tv\/site\/2025\/09\/25\/centro-cultural-apresenta-resgate-da-danca-extinta-do-fado\/\" \/>\n<meta property=\"og:site_name\" content=\"Altominho.tv\" \/>\n<meta property=\"article:publisher\" content=\"https:\/\/www.facebook.com\/altominhotv\" \/>\n<meta property=\"article:published_time\" content=\"2025-09-25T08:55:49+00:00\" \/>\n<meta property=\"article:modified_time\" content=\"2025-09-25T08:55:53+00:00\" \/>\n<meta property=\"og:image\" content=\"https:\/\/www.altominho.tv\/site\/wp-content\/uploads\/2025\/09\/danca-coura.jpg\" \/>\n\t<meta property=\"og:image:width\" content=\"1200\" \/>\n\t<meta property=\"og:image:height\" content=\"630\" \/>\n\t<meta property=\"og:image:type\" content=\"image\/jpeg\" \/>\n<meta name=\"author\" content=\"Altominho.tv\" \/>\n<meta name=\"twitter:card\" content=\"summary_large_image\" \/>\n<meta name=\"twitter:creator\" content=\"@altominhoTV\" \/>\n<meta name=\"twitter:site\" content=\"@altominhoTV\" \/>\n<meta name=\"twitter:label1\" content=\"Escrito por\" \/>\n\t<meta name=\"twitter:data1\" content=\"Altominho.tv\" \/>\n\t<meta name=\"twitter:label2\" content=\"Tempo estimado de leitura\" \/>\n\t<meta name=\"twitter:data2\" content=\"2 minutos\" \/>\n<script type=\"application\/ld+json\" class=\"yoast-schema-graph\">{\"@context\":\"https:\\\/\\\/schema.org\",\"@graph\":[{\"@type\":\"Article\",\"@id\":\"https:\\\/\\\/www.altominho.tv\\\/site\\\/2025\\\/09\\\/25\\\/centro-cultural-apresenta-resgate-da-danca-extinta-do-fado\\\/#article\",\"isPartOf\":{\"@id\":\"https:\\\/\\\/www.altominho.tv\\\/site\\\/2025\\\/09\\\/25\\\/centro-cultural-apresenta-resgate-da-danca-extinta-do-fado\\\/\"},\"author\":{\"name\":\"Altominho.tv\",\"@id\":\"https:\\\/\\\/www.altominho.tv\\\/site\\\/#\\\/schema\\\/person\\\/4e536851627d7914baf3dac752b6af22\"},\"headline\":\"Centro Cultural apresenta &#8220;Resgate &#8211; Da dan\u00e7a extinta do Fado&#8221;\",\"datePublished\":\"2025-09-25T08:55:49+00:00\",\"dateModified\":\"2025-09-25T08:55:53+00:00\",\"mainEntityOfPage\":{\"@id\":\"https:\\\/\\\/www.altominho.tv\\\/site\\\/2025\\\/09\\\/25\\\/centro-cultural-apresenta-resgate-da-danca-extinta-do-fado\\\/\"},\"wordCount\":247,\"image\":{\"@id\":\"https:\\\/\\\/www.altominho.tv\\\/site\\\/2025\\\/09\\\/25\\\/centro-cultural-apresenta-resgate-da-danca-extinta-do-fado\\\/#primaryimage\"},\"thumbnailUrl\":\"https:\\\/\\\/www.altominho.tv\\\/site\\\/wp-content\\\/uploads\\\/2025\\\/09\\\/danca-coura.jpg\",\"keywords\":[\"Lazer\"],\"articleSection\":[\"Paredes de Coura\"],\"inLanguage\":\"pt-PT\",\"copyrightYear\":\"2025\",\"copyrightHolder\":{\"@id\":\"https:\\\/\\\/www.altominho.tv\\\/site\\\/#organization\"}},{\"@type\":\"WebPage\",\"@id\":\"https:\\\/\\\/www.altominho.tv\\\/site\\\/2025\\\/09\\\/25\\\/centro-cultural-apresenta-resgate-da-danca-extinta-do-fado\\\/\",\"url\":\"https:\\\/\\\/www.altominho.tv\\\/site\\\/2025\\\/09\\\/25\\\/centro-cultural-apresenta-resgate-da-danca-extinta-do-fado\\\/\",\"name\":\"Centro Cultural apresenta \\\"Resgate - Da dan\u00e7a extinta do Fado\\\"\",\"isPartOf\":{\"@id\":\"https:\\\/\\\/www.altominho.tv\\\/site\\\/#website\"},\"primaryImageOfPage\":{\"@id\":\"https:\\\/\\\/www.altominho.tv\\\/site\\\/2025\\\/09\\\/25\\\/centro-cultural-apresenta-resgate-da-danca-extinta-do-fado\\\/#primaryimage\"},\"image\":{\"@id\":\"https:\\\/\\\/www.altominho.tv\\\/site\\\/2025\\\/09\\\/25\\\/centro-cultural-apresenta-resgate-da-danca-extinta-do-fado\\\/#primaryimage\"},\"thumbnailUrl\":\"https:\\\/\\\/www.altominho.tv\\\/site\\\/wp-content\\\/uploads\\\/2025\\\/09\\\/danca-coura.jpg\",\"datePublished\":\"2025-09-25T08:55:49+00:00\",\"dateModified\":\"2025-09-25T08:55:53+00:00\",\"author\":{\"@id\":\"https:\\\/\\\/www.altominho.tv\\\/site\\\/#\\\/schema\\\/person\\\/4e536851627d7914baf3dac752b6af22\"},\"description\":\"O Centro Cultural de Paredes de Coura recebe esta sexta-feira, 26 de setembro, \u00e0s 22h00, o espet\u00e1culo \u201cResgate \u2013 Da dan\u00e7a extinta do Fado\u201d, dirigido pelos core\u00f3grafos Jonas & Lander.\",\"breadcrumb\":{\"@id\":\"https:\\\/\\\/www.altominho.tv\\\/site\\\/2025\\\/09\\\/25\\\/centro-cultural-apresenta-resgate-da-danca-extinta-do-fado\\\/#breadcrumb\"},\"inLanguage\":\"pt-PT\",\"potentialAction\":[{\"@type\":\"ReadAction\",\"target\":[\"https:\\\/\\\/www.altominho.tv\\\/site\\\/2025\\\/09\\\/25\\\/centro-cultural-apresenta-resgate-da-danca-extinta-do-fado\\\/\"]}]},{\"@type\":\"ImageObject\",\"inLanguage\":\"pt-PT\",\"@id\":\"https:\\\/\\\/www.altominho.tv\\\/site\\\/2025\\\/09\\\/25\\\/centro-cultural-apresenta-resgate-da-danca-extinta-do-fado\\\/#primaryimage\",\"url\":\"https:\\\/\\\/www.altominho.tv\\\/site\\\/wp-content\\\/uploads\\\/2025\\\/09\\\/danca-coura.jpg\",\"contentUrl\":\"https:\\\/\\\/www.altominho.tv\\\/site\\\/wp-content\\\/uploads\\\/2025\\\/09\\\/danca-coura.jpg\",\"width\":1200,\"height\":630},{\"@type\":\"BreadcrumbList\",\"@id\":\"https:\\\/\\\/www.altominho.tv\\\/site\\\/2025\\\/09\\\/25\\\/centro-cultural-apresenta-resgate-da-danca-extinta-do-fado\\\/#breadcrumb\",\"itemListElement\":[{\"@type\":\"ListItem\",\"position\":1,\"name\":\"In\u00edcio\",\"item\":\"https:\\\/\\\/www.altominho.tv\\\/site\\\/\"},{\"@type\":\"ListItem\",\"position\":2,\"name\":\"Centro Cultural apresenta &#8220;Resgate &#8211; Da dan\u00e7a extinta do Fado&#8221;\"}]},{\"@type\":\"WebSite\",\"@id\":\"https:\\\/\\\/www.altominho.tv\\\/site\\\/#website\",\"url\":\"https:\\\/\\\/www.altominho.tv\\\/site\\\/\",\"name\":\"Altominho.tv\",\"description\":\"A sua regi\u00e3o \u00e0 dist\u00e2ncia de um clique...\",\"potentialAction\":[{\"@type\":\"SearchAction\",\"target\":{\"@type\":\"EntryPoint\",\"urlTemplate\":\"https:\\\/\\\/www.altominho.tv\\\/site\\\/?s={search_term_string}\"},\"query-input\":{\"@type\":\"PropertyValueSpecification\",\"valueRequired\":true,\"valueName\":\"search_term_string\"}}],\"inLanguage\":\"pt-PT\"},{\"@type\":\"Person\",\"@id\":\"https:\\\/\\\/www.altominho.tv\\\/site\\\/#\\\/schema\\\/person\\\/4e536851627d7914baf3dac752b6af22\",\"name\":\"Altominho.tv\",\"image\":{\"@type\":\"ImageObject\",\"inLanguage\":\"pt-PT\",\"@id\":\"https:\\\/\\\/www.altominho.tv\\\/site\\\/wp-content\\\/uploads\\\/2019\\\/11\\\/Logo_Avatar_2-150x150.jpg\",\"url\":\"https:\\\/\\\/www.altominho.tv\\\/site\\\/wp-content\\\/uploads\\\/2019\\\/11\\\/Logo_Avatar_2-150x150.jpg\",\"contentUrl\":\"https:\\\/\\\/www.altominho.tv\\\/site\\\/wp-content\\\/uploads\\\/2019\\\/11\\\/Logo_Avatar_2-150x150.jpg\",\"caption\":\"Altominho.tv\"},\"url\":\"https:\\\/\\\/www.altominho.tv\\\/site\\\/author\\\/altominhotv-tecnico\\\/\"}]}<\/script>\n<!-- \/ Yoast SEO Premium plugin. -->","yoast_head_json":{"title":"Centro Cultural apresenta \"Resgate - Da dan\u00e7a extinta do Fado\"","description":"O Centro Cultural de Paredes de Coura recebe esta sexta-feira, 26 de setembro, \u00e0s 22h00, o espet\u00e1culo \u201cResgate \u2013 Da dan\u00e7a extinta do Fado\u201d, dirigido pelos core\u00f3grafos Jonas & Lander.","robots":{"index":"index","follow":"follow","max-snippet":"max-snippet:-1","max-image-preview":"max-image-preview:large","max-video-preview":"max-video-preview:-1"},"canonical":"https:\/\/www.altominho.tv\/site\/2025\/09\/25\/centro-cultural-apresenta-resgate-da-danca-extinta-do-fado\/","og_locale":"pt_PT","og_type":"article","og_title":"Centro Cultural apresenta \"Resgate - Da dan\u00e7a extinta do Fado\"","og_description":"O Centro Cultural de Paredes de Coura recebe esta sexta-feira, 26 de setembro, \u00e0s 22h00, o espet\u00e1culo \u201cResgate \u2013 Da dan\u00e7a extinta do Fado\u201d, dirigido pelos core\u00f3grafos Jonas & Lander.","og_url":"https:\/\/www.altominho.tv\/site\/2025\/09\/25\/centro-cultural-apresenta-resgate-da-danca-extinta-do-fado\/","og_site_name":"Altominho.tv","article_publisher":"https:\/\/www.facebook.com\/altominhotv","article_published_time":"2025-09-25T08:55:49+00:00","article_modified_time":"2025-09-25T08:55:53+00:00","og_image":[{"width":1200,"height":630,"url":"https:\/\/www.altominho.tv\/site\/wp-content\/uploads\/2025\/09\/danca-coura.jpg","type":"image\/jpeg"}],"author":"Altominho.tv","twitter_card":"summary_large_image","twitter_creator":"@altominhoTV","twitter_site":"@altominhoTV","twitter_misc":{"Escrito por":"Altominho.tv","Tempo estimado de leitura":"2 minutos"},"schema":{"@context":"https:\/\/schema.org","@graph":[{"@type":"Article","@id":"https:\/\/www.altominho.tv\/site\/2025\/09\/25\/centro-cultural-apresenta-resgate-da-danca-extinta-do-fado\/#article","isPartOf":{"@id":"https:\/\/www.altominho.tv\/site\/2025\/09\/25\/centro-cultural-apresenta-resgate-da-danca-extinta-do-fado\/"},"author":{"name":"Altominho.tv","@id":"https:\/\/www.altominho.tv\/site\/#\/schema\/person\/4e536851627d7914baf3dac752b6af22"},"headline":"Centro Cultural apresenta &#8220;Resgate &#8211; Da dan\u00e7a extinta do Fado&#8221;","datePublished":"2025-09-25T08:55:49+00:00","dateModified":"2025-09-25T08:55:53+00:00","mainEntityOfPage":{"@id":"https:\/\/www.altominho.tv\/site\/2025\/09\/25\/centro-cultural-apresenta-resgate-da-danca-extinta-do-fado\/"},"wordCount":247,"image":{"@id":"https:\/\/www.altominho.tv\/site\/2025\/09\/25\/centro-cultural-apresenta-resgate-da-danca-extinta-do-fado\/#primaryimage"},"thumbnailUrl":"https:\/\/www.altominho.tv\/site\/wp-content\/uploads\/2025\/09\/danca-coura.jpg","keywords":["Lazer"],"articleSection":["Paredes de Coura"],"inLanguage":"pt-PT","copyrightYear":"2025","copyrightHolder":{"@id":"https:\/\/www.altominho.tv\/site\/#organization"}},{"@type":"WebPage","@id":"https:\/\/www.altominho.tv\/site\/2025\/09\/25\/centro-cultural-apresenta-resgate-da-danca-extinta-do-fado\/","url":"https:\/\/www.altominho.tv\/site\/2025\/09\/25\/centro-cultural-apresenta-resgate-da-danca-extinta-do-fado\/","name":"Centro Cultural apresenta \"Resgate - Da dan\u00e7a extinta do Fado\"","isPartOf":{"@id":"https:\/\/www.altominho.tv\/site\/#website"},"primaryImageOfPage":{"@id":"https:\/\/www.altominho.tv\/site\/2025\/09\/25\/centro-cultural-apresenta-resgate-da-danca-extinta-do-fado\/#primaryimage"},"image":{"@id":"https:\/\/www.altominho.tv\/site\/2025\/09\/25\/centro-cultural-apresenta-resgate-da-danca-extinta-do-fado\/#primaryimage"},"thumbnailUrl":"https:\/\/www.altominho.tv\/site\/wp-content\/uploads\/2025\/09\/danca-coura.jpg","datePublished":"2025-09-25T08:55:49+00:00","dateModified":"2025-09-25T08:55:53+00:00","author":{"@id":"https:\/\/www.altominho.tv\/site\/#\/schema\/person\/4e536851627d7914baf3dac752b6af22"},"description":"O Centro Cultural de Paredes de Coura recebe esta sexta-feira, 26 de setembro, \u00e0s 22h00, o espet\u00e1culo \u201cResgate \u2013 Da dan\u00e7a extinta do Fado\u201d, dirigido pelos core\u00f3grafos Jonas & Lander.","breadcrumb":{"@id":"https:\/\/www.altominho.tv\/site\/2025\/09\/25\/centro-cultural-apresenta-resgate-da-danca-extinta-do-fado\/#breadcrumb"},"inLanguage":"pt-PT","potentialAction":[{"@type":"ReadAction","target":["https:\/\/www.altominho.tv\/site\/2025\/09\/25\/centro-cultural-apresenta-resgate-da-danca-extinta-do-fado\/"]}]},{"@type":"ImageObject","inLanguage":"pt-PT","@id":"https:\/\/www.altominho.tv\/site\/2025\/09\/25\/centro-cultural-apresenta-resgate-da-danca-extinta-do-fado\/#primaryimage","url":"https:\/\/www.altominho.tv\/site\/wp-content\/uploads\/2025\/09\/danca-coura.jpg","contentUrl":"https:\/\/www.altominho.tv\/site\/wp-content\/uploads\/2025\/09\/danca-coura.jpg","width":1200,"height":630},{"@type":"BreadcrumbList","@id":"https:\/\/www.altominho.tv\/site\/2025\/09\/25\/centro-cultural-apresenta-resgate-da-danca-extinta-do-fado\/#breadcrumb","itemListElement":[{"@type":"ListItem","position":1,"name":"In\u00edcio","item":"https:\/\/www.altominho.tv\/site\/"},{"@type":"ListItem","position":2,"name":"Centro Cultural apresenta &#8220;Resgate &#8211; Da dan\u00e7a extinta do Fado&#8221;"}]},{"@type":"WebSite","@id":"https:\/\/www.altominho.tv\/site\/#website","url":"https:\/\/www.altominho.tv\/site\/","name":"Altominho.tv","description":"A sua regi\u00e3o \u00e0 dist\u00e2ncia de um clique...","potentialAction":[{"@type":"SearchAction","target":{"@type":"EntryPoint","urlTemplate":"https:\/\/www.altominho.tv\/site\/?s={search_term_string}"},"query-input":{"@type":"PropertyValueSpecification","valueRequired":true,"valueName":"search_term_string"}}],"inLanguage":"pt-PT"},{"@type":"Person","@id":"https:\/\/www.altominho.tv\/site\/#\/schema\/person\/4e536851627d7914baf3dac752b6af22","name":"Altominho.tv","image":{"@type":"ImageObject","inLanguage":"pt-PT","@id":"https:\/\/www.altominho.tv\/site\/wp-content\/uploads\/2019\/11\/Logo_Avatar_2-150x150.jpg","url":"https:\/\/www.altominho.tv\/site\/wp-content\/uploads\/2019\/11\/Logo_Avatar_2-150x150.jpg","contentUrl":"https:\/\/www.altominho.tv\/site\/wp-content\/uploads\/2019\/11\/Logo_Avatar_2-150x150.jpg","caption":"Altominho.tv"},"url":"https:\/\/www.altominho.tv\/site\/author\/altominhotv-tecnico\/"}]}},"_links":{"self":[{"href":"https:\/\/www.altominho.tv\/site\/wp-json\/wp\/v2\/posts\/123295","targetHints":{"allow":["GET"]}}],"collection":[{"href":"https:\/\/www.altominho.tv\/site\/wp-json\/wp\/v2\/posts"}],"about":[{"href":"https:\/\/www.altominho.tv\/site\/wp-json\/wp\/v2\/types\/post"}],"author":[{"embeddable":true,"href":"https:\/\/www.altominho.tv\/site\/wp-json\/wp\/v2\/users\/1"}],"replies":[{"embeddable":true,"href":"https:\/\/www.altominho.tv\/site\/wp-json\/wp\/v2\/comments?post=123295"}],"version-history":[{"count":1,"href":"https:\/\/www.altominho.tv\/site\/wp-json\/wp\/v2\/posts\/123295\/revisions"}],"predecessor-version":[{"id":123298,"href":"https:\/\/www.altominho.tv\/site\/wp-json\/wp\/v2\/posts\/123295\/revisions\/123298"}],"wp:featuredmedia":[{"embeddable":true,"href":"https:\/\/www.altominho.tv\/site\/wp-json\/wp\/v2\/media\/123297"}],"wp:attachment":[{"href":"https:\/\/www.altominho.tv\/site\/wp-json\/wp\/v2\/media?parent=123295"}],"wp:term":[{"taxonomy":"category","embeddable":true,"href":"https:\/\/www.altominho.tv\/site\/wp-json\/wp\/v2\/categories?post=123295"},{"taxonomy":"post_tag","embeddable":true,"href":"https:\/\/www.altominho.tv\/site\/wp-json\/wp\/v2\/tags?post=123295"}],"curies":[{"name":"wp","href":"https:\/\/api.w.org\/{rel}","templated":true}]}}