{"id":123241,"date":"2025-09-23T09:49:57","date_gmt":"2025-09-23T08:49:57","guid":{"rendered":"https:\/\/www.altominho.tv\/site\/?p=123241"},"modified":"2025-09-23T09:49:59","modified_gmt":"2025-09-23T08:49:59","slug":"paredes-de-coura-integra-projeto-de-valorizacao-do-caminho-portugues-de-santiago","status":"publish","type":"post","link":"https:\/\/www.altominho.tv\/site\/2025\/09\/23\/paredes-de-coura-integra-projeto-de-valorizacao-do-caminho-portugues-de-santiago\/","title":{"rendered":"Paredes de Coura integra projeto de valoriza\u00e7\u00e3o do Caminho Portugu\u00eas de Santiago"},"content":{"rendered":"<p data-start=\"195\" data-end=\"468\">O munic\u00edpio de Paredes de Coura associou-se a Barcelos, Ponte de Lima e Valen\u00e7a no projeto \u201cEste \u00e9 o Caminho 2.0\u201d, uma iniciativa que pretende valorizar o percurso do Caminho Portugu\u00eas de Santiago Central \u2013 Porto e Norte, promovendo o turismo religioso e de natureza.<\/p>\n<p data-start=\"470\" data-end=\"715\">O investimento global previsto \u00e9 de 1,4 milh\u00f5es de euros, com financiamento de cerca de 990 mil euros ao abrigo da linha de apoio \u201c+Interior Turismo\u201d, integrada na Agenda do Turismo para o Interior e promovida pelo Turismo de Portugal.<\/p>\n<p data-start=\"717\" data-end=\"991\">Em Paredes de Coura, a interven\u00e7\u00e3o incide sobretudo no Albergue de Peregrinos de S. Pedro de Rubi\u00e3es, que ver\u00e1 melhoradas as condi\u00e7\u00f5es de acolhimento e aumentada a capacidade de hospedagem, acompanhando o crescimento do n\u00famero de peregrinos que percorrem este trajeto.<\/p>\n<p data-start=\"993\" data-end=\"1285\">O vice-presidente da C\u00e2mara, Tiago Cunha, sublinha a import\u00e2ncia do Caminho de Santiago para o concelho, considerando-o \u201cestruturante em termos econ\u00f3micos\u201d e defendendo que exige \u201ctrabalho constante para garantir a seguran\u00e7a, a comodidade e a autenticidade da experi\u00eancia do peregrino\u201d.<\/p>\n<p data-start=\"1287\" data-end=\"1609\">A iniciativa, apresentada na CCDR-C, em Coimbra, contou com a presen\u00e7a do ministro Adjunto e da Coes\u00e3o Territorial, Manuel Castro Almeida, e procura tamb\u00e9m melhorar as condi\u00e7\u00f5es de mobilidade e seguran\u00e7a, com a implementa\u00e7\u00e3o de sinaliza\u00e7\u00e3o e adapta\u00e7\u00e3o de infraestruturas ao longo dos quatro concelhos abrangidos.<\/p>\n<p data-start=\"1611\" data-end=\"2003\">Al\u00e9m de refor\u00e7ar a atratividade tur\u00edstica da regi\u00e3o, o projeto aposta na sustentabilidade e inova\u00e7\u00e3o, integrando estrat\u00e9gias de marketing digital e sistemas de monitoriza\u00e7\u00e3o para avaliar os resultados das interven\u00e7\u00f5es. O objetivo \u00e9 contribuir para o desenvolvimento econ\u00f3mico local, preservar as tradi\u00e7\u00f5es culturais e oferecer aos peregrinos uma experi\u00eancia mais segura e enriquecedora.<\/p>\n","protected":false},"excerpt":{"rendered":"<p>O munic\u00edpio de Paredes de Coura associou-se a Barcelos, Ponte de Lima e Valen\u00e7a no projeto \u201cEste \u00e9 o Caminho 2.0\u201d, uma iniciativa que pretende valorizar o percurso do Caminho Portugu\u00eas de Santiago Central \u2013 Porto e Norte, promovendo o turismo religioso e de natureza. O investimento global previsto \u00e9 de 1,4 milh\u00f5es de euros, [&hellip;]<\/p>\n","protected":false},"author":1,"featured_media":123242,"comment_status":"closed","ping_status":"closed","sticky":false,"template":"","format":"standard","meta":{"_exactmetrics_skip_tracking":false,"_exactmetrics_sitenote_active":false,"_exactmetrics_sitenote_note":"","_exactmetrics_sitenote_category":0,"footnotes":""},"categories":[10],"tags":[27],"class_list":["post-123241","post","type-post","status-publish","format-standard","has-post-thumbnail","hentry","category-paredes-de-coura","tag-sociedade"],"yoast_head":"<!-- This site is optimized with the Yoast SEO Premium plugin v27.4 (Yoast SEO v27.4) - https:\/\/yoast.com\/product\/yoast-seo-premium-wordpress\/ -->\n<title>Paredes de Coura integra projeto de valoriza\u00e7\u00e3o do Caminho Portugu\u00eas de Santiago<\/title>\n<meta name=\"description\" content=\"O munic\u00edpio de Paredes de Coura associou-se a Barcelos, Ponte de Lima e Valen\u00e7a no projeto \u201cEste \u00e9 o Caminho 2.0\u201d, uma iniciativa que pretende valorizar o percurso do Caminho Portugu\u00eas de Santiago Central \u2013 Porto e Norte, promovendo o turismo religioso e de natureza.\" \/>\n<meta name=\"robots\" content=\"index, follow, max-snippet:-1, max-image-preview:large, max-video-preview:-1\" \/>\n<link rel=\"canonical\" href=\"https:\/\/www.altominho.tv\/site\/2025\/09\/23\/paredes-de-coura-integra-projeto-de-valorizacao-do-caminho-portugues-de-santiago\/\" \/>\n<meta property=\"og:locale\" content=\"pt_PT\" \/>\n<meta property=\"og:type\" content=\"article\" \/>\n<meta property=\"og:title\" content=\"Paredes de Coura integra projeto de valoriza\u00e7\u00e3o do Caminho Portugu\u00eas de Santiago\" \/>\n<meta property=\"og:description\" content=\"O munic\u00edpio de Paredes de Coura associou-se a Barcelos, Ponte de Lima e Valen\u00e7a no projeto \u201cEste \u00e9 o Caminho 2.0\u201d, uma iniciativa que pretende valorizar o percurso do Caminho Portugu\u00eas de Santiago Central \u2013 Porto e Norte, promovendo o turismo religioso e de natureza.\" \/>\n<meta property=\"og:url\" content=\"https:\/\/www.altominho.tv\/site\/2025\/09\/23\/paredes-de-coura-integra-projeto-de-valorizacao-do-caminho-portugues-de-santiago\/\" \/>\n<meta property=\"og:site_name\" content=\"Altominho.tv\" \/>\n<meta property=\"article:publisher\" content=\"https:\/\/www.facebook.com\/altominhotv\" \/>\n<meta property=\"article:published_time\" content=\"2025-09-23T08:49:57+00:00\" \/>\n<meta property=\"article:modified_time\" content=\"2025-09-23T08:49:59+00:00\" \/>\n<meta property=\"og:image\" content=\"https:\/\/www.altominho.tv\/site\/wp-content\/uploads\/2025\/09\/peregrinos.jpg\" \/>\n\t<meta property=\"og:image:width\" content=\"1200\" \/>\n\t<meta property=\"og:image:height\" content=\"630\" \/>\n\t<meta property=\"og:image:type\" content=\"image\/jpeg\" \/>\n<meta name=\"author\" content=\"Altominho.tv\" \/>\n<meta name=\"twitter:card\" content=\"summary_large_image\" \/>\n<meta name=\"twitter:creator\" content=\"@altominhoTV\" \/>\n<meta name=\"twitter:site\" content=\"@altominhoTV\" \/>\n<meta name=\"twitter:label1\" content=\"Escrito por\" \/>\n\t<meta name=\"twitter:data1\" content=\"Altominho.tv\" \/>\n\t<meta name=\"twitter:label2\" content=\"Tempo estimado de leitura\" \/>\n\t<meta name=\"twitter:data2\" content=\"2 minutos\" \/>\n<script type=\"application\/ld+json\" class=\"yoast-schema-graph\">{\"@context\":\"https:\\\/\\\/schema.org\",\"@graph\":[{\"@type\":\"Article\",\"@id\":\"https:\\\/\\\/www.altominho.tv\\\/site\\\/2025\\\/09\\\/23\\\/paredes-de-coura-integra-projeto-de-valorizacao-do-caminho-portugues-de-santiago\\\/#article\",\"isPartOf\":{\"@id\":\"https:\\\/\\\/www.altominho.tv\\\/site\\\/2025\\\/09\\\/23\\\/paredes-de-coura-integra-projeto-de-valorizacao-do-caminho-portugues-de-santiago\\\/\"},\"author\":{\"name\":\"Altominho.tv\",\"@id\":\"https:\\\/\\\/www.altominho.tv\\\/site\\\/#\\\/schema\\\/person\\\/4e536851627d7914baf3dac752b6af22\"},\"headline\":\"Paredes de Coura integra projeto de valoriza\u00e7\u00e3o do Caminho Portugu\u00eas de Santiago\",\"datePublished\":\"2025-09-23T08:49:57+00:00\",\"dateModified\":\"2025-09-23T08:49:59+00:00\",\"mainEntityOfPage\":{\"@id\":\"https:\\\/\\\/www.altominho.tv\\\/site\\\/2025\\\/09\\\/23\\\/paredes-de-coura-integra-projeto-de-valorizacao-do-caminho-portugues-de-santiago\\\/\"},\"wordCount\":304,\"image\":{\"@id\":\"https:\\\/\\\/www.altominho.tv\\\/site\\\/2025\\\/09\\\/23\\\/paredes-de-coura-integra-projeto-de-valorizacao-do-caminho-portugues-de-santiago\\\/#primaryimage\"},\"thumbnailUrl\":\"https:\\\/\\\/www.altominho.tv\\\/site\\\/wp-content\\\/uploads\\\/2025\\\/09\\\/peregrinos.jpg\",\"keywords\":[\"Sociedade\"],\"articleSection\":[\"Paredes de Coura\"],\"inLanguage\":\"pt-PT\",\"copyrightYear\":\"2025\",\"copyrightHolder\":{\"@id\":\"https:\\\/\\\/www.altominho.tv\\\/site\\\/#organization\"}},{\"@type\":\"WebPage\",\"@id\":\"https:\\\/\\\/www.altominho.tv\\\/site\\\/2025\\\/09\\\/23\\\/paredes-de-coura-integra-projeto-de-valorizacao-do-caminho-portugues-de-santiago\\\/\",\"url\":\"https:\\\/\\\/www.altominho.tv\\\/site\\\/2025\\\/09\\\/23\\\/paredes-de-coura-integra-projeto-de-valorizacao-do-caminho-portugues-de-santiago\\\/\",\"name\":\"Paredes de Coura integra projeto de valoriza\u00e7\u00e3o do Caminho Portugu\u00eas de Santiago\",\"isPartOf\":{\"@id\":\"https:\\\/\\\/www.altominho.tv\\\/site\\\/#website\"},\"primaryImageOfPage\":{\"@id\":\"https:\\\/\\\/www.altominho.tv\\\/site\\\/2025\\\/09\\\/23\\\/paredes-de-coura-integra-projeto-de-valorizacao-do-caminho-portugues-de-santiago\\\/#primaryimage\"},\"image\":{\"@id\":\"https:\\\/\\\/www.altominho.tv\\\/site\\\/2025\\\/09\\\/23\\\/paredes-de-coura-integra-projeto-de-valorizacao-do-caminho-portugues-de-santiago\\\/#primaryimage\"},\"thumbnailUrl\":\"https:\\\/\\\/www.altominho.tv\\\/site\\\/wp-content\\\/uploads\\\/2025\\\/09\\\/peregrinos.jpg\",\"datePublished\":\"2025-09-23T08:49:57+00:00\",\"dateModified\":\"2025-09-23T08:49:59+00:00\",\"author\":{\"@id\":\"https:\\\/\\\/www.altominho.tv\\\/site\\\/#\\\/schema\\\/person\\\/4e536851627d7914baf3dac752b6af22\"},\"description\":\"O munic\u00edpio de Paredes de Coura associou-se a Barcelos, Ponte de Lima e Valen\u00e7a no projeto \u201cEste \u00e9 o Caminho 2.0\u201d, uma iniciativa que pretende valorizar o percurso do Caminho Portugu\u00eas de Santiago Central \u2013 Porto e Norte, promovendo o turismo religioso e de natureza.\",\"breadcrumb\":{\"@id\":\"https:\\\/\\\/www.altominho.tv\\\/site\\\/2025\\\/09\\\/23\\\/paredes-de-coura-integra-projeto-de-valorizacao-do-caminho-portugues-de-santiago\\\/#breadcrumb\"},\"inLanguage\":\"pt-PT\",\"potentialAction\":[{\"@type\":\"ReadAction\",\"target\":[\"https:\\\/\\\/www.altominho.tv\\\/site\\\/2025\\\/09\\\/23\\\/paredes-de-coura-integra-projeto-de-valorizacao-do-caminho-portugues-de-santiago\\\/\"]}]},{\"@type\":\"ImageObject\",\"inLanguage\":\"pt-PT\",\"@id\":\"https:\\\/\\\/www.altominho.tv\\\/site\\\/2025\\\/09\\\/23\\\/paredes-de-coura-integra-projeto-de-valorizacao-do-caminho-portugues-de-santiago\\\/#primaryimage\",\"url\":\"https:\\\/\\\/www.altominho.tv\\\/site\\\/wp-content\\\/uploads\\\/2025\\\/09\\\/peregrinos.jpg\",\"contentUrl\":\"https:\\\/\\\/www.altominho.tv\\\/site\\\/wp-content\\\/uploads\\\/2025\\\/09\\\/peregrinos.jpg\",\"width\":1200,\"height\":630},{\"@type\":\"BreadcrumbList\",\"@id\":\"https:\\\/\\\/www.altominho.tv\\\/site\\\/2025\\\/09\\\/23\\\/paredes-de-coura-integra-projeto-de-valorizacao-do-caminho-portugues-de-santiago\\\/#breadcrumb\",\"itemListElement\":[{\"@type\":\"ListItem\",\"position\":1,\"name\":\"In\u00edcio\",\"item\":\"https:\\\/\\\/www.altominho.tv\\\/site\\\/\"},{\"@type\":\"ListItem\",\"position\":2,\"name\":\"Paredes de Coura integra projeto de valoriza\u00e7\u00e3o do Caminho Portugu\u00eas de Santiago\"}]},{\"@type\":\"WebSite\",\"@id\":\"https:\\\/\\\/www.altominho.tv\\\/site\\\/#website\",\"url\":\"https:\\\/\\\/www.altominho.tv\\\/site\\\/\",\"name\":\"Altominho.tv\",\"description\":\"A sua regi\u00e3o \u00e0 dist\u00e2ncia de um clique...\",\"potentialAction\":[{\"@type\":\"SearchAction\",\"target\":{\"@type\":\"EntryPoint\",\"urlTemplate\":\"https:\\\/\\\/www.altominho.tv\\\/site\\\/?s={search_term_string}\"},\"query-input\":{\"@type\":\"PropertyValueSpecification\",\"valueRequired\":true,\"valueName\":\"search_term_string\"}}],\"inLanguage\":\"pt-PT\"},{\"@type\":\"Person\",\"@id\":\"https:\\\/\\\/www.altominho.tv\\\/site\\\/#\\\/schema\\\/person\\\/4e536851627d7914baf3dac752b6af22\",\"name\":\"Altominho.tv\",\"image\":{\"@type\":\"ImageObject\",\"inLanguage\":\"pt-PT\",\"@id\":\"https:\\\/\\\/www.altominho.tv\\\/site\\\/wp-content\\\/uploads\\\/2019\\\/11\\\/Logo_Avatar_2-150x150.jpg\",\"url\":\"https:\\\/\\\/www.altominho.tv\\\/site\\\/wp-content\\\/uploads\\\/2019\\\/11\\\/Logo_Avatar_2-150x150.jpg\",\"contentUrl\":\"https:\\\/\\\/www.altominho.tv\\\/site\\\/wp-content\\\/uploads\\\/2019\\\/11\\\/Logo_Avatar_2-150x150.jpg\",\"caption\":\"Altominho.tv\"},\"url\":\"https:\\\/\\\/www.altominho.tv\\\/site\\\/author\\\/altominhotv-tecnico\\\/\"}]}<\/script>\n<!-- \/ Yoast SEO Premium plugin. -->","yoast_head_json":{"title":"Paredes de Coura integra projeto de valoriza\u00e7\u00e3o do Caminho Portugu\u00eas de Santiago","description":"O munic\u00edpio de Paredes de Coura associou-se a Barcelos, Ponte de Lima e Valen\u00e7a no projeto \u201cEste \u00e9 o Caminho 2.0\u201d, uma iniciativa que pretende valorizar o percurso do Caminho Portugu\u00eas de Santiago Central \u2013 Porto e Norte, promovendo o turismo religioso e de natureza.","robots":{"index":"index","follow":"follow","max-snippet":"max-snippet:-1","max-image-preview":"max-image-preview:large","max-video-preview":"max-video-preview:-1"},"canonical":"https:\/\/www.altominho.tv\/site\/2025\/09\/23\/paredes-de-coura-integra-projeto-de-valorizacao-do-caminho-portugues-de-santiago\/","og_locale":"pt_PT","og_type":"article","og_title":"Paredes de Coura integra projeto de valoriza\u00e7\u00e3o do Caminho Portugu\u00eas de Santiago","og_description":"O munic\u00edpio de Paredes de Coura associou-se a Barcelos, Ponte de Lima e Valen\u00e7a no projeto \u201cEste \u00e9 o Caminho 2.0\u201d, uma iniciativa que pretende valorizar o percurso do Caminho Portugu\u00eas de Santiago Central \u2013 Porto e Norte, promovendo o turismo religioso e de natureza.","og_url":"https:\/\/www.altominho.tv\/site\/2025\/09\/23\/paredes-de-coura-integra-projeto-de-valorizacao-do-caminho-portugues-de-santiago\/","og_site_name":"Altominho.tv","article_publisher":"https:\/\/www.facebook.com\/altominhotv","article_published_time":"2025-09-23T08:49:57+00:00","article_modified_time":"2025-09-23T08:49:59+00:00","og_image":[{"width":1200,"height":630,"url":"https:\/\/www.altominho.tv\/site\/wp-content\/uploads\/2025\/09\/peregrinos.jpg","type":"image\/jpeg"}],"author":"Altominho.tv","twitter_card":"summary_large_image","twitter_creator":"@altominhoTV","twitter_site":"@altominhoTV","twitter_misc":{"Escrito por":"Altominho.tv","Tempo estimado de leitura":"2 minutos"},"schema":{"@context":"https:\/\/schema.org","@graph":[{"@type":"Article","@id":"https:\/\/www.altominho.tv\/site\/2025\/09\/23\/paredes-de-coura-integra-projeto-de-valorizacao-do-caminho-portugues-de-santiago\/#article","isPartOf":{"@id":"https:\/\/www.altominho.tv\/site\/2025\/09\/23\/paredes-de-coura-integra-projeto-de-valorizacao-do-caminho-portugues-de-santiago\/"},"author":{"name":"Altominho.tv","@id":"https:\/\/www.altominho.tv\/site\/#\/schema\/person\/4e536851627d7914baf3dac752b6af22"},"headline":"Paredes de Coura integra projeto de valoriza\u00e7\u00e3o do Caminho Portugu\u00eas de Santiago","datePublished":"2025-09-23T08:49:57+00:00","dateModified":"2025-09-23T08:49:59+00:00","mainEntityOfPage":{"@id":"https:\/\/www.altominho.tv\/site\/2025\/09\/23\/paredes-de-coura-integra-projeto-de-valorizacao-do-caminho-portugues-de-santiago\/"},"wordCount":304,"image":{"@id":"https:\/\/www.altominho.tv\/site\/2025\/09\/23\/paredes-de-coura-integra-projeto-de-valorizacao-do-caminho-portugues-de-santiago\/#primaryimage"},"thumbnailUrl":"https:\/\/www.altominho.tv\/site\/wp-content\/uploads\/2025\/09\/peregrinos.jpg","keywords":["Sociedade"],"articleSection":["Paredes de Coura"],"inLanguage":"pt-PT","copyrightYear":"2025","copyrightHolder":{"@id":"https:\/\/www.altominho.tv\/site\/#organization"}},{"@type":"WebPage","@id":"https:\/\/www.altominho.tv\/site\/2025\/09\/23\/paredes-de-coura-integra-projeto-de-valorizacao-do-caminho-portugues-de-santiago\/","url":"https:\/\/www.altominho.tv\/site\/2025\/09\/23\/paredes-de-coura-integra-projeto-de-valorizacao-do-caminho-portugues-de-santiago\/","name":"Paredes de Coura integra projeto de valoriza\u00e7\u00e3o do Caminho Portugu\u00eas de Santiago","isPartOf":{"@id":"https:\/\/www.altominho.tv\/site\/#website"},"primaryImageOfPage":{"@id":"https:\/\/www.altominho.tv\/site\/2025\/09\/23\/paredes-de-coura-integra-projeto-de-valorizacao-do-caminho-portugues-de-santiago\/#primaryimage"},"image":{"@id":"https:\/\/www.altominho.tv\/site\/2025\/09\/23\/paredes-de-coura-integra-projeto-de-valorizacao-do-caminho-portugues-de-santiago\/#primaryimage"},"thumbnailUrl":"https:\/\/www.altominho.tv\/site\/wp-content\/uploads\/2025\/09\/peregrinos.jpg","datePublished":"2025-09-23T08:49:57+00:00","dateModified":"2025-09-23T08:49:59+00:00","author":{"@id":"https:\/\/www.altominho.tv\/site\/#\/schema\/person\/4e536851627d7914baf3dac752b6af22"},"description":"O munic\u00edpio de Paredes de Coura associou-se a Barcelos, Ponte de Lima e Valen\u00e7a no projeto \u201cEste \u00e9 o Caminho 2.0\u201d, uma iniciativa que pretende valorizar o percurso do Caminho Portugu\u00eas de Santiago Central \u2013 Porto e Norte, promovendo o turismo religioso e de natureza.","breadcrumb":{"@id":"https:\/\/www.altominho.tv\/site\/2025\/09\/23\/paredes-de-coura-integra-projeto-de-valorizacao-do-caminho-portugues-de-santiago\/#breadcrumb"},"inLanguage":"pt-PT","potentialAction":[{"@type":"ReadAction","target":["https:\/\/www.altominho.tv\/site\/2025\/09\/23\/paredes-de-coura-integra-projeto-de-valorizacao-do-caminho-portugues-de-santiago\/"]}]},{"@type":"ImageObject","inLanguage":"pt-PT","@id":"https:\/\/www.altominho.tv\/site\/2025\/09\/23\/paredes-de-coura-integra-projeto-de-valorizacao-do-caminho-portugues-de-santiago\/#primaryimage","url":"https:\/\/www.altominho.tv\/site\/wp-content\/uploads\/2025\/09\/peregrinos.jpg","contentUrl":"https:\/\/www.altominho.tv\/site\/wp-content\/uploads\/2025\/09\/peregrinos.jpg","width":1200,"height":630},{"@type":"BreadcrumbList","@id":"https:\/\/www.altominho.tv\/site\/2025\/09\/23\/paredes-de-coura-integra-projeto-de-valorizacao-do-caminho-portugues-de-santiago\/#breadcrumb","itemListElement":[{"@type":"ListItem","position":1,"name":"In\u00edcio","item":"https:\/\/www.altominho.tv\/site\/"},{"@type":"ListItem","position":2,"name":"Paredes de Coura integra projeto de valoriza\u00e7\u00e3o do Caminho Portugu\u00eas de Santiago"}]},{"@type":"WebSite","@id":"https:\/\/www.altominho.tv\/site\/#website","url":"https:\/\/www.altominho.tv\/site\/","name":"Altominho.tv","description":"A sua regi\u00e3o \u00e0 dist\u00e2ncia de um clique...","potentialAction":[{"@type":"SearchAction","target":{"@type":"EntryPoint","urlTemplate":"https:\/\/www.altominho.tv\/site\/?s={search_term_string}"},"query-input":{"@type":"PropertyValueSpecification","valueRequired":true,"valueName":"search_term_string"}}],"inLanguage":"pt-PT"},{"@type":"Person","@id":"https:\/\/www.altominho.tv\/site\/#\/schema\/person\/4e536851627d7914baf3dac752b6af22","name":"Altominho.tv","image":{"@type":"ImageObject","inLanguage":"pt-PT","@id":"https:\/\/www.altominho.tv\/site\/wp-content\/uploads\/2019\/11\/Logo_Avatar_2-150x150.jpg","url":"https:\/\/www.altominho.tv\/site\/wp-content\/uploads\/2019\/11\/Logo_Avatar_2-150x150.jpg","contentUrl":"https:\/\/www.altominho.tv\/site\/wp-content\/uploads\/2019\/11\/Logo_Avatar_2-150x150.jpg","caption":"Altominho.tv"},"url":"https:\/\/www.altominho.tv\/site\/author\/altominhotv-tecnico\/"}]}},"_links":{"self":[{"href":"https:\/\/www.altominho.tv\/site\/wp-json\/wp\/v2\/posts\/123241","targetHints":{"allow":["GET"]}}],"collection":[{"href":"https:\/\/www.altominho.tv\/site\/wp-json\/wp\/v2\/posts"}],"about":[{"href":"https:\/\/www.altominho.tv\/site\/wp-json\/wp\/v2\/types\/post"}],"author":[{"embeddable":true,"href":"https:\/\/www.altominho.tv\/site\/wp-json\/wp\/v2\/users\/1"}],"replies":[{"embeddable":true,"href":"https:\/\/www.altominho.tv\/site\/wp-json\/wp\/v2\/comments?post=123241"}],"version-history":[{"count":1,"href":"https:\/\/www.altominho.tv\/site\/wp-json\/wp\/v2\/posts\/123241\/revisions"}],"predecessor-version":[{"id":123243,"href":"https:\/\/www.altominho.tv\/site\/wp-json\/wp\/v2\/posts\/123241\/revisions\/123243"}],"wp:featuredmedia":[{"embeddable":true,"href":"https:\/\/www.altominho.tv\/site\/wp-json\/wp\/v2\/media\/123242"}],"wp:attachment":[{"href":"https:\/\/www.altominho.tv\/site\/wp-json\/wp\/v2\/media?parent=123241"}],"wp:term":[{"taxonomy":"category","embeddable":true,"href":"https:\/\/www.altominho.tv\/site\/wp-json\/wp\/v2\/categories?post=123241"},{"taxonomy":"post_tag","embeddable":true,"href":"https:\/\/www.altominho.tv\/site\/wp-json\/wp\/v2\/tags?post=123241"}],"curies":[{"name":"wp","href":"https:\/\/api.w.org\/{rel}","templated":true}]}}