{"id":12323,"date":"2018-04-23T11:28:40","date_gmt":"2018-04-23T10:28:40","guid":{"rendered":"http:\/\/www.altominho.tv\/site\/?p=12323"},"modified":"2018-04-23T11:28:40","modified_gmt":"2018-04-23T10:28:40","slug":"25-de-abril-assinalado-com-varias-iniciativas","status":"publish","type":"post","link":"https:\/\/www.altominho.tv\/site\/2018\/04\/23\/25-de-abril-assinalado-com-varias-iniciativas\/","title":{"rendered":"25 de Abril assinalado com v\u00e1rias iniciativas"},"content":{"rendered":"<p class=\"text-align-justify\">O dia 25 de Abril, vai ser assinalado em Arcos de Valdevez com v\u00e1rias iniciativas.<\/p>\n<p class=\"text-align-justify\">Pelas 09h00 haver\u00e1 uma homenagem aos Combatentes do Ultramar, na\u00a0Praceta Combatentes do Ultramar (junto ao Centro Escolar Prof. Ant\u00f3nio Melo Machado).<\/p>\n<p class=\"text-align-justify\">\u00c0s 09h30 tem in\u00edcio as cerim\u00f3nias oficiais de comemora\u00e7\u00e3o do 25 de Abril com o\u00a0Hastear das Bandeiras, com participa\u00e7\u00e3o dos Bombeiros Volunt\u00e1rios, Corpo Nacional de Escutas e Banda da Sociedade Musical de Arcos de Valdevez na\u00a0Pra\u00e7a Municipal.<\/p>\n<p class=\"text-align-justify\">\u00c0s 10h30, na Casa das Artes haver\u00e1 um Concerto pela Banda da Sociedade Musical de Arcos de Valdevez com\u00a0entrada gratuita.<\/p>\n<p class=\"text-align-justify\">O dia 25 de Abril, Feriado Nacional, vai ser assinalado nos concelhos do Alto Minho, com v\u00e1rias iniciativas.<\/p>\n","protected":false},"excerpt":{"rendered":"<p>O dia 25 de Abril, vai ser assinalado em Arcos de Valdevez com v\u00e1rias iniciativas. Pelas 09h00 haver\u00e1 uma homenagem aos Combatentes do Ultramar, na\u00a0Praceta Combatentes do Ultramar (junto ao Centro Escolar Prof. Ant\u00f3nio Melo Machado). \u00c0s 09h30 tem in\u00edcio as cerim\u00f3nias oficiais de comemora\u00e7\u00e3o do 25 de Abril com o\u00a0Hastear das Bandeiras, com participa\u00e7\u00e3o [&hellip;]<\/p>\n","protected":false},"author":7,"featured_media":12324,"comment_status":"closed","ping_status":"closed","sticky":false,"template":"","format":"standard","meta":{"_exactmetrics_skip_tracking":false,"footnotes":""},"categories":[73],"tags":[19,27],"class_list":["post-12323","post","type-post","status-publish","format-standard","has-post-thumbnail","hentry","category-alto-minho","tag-cultura","tag-sociedade"],"yoast_head":"<!-- This site is optimized with the Yoast SEO Premium plugin v28.3 (Yoast SEO v28.3) - https:\/\/yoast.com\/product\/yoast-seo-premium-wordpress\/ -->\n<title>25 de Abril assinalado com v\u00e1rias iniciativas<\/title>\n<meta name=\"robots\" content=\"index, follow, max-snippet:-1, max-image-preview:large, max-video-preview:-1\" \/>\n<link rel=\"canonical\" href=\"https:\/\/www.altominho.tv\/site\/2018\/04\/23\/25-de-abril-assinalado-com-varias-iniciativas\/\" \/>\n<meta property=\"og:locale\" content=\"pt_PT\" \/>\n<meta property=\"og:type\" content=\"article\" \/>\n<meta property=\"og:title\" content=\"25 de Abril assinalado com v\u00e1rias iniciativas\" \/>\n<meta property=\"og:description\" content=\"O dia 25 de Abril, vai ser assinalado em Arcos de Valdevez com v\u00e1rias iniciativas. Pelas 09h00 haver\u00e1 uma homenagem aos Combatentes do Ultramar, na\u00a0Praceta Combatentes do Ultramar (junto ao Centro Escolar Prof. Ant\u00f3nio Melo Machado). \u00c0s 09h30 tem in\u00edcio as cerim\u00f3nias oficiais de comemora\u00e7\u00e3o do 25 de Abril com o\u00a0Hastear das Bandeiras, com participa\u00e7\u00e3o [&hellip;]\" \/>\n<meta property=\"og:url\" content=\"https:\/\/www.altominho.tv\/site\/2018\/04\/23\/25-de-abril-assinalado-com-varias-iniciativas\/\" \/>\n<meta property=\"og:site_name\" content=\"Altominho.tv\" \/>\n<meta property=\"article:publisher\" content=\"https:\/\/www.facebook.com\/altominhotv\" \/>\n<meta property=\"article:published_time\" content=\"2018-04-23T10:28:40+00:00\" \/>\n<meta property=\"og:image\" content=\"https:\/\/www.altominho.tv\/site\/wp-content\/uploads\/2018\/04\/25-de-abril.jpg\" \/>\n\t<meta property=\"og:image:width\" content=\"818\" \/>\n\t<meta property=\"og:image:height\" content=\"455\" \/>\n\t<meta property=\"og:image:type\" content=\"image\/jpeg\" \/>\n<meta name=\"author\" content=\"Andreia Cunha\" \/>\n<meta name=\"twitter:card\" content=\"summary_large_image\" \/>\n<meta name=\"twitter:creator\" content=\"@altominhoTV\" \/>\n<meta name=\"twitter:site\" content=\"@altominhoTV\" \/>\n<meta name=\"twitter:label1\" content=\"Escrito por\" \/>\n\t<meta name=\"twitter:data1\" content=\"Andreia Cunha\" \/>\n\t<meta name=\"twitter:label2\" content=\"Tempo estimado de leitura\" \/>\n\t<meta name=\"twitter:data2\" content=\"1 minuto\" \/>\n<script type=\"application\/ld+json\" class=\"yoast-schema-graph\">{\"@context\":\"https:\\\/\\\/schema.org\",\"@graph\":[{\"@type\":\"Article\",\"@id\":\"https:\\\/\\\/www.altominho.tv\\\/site\\\/2018\\\/04\\\/23\\\/25-de-abril-assinalado-com-varias-iniciativas\\\/#article\",\"isPartOf\":{\"@id\":\"https:\\\/\\\/www.altominho.tv\\\/site\\\/2018\\\/04\\\/23\\\/25-de-abril-assinalado-com-varias-iniciativas\\\/\"},\"author\":{\"name\":\"Andreia Cunha\",\"@id\":\"https:\\\/\\\/www.altominho.tv\\\/site\\\/#\\\/schema\\\/person\\\/a0e4ef6d041f98ca284393d8f1d97153\"},\"headline\":\"25 de Abril assinalado com v\u00e1rias iniciativas\",\"datePublished\":\"2018-04-23T10:28:40+00:00\",\"mainEntityOfPage\":{\"@id\":\"https:\\\/\\\/www.altominho.tv\\\/site\\\/2018\\\/04\\\/23\\\/25-de-abril-assinalado-com-varias-iniciativas\\\/\"},\"wordCount\":128,\"image\":{\"@id\":\"https:\\\/\\\/www.altominho.tv\\\/site\\\/2018\\\/04\\\/23\\\/25-de-abril-assinalado-com-varias-iniciativas\\\/#primaryimage\"},\"thumbnailUrl\":\"https:\\\/\\\/www.altominho.tv\\\/site\\\/wp-content\\\/uploads\\\/2018\\\/04\\\/25-de-abril.jpg\",\"keywords\":[\"Cultura\",\"Sociedade\"],\"articleSection\":[\"Alto Minho\"],\"inLanguage\":\"pt-PT\",\"copyrightYear\":\"2018\",\"copyrightHolder\":{\"@id\":\"https:\\\/\\\/www.altominho.tv\\\/site\\\/#organization\"}},{\"@type\":\"WebPage\",\"@id\":\"https:\\\/\\\/www.altominho.tv\\\/site\\\/2018\\\/04\\\/23\\\/25-de-abril-assinalado-com-varias-iniciativas\\\/\",\"url\":\"https:\\\/\\\/www.altominho.tv\\\/site\\\/2018\\\/04\\\/23\\\/25-de-abril-assinalado-com-varias-iniciativas\\\/\",\"name\":\"25 de Abril assinalado com v\u00e1rias iniciativas\",\"isPartOf\":{\"@id\":\"https:\\\/\\\/www.altominho.tv\\\/site\\\/#website\"},\"primaryImageOfPage\":{\"@id\":\"https:\\\/\\\/www.altominho.tv\\\/site\\\/2018\\\/04\\\/23\\\/25-de-abril-assinalado-com-varias-iniciativas\\\/#primaryimage\"},\"image\":{\"@id\":\"https:\\\/\\\/www.altominho.tv\\\/site\\\/2018\\\/04\\\/23\\\/25-de-abril-assinalado-com-varias-iniciativas\\\/#primaryimage\"},\"thumbnailUrl\":\"https:\\\/\\\/www.altominho.tv\\\/site\\\/wp-content\\\/uploads\\\/2018\\\/04\\\/25-de-abril.jpg\",\"datePublished\":\"2018-04-23T10:28:40+00:00\",\"author\":{\"@id\":\"https:\\\/\\\/www.altominho.tv\\\/site\\\/#\\\/schema\\\/person\\\/a0e4ef6d041f98ca284393d8f1d97153\"},\"breadcrumb\":{\"@id\":\"https:\\\/\\\/www.altominho.tv\\\/site\\\/2018\\\/04\\\/23\\\/25-de-abril-assinalado-com-varias-iniciativas\\\/#breadcrumb\"},\"inLanguage\":\"pt-PT\",\"potentialAction\":[{\"@type\":\"ReadAction\",\"target\":[\"https:\\\/\\\/www.altominho.tv\\\/site\\\/2018\\\/04\\\/23\\\/25-de-abril-assinalado-com-varias-iniciativas\\\/\"]}]},{\"@type\":\"ImageObject\",\"inLanguage\":\"pt-PT\",\"@id\":\"https:\\\/\\\/www.altominho.tv\\\/site\\\/2018\\\/04\\\/23\\\/25-de-abril-assinalado-com-varias-iniciativas\\\/#primaryimage\",\"url\":\"https:\\\/\\\/www.altominho.tv\\\/site\\\/wp-content\\\/uploads\\\/2018\\\/04\\\/25-de-abril.jpg\",\"contentUrl\":\"https:\\\/\\\/www.altominho.tv\\\/site\\\/wp-content\\\/uploads\\\/2018\\\/04\\\/25-de-abril.jpg\",\"width\":818,\"height\":455},{\"@type\":\"BreadcrumbList\",\"@id\":\"https:\\\/\\\/www.altominho.tv\\\/site\\\/2018\\\/04\\\/23\\\/25-de-abril-assinalado-com-varias-iniciativas\\\/#breadcrumb\",\"itemListElement\":[{\"@type\":\"ListItem\",\"position\":1,\"name\":\"In\u00edcio\",\"item\":\"https:\\\/\\\/www.altominho.tv\\\/site\\\/\"},{\"@type\":\"ListItem\",\"position\":2,\"name\":\"25 de Abril assinalado com v\u00e1rias iniciativas\"}]},{\"@type\":\"WebSite\",\"@id\":\"https:\\\/\\\/www.altominho.tv\\\/site\\\/#website\",\"url\":\"https:\\\/\\\/www.altominho.tv\\\/site\\\/\",\"name\":\"Altominho.tv\",\"description\":\"A sua regi\u00e3o \u00e0 dist\u00e2ncia de um clique...\",\"potentialAction\":[{\"@type\":\"SearchAction\",\"target\":{\"@type\":\"EntryPoint\",\"urlTemplate\":\"https:\\\/\\\/www.altominho.tv\\\/site\\\/?s={search_term_string}\"},\"query-input\":{\"@type\":\"PropertyValueSpecification\",\"valueRequired\":true,\"valueName\":\"search_term_string\"}}],\"inLanguage\":\"pt-PT\"},{\"@type\":\"Person\",\"@id\":\"https:\\\/\\\/www.altominho.tv\\\/site\\\/#\\\/schema\\\/person\\\/a0e4ef6d041f98ca284393d8f1d97153\",\"name\":\"Andreia Cunha\",\"image\":{\"@type\":\"ImageObject\",\"inLanguage\":\"pt-PT\",\"@id\":\"https:\\\/\\\/www.altominho.tv\\\/site\\\/wp-content\\\/uploads\\\/2017\\\/11\\\/Andreia_Cunha-1-150x150.jpg\",\"url\":\"https:\\\/\\\/www.altominho.tv\\\/site\\\/wp-content\\\/uploads\\\/2017\\\/11\\\/Andreia_Cunha-1-150x150.jpg\",\"contentUrl\":\"https:\\\/\\\/www.altominho.tv\\\/site\\\/wp-content\\\/uploads\\\/2017\\\/11\\\/Andreia_Cunha-1-150x150.jpg\",\"caption\":\"Andreia Cunha\"},\"url\":\"https:\\\/\\\/www.altominho.tv\\\/site\\\/author\\\/andreiacunha\\\/\"}]}<\/script>\n<!-- \/ Yoast SEO Premium plugin. -->","yoast_head_json":{"title":"25 de Abril assinalado com v\u00e1rias iniciativas","robots":{"index":"index","follow":"follow","max-snippet":"max-snippet:-1","max-image-preview":"max-image-preview:large","max-video-preview":"max-video-preview:-1"},"canonical":"https:\/\/www.altominho.tv\/site\/2018\/04\/23\/25-de-abril-assinalado-com-varias-iniciativas\/","og_locale":"pt_PT","og_type":"article","og_title":"25 de Abril assinalado com v\u00e1rias iniciativas","og_description":"O dia 25 de Abril, vai ser assinalado em Arcos de Valdevez com v\u00e1rias iniciativas. Pelas 09h00 haver\u00e1 uma homenagem aos Combatentes do Ultramar, na\u00a0Praceta Combatentes do Ultramar (junto ao Centro Escolar Prof. Ant\u00f3nio Melo Machado). \u00c0s 09h30 tem in\u00edcio as cerim\u00f3nias oficiais de comemora\u00e7\u00e3o do 25 de Abril com o\u00a0Hastear das Bandeiras, com participa\u00e7\u00e3o [&hellip;]","og_url":"https:\/\/www.altominho.tv\/site\/2018\/04\/23\/25-de-abril-assinalado-com-varias-iniciativas\/","og_site_name":"Altominho.tv","article_publisher":"https:\/\/www.facebook.com\/altominhotv","article_published_time":"2018-04-23T10:28:40+00:00","og_image":[{"width":818,"height":455,"url":"https:\/\/www.altominho.tv\/site\/wp-content\/uploads\/2018\/04\/25-de-abril.jpg","type":"image\/jpeg"}],"author":"Andreia Cunha","twitter_card":"summary_large_image","twitter_creator":"@altominhoTV","twitter_site":"@altominhoTV","twitter_misc":{"Escrito por":"Andreia Cunha","Tempo estimado de leitura":"1 minuto"},"schema":{"@context":"https:\/\/schema.org","@graph":[{"@type":"Article","@id":"https:\/\/www.altominho.tv\/site\/2018\/04\/23\/25-de-abril-assinalado-com-varias-iniciativas\/#article","isPartOf":{"@id":"https:\/\/www.altominho.tv\/site\/2018\/04\/23\/25-de-abril-assinalado-com-varias-iniciativas\/"},"author":{"name":"Andreia Cunha","@id":"https:\/\/www.altominho.tv\/site\/#\/schema\/person\/a0e4ef6d041f98ca284393d8f1d97153"},"headline":"25 de Abril assinalado com v\u00e1rias iniciativas","datePublished":"2018-04-23T10:28:40+00:00","mainEntityOfPage":{"@id":"https:\/\/www.altominho.tv\/site\/2018\/04\/23\/25-de-abril-assinalado-com-varias-iniciativas\/"},"wordCount":128,"image":{"@id":"https:\/\/www.altominho.tv\/site\/2018\/04\/23\/25-de-abril-assinalado-com-varias-iniciativas\/#primaryimage"},"thumbnailUrl":"https:\/\/www.altominho.tv\/site\/wp-content\/uploads\/2018\/04\/25-de-abril.jpg","keywords":["Cultura","Sociedade"],"articleSection":["Alto Minho"],"inLanguage":"pt-PT","copyrightYear":"2018","copyrightHolder":{"@id":"https:\/\/www.altominho.tv\/site\/#organization"}},{"@type":"WebPage","@id":"https:\/\/www.altominho.tv\/site\/2018\/04\/23\/25-de-abril-assinalado-com-varias-iniciativas\/","url":"https:\/\/www.altominho.tv\/site\/2018\/04\/23\/25-de-abril-assinalado-com-varias-iniciativas\/","name":"25 de Abril assinalado com v\u00e1rias iniciativas","isPartOf":{"@id":"https:\/\/www.altominho.tv\/site\/#website"},"primaryImageOfPage":{"@id":"https:\/\/www.altominho.tv\/site\/2018\/04\/23\/25-de-abril-assinalado-com-varias-iniciativas\/#primaryimage"},"image":{"@id":"https:\/\/www.altominho.tv\/site\/2018\/04\/23\/25-de-abril-assinalado-com-varias-iniciativas\/#primaryimage"},"thumbnailUrl":"https:\/\/www.altominho.tv\/site\/wp-content\/uploads\/2018\/04\/25-de-abril.jpg","datePublished":"2018-04-23T10:28:40+00:00","author":{"@id":"https:\/\/www.altominho.tv\/site\/#\/schema\/person\/a0e4ef6d041f98ca284393d8f1d97153"},"breadcrumb":{"@id":"https:\/\/www.altominho.tv\/site\/2018\/04\/23\/25-de-abril-assinalado-com-varias-iniciativas\/#breadcrumb"},"inLanguage":"pt-PT","potentialAction":[{"@type":"ReadAction","target":["https:\/\/www.altominho.tv\/site\/2018\/04\/23\/25-de-abril-assinalado-com-varias-iniciativas\/"]}]},{"@type":"ImageObject","inLanguage":"pt-PT","@id":"https:\/\/www.altominho.tv\/site\/2018\/04\/23\/25-de-abril-assinalado-com-varias-iniciativas\/#primaryimage","url":"https:\/\/www.altominho.tv\/site\/wp-content\/uploads\/2018\/04\/25-de-abril.jpg","contentUrl":"https:\/\/www.altominho.tv\/site\/wp-content\/uploads\/2018\/04\/25-de-abril.jpg","width":818,"height":455},{"@type":"BreadcrumbList","@id":"https:\/\/www.altominho.tv\/site\/2018\/04\/23\/25-de-abril-assinalado-com-varias-iniciativas\/#breadcrumb","itemListElement":[{"@type":"ListItem","position":1,"name":"In\u00edcio","item":"https:\/\/www.altominho.tv\/site\/"},{"@type":"ListItem","position":2,"name":"25 de Abril assinalado com v\u00e1rias iniciativas"}]},{"@type":"WebSite","@id":"https:\/\/www.altominho.tv\/site\/#website","url":"https:\/\/www.altominho.tv\/site\/","name":"Altominho.tv","description":"A sua regi\u00e3o \u00e0 dist\u00e2ncia de um clique...","potentialAction":[{"@type":"SearchAction","target":{"@type":"EntryPoint","urlTemplate":"https:\/\/www.altominho.tv\/site\/?s={search_term_string}"},"query-input":{"@type":"PropertyValueSpecification","valueRequired":true,"valueName":"search_term_string"}}],"inLanguage":"pt-PT"},{"@type":"Person","@id":"https:\/\/www.altominho.tv\/site\/#\/schema\/person\/a0e4ef6d041f98ca284393d8f1d97153","name":"Andreia Cunha","image":{"@type":"ImageObject","inLanguage":"pt-PT","@id":"https:\/\/www.altominho.tv\/site\/wp-content\/uploads\/2017\/11\/Andreia_Cunha-1-150x150.jpg","url":"https:\/\/www.altominho.tv\/site\/wp-content\/uploads\/2017\/11\/Andreia_Cunha-1-150x150.jpg","contentUrl":"https:\/\/www.altominho.tv\/site\/wp-content\/uploads\/2017\/11\/Andreia_Cunha-1-150x150.jpg","caption":"Andreia Cunha"},"url":"https:\/\/www.altominho.tv\/site\/author\/andreiacunha\/"}]}},"_links":{"self":[{"href":"https:\/\/www.altominho.tv\/site\/wp-json\/wp\/v2\/posts\/12323","targetHints":{"allow":["GET"]}}],"collection":[{"href":"https:\/\/www.altominho.tv\/site\/wp-json\/wp\/v2\/posts"}],"about":[{"href":"https:\/\/www.altominho.tv\/site\/wp-json\/wp\/v2\/types\/post"}],"author":[{"embeddable":true,"href":"https:\/\/www.altominho.tv\/site\/wp-json\/wp\/v2\/users\/7"}],"replies":[{"embeddable":true,"href":"https:\/\/www.altominho.tv\/site\/wp-json\/wp\/v2\/comments?post=12323"}],"version-history":[{"count":0,"href":"https:\/\/www.altominho.tv\/site\/wp-json\/wp\/v2\/posts\/12323\/revisions"}],"wp:featuredmedia":[{"embeddable":true,"href":"https:\/\/www.altominho.tv\/site\/wp-json\/wp\/v2\/media\/12324"}],"wp:attachment":[{"href":"https:\/\/www.altominho.tv\/site\/wp-json\/wp\/v2\/media?parent=12323"}],"wp:term":[{"taxonomy":"category","embeddable":true,"href":"https:\/\/www.altominho.tv\/site\/wp-json\/wp\/v2\/categories?post=12323"},{"taxonomy":"post_tag","embeddable":true,"href":"https:\/\/www.altominho.tv\/site\/wp-json\/wp\/v2\/tags?post=12323"}],"curies":[{"name":"wp","href":"https:\/\/api.w.org\/{rel}","templated":true}]}}