{"id":123209,"date":"2025-09-22T14:59:50","date_gmt":"2025-09-22T13:59:50","guid":{"rendered":"https:\/\/www.altominho.tv\/site\/?p=123209"},"modified":"2025-09-22T14:59:53","modified_gmt":"2025-09-22T13:59:53","slug":"casa-do-concelho-de-arcos-de-valdevez-em-lisboa-recebe-medalha-de-merito","status":"publish","type":"post","link":"https:\/\/www.altominho.tv\/site\/2025\/09\/22\/casa-do-concelho-de-arcos-de-valdevez-em-lisboa-recebe-medalha-de-merito\/","title":{"rendered":"Casa do Concelho de Arcos de Valdevez em Lisboa recebe Medalha de M\u00e9rito"},"content":{"rendered":"<p class=\"p1\">A C\u00e2mara Municipal de Arcos de Valdevez esteve presente, no passado s\u00e1bado, em Lisboa, na cerim\u00f3nia de entrega da Medalha Municipal de M\u00e9rito Cultural \u00e0 Casa do Concelho de Arcos de Valdevez, pela C\u00e2mara Municipal de Lisboa, num ato de reconhecimento do papel das Casas Regionais em Lisboa.<\/p>\n<p class=\"p1\">Fundada a 30 de abril de 1955, a Casa dos Arcos assinala este ano sete d\u00e9cadas de atividade ininterrupta, ao servi\u00e7o da promo\u00e7\u00e3o da cultura, do desporto e da solidariedade social.<\/p>\n<p class=\"p1\">Ao longo do seu percurso, a institui\u00e7\u00e3o tem desenvolvido um papel de grande relev\u00e2ncia na preserva\u00e7\u00e3o e divulga\u00e7\u00e3o das tradi\u00e7\u00f5es arcuenses, bem como na cria\u00e7\u00e3o de pontes entre Lisboa e o concelho.<\/p>\n<p class=\"p1\">Entre as suas iniciativas destacam-se o Rancho Folcl\u00f3rico, o Grupo de Cavaquinhos, a Biblioteca Tomaz Figueiredo, col\u00f3quios, tert\u00falias e festas tradicionais, al\u00e9m da organiza\u00e7\u00e3o da emblem\u00e1tica Estafeta Lisboa \u2013 Arcos de Valdevez, que percorre cerca de 500 quil\u00f3metros com trocas de testemunho a cada dez quil\u00f3metros.<\/p>\n<p class=\"p1\">\u201cO munic\u00edpio de Arcos de Valdevez reconhece e enaltece o trabalho desenvolvido pela Casa de Arcos ao longo de 70 anos, na promo\u00e7\u00e3o das tradi\u00e7\u00f5es, no fortalecimento da identidade local e na aproxima\u00e7\u00e3o da comunidade arcuense residente em Lisboa \u00e0s suas ra\u00edzes\u201d, deu nota a autarquia.<\/p>\n","protected":false},"excerpt":{"rendered":"<p>A C\u00e2mara Municipal de Arcos de Valdevez esteve presente, no passado s\u00e1bado, em Lisboa, na cerim\u00f3nia de entrega da Medalha Municipal de M\u00e9rito Cultural \u00e0 Casa do Concelho de Arcos de Valdevez, pela C\u00e2mara Municipal de Lisboa, num ato de reconhecimento do papel das Casas Regionais em Lisboa. Fundada a 30 de abril de 1955, [&hellip;]<\/p>\n","protected":false},"author":30,"featured_media":123210,"comment_status":"closed","ping_status":"closed","sticky":false,"template":"","format":"standard","meta":{"_exactmetrics_skip_tracking":false,"_exactmetrics_sitenote_active":false,"_exactmetrics_sitenote_note":"","_exactmetrics_sitenote_category":0,"footnotes":""},"categories":[2],"tags":[27],"class_list":["post-123209","post","type-post","status-publish","format-standard","has-post-thumbnail","hentry","category-arcos-de-valdevez","tag-sociedade"],"yoast_head":"<!-- This site is optimized with the Yoast SEO Premium plugin v27.4 (Yoast SEO v27.4) - https:\/\/yoast.com\/product\/yoast-seo-premium-wordpress\/ -->\n<title>Casa do Concelho de Arcos de Valdevez em Lisboa recebe Medalha de M\u00e9rito<\/title>\n<meta name=\"description\" content=\"A C\u00e2mara Municipal de Arcos de Valdevez esteve presente, no passado s\u00e1bado, em Lisboa, na cerim\u00f3nia de entrega da Medalha Municipal de M\u00e9rito Cultural \u00e0 Casa do Concelho de Arcos de Valdevez, pela C\u00e2mara Municipal de Lisboa, num ato de reconhecimento do papel das Casas Regionais em Lisboa.\" \/>\n<meta name=\"robots\" content=\"index, follow, max-snippet:-1, max-image-preview:large, max-video-preview:-1\" \/>\n<link rel=\"canonical\" href=\"https:\/\/www.altominho.tv\/site\/2025\/09\/22\/casa-do-concelho-de-arcos-de-valdevez-em-lisboa-recebe-medalha-de-merito\/\" \/>\n<meta property=\"og:locale\" content=\"pt_PT\" \/>\n<meta property=\"og:type\" content=\"article\" \/>\n<meta property=\"og:title\" content=\"Casa do Concelho de Arcos de Valdevez em Lisboa recebe Medalha de M\u00e9rito\" \/>\n<meta property=\"og:description\" content=\"A C\u00e2mara Municipal de Arcos de Valdevez esteve presente, no passado s\u00e1bado, em Lisboa, na cerim\u00f3nia de entrega da Medalha Municipal de M\u00e9rito Cultural \u00e0 Casa do Concelho de Arcos de Valdevez, pela C\u00e2mara Municipal de Lisboa, num ato de reconhecimento do papel das Casas Regionais em Lisboa.\" \/>\n<meta property=\"og:url\" content=\"https:\/\/www.altominho.tv\/site\/2025\/09\/22\/casa-do-concelho-de-arcos-de-valdevez-em-lisboa-recebe-medalha-de-merito\/\" \/>\n<meta property=\"og:site_name\" content=\"Altominho.tv\" \/>\n<meta property=\"article:publisher\" content=\"https:\/\/www.facebook.com\/altominhotv\" \/>\n<meta property=\"article:published_time\" content=\"2025-09-22T13:59:50+00:00\" \/>\n<meta property=\"article:modified_time\" content=\"2025-09-22T13:59:53+00:00\" \/>\n<meta property=\"og:image\" content=\"https:\/\/www.altominho.tv\/site\/wp-content\/uploads\/2025\/09\/Design-sem-nome-2025-09-22T145647.999.jpg\" \/>\n\t<meta property=\"og:image:width\" content=\"1200\" \/>\n\t<meta property=\"og:image:height\" content=\"630\" \/>\n\t<meta property=\"og:image:type\" content=\"image\/jpeg\" \/>\n<meta name=\"author\" content=\"Eduarda Cardoso\" \/>\n<meta name=\"twitter:card\" content=\"summary_large_image\" \/>\n<meta name=\"twitter:creator\" content=\"@altominhoTV\" \/>\n<meta name=\"twitter:site\" content=\"@altominhoTV\" \/>\n<meta name=\"twitter:label1\" content=\"Escrito por\" \/>\n\t<meta name=\"twitter:data1\" content=\"Eduarda Cardoso\" \/>\n\t<meta name=\"twitter:label2\" content=\"Tempo estimado de leitura\" \/>\n\t<meta name=\"twitter:data2\" content=\"2 minutos\" \/>\n<script type=\"application\/ld+json\" class=\"yoast-schema-graph\">{\"@context\":\"https:\\\/\\\/schema.org\",\"@graph\":[{\"@type\":\"Article\",\"@id\":\"https:\\\/\\\/www.altominho.tv\\\/site\\\/2025\\\/09\\\/22\\\/casa-do-concelho-de-arcos-de-valdevez-em-lisboa-recebe-medalha-de-merito\\\/#article\",\"isPartOf\":{\"@id\":\"https:\\\/\\\/www.altominho.tv\\\/site\\\/2025\\\/09\\\/22\\\/casa-do-concelho-de-arcos-de-valdevez-em-lisboa-recebe-medalha-de-merito\\\/\"},\"author\":{\"name\":\"Eduarda Cardoso\",\"@id\":\"https:\\\/\\\/www.altominho.tv\\\/site\\\/#\\\/schema\\\/person\\\/9e351387b727413d005ccf1152c93539\"},\"headline\":\"Casa do Concelho de Arcos de Valdevez em Lisboa recebe Medalha de M\u00e9rito\",\"datePublished\":\"2025-09-22T13:59:50+00:00\",\"dateModified\":\"2025-09-22T13:59:53+00:00\",\"mainEntityOfPage\":{\"@id\":\"https:\\\/\\\/www.altominho.tv\\\/site\\\/2025\\\/09\\\/22\\\/casa-do-concelho-de-arcos-de-valdevez-em-lisboa-recebe-medalha-de-merito\\\/\"},\"wordCount\":238,\"image\":{\"@id\":\"https:\\\/\\\/www.altominho.tv\\\/site\\\/2025\\\/09\\\/22\\\/casa-do-concelho-de-arcos-de-valdevez-em-lisboa-recebe-medalha-de-merito\\\/#primaryimage\"},\"thumbnailUrl\":\"https:\\\/\\\/www.altominho.tv\\\/site\\\/wp-content\\\/uploads\\\/2025\\\/09\\\/Design-sem-nome-2025-09-22T145647.999.jpg\",\"keywords\":[\"Sociedade\"],\"articleSection\":[\"Arcos de Valdevez\"],\"inLanguage\":\"pt-PT\",\"copyrightYear\":\"2025\",\"copyrightHolder\":{\"@id\":\"https:\\\/\\\/www.altominho.tv\\\/site\\\/#organization\"}},{\"@type\":\"WebPage\",\"@id\":\"https:\\\/\\\/www.altominho.tv\\\/site\\\/2025\\\/09\\\/22\\\/casa-do-concelho-de-arcos-de-valdevez-em-lisboa-recebe-medalha-de-merito\\\/\",\"url\":\"https:\\\/\\\/www.altominho.tv\\\/site\\\/2025\\\/09\\\/22\\\/casa-do-concelho-de-arcos-de-valdevez-em-lisboa-recebe-medalha-de-merito\\\/\",\"name\":\"Casa do Concelho de Arcos de Valdevez em Lisboa recebe Medalha de M\u00e9rito\",\"isPartOf\":{\"@id\":\"https:\\\/\\\/www.altominho.tv\\\/site\\\/#website\"},\"primaryImageOfPage\":{\"@id\":\"https:\\\/\\\/www.altominho.tv\\\/site\\\/2025\\\/09\\\/22\\\/casa-do-concelho-de-arcos-de-valdevez-em-lisboa-recebe-medalha-de-merito\\\/#primaryimage\"},\"image\":{\"@id\":\"https:\\\/\\\/www.altominho.tv\\\/site\\\/2025\\\/09\\\/22\\\/casa-do-concelho-de-arcos-de-valdevez-em-lisboa-recebe-medalha-de-merito\\\/#primaryimage\"},\"thumbnailUrl\":\"https:\\\/\\\/www.altominho.tv\\\/site\\\/wp-content\\\/uploads\\\/2025\\\/09\\\/Design-sem-nome-2025-09-22T145647.999.jpg\",\"datePublished\":\"2025-09-22T13:59:50+00:00\",\"dateModified\":\"2025-09-22T13:59:53+00:00\",\"author\":{\"@id\":\"https:\\\/\\\/www.altominho.tv\\\/site\\\/#\\\/schema\\\/person\\\/9e351387b727413d005ccf1152c93539\"},\"description\":\"A C\u00e2mara Municipal de Arcos de Valdevez esteve presente, no passado s\u00e1bado, em Lisboa, na cerim\u00f3nia de entrega da Medalha Municipal de M\u00e9rito Cultural \u00e0 Casa do Concelho de Arcos de Valdevez, pela C\u00e2mara Municipal de Lisboa, num ato de reconhecimento do papel das Casas Regionais em Lisboa.\",\"breadcrumb\":{\"@id\":\"https:\\\/\\\/www.altominho.tv\\\/site\\\/2025\\\/09\\\/22\\\/casa-do-concelho-de-arcos-de-valdevez-em-lisboa-recebe-medalha-de-merito\\\/#breadcrumb\"},\"inLanguage\":\"pt-PT\",\"potentialAction\":[{\"@type\":\"ReadAction\",\"target\":[\"https:\\\/\\\/www.altominho.tv\\\/site\\\/2025\\\/09\\\/22\\\/casa-do-concelho-de-arcos-de-valdevez-em-lisboa-recebe-medalha-de-merito\\\/\"]}]},{\"@type\":\"ImageObject\",\"inLanguage\":\"pt-PT\",\"@id\":\"https:\\\/\\\/www.altominho.tv\\\/site\\\/2025\\\/09\\\/22\\\/casa-do-concelho-de-arcos-de-valdevez-em-lisboa-recebe-medalha-de-merito\\\/#primaryimage\",\"url\":\"https:\\\/\\\/www.altominho.tv\\\/site\\\/wp-content\\\/uploads\\\/2025\\\/09\\\/Design-sem-nome-2025-09-22T145647.999.jpg\",\"contentUrl\":\"https:\\\/\\\/www.altominho.tv\\\/site\\\/wp-content\\\/uploads\\\/2025\\\/09\\\/Design-sem-nome-2025-09-22T145647.999.jpg\",\"width\":1200,\"height\":630},{\"@type\":\"BreadcrumbList\",\"@id\":\"https:\\\/\\\/www.altominho.tv\\\/site\\\/2025\\\/09\\\/22\\\/casa-do-concelho-de-arcos-de-valdevez-em-lisboa-recebe-medalha-de-merito\\\/#breadcrumb\",\"itemListElement\":[{\"@type\":\"ListItem\",\"position\":1,\"name\":\"In\u00edcio\",\"item\":\"https:\\\/\\\/www.altominho.tv\\\/site\\\/\"},{\"@type\":\"ListItem\",\"position\":2,\"name\":\"Casa do Concelho de Arcos de Valdevez em Lisboa recebe Medalha de M\u00e9rito\"}]},{\"@type\":\"WebSite\",\"@id\":\"https:\\\/\\\/www.altominho.tv\\\/site\\\/#website\",\"url\":\"https:\\\/\\\/www.altominho.tv\\\/site\\\/\",\"name\":\"Altominho.tv\",\"description\":\"A sua regi\u00e3o \u00e0 dist\u00e2ncia de um clique...\",\"potentialAction\":[{\"@type\":\"SearchAction\",\"target\":{\"@type\":\"EntryPoint\",\"urlTemplate\":\"https:\\\/\\\/www.altominho.tv\\\/site\\\/?s={search_term_string}\"},\"query-input\":{\"@type\":\"PropertyValueSpecification\",\"valueRequired\":true,\"valueName\":\"search_term_string\"}}],\"inLanguage\":\"pt-PT\"},{\"@type\":\"Person\",\"@id\":\"https:\\\/\\\/www.altominho.tv\\\/site\\\/#\\\/schema\\\/person\\\/9e351387b727413d005ccf1152c93539\",\"name\":\"Eduarda Cardoso\",\"image\":{\"@type\":\"ImageObject\",\"inLanguage\":\"pt-PT\",\"@id\":\"https:\\\/\\\/www.altominho.tv\\\/site\\\/wp-content\\\/uploads\\\/2021\\\/01\\\/cropped-Logo-ATV_WEB-150x150.png\",\"url\":\"https:\\\/\\\/www.altominho.tv\\\/site\\\/wp-content\\\/uploads\\\/2021\\\/01\\\/cropped-Logo-ATV_WEB-150x150.png\",\"contentUrl\":\"https:\\\/\\\/www.altominho.tv\\\/site\\\/wp-content\\\/uploads\\\/2021\\\/01\\\/cropped-Logo-ATV_WEB-150x150.png\",\"caption\":\"Eduarda Cardoso\"},\"url\":\"https:\\\/\\\/www.altominho.tv\\\/site\\\/author\\\/eduarda-cardoso\\\/\"}]}<\/script>\n<!-- \/ Yoast SEO Premium plugin. -->","yoast_head_json":{"title":"Casa do Concelho de Arcos de Valdevez em Lisboa recebe Medalha de M\u00e9rito","description":"A C\u00e2mara Municipal de Arcos de Valdevez esteve presente, no passado s\u00e1bado, em Lisboa, na cerim\u00f3nia de entrega da Medalha Municipal de M\u00e9rito Cultural \u00e0 Casa do Concelho de Arcos de Valdevez, pela C\u00e2mara Municipal de Lisboa, num ato de reconhecimento do papel das Casas Regionais em Lisboa.","robots":{"index":"index","follow":"follow","max-snippet":"max-snippet:-1","max-image-preview":"max-image-preview:large","max-video-preview":"max-video-preview:-1"},"canonical":"https:\/\/www.altominho.tv\/site\/2025\/09\/22\/casa-do-concelho-de-arcos-de-valdevez-em-lisboa-recebe-medalha-de-merito\/","og_locale":"pt_PT","og_type":"article","og_title":"Casa do Concelho de Arcos de Valdevez em Lisboa recebe Medalha de M\u00e9rito","og_description":"A C\u00e2mara Municipal de Arcos de Valdevez esteve presente, no passado s\u00e1bado, em Lisboa, na cerim\u00f3nia de entrega da Medalha Municipal de M\u00e9rito Cultural \u00e0 Casa do Concelho de Arcos de Valdevez, pela C\u00e2mara Municipal de Lisboa, num ato de reconhecimento do papel das Casas Regionais em Lisboa.","og_url":"https:\/\/www.altominho.tv\/site\/2025\/09\/22\/casa-do-concelho-de-arcos-de-valdevez-em-lisboa-recebe-medalha-de-merito\/","og_site_name":"Altominho.tv","article_publisher":"https:\/\/www.facebook.com\/altominhotv","article_published_time":"2025-09-22T13:59:50+00:00","article_modified_time":"2025-09-22T13:59:53+00:00","og_image":[{"width":1200,"height":630,"url":"https:\/\/www.altominho.tv\/site\/wp-content\/uploads\/2025\/09\/Design-sem-nome-2025-09-22T145647.999.jpg","type":"image\/jpeg"}],"author":"Eduarda Cardoso","twitter_card":"summary_large_image","twitter_creator":"@altominhoTV","twitter_site":"@altominhoTV","twitter_misc":{"Escrito por":"Eduarda Cardoso","Tempo estimado de leitura":"2 minutos"},"schema":{"@context":"https:\/\/schema.org","@graph":[{"@type":"Article","@id":"https:\/\/www.altominho.tv\/site\/2025\/09\/22\/casa-do-concelho-de-arcos-de-valdevez-em-lisboa-recebe-medalha-de-merito\/#article","isPartOf":{"@id":"https:\/\/www.altominho.tv\/site\/2025\/09\/22\/casa-do-concelho-de-arcos-de-valdevez-em-lisboa-recebe-medalha-de-merito\/"},"author":{"name":"Eduarda Cardoso","@id":"https:\/\/www.altominho.tv\/site\/#\/schema\/person\/9e351387b727413d005ccf1152c93539"},"headline":"Casa do Concelho de Arcos de Valdevez em Lisboa recebe Medalha de M\u00e9rito","datePublished":"2025-09-22T13:59:50+00:00","dateModified":"2025-09-22T13:59:53+00:00","mainEntityOfPage":{"@id":"https:\/\/www.altominho.tv\/site\/2025\/09\/22\/casa-do-concelho-de-arcos-de-valdevez-em-lisboa-recebe-medalha-de-merito\/"},"wordCount":238,"image":{"@id":"https:\/\/www.altominho.tv\/site\/2025\/09\/22\/casa-do-concelho-de-arcos-de-valdevez-em-lisboa-recebe-medalha-de-merito\/#primaryimage"},"thumbnailUrl":"https:\/\/www.altominho.tv\/site\/wp-content\/uploads\/2025\/09\/Design-sem-nome-2025-09-22T145647.999.jpg","keywords":["Sociedade"],"articleSection":["Arcos de Valdevez"],"inLanguage":"pt-PT","copyrightYear":"2025","copyrightHolder":{"@id":"https:\/\/www.altominho.tv\/site\/#organization"}},{"@type":"WebPage","@id":"https:\/\/www.altominho.tv\/site\/2025\/09\/22\/casa-do-concelho-de-arcos-de-valdevez-em-lisboa-recebe-medalha-de-merito\/","url":"https:\/\/www.altominho.tv\/site\/2025\/09\/22\/casa-do-concelho-de-arcos-de-valdevez-em-lisboa-recebe-medalha-de-merito\/","name":"Casa do Concelho de Arcos de Valdevez em Lisboa recebe Medalha de M\u00e9rito","isPartOf":{"@id":"https:\/\/www.altominho.tv\/site\/#website"},"primaryImageOfPage":{"@id":"https:\/\/www.altominho.tv\/site\/2025\/09\/22\/casa-do-concelho-de-arcos-de-valdevez-em-lisboa-recebe-medalha-de-merito\/#primaryimage"},"image":{"@id":"https:\/\/www.altominho.tv\/site\/2025\/09\/22\/casa-do-concelho-de-arcos-de-valdevez-em-lisboa-recebe-medalha-de-merito\/#primaryimage"},"thumbnailUrl":"https:\/\/www.altominho.tv\/site\/wp-content\/uploads\/2025\/09\/Design-sem-nome-2025-09-22T145647.999.jpg","datePublished":"2025-09-22T13:59:50+00:00","dateModified":"2025-09-22T13:59:53+00:00","author":{"@id":"https:\/\/www.altominho.tv\/site\/#\/schema\/person\/9e351387b727413d005ccf1152c93539"},"description":"A C\u00e2mara Municipal de Arcos de Valdevez esteve presente, no passado s\u00e1bado, em Lisboa, na cerim\u00f3nia de entrega da Medalha Municipal de M\u00e9rito Cultural \u00e0 Casa do Concelho de Arcos de Valdevez, pela C\u00e2mara Municipal de Lisboa, num ato de reconhecimento do papel das Casas Regionais em Lisboa.","breadcrumb":{"@id":"https:\/\/www.altominho.tv\/site\/2025\/09\/22\/casa-do-concelho-de-arcos-de-valdevez-em-lisboa-recebe-medalha-de-merito\/#breadcrumb"},"inLanguage":"pt-PT","potentialAction":[{"@type":"ReadAction","target":["https:\/\/www.altominho.tv\/site\/2025\/09\/22\/casa-do-concelho-de-arcos-de-valdevez-em-lisboa-recebe-medalha-de-merito\/"]}]},{"@type":"ImageObject","inLanguage":"pt-PT","@id":"https:\/\/www.altominho.tv\/site\/2025\/09\/22\/casa-do-concelho-de-arcos-de-valdevez-em-lisboa-recebe-medalha-de-merito\/#primaryimage","url":"https:\/\/www.altominho.tv\/site\/wp-content\/uploads\/2025\/09\/Design-sem-nome-2025-09-22T145647.999.jpg","contentUrl":"https:\/\/www.altominho.tv\/site\/wp-content\/uploads\/2025\/09\/Design-sem-nome-2025-09-22T145647.999.jpg","width":1200,"height":630},{"@type":"BreadcrumbList","@id":"https:\/\/www.altominho.tv\/site\/2025\/09\/22\/casa-do-concelho-de-arcos-de-valdevez-em-lisboa-recebe-medalha-de-merito\/#breadcrumb","itemListElement":[{"@type":"ListItem","position":1,"name":"In\u00edcio","item":"https:\/\/www.altominho.tv\/site\/"},{"@type":"ListItem","position":2,"name":"Casa do Concelho de Arcos de Valdevez em Lisboa recebe Medalha de M\u00e9rito"}]},{"@type":"WebSite","@id":"https:\/\/www.altominho.tv\/site\/#website","url":"https:\/\/www.altominho.tv\/site\/","name":"Altominho.tv","description":"A sua regi\u00e3o \u00e0 dist\u00e2ncia de um clique...","potentialAction":[{"@type":"SearchAction","target":{"@type":"EntryPoint","urlTemplate":"https:\/\/www.altominho.tv\/site\/?s={search_term_string}"},"query-input":{"@type":"PropertyValueSpecification","valueRequired":true,"valueName":"search_term_string"}}],"inLanguage":"pt-PT"},{"@type":"Person","@id":"https:\/\/www.altominho.tv\/site\/#\/schema\/person\/9e351387b727413d005ccf1152c93539","name":"Eduarda Cardoso","image":{"@type":"ImageObject","inLanguage":"pt-PT","@id":"https:\/\/www.altominho.tv\/site\/wp-content\/uploads\/2021\/01\/cropped-Logo-ATV_WEB-150x150.png","url":"https:\/\/www.altominho.tv\/site\/wp-content\/uploads\/2021\/01\/cropped-Logo-ATV_WEB-150x150.png","contentUrl":"https:\/\/www.altominho.tv\/site\/wp-content\/uploads\/2021\/01\/cropped-Logo-ATV_WEB-150x150.png","caption":"Eduarda Cardoso"},"url":"https:\/\/www.altominho.tv\/site\/author\/eduarda-cardoso\/"}]}},"_links":{"self":[{"href":"https:\/\/www.altominho.tv\/site\/wp-json\/wp\/v2\/posts\/123209","targetHints":{"allow":["GET"]}}],"collection":[{"href":"https:\/\/www.altominho.tv\/site\/wp-json\/wp\/v2\/posts"}],"about":[{"href":"https:\/\/www.altominho.tv\/site\/wp-json\/wp\/v2\/types\/post"}],"author":[{"embeddable":true,"href":"https:\/\/www.altominho.tv\/site\/wp-json\/wp\/v2\/users\/30"}],"replies":[{"embeddable":true,"href":"https:\/\/www.altominho.tv\/site\/wp-json\/wp\/v2\/comments?post=123209"}],"version-history":[{"count":1,"href":"https:\/\/www.altominho.tv\/site\/wp-json\/wp\/v2\/posts\/123209\/revisions"}],"predecessor-version":[{"id":123211,"href":"https:\/\/www.altominho.tv\/site\/wp-json\/wp\/v2\/posts\/123209\/revisions\/123211"}],"wp:featuredmedia":[{"embeddable":true,"href":"https:\/\/www.altominho.tv\/site\/wp-json\/wp\/v2\/media\/123210"}],"wp:attachment":[{"href":"https:\/\/www.altominho.tv\/site\/wp-json\/wp\/v2\/media?parent=123209"}],"wp:term":[{"taxonomy":"category","embeddable":true,"href":"https:\/\/www.altominho.tv\/site\/wp-json\/wp\/v2\/categories?post=123209"},{"taxonomy":"post_tag","embeddable":true,"href":"https:\/\/www.altominho.tv\/site\/wp-json\/wp\/v2\/tags?post=123209"}],"curies":[{"name":"wp","href":"https:\/\/api.w.org\/{rel}","templated":true}]}}