{"id":123117,"date":"2025-09-19T12:25:16","date_gmt":"2025-09-19T11:25:16","guid":{"rendered":"https:\/\/www.altominho.tv\/site\/?p=123117"},"modified":"2025-09-19T12:25:18","modified_gmt":"2025-09-19T11:25:18","slug":"regresso-ao-parnaso-este-sabado-em-paredes-de-coura","status":"publish","type":"post","link":"https:\/\/www.altominho.tv\/site\/2025\/09\/19\/regresso-ao-parnaso-este-sabado-em-paredes-de-coura\/","title":{"rendered":"\u201cRegresso ao Parnaso\u201d este s\u00e1bado em Paredes de Coura"},"content":{"rendered":"<p class=\"p1\">O Centro M\u00e1rio Cl\u00e1udio recebe este s\u00e1bado, pelas 15h30, mais uma sess\u00e3o do Ciclo Cultural &#8220;Regresso ao Parnaso&#8221;, numa homenagem\u00a0\u00e0 escritora Maria do Ros\u00e1rio Pedreira, que dialogar\u00e1 com outro escritor, Jorge Reis-S\u00e1.<\/p>\n<p class=\"p1\">Os dois escritores possuem carreiras liter\u00e1rias diversificadas, com obras publicadas em v\u00e1rios g\u00e9neros, reconhecidos pelo p\u00fablico e pela cr\u00edtica, e ambos distinguidos por pr\u00e9mios liter\u00e1rios.<\/p>\n<p class=\"p1\">A sess\u00e3o ser\u00e1 enriquecida pela audi\u00e7\u00e3o de\u00a0alguns fados com letras de Maria do Ros\u00e1rio Pedreira,\u00a0neste Ciclo \u201cRegresso ao Parnaso\u201d\u00a0dirigido por C\u00e2ndido de Oliveira Martins, que procura a promo\u00e7\u00e3o de escritores e artistas contempor\u00e2neos, atrav\u00e9s do di\u00e1logo entre as artes.<\/p>\n\n\n<figure class=\"wp-block-image size-full\"><img loading=\"lazy\" decoding=\"async\" width=\"708\" height=\"371\" src=\"https:\/\/www.altominho.tv\/site\/wp-content\/uploads\/2025\/09\/5AokCSVC0w0X4HpJ.jpeg\" alt=\"\" class=\"wp-image-123119\" srcset=\"https:\/\/www.altominho.tv\/site\/wp-content\/uploads\/2025\/09\/5AokCSVC0w0X4HpJ.jpeg 708w, https:\/\/www.altominho.tv\/site\/wp-content\/uploads\/2025\/09\/5AokCSVC0w0X4HpJ-370x194.jpeg 370w, https:\/\/www.altominho.tv\/site\/wp-content\/uploads\/2025\/09\/5AokCSVC0w0X4HpJ-270x141.jpeg 270w, https:\/\/www.altominho.tv\/site\/wp-content\/uploads\/2025\/09\/5AokCSVC0w0X4HpJ-570x299.jpeg 570w\" sizes=\"auto, (max-width: 708px) 100vw, 708px\" \/><\/figure>\n","protected":false},"excerpt":{"rendered":"<p>O Centro M\u00e1rio Cl\u00e1udio recebe este s\u00e1bado, pelas 15h30, mais uma sess\u00e3o do Ciclo Cultural &#8220;Regresso ao Parnaso&#8221;, numa homenagem\u00a0\u00e0 escritora Maria do Ros\u00e1rio Pedreira, que dialogar\u00e1 com outro escritor, Jorge Reis-S\u00e1. Os dois escritores possuem carreiras liter\u00e1rias diversificadas, com obras publicadas em v\u00e1rios g\u00e9neros, reconhecidos pelo p\u00fablico e pela cr\u00edtica, e ambos distinguidos por [&hellip;]<\/p>\n","protected":false},"author":30,"featured_media":123121,"comment_status":"closed","ping_status":"closed","sticky":false,"template":"","format":"standard","meta":{"_exactmetrics_skip_tracking":false,"_exactmetrics_sitenote_active":false,"_exactmetrics_sitenote_note":"","_exactmetrics_sitenote_category":0,"footnotes":""},"categories":[10],"tags":[19],"class_list":["post-123117","post","type-post","status-publish","format-standard","has-post-thumbnail","hentry","category-paredes-de-coura","tag-cultura"],"yoast_head":"<!-- This site is optimized with the Yoast SEO Premium plugin v27.4 (Yoast SEO v27.4) - https:\/\/yoast.com\/product\/yoast-seo-premium-wordpress\/ -->\n<title>\u201cRegresso ao Parnaso\u201d este s\u00e1bado em Paredes de Coura<\/title>\n<meta name=\"description\" content=\"O Centro M\u00e1rio Cl\u00e1udio recebe este s\u00e1bado, pelas 15h30, mais uma sess\u00e3o do Ciclo Cultural &quot;Regresso ao Parnaso&quot;, numa homenagem\u00a0\u00e0 escritora Maria do Ros\u00e1rio Pedreira, que dialogar\u00e1 com outro escritor, Jorge Reis-S\u00e1.\" \/>\n<meta name=\"robots\" content=\"index, follow, max-snippet:-1, max-image-preview:large, max-video-preview:-1\" \/>\n<link rel=\"canonical\" href=\"https:\/\/www.altominho.tv\/site\/2025\/09\/19\/regresso-ao-parnaso-este-sabado-em-paredes-de-coura\/\" \/>\n<meta property=\"og:locale\" content=\"pt_PT\" \/>\n<meta property=\"og:type\" content=\"article\" \/>\n<meta property=\"og:title\" content=\"\u201cRegresso ao Parnaso\u201d este s\u00e1bado em Paredes de Coura\" \/>\n<meta property=\"og:description\" content=\"O Centro M\u00e1rio Cl\u00e1udio recebe este s\u00e1bado, pelas 15h30, mais uma sess\u00e3o do Ciclo Cultural &quot;Regresso ao Parnaso&quot;, numa homenagem\u00a0\u00e0 escritora Maria do Ros\u00e1rio Pedreira, que dialogar\u00e1 com outro escritor, Jorge Reis-S\u00e1.\" \/>\n<meta property=\"og:url\" content=\"https:\/\/www.altominho.tv\/site\/2025\/09\/19\/regresso-ao-parnaso-este-sabado-em-paredes-de-coura\/\" \/>\n<meta property=\"og:site_name\" content=\"Altominho.tv\" \/>\n<meta property=\"article:publisher\" content=\"https:\/\/www.facebook.com\/altominhotv\" \/>\n<meta property=\"article:published_time\" content=\"2025-09-19T11:25:16+00:00\" \/>\n<meta property=\"article:modified_time\" content=\"2025-09-19T11:25:18+00:00\" \/>\n<meta property=\"og:image\" content=\"https:\/\/www.altominho.tv\/site\/wp-content\/uploads\/2025\/09\/Centro-Mario-Claudio.jpg\" \/>\n\t<meta property=\"og:image:width\" content=\"1200\" \/>\n\t<meta property=\"og:image:height\" content=\"630\" \/>\n\t<meta property=\"og:image:type\" content=\"image\/jpeg\" \/>\n<meta name=\"author\" content=\"Eduarda Cardoso\" \/>\n<meta name=\"twitter:card\" content=\"summary_large_image\" \/>\n<meta name=\"twitter:creator\" content=\"@altominhoTV\" \/>\n<meta name=\"twitter:site\" content=\"@altominhoTV\" \/>\n<meta name=\"twitter:label1\" content=\"Escrito por\" \/>\n\t<meta name=\"twitter:data1\" content=\"Eduarda Cardoso\" \/>\n\t<meta name=\"twitter:label2\" content=\"Tempo estimado de leitura\" \/>\n\t<meta name=\"twitter:data2\" content=\"1 minuto\" \/>\n<script type=\"application\/ld+json\" class=\"yoast-schema-graph\">{\"@context\":\"https:\\\/\\\/schema.org\",\"@graph\":[{\"@type\":\"Article\",\"@id\":\"https:\\\/\\\/www.altominho.tv\\\/site\\\/2025\\\/09\\\/19\\\/regresso-ao-parnaso-este-sabado-em-paredes-de-coura\\\/#article\",\"isPartOf\":{\"@id\":\"https:\\\/\\\/www.altominho.tv\\\/site\\\/2025\\\/09\\\/19\\\/regresso-ao-parnaso-este-sabado-em-paredes-de-coura\\\/\"},\"author\":{\"name\":\"Eduarda Cardoso\",\"@id\":\"https:\\\/\\\/www.altominho.tv\\\/site\\\/#\\\/schema\\\/person\\\/9e351387b727413d005ccf1152c93539\"},\"headline\":\"\u201cRegresso ao Parnaso\u201d este s\u00e1bado em Paredes de Coura\",\"datePublished\":\"2025-09-19T11:25:16+00:00\",\"dateModified\":\"2025-09-19T11:25:18+00:00\",\"mainEntityOfPage\":{\"@id\":\"https:\\\/\\\/www.altominho.tv\\\/site\\\/2025\\\/09\\\/19\\\/regresso-ao-parnaso-este-sabado-em-paredes-de-coura\\\/\"},\"wordCount\":129,\"image\":{\"@id\":\"https:\\\/\\\/www.altominho.tv\\\/site\\\/2025\\\/09\\\/19\\\/regresso-ao-parnaso-este-sabado-em-paredes-de-coura\\\/#primaryimage\"},\"thumbnailUrl\":\"https:\\\/\\\/www.altominho.tv\\\/site\\\/wp-content\\\/uploads\\\/2025\\\/09\\\/Centro-Mario-Claudio.jpg\",\"keywords\":[\"Cultura\"],\"articleSection\":[\"Paredes de Coura\"],\"inLanguage\":\"pt-PT\",\"copyrightYear\":\"2025\",\"copyrightHolder\":{\"@id\":\"https:\\\/\\\/www.altominho.tv\\\/site\\\/#organization\"}},{\"@type\":\"WebPage\",\"@id\":\"https:\\\/\\\/www.altominho.tv\\\/site\\\/2025\\\/09\\\/19\\\/regresso-ao-parnaso-este-sabado-em-paredes-de-coura\\\/\",\"url\":\"https:\\\/\\\/www.altominho.tv\\\/site\\\/2025\\\/09\\\/19\\\/regresso-ao-parnaso-este-sabado-em-paredes-de-coura\\\/\",\"name\":\"\u201cRegresso ao Parnaso\u201d este s\u00e1bado em Paredes de Coura\",\"isPartOf\":{\"@id\":\"https:\\\/\\\/www.altominho.tv\\\/site\\\/#website\"},\"primaryImageOfPage\":{\"@id\":\"https:\\\/\\\/www.altominho.tv\\\/site\\\/2025\\\/09\\\/19\\\/regresso-ao-parnaso-este-sabado-em-paredes-de-coura\\\/#primaryimage\"},\"image\":{\"@id\":\"https:\\\/\\\/www.altominho.tv\\\/site\\\/2025\\\/09\\\/19\\\/regresso-ao-parnaso-este-sabado-em-paredes-de-coura\\\/#primaryimage\"},\"thumbnailUrl\":\"https:\\\/\\\/www.altominho.tv\\\/site\\\/wp-content\\\/uploads\\\/2025\\\/09\\\/Centro-Mario-Claudio.jpg\",\"datePublished\":\"2025-09-19T11:25:16+00:00\",\"dateModified\":\"2025-09-19T11:25:18+00:00\",\"author\":{\"@id\":\"https:\\\/\\\/www.altominho.tv\\\/site\\\/#\\\/schema\\\/person\\\/9e351387b727413d005ccf1152c93539\"},\"description\":\"O Centro M\u00e1rio Cl\u00e1udio recebe este s\u00e1bado, pelas 15h30, mais uma sess\u00e3o do Ciclo Cultural \\\"Regresso ao Parnaso\\\", numa homenagem\u00a0\u00e0 escritora Maria do Ros\u00e1rio Pedreira, que dialogar\u00e1 com outro escritor, Jorge Reis-S\u00e1.\",\"breadcrumb\":{\"@id\":\"https:\\\/\\\/www.altominho.tv\\\/site\\\/2025\\\/09\\\/19\\\/regresso-ao-parnaso-este-sabado-em-paredes-de-coura\\\/#breadcrumb\"},\"inLanguage\":\"pt-PT\",\"potentialAction\":[{\"@type\":\"ReadAction\",\"target\":[\"https:\\\/\\\/www.altominho.tv\\\/site\\\/2025\\\/09\\\/19\\\/regresso-ao-parnaso-este-sabado-em-paredes-de-coura\\\/\"]}]},{\"@type\":\"ImageObject\",\"inLanguage\":\"pt-PT\",\"@id\":\"https:\\\/\\\/www.altominho.tv\\\/site\\\/2025\\\/09\\\/19\\\/regresso-ao-parnaso-este-sabado-em-paredes-de-coura\\\/#primaryimage\",\"url\":\"https:\\\/\\\/www.altominho.tv\\\/site\\\/wp-content\\\/uploads\\\/2025\\\/09\\\/Centro-Mario-Claudio.jpg\",\"contentUrl\":\"https:\\\/\\\/www.altominho.tv\\\/site\\\/wp-content\\\/uploads\\\/2025\\\/09\\\/Centro-Mario-Claudio.jpg\",\"width\":1200,\"height\":630},{\"@type\":\"BreadcrumbList\",\"@id\":\"https:\\\/\\\/www.altominho.tv\\\/site\\\/2025\\\/09\\\/19\\\/regresso-ao-parnaso-este-sabado-em-paredes-de-coura\\\/#breadcrumb\",\"itemListElement\":[{\"@type\":\"ListItem\",\"position\":1,\"name\":\"In\u00edcio\",\"item\":\"https:\\\/\\\/www.altominho.tv\\\/site\\\/\"},{\"@type\":\"ListItem\",\"position\":2,\"name\":\"\u201cRegresso ao Parnaso\u201d este s\u00e1bado em Paredes de Coura\"}]},{\"@type\":\"WebSite\",\"@id\":\"https:\\\/\\\/www.altominho.tv\\\/site\\\/#website\",\"url\":\"https:\\\/\\\/www.altominho.tv\\\/site\\\/\",\"name\":\"Altominho.tv\",\"description\":\"A sua regi\u00e3o \u00e0 dist\u00e2ncia de um clique...\",\"potentialAction\":[{\"@type\":\"SearchAction\",\"target\":{\"@type\":\"EntryPoint\",\"urlTemplate\":\"https:\\\/\\\/www.altominho.tv\\\/site\\\/?s={search_term_string}\"},\"query-input\":{\"@type\":\"PropertyValueSpecification\",\"valueRequired\":true,\"valueName\":\"search_term_string\"}}],\"inLanguage\":\"pt-PT\"},{\"@type\":\"Person\",\"@id\":\"https:\\\/\\\/www.altominho.tv\\\/site\\\/#\\\/schema\\\/person\\\/9e351387b727413d005ccf1152c93539\",\"name\":\"Eduarda Cardoso\",\"image\":{\"@type\":\"ImageObject\",\"inLanguage\":\"pt-PT\",\"@id\":\"https:\\\/\\\/www.altominho.tv\\\/site\\\/wp-content\\\/uploads\\\/2021\\\/01\\\/cropped-Logo-ATV_WEB-150x150.png\",\"url\":\"https:\\\/\\\/www.altominho.tv\\\/site\\\/wp-content\\\/uploads\\\/2021\\\/01\\\/cropped-Logo-ATV_WEB-150x150.png\",\"contentUrl\":\"https:\\\/\\\/www.altominho.tv\\\/site\\\/wp-content\\\/uploads\\\/2021\\\/01\\\/cropped-Logo-ATV_WEB-150x150.png\",\"caption\":\"Eduarda Cardoso\"},\"url\":\"https:\\\/\\\/www.altominho.tv\\\/site\\\/author\\\/eduarda-cardoso\\\/\"}]}<\/script>\n<!-- \/ Yoast SEO Premium plugin. -->","yoast_head_json":{"title":"\u201cRegresso ao Parnaso\u201d este s\u00e1bado em Paredes de Coura","description":"O Centro M\u00e1rio Cl\u00e1udio recebe este s\u00e1bado, pelas 15h30, mais uma sess\u00e3o do Ciclo Cultural \"Regresso ao Parnaso\", numa homenagem\u00a0\u00e0 escritora Maria do Ros\u00e1rio Pedreira, que dialogar\u00e1 com outro escritor, Jorge Reis-S\u00e1.","robots":{"index":"index","follow":"follow","max-snippet":"max-snippet:-1","max-image-preview":"max-image-preview:large","max-video-preview":"max-video-preview:-1"},"canonical":"https:\/\/www.altominho.tv\/site\/2025\/09\/19\/regresso-ao-parnaso-este-sabado-em-paredes-de-coura\/","og_locale":"pt_PT","og_type":"article","og_title":"\u201cRegresso ao Parnaso\u201d este s\u00e1bado em Paredes de Coura","og_description":"O Centro M\u00e1rio Cl\u00e1udio recebe este s\u00e1bado, pelas 15h30, mais uma sess\u00e3o do Ciclo Cultural \"Regresso ao Parnaso\", numa homenagem\u00a0\u00e0 escritora Maria do Ros\u00e1rio Pedreira, que dialogar\u00e1 com outro escritor, Jorge Reis-S\u00e1.","og_url":"https:\/\/www.altominho.tv\/site\/2025\/09\/19\/regresso-ao-parnaso-este-sabado-em-paredes-de-coura\/","og_site_name":"Altominho.tv","article_publisher":"https:\/\/www.facebook.com\/altominhotv","article_published_time":"2025-09-19T11:25:16+00:00","article_modified_time":"2025-09-19T11:25:18+00:00","og_image":[{"width":1200,"height":630,"url":"https:\/\/www.altominho.tv\/site\/wp-content\/uploads\/2025\/09\/Centro-Mario-Claudio.jpg","type":"image\/jpeg"}],"author":"Eduarda Cardoso","twitter_card":"summary_large_image","twitter_creator":"@altominhoTV","twitter_site":"@altominhoTV","twitter_misc":{"Escrito por":"Eduarda Cardoso","Tempo estimado de leitura":"1 minuto"},"schema":{"@context":"https:\/\/schema.org","@graph":[{"@type":"Article","@id":"https:\/\/www.altominho.tv\/site\/2025\/09\/19\/regresso-ao-parnaso-este-sabado-em-paredes-de-coura\/#article","isPartOf":{"@id":"https:\/\/www.altominho.tv\/site\/2025\/09\/19\/regresso-ao-parnaso-este-sabado-em-paredes-de-coura\/"},"author":{"name":"Eduarda Cardoso","@id":"https:\/\/www.altominho.tv\/site\/#\/schema\/person\/9e351387b727413d005ccf1152c93539"},"headline":"\u201cRegresso ao Parnaso\u201d este s\u00e1bado em Paredes de Coura","datePublished":"2025-09-19T11:25:16+00:00","dateModified":"2025-09-19T11:25:18+00:00","mainEntityOfPage":{"@id":"https:\/\/www.altominho.tv\/site\/2025\/09\/19\/regresso-ao-parnaso-este-sabado-em-paredes-de-coura\/"},"wordCount":129,"image":{"@id":"https:\/\/www.altominho.tv\/site\/2025\/09\/19\/regresso-ao-parnaso-este-sabado-em-paredes-de-coura\/#primaryimage"},"thumbnailUrl":"https:\/\/www.altominho.tv\/site\/wp-content\/uploads\/2025\/09\/Centro-Mario-Claudio.jpg","keywords":["Cultura"],"articleSection":["Paredes de Coura"],"inLanguage":"pt-PT","copyrightYear":"2025","copyrightHolder":{"@id":"https:\/\/www.altominho.tv\/site\/#organization"}},{"@type":"WebPage","@id":"https:\/\/www.altominho.tv\/site\/2025\/09\/19\/regresso-ao-parnaso-este-sabado-em-paredes-de-coura\/","url":"https:\/\/www.altominho.tv\/site\/2025\/09\/19\/regresso-ao-parnaso-este-sabado-em-paredes-de-coura\/","name":"\u201cRegresso ao Parnaso\u201d este s\u00e1bado em Paredes de Coura","isPartOf":{"@id":"https:\/\/www.altominho.tv\/site\/#website"},"primaryImageOfPage":{"@id":"https:\/\/www.altominho.tv\/site\/2025\/09\/19\/regresso-ao-parnaso-este-sabado-em-paredes-de-coura\/#primaryimage"},"image":{"@id":"https:\/\/www.altominho.tv\/site\/2025\/09\/19\/regresso-ao-parnaso-este-sabado-em-paredes-de-coura\/#primaryimage"},"thumbnailUrl":"https:\/\/www.altominho.tv\/site\/wp-content\/uploads\/2025\/09\/Centro-Mario-Claudio.jpg","datePublished":"2025-09-19T11:25:16+00:00","dateModified":"2025-09-19T11:25:18+00:00","author":{"@id":"https:\/\/www.altominho.tv\/site\/#\/schema\/person\/9e351387b727413d005ccf1152c93539"},"description":"O Centro M\u00e1rio Cl\u00e1udio recebe este s\u00e1bado, pelas 15h30, mais uma sess\u00e3o do Ciclo Cultural \"Regresso ao Parnaso\", numa homenagem\u00a0\u00e0 escritora Maria do Ros\u00e1rio Pedreira, que dialogar\u00e1 com outro escritor, Jorge Reis-S\u00e1.","breadcrumb":{"@id":"https:\/\/www.altominho.tv\/site\/2025\/09\/19\/regresso-ao-parnaso-este-sabado-em-paredes-de-coura\/#breadcrumb"},"inLanguage":"pt-PT","potentialAction":[{"@type":"ReadAction","target":["https:\/\/www.altominho.tv\/site\/2025\/09\/19\/regresso-ao-parnaso-este-sabado-em-paredes-de-coura\/"]}]},{"@type":"ImageObject","inLanguage":"pt-PT","@id":"https:\/\/www.altominho.tv\/site\/2025\/09\/19\/regresso-ao-parnaso-este-sabado-em-paredes-de-coura\/#primaryimage","url":"https:\/\/www.altominho.tv\/site\/wp-content\/uploads\/2025\/09\/Centro-Mario-Claudio.jpg","contentUrl":"https:\/\/www.altominho.tv\/site\/wp-content\/uploads\/2025\/09\/Centro-Mario-Claudio.jpg","width":1200,"height":630},{"@type":"BreadcrumbList","@id":"https:\/\/www.altominho.tv\/site\/2025\/09\/19\/regresso-ao-parnaso-este-sabado-em-paredes-de-coura\/#breadcrumb","itemListElement":[{"@type":"ListItem","position":1,"name":"In\u00edcio","item":"https:\/\/www.altominho.tv\/site\/"},{"@type":"ListItem","position":2,"name":"\u201cRegresso ao Parnaso\u201d este s\u00e1bado em Paredes de Coura"}]},{"@type":"WebSite","@id":"https:\/\/www.altominho.tv\/site\/#website","url":"https:\/\/www.altominho.tv\/site\/","name":"Altominho.tv","description":"A sua regi\u00e3o \u00e0 dist\u00e2ncia de um clique...","potentialAction":[{"@type":"SearchAction","target":{"@type":"EntryPoint","urlTemplate":"https:\/\/www.altominho.tv\/site\/?s={search_term_string}"},"query-input":{"@type":"PropertyValueSpecification","valueRequired":true,"valueName":"search_term_string"}}],"inLanguage":"pt-PT"},{"@type":"Person","@id":"https:\/\/www.altominho.tv\/site\/#\/schema\/person\/9e351387b727413d005ccf1152c93539","name":"Eduarda Cardoso","image":{"@type":"ImageObject","inLanguage":"pt-PT","@id":"https:\/\/www.altominho.tv\/site\/wp-content\/uploads\/2021\/01\/cropped-Logo-ATV_WEB-150x150.png","url":"https:\/\/www.altominho.tv\/site\/wp-content\/uploads\/2021\/01\/cropped-Logo-ATV_WEB-150x150.png","contentUrl":"https:\/\/www.altominho.tv\/site\/wp-content\/uploads\/2021\/01\/cropped-Logo-ATV_WEB-150x150.png","caption":"Eduarda Cardoso"},"url":"https:\/\/www.altominho.tv\/site\/author\/eduarda-cardoso\/"}]}},"_links":{"self":[{"href":"https:\/\/www.altominho.tv\/site\/wp-json\/wp\/v2\/posts\/123117","targetHints":{"allow":["GET"]}}],"collection":[{"href":"https:\/\/www.altominho.tv\/site\/wp-json\/wp\/v2\/posts"}],"about":[{"href":"https:\/\/www.altominho.tv\/site\/wp-json\/wp\/v2\/types\/post"}],"author":[{"embeddable":true,"href":"https:\/\/www.altominho.tv\/site\/wp-json\/wp\/v2\/users\/30"}],"replies":[{"embeddable":true,"href":"https:\/\/www.altominho.tv\/site\/wp-json\/wp\/v2\/comments?post=123117"}],"version-history":[{"count":1,"href":"https:\/\/www.altominho.tv\/site\/wp-json\/wp\/v2\/posts\/123117\/revisions"}],"predecessor-version":[{"id":123120,"href":"https:\/\/www.altominho.tv\/site\/wp-json\/wp\/v2\/posts\/123117\/revisions\/123120"}],"wp:featuredmedia":[{"embeddable":true,"href":"https:\/\/www.altominho.tv\/site\/wp-json\/wp\/v2\/media\/123121"}],"wp:attachment":[{"href":"https:\/\/www.altominho.tv\/site\/wp-json\/wp\/v2\/media?parent=123117"}],"wp:term":[{"taxonomy":"category","embeddable":true,"href":"https:\/\/www.altominho.tv\/site\/wp-json\/wp\/v2\/categories?post=123117"},{"taxonomy":"post_tag","embeddable":true,"href":"https:\/\/www.altominho.tv\/site\/wp-json\/wp\/v2\/tags?post=123117"}],"curies":[{"name":"wp","href":"https:\/\/api.w.org\/{rel}","templated":true}]}}