{"id":123091,"date":"2025-09-18T16:00:37","date_gmt":"2025-09-18T15:00:37","guid":{"rendered":"https:\/\/www.altominho.tv\/site\/?p=123091"},"modified":"2025-09-18T16:03:04","modified_gmt":"2025-09-18T15:03:04","slug":"detido-incendiario-de-viana-do-castelo","status":"publish","type":"post","link":"https:\/\/www.altominho.tv\/site\/2025\/09\/18\/detido-incendiario-de-viana-do-castelo\/","title":{"rendered":"Detido incendi\u00e1rio de Viana do Castelo"},"content":{"rendered":"<p class=\"p1\">A Pol\u00edcia Judici\u00e1ria deteve um homem de 18 anos suspeito de causar cinco inc\u00eandios florestais na freguesia de Chaf\u00e9, em Viana do Castelo, a 21 de agosto.<\/p>\n<p class=\"p1\">Pelas 21h00, desse mesmo dia, surgiram em simult\u00e2neo cinco igni\u00e7\u00f5es em zona florestal, que foram rapidamente controladas por populares e pelos bombeiros de Viana do Castelo.<\/p>\n<p class=\"p1\">Testemunhas viram o suspeito no local e indicaram-no como poss\u00edvel autor.<\/p>\n<p class=\"p1\">A pol\u00edcia recolheu provas que confirmam a sua liga\u00e7\u00e3o aos crimes. O detido ser\u00e1 hoje apresentado \u00e0 autoridade judici\u00e1ria para o primeiro interrogat\u00f3rio e aplica\u00e7\u00e3o de medidas de coa\u00e7\u00e3o.<\/p>\n","protected":false},"excerpt":{"rendered":"<p>A Pol\u00edcia Judici\u00e1ria deteve um homem de 18 anos suspeito de causar cinco inc\u00eandios florestais na freguesia de Chaf\u00e9, em Viana do Castelo, a 21 de agosto. Pelas 21h00, desse mesmo dia, surgiram em simult\u00e2neo cinco igni\u00e7\u00f5es em zona florestal, que foram rapidamente controladas por populares e pelos bombeiros de Viana do Castelo. Testemunhas viram [&hellip;]<\/p>\n","protected":false},"author":30,"featured_media":121722,"comment_status":"closed","ping_status":"closed","sticky":false,"template":"","format":"standard","meta":{"_exactmetrics_skip_tracking":false,"_exactmetrics_sitenote_active":false,"_exactmetrics_sitenote_note":"","_exactmetrics_sitenote_category":0,"footnotes":""},"categories":[14],"tags":[27],"class_list":["post-123091","post","type-post","status-publish","format-standard","has-post-thumbnail","hentry","category-viana-do-castelo","tag-sociedade"],"yoast_head":"<!-- This site is optimized with the Yoast SEO Premium plugin v27.4 (Yoast SEO v27.4) - https:\/\/yoast.com\/product\/yoast-seo-premium-wordpress\/ -->\n<title>Detido incendi\u00e1rio de Viana do Castelo<\/title>\n<meta name=\"description\" content=\"A Pol\u00edcia Judici\u00e1ria deteve um homem de 18 anos suspeito de causar cinco inc\u00eandios florestais na freguesia de Chaf\u00e9, em Viana do Castelo, a 21 de agosto.\" \/>\n<meta name=\"robots\" content=\"index, follow, max-snippet:-1, max-image-preview:large, max-video-preview:-1\" \/>\n<link rel=\"canonical\" href=\"https:\/\/www.altominho.tv\/site\/2025\/09\/18\/detido-incendiario-de-viana-do-castelo\/\" \/>\n<meta property=\"og:locale\" content=\"pt_PT\" \/>\n<meta property=\"og:type\" content=\"article\" \/>\n<meta property=\"og:title\" content=\"Detido incendi\u00e1rio de Viana do Castelo\" \/>\n<meta property=\"og:description\" content=\"A Pol\u00edcia Judici\u00e1ria deteve um homem de 18 anos suspeito de causar cinco inc\u00eandios florestais na freguesia de Chaf\u00e9, em Viana do Castelo, a 21 de agosto.\" \/>\n<meta property=\"og:url\" content=\"https:\/\/www.altominho.tv\/site\/2025\/09\/18\/detido-incendiario-de-viana-do-castelo\/\" \/>\n<meta property=\"og:site_name\" content=\"Altominho.tv\" \/>\n<meta property=\"article:publisher\" content=\"https:\/\/www.facebook.com\/altominhotv\" \/>\n<meta property=\"article:published_time\" content=\"2025-09-18T15:00:37+00:00\" \/>\n<meta property=\"article:modified_time\" content=\"2025-09-18T15:03:04+00:00\" \/>\n<meta property=\"og:image\" content=\"https:\/\/www.altominho.tv\/site\/wp-content\/uploads\/2025\/08\/fogo-posto_ATV_IA.jpg\" \/>\n\t<meta property=\"og:image:width\" content=\"1200\" \/>\n\t<meta property=\"og:image:height\" content=\"630\" \/>\n\t<meta property=\"og:image:type\" content=\"image\/jpeg\" \/>\n<meta name=\"author\" content=\"Eduarda Cardoso\" \/>\n<meta name=\"twitter:card\" content=\"summary_large_image\" \/>\n<meta name=\"twitter:creator\" content=\"@altominhoTV\" \/>\n<meta name=\"twitter:site\" content=\"@altominhoTV\" \/>\n<meta name=\"twitter:label1\" content=\"Escrito por\" \/>\n\t<meta name=\"twitter:data1\" content=\"Eduarda Cardoso\" \/>\n\t<meta name=\"twitter:label2\" content=\"Tempo estimado de leitura\" \/>\n\t<meta name=\"twitter:data2\" content=\"1 minuto\" \/>\n<script type=\"application\/ld+json\" class=\"yoast-schema-graph\">{\"@context\":\"https:\\\/\\\/schema.org\",\"@graph\":[{\"@type\":\"Article\",\"@id\":\"https:\\\/\\\/www.altominho.tv\\\/site\\\/2025\\\/09\\\/18\\\/detido-incendiario-de-viana-do-castelo\\\/#article\",\"isPartOf\":{\"@id\":\"https:\\\/\\\/www.altominho.tv\\\/site\\\/2025\\\/09\\\/18\\\/detido-incendiario-de-viana-do-castelo\\\/\"},\"author\":{\"name\":\"Eduarda Cardoso\",\"@id\":\"https:\\\/\\\/www.altominho.tv\\\/site\\\/#\\\/schema\\\/person\\\/9e351387b727413d005ccf1152c93539\"},\"headline\":\"Detido incendi\u00e1rio de Viana do Castelo\",\"datePublished\":\"2025-09-18T15:00:37+00:00\",\"dateModified\":\"2025-09-18T15:03:04+00:00\",\"mainEntityOfPage\":{\"@id\":\"https:\\\/\\\/www.altominho.tv\\\/site\\\/2025\\\/09\\\/18\\\/detido-incendiario-de-viana-do-castelo\\\/\"},\"wordCount\":109,\"image\":{\"@id\":\"https:\\\/\\\/www.altominho.tv\\\/site\\\/2025\\\/09\\\/18\\\/detido-incendiario-de-viana-do-castelo\\\/#primaryimage\"},\"thumbnailUrl\":\"https:\\\/\\\/www.altominho.tv\\\/site\\\/wp-content\\\/uploads\\\/2025\\\/08\\\/fogo-posto_ATV_IA.jpg\",\"keywords\":[\"Sociedade\"],\"articleSection\":[\"Viana do Castelo\"],\"inLanguage\":\"pt-PT\",\"copyrightYear\":\"2025\",\"copyrightHolder\":{\"@id\":\"https:\\\/\\\/www.altominho.tv\\\/site\\\/#organization\"}},{\"@type\":\"WebPage\",\"@id\":\"https:\\\/\\\/www.altominho.tv\\\/site\\\/2025\\\/09\\\/18\\\/detido-incendiario-de-viana-do-castelo\\\/\",\"url\":\"https:\\\/\\\/www.altominho.tv\\\/site\\\/2025\\\/09\\\/18\\\/detido-incendiario-de-viana-do-castelo\\\/\",\"name\":\"Detido incendi\u00e1rio de Viana do Castelo\",\"isPartOf\":{\"@id\":\"https:\\\/\\\/www.altominho.tv\\\/site\\\/#website\"},\"primaryImageOfPage\":{\"@id\":\"https:\\\/\\\/www.altominho.tv\\\/site\\\/2025\\\/09\\\/18\\\/detido-incendiario-de-viana-do-castelo\\\/#primaryimage\"},\"image\":{\"@id\":\"https:\\\/\\\/www.altominho.tv\\\/site\\\/2025\\\/09\\\/18\\\/detido-incendiario-de-viana-do-castelo\\\/#primaryimage\"},\"thumbnailUrl\":\"https:\\\/\\\/www.altominho.tv\\\/site\\\/wp-content\\\/uploads\\\/2025\\\/08\\\/fogo-posto_ATV_IA.jpg\",\"datePublished\":\"2025-09-18T15:00:37+00:00\",\"dateModified\":\"2025-09-18T15:03:04+00:00\",\"author\":{\"@id\":\"https:\\\/\\\/www.altominho.tv\\\/site\\\/#\\\/schema\\\/person\\\/9e351387b727413d005ccf1152c93539\"},\"description\":\"A Pol\u00edcia Judici\u00e1ria deteve um homem de 18 anos suspeito de causar cinco inc\u00eandios florestais na freguesia de Chaf\u00e9, em Viana do Castelo, a 21 de agosto.\",\"breadcrumb\":{\"@id\":\"https:\\\/\\\/www.altominho.tv\\\/site\\\/2025\\\/09\\\/18\\\/detido-incendiario-de-viana-do-castelo\\\/#breadcrumb\"},\"inLanguage\":\"pt-PT\",\"potentialAction\":[{\"@type\":\"ReadAction\",\"target\":[\"https:\\\/\\\/www.altominho.tv\\\/site\\\/2025\\\/09\\\/18\\\/detido-incendiario-de-viana-do-castelo\\\/\"]}]},{\"@type\":\"ImageObject\",\"inLanguage\":\"pt-PT\",\"@id\":\"https:\\\/\\\/www.altominho.tv\\\/site\\\/2025\\\/09\\\/18\\\/detido-incendiario-de-viana-do-castelo\\\/#primaryimage\",\"url\":\"https:\\\/\\\/www.altominho.tv\\\/site\\\/wp-content\\\/uploads\\\/2025\\\/08\\\/fogo-posto_ATV_IA.jpg\",\"contentUrl\":\"https:\\\/\\\/www.altominho.tv\\\/site\\\/wp-content\\\/uploads\\\/2025\\\/08\\\/fogo-posto_ATV_IA.jpg\",\"width\":1200,\"height\":630},{\"@type\":\"BreadcrumbList\",\"@id\":\"https:\\\/\\\/www.altominho.tv\\\/site\\\/2025\\\/09\\\/18\\\/detido-incendiario-de-viana-do-castelo\\\/#breadcrumb\",\"itemListElement\":[{\"@type\":\"ListItem\",\"position\":1,\"name\":\"In\u00edcio\",\"item\":\"https:\\\/\\\/www.altominho.tv\\\/site\\\/\"},{\"@type\":\"ListItem\",\"position\":2,\"name\":\"Detido incendi\u00e1rio de Viana do Castelo\"}]},{\"@type\":\"WebSite\",\"@id\":\"https:\\\/\\\/www.altominho.tv\\\/site\\\/#website\",\"url\":\"https:\\\/\\\/www.altominho.tv\\\/site\\\/\",\"name\":\"Altominho.tv\",\"description\":\"A sua regi\u00e3o \u00e0 dist\u00e2ncia de um clique...\",\"potentialAction\":[{\"@type\":\"SearchAction\",\"target\":{\"@type\":\"EntryPoint\",\"urlTemplate\":\"https:\\\/\\\/www.altominho.tv\\\/site\\\/?s={search_term_string}\"},\"query-input\":{\"@type\":\"PropertyValueSpecification\",\"valueRequired\":true,\"valueName\":\"search_term_string\"}}],\"inLanguage\":\"pt-PT\"},{\"@type\":\"Person\",\"@id\":\"https:\\\/\\\/www.altominho.tv\\\/site\\\/#\\\/schema\\\/person\\\/9e351387b727413d005ccf1152c93539\",\"name\":\"Eduarda Cardoso\",\"image\":{\"@type\":\"ImageObject\",\"inLanguage\":\"pt-PT\",\"@id\":\"https:\\\/\\\/www.altominho.tv\\\/site\\\/wp-content\\\/uploads\\\/2021\\\/01\\\/cropped-Logo-ATV_WEB-150x150.png\",\"url\":\"https:\\\/\\\/www.altominho.tv\\\/site\\\/wp-content\\\/uploads\\\/2021\\\/01\\\/cropped-Logo-ATV_WEB-150x150.png\",\"contentUrl\":\"https:\\\/\\\/www.altominho.tv\\\/site\\\/wp-content\\\/uploads\\\/2021\\\/01\\\/cropped-Logo-ATV_WEB-150x150.png\",\"caption\":\"Eduarda Cardoso\"},\"url\":\"https:\\\/\\\/www.altominho.tv\\\/site\\\/author\\\/eduarda-cardoso\\\/\"}]}<\/script>\n<!-- \/ Yoast SEO Premium plugin. -->","yoast_head_json":{"title":"Detido incendi\u00e1rio de Viana do Castelo","description":"A Pol\u00edcia Judici\u00e1ria deteve um homem de 18 anos suspeito de causar cinco inc\u00eandios florestais na freguesia de Chaf\u00e9, em Viana do Castelo, a 21 de agosto.","robots":{"index":"index","follow":"follow","max-snippet":"max-snippet:-1","max-image-preview":"max-image-preview:large","max-video-preview":"max-video-preview:-1"},"canonical":"https:\/\/www.altominho.tv\/site\/2025\/09\/18\/detido-incendiario-de-viana-do-castelo\/","og_locale":"pt_PT","og_type":"article","og_title":"Detido incendi\u00e1rio de Viana do Castelo","og_description":"A Pol\u00edcia Judici\u00e1ria deteve um homem de 18 anos suspeito de causar cinco inc\u00eandios florestais na freguesia de Chaf\u00e9, em Viana do Castelo, a 21 de agosto.","og_url":"https:\/\/www.altominho.tv\/site\/2025\/09\/18\/detido-incendiario-de-viana-do-castelo\/","og_site_name":"Altominho.tv","article_publisher":"https:\/\/www.facebook.com\/altominhotv","article_published_time":"2025-09-18T15:00:37+00:00","article_modified_time":"2025-09-18T15:03:04+00:00","og_image":[{"width":1200,"height":630,"url":"https:\/\/www.altominho.tv\/site\/wp-content\/uploads\/2025\/08\/fogo-posto_ATV_IA.jpg","type":"image\/jpeg"}],"author":"Eduarda Cardoso","twitter_card":"summary_large_image","twitter_creator":"@altominhoTV","twitter_site":"@altominhoTV","twitter_misc":{"Escrito por":"Eduarda Cardoso","Tempo estimado de leitura":"1 minuto"},"schema":{"@context":"https:\/\/schema.org","@graph":[{"@type":"Article","@id":"https:\/\/www.altominho.tv\/site\/2025\/09\/18\/detido-incendiario-de-viana-do-castelo\/#article","isPartOf":{"@id":"https:\/\/www.altominho.tv\/site\/2025\/09\/18\/detido-incendiario-de-viana-do-castelo\/"},"author":{"name":"Eduarda Cardoso","@id":"https:\/\/www.altominho.tv\/site\/#\/schema\/person\/9e351387b727413d005ccf1152c93539"},"headline":"Detido incendi\u00e1rio de Viana do Castelo","datePublished":"2025-09-18T15:00:37+00:00","dateModified":"2025-09-18T15:03:04+00:00","mainEntityOfPage":{"@id":"https:\/\/www.altominho.tv\/site\/2025\/09\/18\/detido-incendiario-de-viana-do-castelo\/"},"wordCount":109,"image":{"@id":"https:\/\/www.altominho.tv\/site\/2025\/09\/18\/detido-incendiario-de-viana-do-castelo\/#primaryimage"},"thumbnailUrl":"https:\/\/www.altominho.tv\/site\/wp-content\/uploads\/2025\/08\/fogo-posto_ATV_IA.jpg","keywords":["Sociedade"],"articleSection":["Viana do Castelo"],"inLanguage":"pt-PT","copyrightYear":"2025","copyrightHolder":{"@id":"https:\/\/www.altominho.tv\/site\/#organization"}},{"@type":"WebPage","@id":"https:\/\/www.altominho.tv\/site\/2025\/09\/18\/detido-incendiario-de-viana-do-castelo\/","url":"https:\/\/www.altominho.tv\/site\/2025\/09\/18\/detido-incendiario-de-viana-do-castelo\/","name":"Detido incendi\u00e1rio de Viana do Castelo","isPartOf":{"@id":"https:\/\/www.altominho.tv\/site\/#website"},"primaryImageOfPage":{"@id":"https:\/\/www.altominho.tv\/site\/2025\/09\/18\/detido-incendiario-de-viana-do-castelo\/#primaryimage"},"image":{"@id":"https:\/\/www.altominho.tv\/site\/2025\/09\/18\/detido-incendiario-de-viana-do-castelo\/#primaryimage"},"thumbnailUrl":"https:\/\/www.altominho.tv\/site\/wp-content\/uploads\/2025\/08\/fogo-posto_ATV_IA.jpg","datePublished":"2025-09-18T15:00:37+00:00","dateModified":"2025-09-18T15:03:04+00:00","author":{"@id":"https:\/\/www.altominho.tv\/site\/#\/schema\/person\/9e351387b727413d005ccf1152c93539"},"description":"A Pol\u00edcia Judici\u00e1ria deteve um homem de 18 anos suspeito de causar cinco inc\u00eandios florestais na freguesia de Chaf\u00e9, em Viana do Castelo, a 21 de agosto.","breadcrumb":{"@id":"https:\/\/www.altominho.tv\/site\/2025\/09\/18\/detido-incendiario-de-viana-do-castelo\/#breadcrumb"},"inLanguage":"pt-PT","potentialAction":[{"@type":"ReadAction","target":["https:\/\/www.altominho.tv\/site\/2025\/09\/18\/detido-incendiario-de-viana-do-castelo\/"]}]},{"@type":"ImageObject","inLanguage":"pt-PT","@id":"https:\/\/www.altominho.tv\/site\/2025\/09\/18\/detido-incendiario-de-viana-do-castelo\/#primaryimage","url":"https:\/\/www.altominho.tv\/site\/wp-content\/uploads\/2025\/08\/fogo-posto_ATV_IA.jpg","contentUrl":"https:\/\/www.altominho.tv\/site\/wp-content\/uploads\/2025\/08\/fogo-posto_ATV_IA.jpg","width":1200,"height":630},{"@type":"BreadcrumbList","@id":"https:\/\/www.altominho.tv\/site\/2025\/09\/18\/detido-incendiario-de-viana-do-castelo\/#breadcrumb","itemListElement":[{"@type":"ListItem","position":1,"name":"In\u00edcio","item":"https:\/\/www.altominho.tv\/site\/"},{"@type":"ListItem","position":2,"name":"Detido incendi\u00e1rio de Viana do Castelo"}]},{"@type":"WebSite","@id":"https:\/\/www.altominho.tv\/site\/#website","url":"https:\/\/www.altominho.tv\/site\/","name":"Altominho.tv","description":"A sua regi\u00e3o \u00e0 dist\u00e2ncia de um clique...","potentialAction":[{"@type":"SearchAction","target":{"@type":"EntryPoint","urlTemplate":"https:\/\/www.altominho.tv\/site\/?s={search_term_string}"},"query-input":{"@type":"PropertyValueSpecification","valueRequired":true,"valueName":"search_term_string"}}],"inLanguage":"pt-PT"},{"@type":"Person","@id":"https:\/\/www.altominho.tv\/site\/#\/schema\/person\/9e351387b727413d005ccf1152c93539","name":"Eduarda Cardoso","image":{"@type":"ImageObject","inLanguage":"pt-PT","@id":"https:\/\/www.altominho.tv\/site\/wp-content\/uploads\/2021\/01\/cropped-Logo-ATV_WEB-150x150.png","url":"https:\/\/www.altominho.tv\/site\/wp-content\/uploads\/2021\/01\/cropped-Logo-ATV_WEB-150x150.png","contentUrl":"https:\/\/www.altominho.tv\/site\/wp-content\/uploads\/2021\/01\/cropped-Logo-ATV_WEB-150x150.png","caption":"Eduarda Cardoso"},"url":"https:\/\/www.altominho.tv\/site\/author\/eduarda-cardoso\/"}]}},"_links":{"self":[{"href":"https:\/\/www.altominho.tv\/site\/wp-json\/wp\/v2\/posts\/123091","targetHints":{"allow":["GET"]}}],"collection":[{"href":"https:\/\/www.altominho.tv\/site\/wp-json\/wp\/v2\/posts"}],"about":[{"href":"https:\/\/www.altominho.tv\/site\/wp-json\/wp\/v2\/types\/post"}],"author":[{"embeddable":true,"href":"https:\/\/www.altominho.tv\/site\/wp-json\/wp\/v2\/users\/30"}],"replies":[{"embeddable":true,"href":"https:\/\/www.altominho.tv\/site\/wp-json\/wp\/v2\/comments?post=123091"}],"version-history":[{"count":2,"href":"https:\/\/www.altominho.tv\/site\/wp-json\/wp\/v2\/posts\/123091\/revisions"}],"predecessor-version":[{"id":123093,"href":"https:\/\/www.altominho.tv\/site\/wp-json\/wp\/v2\/posts\/123091\/revisions\/123093"}],"wp:featuredmedia":[{"embeddable":true,"href":"https:\/\/www.altominho.tv\/site\/wp-json\/wp\/v2\/media\/121722"}],"wp:attachment":[{"href":"https:\/\/www.altominho.tv\/site\/wp-json\/wp\/v2\/media?parent=123091"}],"wp:term":[{"taxonomy":"category","embeddable":true,"href":"https:\/\/www.altominho.tv\/site\/wp-json\/wp\/v2\/categories?post=123091"},{"taxonomy":"post_tag","embeddable":true,"href":"https:\/\/www.altominho.tv\/site\/wp-json\/wp\/v2\/tags?post=123091"}],"curies":[{"name":"wp","href":"https:\/\/api.w.org\/{rel}","templated":true}]}}