{"id":123080,"date":"2025-09-18T11:57:00","date_gmt":"2025-09-18T10:57:00","guid":{"rendered":"https:\/\/www.altominho.tv\/site\/?p=123080"},"modified":"2025-09-18T11:57:03","modified_gmt":"2025-09-18T10:57:03","slug":"navio-gil-eannes-regista-o-melhor-agosto-de-sempre-em-numero-de-visitantes","status":"publish","type":"post","link":"https:\/\/www.altominho.tv\/site\/2025\/09\/18\/navio-gil-eannes-regista-o-melhor-agosto-de-sempre-em-numero-de-visitantes\/","title":{"rendered":"Navio Gil Eannes regista o melhor agosto de sempre em n\u00famero de visitantes"},"content":{"rendered":"<p data-start=\"167\" data-end=\"485\">O Navio Gil Eannes, em Viana do Castelo, registou este ver\u00e3o um aumento significativo no n\u00famero de visitantes, com os meses de junho, julho e agosto a superarem as expectativas da Funda\u00e7\u00e3o Gil Eannes. Agosto destacou-se como o melhor m\u00eas de sempre em aflu\u00eancia e receitas desde a abertura do navio-museu, h\u00e1 27 anos.<\/p>\n<p data-start=\"487\" data-end=\"765\">No total, passaram a bordo 21.508 visitantes durante o \u00faltimo m\u00eas da \u00e9poca alta. Quase metade do p\u00fablico foi nacional, seguindo-se os visitantes espanh\u00f3is (24,13%) e franceses (16,32%). A maioria foram fam\u00edlias que aproveitaram as f\u00e9rias para conhecer o antigo navio-hospital.<\/p>\n<p data-start=\"767\" data-end=\"1029\">Com o in\u00edcio do novo ano letivo, a Funda\u00e7\u00e3o Gil Eannes anunciou ainda a cria\u00e7\u00e3o de um Servi\u00e7o Educativo dedicado \u00e0s escolas, com programas adaptados a diferentes n\u00edveis de ensino, do pr\u00e9-escolar \u00e0 Universidade S\u00e9nior, e tarifas especiais para grupos escolares.<\/p>\n","protected":false},"excerpt":{"rendered":"<p>O Navio Gil Eannes, em Viana do Castelo, registou este ver\u00e3o um aumento significativo no n\u00famero de visitantes, com os meses de junho, julho e agosto a superarem as expectativas da Funda\u00e7\u00e3o Gil Eannes. Agosto destacou-se como o melhor m\u00eas de sempre em aflu\u00eancia e receitas desde a abertura do navio-museu, h\u00e1 27 anos. No [&hellip;]<\/p>\n","protected":false},"author":1,"featured_media":123081,"comment_status":"closed","ping_status":"closed","sticky":false,"template":"","format":"standard","meta":{"_exactmetrics_skip_tracking":false,"_exactmetrics_sitenote_active":false,"_exactmetrics_sitenote_note":"","_exactmetrics_sitenote_category":0,"footnotes":""},"categories":[14],"tags":[56329],"class_list":["post-123080","post","type-post","status-publish","format-standard","has-post-thumbnail","hentry","category-viana-do-castelo","tag-turismo"],"yoast_head":"<!-- This site is optimized with the Yoast SEO Premium plugin v27.4 (Yoast SEO v27.4) - https:\/\/yoast.com\/product\/yoast-seo-premium-wordpress\/ -->\n<title>Navio Gil Eannes regista o melhor agosto de sempre em n\u00famero de visitantes<\/title>\n<meta name=\"description\" content=\"O Navio Gil Eannes, em Viana do Castelo, registou este ver\u00e3o um aumento significativo no n\u00famero de visitantes, com os meses de junho, julho e agosto a superarem as expectativas da Funda\u00e7\u00e3o Gil Eannes.\" \/>\n<meta name=\"robots\" content=\"index, follow, max-snippet:-1, max-image-preview:large, max-video-preview:-1\" \/>\n<link rel=\"canonical\" href=\"https:\/\/www.altominho.tv\/site\/2025\/09\/18\/navio-gil-eannes-regista-o-melhor-agosto-de-sempre-em-numero-de-visitantes\/\" \/>\n<meta property=\"og:locale\" content=\"pt_PT\" \/>\n<meta property=\"og:type\" content=\"article\" \/>\n<meta property=\"og:title\" content=\"Navio Gil Eannes regista o melhor agosto de sempre em n\u00famero de visitantes\" \/>\n<meta property=\"og:description\" content=\"O Navio Gil Eannes, em Viana do Castelo, registou este ver\u00e3o um aumento significativo no n\u00famero de visitantes, com os meses de junho, julho e agosto a superarem as expectativas da Funda\u00e7\u00e3o Gil Eannes.\" \/>\n<meta property=\"og:url\" content=\"https:\/\/www.altominho.tv\/site\/2025\/09\/18\/navio-gil-eannes-regista-o-melhor-agosto-de-sempre-em-numero-de-visitantes\/\" \/>\n<meta property=\"og:site_name\" content=\"Altominho.tv\" \/>\n<meta property=\"article:publisher\" content=\"https:\/\/www.facebook.com\/altominhotv\" \/>\n<meta property=\"article:published_time\" content=\"2025-09-18T10:57:00+00:00\" \/>\n<meta property=\"article:modified_time\" content=\"2025-09-18T10:57:03+00:00\" \/>\n<meta property=\"og:image\" content=\"https:\/\/www.altominho.tv\/site\/wp-content\/uploads\/2025\/09\/gil-eannes.jpg\" \/>\n\t<meta property=\"og:image:width\" content=\"1200\" \/>\n\t<meta property=\"og:image:height\" content=\"630\" \/>\n\t<meta property=\"og:image:type\" content=\"image\/jpeg\" \/>\n<meta name=\"author\" content=\"Altominho.tv\" \/>\n<meta name=\"twitter:card\" content=\"summary_large_image\" \/>\n<meta name=\"twitter:creator\" content=\"@altominhoTV\" \/>\n<meta name=\"twitter:site\" content=\"@altominhoTV\" \/>\n<meta name=\"twitter:label1\" content=\"Escrito por\" \/>\n\t<meta name=\"twitter:data1\" content=\"Altominho.tv\" \/>\n\t<meta name=\"twitter:label2\" content=\"Tempo estimado de leitura\" \/>\n\t<meta name=\"twitter:data2\" content=\"1 minuto\" \/>\n<script type=\"application\/ld+json\" class=\"yoast-schema-graph\">{\"@context\":\"https:\\\/\\\/schema.org\",\"@graph\":[{\"@type\":\"Article\",\"@id\":\"https:\\\/\\\/www.altominho.tv\\\/site\\\/2025\\\/09\\\/18\\\/navio-gil-eannes-regista-o-melhor-agosto-de-sempre-em-numero-de-visitantes\\\/#article\",\"isPartOf\":{\"@id\":\"https:\\\/\\\/www.altominho.tv\\\/site\\\/2025\\\/09\\\/18\\\/navio-gil-eannes-regista-o-melhor-agosto-de-sempre-em-numero-de-visitantes\\\/\"},\"author\":{\"name\":\"Altominho.tv\",\"@id\":\"https:\\\/\\\/www.altominho.tv\\\/site\\\/#\\\/schema\\\/person\\\/4e536851627d7914baf3dac752b6af22\"},\"headline\":\"Navio Gil Eannes regista o melhor agosto de sempre em n\u00famero de visitantes\",\"datePublished\":\"2025-09-18T10:57:00+00:00\",\"dateModified\":\"2025-09-18T10:57:03+00:00\",\"mainEntityOfPage\":{\"@id\":\"https:\\\/\\\/www.altominho.tv\\\/site\\\/2025\\\/09\\\/18\\\/navio-gil-eannes-regista-o-melhor-agosto-de-sempre-em-numero-de-visitantes\\\/\"},\"wordCount\":162,\"image\":{\"@id\":\"https:\\\/\\\/www.altominho.tv\\\/site\\\/2025\\\/09\\\/18\\\/navio-gil-eannes-regista-o-melhor-agosto-de-sempre-em-numero-de-visitantes\\\/#primaryimage\"},\"thumbnailUrl\":\"https:\\\/\\\/www.altominho.tv\\\/site\\\/wp-content\\\/uploads\\\/2025\\\/09\\\/gil-eannes.jpg\",\"keywords\":[\"Turismo\"],\"articleSection\":[\"Viana do Castelo\"],\"inLanguage\":\"pt-PT\",\"copyrightYear\":\"2025\",\"copyrightHolder\":{\"@id\":\"https:\\\/\\\/www.altominho.tv\\\/site\\\/#organization\"}},{\"@type\":\"WebPage\",\"@id\":\"https:\\\/\\\/www.altominho.tv\\\/site\\\/2025\\\/09\\\/18\\\/navio-gil-eannes-regista-o-melhor-agosto-de-sempre-em-numero-de-visitantes\\\/\",\"url\":\"https:\\\/\\\/www.altominho.tv\\\/site\\\/2025\\\/09\\\/18\\\/navio-gil-eannes-regista-o-melhor-agosto-de-sempre-em-numero-de-visitantes\\\/\",\"name\":\"Navio Gil Eannes regista o melhor agosto de sempre em n\u00famero de visitantes\",\"isPartOf\":{\"@id\":\"https:\\\/\\\/www.altominho.tv\\\/site\\\/#website\"},\"primaryImageOfPage\":{\"@id\":\"https:\\\/\\\/www.altominho.tv\\\/site\\\/2025\\\/09\\\/18\\\/navio-gil-eannes-regista-o-melhor-agosto-de-sempre-em-numero-de-visitantes\\\/#primaryimage\"},\"image\":{\"@id\":\"https:\\\/\\\/www.altominho.tv\\\/site\\\/2025\\\/09\\\/18\\\/navio-gil-eannes-regista-o-melhor-agosto-de-sempre-em-numero-de-visitantes\\\/#primaryimage\"},\"thumbnailUrl\":\"https:\\\/\\\/www.altominho.tv\\\/site\\\/wp-content\\\/uploads\\\/2025\\\/09\\\/gil-eannes.jpg\",\"datePublished\":\"2025-09-18T10:57:00+00:00\",\"dateModified\":\"2025-09-18T10:57:03+00:00\",\"author\":{\"@id\":\"https:\\\/\\\/www.altominho.tv\\\/site\\\/#\\\/schema\\\/person\\\/4e536851627d7914baf3dac752b6af22\"},\"description\":\"O Navio Gil Eannes, em Viana do Castelo, registou este ver\u00e3o um aumento significativo no n\u00famero de visitantes, com os meses de junho, julho e agosto a superarem as expectativas da Funda\u00e7\u00e3o Gil Eannes.\",\"breadcrumb\":{\"@id\":\"https:\\\/\\\/www.altominho.tv\\\/site\\\/2025\\\/09\\\/18\\\/navio-gil-eannes-regista-o-melhor-agosto-de-sempre-em-numero-de-visitantes\\\/#breadcrumb\"},\"inLanguage\":\"pt-PT\",\"potentialAction\":[{\"@type\":\"ReadAction\",\"target\":[\"https:\\\/\\\/www.altominho.tv\\\/site\\\/2025\\\/09\\\/18\\\/navio-gil-eannes-regista-o-melhor-agosto-de-sempre-em-numero-de-visitantes\\\/\"]}]},{\"@type\":\"ImageObject\",\"inLanguage\":\"pt-PT\",\"@id\":\"https:\\\/\\\/www.altominho.tv\\\/site\\\/2025\\\/09\\\/18\\\/navio-gil-eannes-regista-o-melhor-agosto-de-sempre-em-numero-de-visitantes\\\/#primaryimage\",\"url\":\"https:\\\/\\\/www.altominho.tv\\\/site\\\/wp-content\\\/uploads\\\/2025\\\/09\\\/gil-eannes.jpg\",\"contentUrl\":\"https:\\\/\\\/www.altominho.tv\\\/site\\\/wp-content\\\/uploads\\\/2025\\\/09\\\/gil-eannes.jpg\",\"width\":1200,\"height\":630},{\"@type\":\"BreadcrumbList\",\"@id\":\"https:\\\/\\\/www.altominho.tv\\\/site\\\/2025\\\/09\\\/18\\\/navio-gil-eannes-regista-o-melhor-agosto-de-sempre-em-numero-de-visitantes\\\/#breadcrumb\",\"itemListElement\":[{\"@type\":\"ListItem\",\"position\":1,\"name\":\"In\u00edcio\",\"item\":\"https:\\\/\\\/www.altominho.tv\\\/site\\\/\"},{\"@type\":\"ListItem\",\"position\":2,\"name\":\"Navio Gil Eannes regista o melhor agosto de sempre em n\u00famero de visitantes\"}]},{\"@type\":\"WebSite\",\"@id\":\"https:\\\/\\\/www.altominho.tv\\\/site\\\/#website\",\"url\":\"https:\\\/\\\/www.altominho.tv\\\/site\\\/\",\"name\":\"Altominho.tv\",\"description\":\"A sua regi\u00e3o \u00e0 dist\u00e2ncia de um clique...\",\"potentialAction\":[{\"@type\":\"SearchAction\",\"target\":{\"@type\":\"EntryPoint\",\"urlTemplate\":\"https:\\\/\\\/www.altominho.tv\\\/site\\\/?s={search_term_string}\"},\"query-input\":{\"@type\":\"PropertyValueSpecification\",\"valueRequired\":true,\"valueName\":\"search_term_string\"}}],\"inLanguage\":\"pt-PT\"},{\"@type\":\"Person\",\"@id\":\"https:\\\/\\\/www.altominho.tv\\\/site\\\/#\\\/schema\\\/person\\\/4e536851627d7914baf3dac752b6af22\",\"name\":\"Altominho.tv\",\"image\":{\"@type\":\"ImageObject\",\"inLanguage\":\"pt-PT\",\"@id\":\"https:\\\/\\\/www.altominho.tv\\\/site\\\/wp-content\\\/uploads\\\/2019\\\/11\\\/Logo_Avatar_2-150x150.jpg\",\"url\":\"https:\\\/\\\/www.altominho.tv\\\/site\\\/wp-content\\\/uploads\\\/2019\\\/11\\\/Logo_Avatar_2-150x150.jpg\",\"contentUrl\":\"https:\\\/\\\/www.altominho.tv\\\/site\\\/wp-content\\\/uploads\\\/2019\\\/11\\\/Logo_Avatar_2-150x150.jpg\",\"caption\":\"Altominho.tv\"},\"url\":\"https:\\\/\\\/www.altominho.tv\\\/site\\\/author\\\/altominhotv-tecnico\\\/\"}]}<\/script>\n<!-- \/ Yoast SEO Premium plugin. -->","yoast_head_json":{"title":"Navio Gil Eannes regista o melhor agosto de sempre em n\u00famero de visitantes","description":"O Navio Gil Eannes, em Viana do Castelo, registou este ver\u00e3o um aumento significativo no n\u00famero de visitantes, com os meses de junho, julho e agosto a superarem as expectativas da Funda\u00e7\u00e3o Gil Eannes.","robots":{"index":"index","follow":"follow","max-snippet":"max-snippet:-1","max-image-preview":"max-image-preview:large","max-video-preview":"max-video-preview:-1"},"canonical":"https:\/\/www.altominho.tv\/site\/2025\/09\/18\/navio-gil-eannes-regista-o-melhor-agosto-de-sempre-em-numero-de-visitantes\/","og_locale":"pt_PT","og_type":"article","og_title":"Navio Gil Eannes regista o melhor agosto de sempre em n\u00famero de visitantes","og_description":"O Navio Gil Eannes, em Viana do Castelo, registou este ver\u00e3o um aumento significativo no n\u00famero de visitantes, com os meses de junho, julho e agosto a superarem as expectativas da Funda\u00e7\u00e3o Gil Eannes.","og_url":"https:\/\/www.altominho.tv\/site\/2025\/09\/18\/navio-gil-eannes-regista-o-melhor-agosto-de-sempre-em-numero-de-visitantes\/","og_site_name":"Altominho.tv","article_publisher":"https:\/\/www.facebook.com\/altominhotv","article_published_time":"2025-09-18T10:57:00+00:00","article_modified_time":"2025-09-18T10:57:03+00:00","og_image":[{"width":1200,"height":630,"url":"https:\/\/www.altominho.tv\/site\/wp-content\/uploads\/2025\/09\/gil-eannes.jpg","type":"image\/jpeg"}],"author":"Altominho.tv","twitter_card":"summary_large_image","twitter_creator":"@altominhoTV","twitter_site":"@altominhoTV","twitter_misc":{"Escrito por":"Altominho.tv","Tempo estimado de leitura":"1 minuto"},"schema":{"@context":"https:\/\/schema.org","@graph":[{"@type":"Article","@id":"https:\/\/www.altominho.tv\/site\/2025\/09\/18\/navio-gil-eannes-regista-o-melhor-agosto-de-sempre-em-numero-de-visitantes\/#article","isPartOf":{"@id":"https:\/\/www.altominho.tv\/site\/2025\/09\/18\/navio-gil-eannes-regista-o-melhor-agosto-de-sempre-em-numero-de-visitantes\/"},"author":{"name":"Altominho.tv","@id":"https:\/\/www.altominho.tv\/site\/#\/schema\/person\/4e536851627d7914baf3dac752b6af22"},"headline":"Navio Gil Eannes regista o melhor agosto de sempre em n\u00famero de visitantes","datePublished":"2025-09-18T10:57:00+00:00","dateModified":"2025-09-18T10:57:03+00:00","mainEntityOfPage":{"@id":"https:\/\/www.altominho.tv\/site\/2025\/09\/18\/navio-gil-eannes-regista-o-melhor-agosto-de-sempre-em-numero-de-visitantes\/"},"wordCount":162,"image":{"@id":"https:\/\/www.altominho.tv\/site\/2025\/09\/18\/navio-gil-eannes-regista-o-melhor-agosto-de-sempre-em-numero-de-visitantes\/#primaryimage"},"thumbnailUrl":"https:\/\/www.altominho.tv\/site\/wp-content\/uploads\/2025\/09\/gil-eannes.jpg","keywords":["Turismo"],"articleSection":["Viana do Castelo"],"inLanguage":"pt-PT","copyrightYear":"2025","copyrightHolder":{"@id":"https:\/\/www.altominho.tv\/site\/#organization"}},{"@type":"WebPage","@id":"https:\/\/www.altominho.tv\/site\/2025\/09\/18\/navio-gil-eannes-regista-o-melhor-agosto-de-sempre-em-numero-de-visitantes\/","url":"https:\/\/www.altominho.tv\/site\/2025\/09\/18\/navio-gil-eannes-regista-o-melhor-agosto-de-sempre-em-numero-de-visitantes\/","name":"Navio Gil Eannes regista o melhor agosto de sempre em n\u00famero de visitantes","isPartOf":{"@id":"https:\/\/www.altominho.tv\/site\/#website"},"primaryImageOfPage":{"@id":"https:\/\/www.altominho.tv\/site\/2025\/09\/18\/navio-gil-eannes-regista-o-melhor-agosto-de-sempre-em-numero-de-visitantes\/#primaryimage"},"image":{"@id":"https:\/\/www.altominho.tv\/site\/2025\/09\/18\/navio-gil-eannes-regista-o-melhor-agosto-de-sempre-em-numero-de-visitantes\/#primaryimage"},"thumbnailUrl":"https:\/\/www.altominho.tv\/site\/wp-content\/uploads\/2025\/09\/gil-eannes.jpg","datePublished":"2025-09-18T10:57:00+00:00","dateModified":"2025-09-18T10:57:03+00:00","author":{"@id":"https:\/\/www.altominho.tv\/site\/#\/schema\/person\/4e536851627d7914baf3dac752b6af22"},"description":"O Navio Gil Eannes, em Viana do Castelo, registou este ver\u00e3o um aumento significativo no n\u00famero de visitantes, com os meses de junho, julho e agosto a superarem as expectativas da Funda\u00e7\u00e3o Gil Eannes.","breadcrumb":{"@id":"https:\/\/www.altominho.tv\/site\/2025\/09\/18\/navio-gil-eannes-regista-o-melhor-agosto-de-sempre-em-numero-de-visitantes\/#breadcrumb"},"inLanguage":"pt-PT","potentialAction":[{"@type":"ReadAction","target":["https:\/\/www.altominho.tv\/site\/2025\/09\/18\/navio-gil-eannes-regista-o-melhor-agosto-de-sempre-em-numero-de-visitantes\/"]}]},{"@type":"ImageObject","inLanguage":"pt-PT","@id":"https:\/\/www.altominho.tv\/site\/2025\/09\/18\/navio-gil-eannes-regista-o-melhor-agosto-de-sempre-em-numero-de-visitantes\/#primaryimage","url":"https:\/\/www.altominho.tv\/site\/wp-content\/uploads\/2025\/09\/gil-eannes.jpg","contentUrl":"https:\/\/www.altominho.tv\/site\/wp-content\/uploads\/2025\/09\/gil-eannes.jpg","width":1200,"height":630},{"@type":"BreadcrumbList","@id":"https:\/\/www.altominho.tv\/site\/2025\/09\/18\/navio-gil-eannes-regista-o-melhor-agosto-de-sempre-em-numero-de-visitantes\/#breadcrumb","itemListElement":[{"@type":"ListItem","position":1,"name":"In\u00edcio","item":"https:\/\/www.altominho.tv\/site\/"},{"@type":"ListItem","position":2,"name":"Navio Gil Eannes regista o melhor agosto de sempre em n\u00famero de visitantes"}]},{"@type":"WebSite","@id":"https:\/\/www.altominho.tv\/site\/#website","url":"https:\/\/www.altominho.tv\/site\/","name":"Altominho.tv","description":"A sua regi\u00e3o \u00e0 dist\u00e2ncia de um clique...","potentialAction":[{"@type":"SearchAction","target":{"@type":"EntryPoint","urlTemplate":"https:\/\/www.altominho.tv\/site\/?s={search_term_string}"},"query-input":{"@type":"PropertyValueSpecification","valueRequired":true,"valueName":"search_term_string"}}],"inLanguage":"pt-PT"},{"@type":"Person","@id":"https:\/\/www.altominho.tv\/site\/#\/schema\/person\/4e536851627d7914baf3dac752b6af22","name":"Altominho.tv","image":{"@type":"ImageObject","inLanguage":"pt-PT","@id":"https:\/\/www.altominho.tv\/site\/wp-content\/uploads\/2019\/11\/Logo_Avatar_2-150x150.jpg","url":"https:\/\/www.altominho.tv\/site\/wp-content\/uploads\/2019\/11\/Logo_Avatar_2-150x150.jpg","contentUrl":"https:\/\/www.altominho.tv\/site\/wp-content\/uploads\/2019\/11\/Logo_Avatar_2-150x150.jpg","caption":"Altominho.tv"},"url":"https:\/\/www.altominho.tv\/site\/author\/altominhotv-tecnico\/"}]}},"_links":{"self":[{"href":"https:\/\/www.altominho.tv\/site\/wp-json\/wp\/v2\/posts\/123080","targetHints":{"allow":["GET"]}}],"collection":[{"href":"https:\/\/www.altominho.tv\/site\/wp-json\/wp\/v2\/posts"}],"about":[{"href":"https:\/\/www.altominho.tv\/site\/wp-json\/wp\/v2\/types\/post"}],"author":[{"embeddable":true,"href":"https:\/\/www.altominho.tv\/site\/wp-json\/wp\/v2\/users\/1"}],"replies":[{"embeddable":true,"href":"https:\/\/www.altominho.tv\/site\/wp-json\/wp\/v2\/comments?post=123080"}],"version-history":[{"count":1,"href":"https:\/\/www.altominho.tv\/site\/wp-json\/wp\/v2\/posts\/123080\/revisions"}],"predecessor-version":[{"id":123082,"href":"https:\/\/www.altominho.tv\/site\/wp-json\/wp\/v2\/posts\/123080\/revisions\/123082"}],"wp:featuredmedia":[{"embeddable":true,"href":"https:\/\/www.altominho.tv\/site\/wp-json\/wp\/v2\/media\/123081"}],"wp:attachment":[{"href":"https:\/\/www.altominho.tv\/site\/wp-json\/wp\/v2\/media?parent=123080"}],"wp:term":[{"taxonomy":"category","embeddable":true,"href":"https:\/\/www.altominho.tv\/site\/wp-json\/wp\/v2\/categories?post=123080"},{"taxonomy":"post_tag","embeddable":true,"href":"https:\/\/www.altominho.tv\/site\/wp-json\/wp\/v2\/tags?post=123080"}],"curies":[{"name":"wp","href":"https:\/\/api.w.org\/{rel}","templated":true}]}}