{"id":123020,"date":"2025-09-16T17:29:27","date_gmt":"2025-09-16T16:29:27","guid":{"rendered":"https:\/\/www.altominho.tv\/site\/?p=123020"},"modified":"2025-09-16T17:29:29","modified_gmt":"2025-09-16T16:29:29","slug":"novo-skatepark-e-pumptrack-de-valenca-recebeu-centenas-de-praticantes","status":"publish","type":"post","link":"https:\/\/www.altominho.tv\/site\/2025\/09\/16\/novo-skatepark-e-pumptrack-de-valenca-recebeu-centenas-de-praticantes\/","title":{"rendered":"Novo Skatepark e Pumptrack de Valen\u00e7a recebeu centenas de praticantes"},"content":{"rendered":"<p class=\"p1\">O Skatepark e Pumptrack de Valen\u00e7a abriu oficialmente no s\u00e1bado \u00e0 tarde, dia 13 de setembro e, logo no primeiro fim de semana, recebeu centenas de praticantes de skate, BMX, patins e trotinetes, vindos de v\u00e1rias zonas de Portugal e da Galiza.<\/p>\n<p class=\"p1\">Localizado na Cidade Nova, junto ao Centro Coordenador de Transportes, o espa\u00e7o combina modernidade, seguran\u00e7a e acessibilidade.<\/p>\n<p class=\"p1\">O Skatepark est\u00e1 equipado com rampas, rails, bowls e zonas de descanso, reunindo todas as condi\u00e7\u00f5es para a pr\u00e1tica em seguran\u00e7a.<\/p>\n<p class=\"p1\">J\u00e1 o Pumptrack apresenta uma pista asfaltada com curvas, lombas e saltos, concebida para aproveitar ao m\u00e1ximo os impulsos e as in\u00e9rcias.<\/p>\n<p class=\"p1\">Este novo equipamento resulta de uma proposta vencedora do Or\u00e7amento Participativo Jovem de Valen\u00e7a, implementada pelo munic\u00edpio, que pretende continuar a refor\u00e7ar a atratividade do espa\u00e7o.<\/p>\n<p class=\"p1\">Em breve, o local ser\u00e1 complementado com bancos de apoio, um sistema de ilumina\u00e7\u00e3o noturna, prolongando a sua utiliza\u00e7\u00e3o ao longo do dia, e um parque infantil.<\/p>\n<p class=\"p1\">O projeto contou com financiamento do Plano de A\u00e7\u00e3o de Investimento Territorial do Norte 2030.<\/p>\n","protected":false},"excerpt":{"rendered":"<p>O Skatepark e Pumptrack de Valen\u00e7a abriu oficialmente no s\u00e1bado \u00e0 tarde, dia 13 de setembro e, logo no primeiro fim de semana, recebeu centenas de praticantes de skate, BMX, patins e trotinetes, vindos de v\u00e1rias zonas de Portugal e da Galiza. Localizado na Cidade Nova, junto ao Centro Coordenador de Transportes, o espa\u00e7o combina [&hellip;]<\/p>\n","protected":false},"author":30,"featured_media":123021,"comment_status":"closed","ping_status":"closed","sticky":false,"template":"","format":"standard","meta":{"_exactmetrics_skip_tracking":false,"_exactmetrics_sitenote_active":false,"_exactmetrics_sitenote_note":"","_exactmetrics_sitenote_category":0,"footnotes":""},"categories":[13],"tags":[20],"class_list":["post-123020","post","type-post","status-publish","format-standard","has-post-thumbnail","hentry","category-valenca","tag-desporto"],"yoast_head":"<!-- This site is optimized with the Yoast SEO Premium plugin v27.5 (Yoast SEO v27.5) - https:\/\/yoast.com\/product\/yoast-seo-premium-wordpress\/ -->\n<title>Novo Skatepark e Pumptrack de Valen\u00e7a recebeu centenas de praticantes<\/title>\n<meta name=\"description\" content=\"O Skatepark e Pumptrack de Valen\u00e7a abriu oficialmente no s\u00e1bado \u00e0 tarde, dia 13 de setembro e, logo no primeiro fim de semana, recebeu centenas de praticantes de skate, BMX, patins e trotinetes, vindos de v\u00e1rias zonas de Portugal e da Galiza.\" \/>\n<meta name=\"robots\" content=\"index, follow, max-snippet:-1, max-image-preview:large, max-video-preview:-1\" \/>\n<link rel=\"canonical\" href=\"https:\/\/www.altominho.tv\/site\/2025\/09\/16\/novo-skatepark-e-pumptrack-de-valenca-recebeu-centenas-de-praticantes\/\" \/>\n<meta property=\"og:locale\" content=\"pt_PT\" \/>\n<meta property=\"og:type\" content=\"article\" \/>\n<meta property=\"og:title\" content=\"Novo Skatepark e Pumptrack de Valen\u00e7a recebeu centenas de praticantes\" \/>\n<meta property=\"og:description\" content=\"O Skatepark e Pumptrack de Valen\u00e7a abriu oficialmente no s\u00e1bado \u00e0 tarde, dia 13 de setembro e, logo no primeiro fim de semana, recebeu centenas de praticantes de skate, BMX, patins e trotinetes, vindos de v\u00e1rias zonas de Portugal e da Galiza.\" \/>\n<meta property=\"og:url\" content=\"https:\/\/www.altominho.tv\/site\/2025\/09\/16\/novo-skatepark-e-pumptrack-de-valenca-recebeu-centenas-de-praticantes\/\" \/>\n<meta property=\"og:site_name\" content=\"Altominho.tv\" \/>\n<meta property=\"article:publisher\" content=\"https:\/\/www.facebook.com\/altominhotv\" \/>\n<meta property=\"article:published_time\" content=\"2025-09-16T16:29:27+00:00\" \/>\n<meta property=\"article:modified_time\" content=\"2025-09-16T16:29:29+00:00\" \/>\n<meta property=\"og:image\" content=\"https:\/\/www.altominho.tv\/site\/wp-content\/uploads\/2025\/09\/Skatepark-e-Pumptrack-de-Valenca.jpg\" \/>\n\t<meta property=\"og:image:width\" content=\"1200\" \/>\n\t<meta property=\"og:image:height\" content=\"630\" \/>\n\t<meta property=\"og:image:type\" content=\"image\/jpeg\" \/>\n<meta name=\"author\" content=\"Eduarda Cardoso\" \/>\n<meta name=\"twitter:card\" content=\"summary_large_image\" \/>\n<meta name=\"twitter:creator\" content=\"@altominhoTV\" \/>\n<meta name=\"twitter:site\" content=\"@altominhoTV\" \/>\n<meta name=\"twitter:label1\" content=\"Escrito por\" \/>\n\t<meta name=\"twitter:data1\" content=\"Eduarda Cardoso\" \/>\n\t<meta name=\"twitter:label2\" content=\"Tempo estimado de leitura\" \/>\n\t<meta name=\"twitter:data2\" content=\"2 minutos\" \/>\n<script type=\"application\/ld+json\" class=\"yoast-schema-graph\">{\"@context\":\"https:\\\/\\\/schema.org\",\"@graph\":[{\"@type\":\"Article\",\"@id\":\"https:\\\/\\\/www.altominho.tv\\\/site\\\/2025\\\/09\\\/16\\\/novo-skatepark-e-pumptrack-de-valenca-recebeu-centenas-de-praticantes\\\/#article\",\"isPartOf\":{\"@id\":\"https:\\\/\\\/www.altominho.tv\\\/site\\\/2025\\\/09\\\/16\\\/novo-skatepark-e-pumptrack-de-valenca-recebeu-centenas-de-praticantes\\\/\"},\"author\":{\"name\":\"Eduarda Cardoso\",\"@id\":\"https:\\\/\\\/www.altominho.tv\\\/site\\\/#\\\/schema\\\/person\\\/9e351387b727413d005ccf1152c93539\"},\"headline\":\"Novo Skatepark e Pumptrack de Valen\u00e7a recebeu centenas de praticantes\",\"datePublished\":\"2025-09-16T16:29:27+00:00\",\"dateModified\":\"2025-09-16T16:29:29+00:00\",\"mainEntityOfPage\":{\"@id\":\"https:\\\/\\\/www.altominho.tv\\\/site\\\/2025\\\/09\\\/16\\\/novo-skatepark-e-pumptrack-de-valenca-recebeu-centenas-de-praticantes\\\/\"},\"wordCount\":196,\"image\":{\"@id\":\"https:\\\/\\\/www.altominho.tv\\\/site\\\/2025\\\/09\\\/16\\\/novo-skatepark-e-pumptrack-de-valenca-recebeu-centenas-de-praticantes\\\/#primaryimage\"},\"thumbnailUrl\":\"https:\\\/\\\/www.altominho.tv\\\/site\\\/wp-content\\\/uploads\\\/2025\\\/09\\\/Skatepark-e-Pumptrack-de-Valenca.jpg\",\"keywords\":[\"Desporto\"],\"articleSection\":[\"Valen\u00e7a\"],\"inLanguage\":\"pt-PT\",\"copyrightYear\":\"2025\",\"copyrightHolder\":{\"@id\":\"https:\\\/\\\/www.altominho.tv\\\/site\\\/#organization\"}},{\"@type\":\"WebPage\",\"@id\":\"https:\\\/\\\/www.altominho.tv\\\/site\\\/2025\\\/09\\\/16\\\/novo-skatepark-e-pumptrack-de-valenca-recebeu-centenas-de-praticantes\\\/\",\"url\":\"https:\\\/\\\/www.altominho.tv\\\/site\\\/2025\\\/09\\\/16\\\/novo-skatepark-e-pumptrack-de-valenca-recebeu-centenas-de-praticantes\\\/\",\"name\":\"Novo Skatepark e Pumptrack de Valen\u00e7a recebeu centenas de praticantes\",\"isPartOf\":{\"@id\":\"https:\\\/\\\/www.altominho.tv\\\/site\\\/#website\"},\"primaryImageOfPage\":{\"@id\":\"https:\\\/\\\/www.altominho.tv\\\/site\\\/2025\\\/09\\\/16\\\/novo-skatepark-e-pumptrack-de-valenca-recebeu-centenas-de-praticantes\\\/#primaryimage\"},\"image\":{\"@id\":\"https:\\\/\\\/www.altominho.tv\\\/site\\\/2025\\\/09\\\/16\\\/novo-skatepark-e-pumptrack-de-valenca-recebeu-centenas-de-praticantes\\\/#primaryimage\"},\"thumbnailUrl\":\"https:\\\/\\\/www.altominho.tv\\\/site\\\/wp-content\\\/uploads\\\/2025\\\/09\\\/Skatepark-e-Pumptrack-de-Valenca.jpg\",\"datePublished\":\"2025-09-16T16:29:27+00:00\",\"dateModified\":\"2025-09-16T16:29:29+00:00\",\"author\":{\"@id\":\"https:\\\/\\\/www.altominho.tv\\\/site\\\/#\\\/schema\\\/person\\\/9e351387b727413d005ccf1152c93539\"},\"description\":\"O Skatepark e Pumptrack de Valen\u00e7a abriu oficialmente no s\u00e1bado \u00e0 tarde, dia 13 de setembro e, logo no primeiro fim de semana, recebeu centenas de praticantes de skate, BMX, patins e trotinetes, vindos de v\u00e1rias zonas de Portugal e da Galiza.\",\"breadcrumb\":{\"@id\":\"https:\\\/\\\/www.altominho.tv\\\/site\\\/2025\\\/09\\\/16\\\/novo-skatepark-e-pumptrack-de-valenca-recebeu-centenas-de-praticantes\\\/#breadcrumb\"},\"inLanguage\":\"pt-PT\",\"potentialAction\":[{\"@type\":\"ReadAction\",\"target\":[\"https:\\\/\\\/www.altominho.tv\\\/site\\\/2025\\\/09\\\/16\\\/novo-skatepark-e-pumptrack-de-valenca-recebeu-centenas-de-praticantes\\\/\"]}]},{\"@type\":\"ImageObject\",\"inLanguage\":\"pt-PT\",\"@id\":\"https:\\\/\\\/www.altominho.tv\\\/site\\\/2025\\\/09\\\/16\\\/novo-skatepark-e-pumptrack-de-valenca-recebeu-centenas-de-praticantes\\\/#primaryimage\",\"url\":\"https:\\\/\\\/www.altominho.tv\\\/site\\\/wp-content\\\/uploads\\\/2025\\\/09\\\/Skatepark-e-Pumptrack-de-Valenca.jpg\",\"contentUrl\":\"https:\\\/\\\/www.altominho.tv\\\/site\\\/wp-content\\\/uploads\\\/2025\\\/09\\\/Skatepark-e-Pumptrack-de-Valenca.jpg\",\"width\":1200,\"height\":630},{\"@type\":\"BreadcrumbList\",\"@id\":\"https:\\\/\\\/www.altominho.tv\\\/site\\\/2025\\\/09\\\/16\\\/novo-skatepark-e-pumptrack-de-valenca-recebeu-centenas-de-praticantes\\\/#breadcrumb\",\"itemListElement\":[{\"@type\":\"ListItem\",\"position\":1,\"name\":\"In\u00edcio\",\"item\":\"https:\\\/\\\/www.altominho.tv\\\/site\\\/\"},{\"@type\":\"ListItem\",\"position\":2,\"name\":\"Novo Skatepark e Pumptrack de Valen\u00e7a recebeu centenas de praticantes\"}]},{\"@type\":\"WebSite\",\"@id\":\"https:\\\/\\\/www.altominho.tv\\\/site\\\/#website\",\"url\":\"https:\\\/\\\/www.altominho.tv\\\/site\\\/\",\"name\":\"Altominho.tv\",\"description\":\"A sua regi\u00e3o \u00e0 dist\u00e2ncia de um clique...\",\"potentialAction\":[{\"@type\":\"SearchAction\",\"target\":{\"@type\":\"EntryPoint\",\"urlTemplate\":\"https:\\\/\\\/www.altominho.tv\\\/site\\\/?s={search_term_string}\"},\"query-input\":{\"@type\":\"PropertyValueSpecification\",\"valueRequired\":true,\"valueName\":\"search_term_string\"}}],\"inLanguage\":\"pt-PT\"},{\"@type\":\"Person\",\"@id\":\"https:\\\/\\\/www.altominho.tv\\\/site\\\/#\\\/schema\\\/person\\\/9e351387b727413d005ccf1152c93539\",\"name\":\"Eduarda Cardoso\",\"image\":{\"@type\":\"ImageObject\",\"inLanguage\":\"pt-PT\",\"@id\":\"https:\\\/\\\/www.altominho.tv\\\/site\\\/wp-content\\\/uploads\\\/2021\\\/01\\\/cropped-Logo-ATV_WEB-150x150.png\",\"url\":\"https:\\\/\\\/www.altominho.tv\\\/site\\\/wp-content\\\/uploads\\\/2021\\\/01\\\/cropped-Logo-ATV_WEB-150x150.png\",\"contentUrl\":\"https:\\\/\\\/www.altominho.tv\\\/site\\\/wp-content\\\/uploads\\\/2021\\\/01\\\/cropped-Logo-ATV_WEB-150x150.png\",\"caption\":\"Eduarda Cardoso\"},\"url\":\"https:\\\/\\\/www.altominho.tv\\\/site\\\/author\\\/eduarda-cardoso\\\/\"}]}<\/script>\n<!-- \/ Yoast SEO Premium plugin. -->","yoast_head_json":{"title":"Novo Skatepark e Pumptrack de Valen\u00e7a recebeu centenas de praticantes","description":"O Skatepark e Pumptrack de Valen\u00e7a abriu oficialmente no s\u00e1bado \u00e0 tarde, dia 13 de setembro e, logo no primeiro fim de semana, recebeu centenas de praticantes de skate, BMX, patins e trotinetes, vindos de v\u00e1rias zonas de Portugal e da Galiza.","robots":{"index":"index","follow":"follow","max-snippet":"max-snippet:-1","max-image-preview":"max-image-preview:large","max-video-preview":"max-video-preview:-1"},"canonical":"https:\/\/www.altominho.tv\/site\/2025\/09\/16\/novo-skatepark-e-pumptrack-de-valenca-recebeu-centenas-de-praticantes\/","og_locale":"pt_PT","og_type":"article","og_title":"Novo Skatepark e Pumptrack de Valen\u00e7a recebeu centenas de praticantes","og_description":"O Skatepark e Pumptrack de Valen\u00e7a abriu oficialmente no s\u00e1bado \u00e0 tarde, dia 13 de setembro e, logo no primeiro fim de semana, recebeu centenas de praticantes de skate, BMX, patins e trotinetes, vindos de v\u00e1rias zonas de Portugal e da Galiza.","og_url":"https:\/\/www.altominho.tv\/site\/2025\/09\/16\/novo-skatepark-e-pumptrack-de-valenca-recebeu-centenas-de-praticantes\/","og_site_name":"Altominho.tv","article_publisher":"https:\/\/www.facebook.com\/altominhotv","article_published_time":"2025-09-16T16:29:27+00:00","article_modified_time":"2025-09-16T16:29:29+00:00","og_image":[{"width":1200,"height":630,"url":"https:\/\/www.altominho.tv\/site\/wp-content\/uploads\/2025\/09\/Skatepark-e-Pumptrack-de-Valenca.jpg","type":"image\/jpeg"}],"author":"Eduarda Cardoso","twitter_card":"summary_large_image","twitter_creator":"@altominhoTV","twitter_site":"@altominhoTV","twitter_misc":{"Escrito por":"Eduarda Cardoso","Tempo estimado de leitura":"2 minutos"},"schema":{"@context":"https:\/\/schema.org","@graph":[{"@type":"Article","@id":"https:\/\/www.altominho.tv\/site\/2025\/09\/16\/novo-skatepark-e-pumptrack-de-valenca-recebeu-centenas-de-praticantes\/#article","isPartOf":{"@id":"https:\/\/www.altominho.tv\/site\/2025\/09\/16\/novo-skatepark-e-pumptrack-de-valenca-recebeu-centenas-de-praticantes\/"},"author":{"name":"Eduarda Cardoso","@id":"https:\/\/www.altominho.tv\/site\/#\/schema\/person\/9e351387b727413d005ccf1152c93539"},"headline":"Novo Skatepark e Pumptrack de Valen\u00e7a recebeu centenas de praticantes","datePublished":"2025-09-16T16:29:27+00:00","dateModified":"2025-09-16T16:29:29+00:00","mainEntityOfPage":{"@id":"https:\/\/www.altominho.tv\/site\/2025\/09\/16\/novo-skatepark-e-pumptrack-de-valenca-recebeu-centenas-de-praticantes\/"},"wordCount":196,"image":{"@id":"https:\/\/www.altominho.tv\/site\/2025\/09\/16\/novo-skatepark-e-pumptrack-de-valenca-recebeu-centenas-de-praticantes\/#primaryimage"},"thumbnailUrl":"https:\/\/www.altominho.tv\/site\/wp-content\/uploads\/2025\/09\/Skatepark-e-Pumptrack-de-Valenca.jpg","keywords":["Desporto"],"articleSection":["Valen\u00e7a"],"inLanguage":"pt-PT","copyrightYear":"2025","copyrightHolder":{"@id":"https:\/\/www.altominho.tv\/site\/#organization"}},{"@type":"WebPage","@id":"https:\/\/www.altominho.tv\/site\/2025\/09\/16\/novo-skatepark-e-pumptrack-de-valenca-recebeu-centenas-de-praticantes\/","url":"https:\/\/www.altominho.tv\/site\/2025\/09\/16\/novo-skatepark-e-pumptrack-de-valenca-recebeu-centenas-de-praticantes\/","name":"Novo Skatepark e Pumptrack de Valen\u00e7a recebeu centenas de praticantes","isPartOf":{"@id":"https:\/\/www.altominho.tv\/site\/#website"},"primaryImageOfPage":{"@id":"https:\/\/www.altominho.tv\/site\/2025\/09\/16\/novo-skatepark-e-pumptrack-de-valenca-recebeu-centenas-de-praticantes\/#primaryimage"},"image":{"@id":"https:\/\/www.altominho.tv\/site\/2025\/09\/16\/novo-skatepark-e-pumptrack-de-valenca-recebeu-centenas-de-praticantes\/#primaryimage"},"thumbnailUrl":"https:\/\/www.altominho.tv\/site\/wp-content\/uploads\/2025\/09\/Skatepark-e-Pumptrack-de-Valenca.jpg","datePublished":"2025-09-16T16:29:27+00:00","dateModified":"2025-09-16T16:29:29+00:00","author":{"@id":"https:\/\/www.altominho.tv\/site\/#\/schema\/person\/9e351387b727413d005ccf1152c93539"},"description":"O Skatepark e Pumptrack de Valen\u00e7a abriu oficialmente no s\u00e1bado \u00e0 tarde, dia 13 de setembro e, logo no primeiro fim de semana, recebeu centenas de praticantes de skate, BMX, patins e trotinetes, vindos de v\u00e1rias zonas de Portugal e da Galiza.","breadcrumb":{"@id":"https:\/\/www.altominho.tv\/site\/2025\/09\/16\/novo-skatepark-e-pumptrack-de-valenca-recebeu-centenas-de-praticantes\/#breadcrumb"},"inLanguage":"pt-PT","potentialAction":[{"@type":"ReadAction","target":["https:\/\/www.altominho.tv\/site\/2025\/09\/16\/novo-skatepark-e-pumptrack-de-valenca-recebeu-centenas-de-praticantes\/"]}]},{"@type":"ImageObject","inLanguage":"pt-PT","@id":"https:\/\/www.altominho.tv\/site\/2025\/09\/16\/novo-skatepark-e-pumptrack-de-valenca-recebeu-centenas-de-praticantes\/#primaryimage","url":"https:\/\/www.altominho.tv\/site\/wp-content\/uploads\/2025\/09\/Skatepark-e-Pumptrack-de-Valenca.jpg","contentUrl":"https:\/\/www.altominho.tv\/site\/wp-content\/uploads\/2025\/09\/Skatepark-e-Pumptrack-de-Valenca.jpg","width":1200,"height":630},{"@type":"BreadcrumbList","@id":"https:\/\/www.altominho.tv\/site\/2025\/09\/16\/novo-skatepark-e-pumptrack-de-valenca-recebeu-centenas-de-praticantes\/#breadcrumb","itemListElement":[{"@type":"ListItem","position":1,"name":"In\u00edcio","item":"https:\/\/www.altominho.tv\/site\/"},{"@type":"ListItem","position":2,"name":"Novo Skatepark e Pumptrack de Valen\u00e7a recebeu centenas de praticantes"}]},{"@type":"WebSite","@id":"https:\/\/www.altominho.tv\/site\/#website","url":"https:\/\/www.altominho.tv\/site\/","name":"Altominho.tv","description":"A sua regi\u00e3o \u00e0 dist\u00e2ncia de um clique...","potentialAction":[{"@type":"SearchAction","target":{"@type":"EntryPoint","urlTemplate":"https:\/\/www.altominho.tv\/site\/?s={search_term_string}"},"query-input":{"@type":"PropertyValueSpecification","valueRequired":true,"valueName":"search_term_string"}}],"inLanguage":"pt-PT"},{"@type":"Person","@id":"https:\/\/www.altominho.tv\/site\/#\/schema\/person\/9e351387b727413d005ccf1152c93539","name":"Eduarda Cardoso","image":{"@type":"ImageObject","inLanguage":"pt-PT","@id":"https:\/\/www.altominho.tv\/site\/wp-content\/uploads\/2021\/01\/cropped-Logo-ATV_WEB-150x150.png","url":"https:\/\/www.altominho.tv\/site\/wp-content\/uploads\/2021\/01\/cropped-Logo-ATV_WEB-150x150.png","contentUrl":"https:\/\/www.altominho.tv\/site\/wp-content\/uploads\/2021\/01\/cropped-Logo-ATV_WEB-150x150.png","caption":"Eduarda Cardoso"},"url":"https:\/\/www.altominho.tv\/site\/author\/eduarda-cardoso\/"}]}},"_links":{"self":[{"href":"https:\/\/www.altominho.tv\/site\/wp-json\/wp\/v2\/posts\/123020","targetHints":{"allow":["GET"]}}],"collection":[{"href":"https:\/\/www.altominho.tv\/site\/wp-json\/wp\/v2\/posts"}],"about":[{"href":"https:\/\/www.altominho.tv\/site\/wp-json\/wp\/v2\/types\/post"}],"author":[{"embeddable":true,"href":"https:\/\/www.altominho.tv\/site\/wp-json\/wp\/v2\/users\/30"}],"replies":[{"embeddable":true,"href":"https:\/\/www.altominho.tv\/site\/wp-json\/wp\/v2\/comments?post=123020"}],"version-history":[{"count":1,"href":"https:\/\/www.altominho.tv\/site\/wp-json\/wp\/v2\/posts\/123020\/revisions"}],"predecessor-version":[{"id":123022,"href":"https:\/\/www.altominho.tv\/site\/wp-json\/wp\/v2\/posts\/123020\/revisions\/123022"}],"wp:featuredmedia":[{"embeddable":true,"href":"https:\/\/www.altominho.tv\/site\/wp-json\/wp\/v2\/media\/123021"}],"wp:attachment":[{"href":"https:\/\/www.altominho.tv\/site\/wp-json\/wp\/v2\/media?parent=123020"}],"wp:term":[{"taxonomy":"category","embeddable":true,"href":"https:\/\/www.altominho.tv\/site\/wp-json\/wp\/v2\/categories?post=123020"},{"taxonomy":"post_tag","embeddable":true,"href":"https:\/\/www.altominho.tv\/site\/wp-json\/wp\/v2\/tags?post=123020"}],"curies":[{"name":"wp","href":"https:\/\/api.w.org\/{rel}","templated":true}]}}