{"id":123002,"date":"2025-09-16T14:49:04","date_gmt":"2025-09-16T13:49:04","guid":{"rendered":"https:\/\/www.altominho.tv\/site\/?p=123002"},"modified":"2025-09-16T14:49:08","modified_gmt":"2025-09-16T13:49:08","slug":"valenca-verdoejo-cultura-filme","status":"publish","type":"post","link":"https:\/\/www.altominho.tv\/site\/2025\/09\/16\/valenca-verdoejo-cultura-filme\/","title":{"rendered":"Filme concerto sobre rios no s\u00e1bado em Verdoejo"},"content":{"rendered":"\n<p>O Centro Cultural de Verdoejo, em Valen\u00e7a, recebe no s\u00e1bado o filme concerto Z\u00e1guia Sul \u2013 Guarda-Rios, \u201cuma digress\u00e3o art\u00edstica que une m\u00fasica, cinema e participa\u00e7\u00e3o comunit\u00e1ria em torno da preserva\u00e7\u00e3o dos rios\u201d, revelou hoje a organiza\u00e7\u00e3o.<\/p>\n\n\n\n<p>Criado pelo Space Ensemble, sediado em Paredes de Coura, o projeto \u201c\u00e9 uma homenagem \u00e0s paisagens fluviais e \u00e0s comunidades que delas fazem parte\u201d, descreve a estrutura art\u00edstica, em comunicado.<\/p>\n\n\n\n<p>A cada local de apresenta\u00e7\u00e3o \u201co filme-concerto transforma-se, incorporando novas imagens captadas nos pr\u00f3prios rios da regi\u00e3o e envolvendo participantes locais, que se juntam \u00e0 performance ao vivo\u201d, descreve o Space Ensemble.<\/p>\n\n\n\n<p>Em Valen\u00e7a, o espet\u00e1culo come\u00e7a \u00e0s 21h30, tem entrada livre e conta com a participa\u00e7\u00e3o do Coro Polif\u00f3nico de Verdoejo.<\/p>\n","protected":false},"excerpt":{"rendered":"<p>O Centro Cultural de Verdoejo, em Valen\u00e7a, recebe no s\u00e1bado o filme concerto Z\u00e1guia Sul \u2013 Guarda-Rios, \u201cuma digress\u00e3o art\u00edstica que une m\u00fasica, cinema e participa\u00e7\u00e3o comunit\u00e1ria em torno da preserva\u00e7\u00e3o dos rios\u201d, revelou hoje a organiza\u00e7\u00e3o. Criado pelo Space Ensemble, sediado em Paredes de Coura, o projeto \u201c\u00e9 uma homenagem \u00e0s paisagens fluviais e [&hellip;]<\/p>\n","protected":false},"author":7,"featured_media":123004,"comment_status":"closed","ping_status":"closed","sticky":false,"template":"","format":"standard","meta":{"_exactmetrics_skip_tracking":false,"_exactmetrics_sitenote_active":false,"_exactmetrics_sitenote_note":"","_exactmetrics_sitenote_category":0,"footnotes":""},"categories":[13],"tags":[19,24],"class_list":["post-123002","post","type-post","status-publish","format-standard","has-post-thumbnail","hentry","category-valenca","tag-cultura","tag-lazer"],"yoast_head":"<!-- This site is optimized with the Yoast SEO Premium plugin v27.5 (Yoast SEO v27.5) - https:\/\/yoast.com\/product\/yoast-seo-premium-wordpress\/ -->\n<title>Filme concerto sobre rios no s\u00e1bado em Verdoejo<\/title>\n<meta name=\"description\" content=\"VALEN\u00c7A: Filme concerto sobre rios no s\u00e1bado em Verdoejo.\" \/>\n<meta name=\"robots\" content=\"index, follow, max-snippet:-1, max-image-preview:large, max-video-preview:-1\" \/>\n<link rel=\"canonical\" href=\"https:\/\/www.altominho.tv\/site\/2025\/09\/16\/valenca-verdoejo-cultura-filme\/\" \/>\n<meta property=\"og:locale\" content=\"pt_PT\" \/>\n<meta property=\"og:type\" content=\"article\" \/>\n<meta property=\"og:title\" content=\"Filme concerto sobre rios no s\u00e1bado em Verdoejo\" \/>\n<meta property=\"og:description\" content=\"VALEN\u00c7A: Filme concerto sobre rios no s\u00e1bado em Verdoejo.\" \/>\n<meta property=\"og:url\" content=\"https:\/\/www.altominho.tv\/site\/2025\/09\/16\/valenca-verdoejo-cultura-filme\/\" \/>\n<meta property=\"og:site_name\" content=\"Altominho.tv\" \/>\n<meta property=\"article:publisher\" content=\"https:\/\/www.facebook.com\/altominhotv\" \/>\n<meta property=\"article:published_time\" content=\"2025-09-16T13:49:04+00:00\" \/>\n<meta property=\"article:modified_time\" content=\"2025-09-16T13:49:08+00:00\" \/>\n<meta property=\"og:image\" content=\"https:\/\/www.altominho.tv\/site\/wp-content\/uploads\/2025\/09\/filme-concerto-valenca-740x389-1.jpg\" \/>\n\t<meta property=\"og:image:width\" content=\"740\" \/>\n\t<meta property=\"og:image:height\" content=\"389\" \/>\n\t<meta property=\"og:image:type\" content=\"image\/jpeg\" \/>\n<meta name=\"author\" content=\"Andreia Cunha\" \/>\n<meta name=\"twitter:card\" content=\"summary_large_image\" \/>\n<meta name=\"twitter:creator\" content=\"@altominhoTV\" \/>\n<meta name=\"twitter:site\" content=\"@altominhoTV\" \/>\n<meta name=\"twitter:label1\" content=\"Escrito por\" \/>\n\t<meta name=\"twitter:data1\" content=\"Andreia Cunha\" \/>\n\t<meta name=\"twitter:label2\" content=\"Tempo estimado de leitura\" \/>\n\t<meta name=\"twitter:data2\" content=\"1 minuto\" \/>\n<script type=\"application\/ld+json\" class=\"yoast-schema-graph\">{\"@context\":\"https:\\\/\\\/schema.org\",\"@graph\":[{\"@type\":\"Article\",\"@id\":\"https:\\\/\\\/www.altominho.tv\\\/site\\\/2025\\\/09\\\/16\\\/valenca-verdoejo-cultura-filme\\\/#article\",\"isPartOf\":{\"@id\":\"https:\\\/\\\/www.altominho.tv\\\/site\\\/2025\\\/09\\\/16\\\/valenca-verdoejo-cultura-filme\\\/\"},\"author\":{\"name\":\"Andreia Cunha\",\"@id\":\"https:\\\/\\\/www.altominho.tv\\\/site\\\/#\\\/schema\\\/person\\\/a0e4ef6d041f98ca284393d8f1d97153\"},\"headline\":\"Filme concerto sobre rios no s\u00e1bado em Verdoejo\",\"datePublished\":\"2025-09-16T13:49:04+00:00\",\"dateModified\":\"2025-09-16T13:49:08+00:00\",\"mainEntityOfPage\":{\"@id\":\"https:\\\/\\\/www.altominho.tv\\\/site\\\/2025\\\/09\\\/16\\\/valenca-verdoejo-cultura-filme\\\/\"},\"wordCount\":144,\"image\":{\"@id\":\"https:\\\/\\\/www.altominho.tv\\\/site\\\/2025\\\/09\\\/16\\\/valenca-verdoejo-cultura-filme\\\/#primaryimage\"},\"thumbnailUrl\":\"https:\\\/\\\/www.altominho.tv\\\/site\\\/wp-content\\\/uploads\\\/2025\\\/09\\\/filme-concerto-valenca-740x389-1.jpg\",\"keywords\":[\"Cultura\",\"Lazer\"],\"articleSection\":[\"Valen\u00e7a\"],\"inLanguage\":\"pt-PT\",\"copyrightYear\":\"2025\",\"copyrightHolder\":{\"@id\":\"https:\\\/\\\/www.altominho.tv\\\/site\\\/#organization\"}},{\"@type\":\"WebPage\",\"@id\":\"https:\\\/\\\/www.altominho.tv\\\/site\\\/2025\\\/09\\\/16\\\/valenca-verdoejo-cultura-filme\\\/\",\"url\":\"https:\\\/\\\/www.altominho.tv\\\/site\\\/2025\\\/09\\\/16\\\/valenca-verdoejo-cultura-filme\\\/\",\"name\":\"Filme concerto sobre rios no s\u00e1bado em Verdoejo\",\"isPartOf\":{\"@id\":\"https:\\\/\\\/www.altominho.tv\\\/site\\\/#website\"},\"primaryImageOfPage\":{\"@id\":\"https:\\\/\\\/www.altominho.tv\\\/site\\\/2025\\\/09\\\/16\\\/valenca-verdoejo-cultura-filme\\\/#primaryimage\"},\"image\":{\"@id\":\"https:\\\/\\\/www.altominho.tv\\\/site\\\/2025\\\/09\\\/16\\\/valenca-verdoejo-cultura-filme\\\/#primaryimage\"},\"thumbnailUrl\":\"https:\\\/\\\/www.altominho.tv\\\/site\\\/wp-content\\\/uploads\\\/2025\\\/09\\\/filme-concerto-valenca-740x389-1.jpg\",\"datePublished\":\"2025-09-16T13:49:04+00:00\",\"dateModified\":\"2025-09-16T13:49:08+00:00\",\"author\":{\"@id\":\"https:\\\/\\\/www.altominho.tv\\\/site\\\/#\\\/schema\\\/person\\\/a0e4ef6d041f98ca284393d8f1d97153\"},\"description\":\"VALEN\u00c7A: Filme concerto sobre rios no s\u00e1bado em Verdoejo.\",\"breadcrumb\":{\"@id\":\"https:\\\/\\\/www.altominho.tv\\\/site\\\/2025\\\/09\\\/16\\\/valenca-verdoejo-cultura-filme\\\/#breadcrumb\"},\"inLanguage\":\"pt-PT\",\"potentialAction\":[{\"@type\":\"ReadAction\",\"target\":[\"https:\\\/\\\/www.altominho.tv\\\/site\\\/2025\\\/09\\\/16\\\/valenca-verdoejo-cultura-filme\\\/\"]}]},{\"@type\":\"ImageObject\",\"inLanguage\":\"pt-PT\",\"@id\":\"https:\\\/\\\/www.altominho.tv\\\/site\\\/2025\\\/09\\\/16\\\/valenca-verdoejo-cultura-filme\\\/#primaryimage\",\"url\":\"https:\\\/\\\/www.altominho.tv\\\/site\\\/wp-content\\\/uploads\\\/2025\\\/09\\\/filme-concerto-valenca-740x389-1.jpg\",\"contentUrl\":\"https:\\\/\\\/www.altominho.tv\\\/site\\\/wp-content\\\/uploads\\\/2025\\\/09\\\/filme-concerto-valenca-740x389-1.jpg\",\"width\":740,\"height\":389},{\"@type\":\"BreadcrumbList\",\"@id\":\"https:\\\/\\\/www.altominho.tv\\\/site\\\/2025\\\/09\\\/16\\\/valenca-verdoejo-cultura-filme\\\/#breadcrumb\",\"itemListElement\":[{\"@type\":\"ListItem\",\"position\":1,\"name\":\"In\u00edcio\",\"item\":\"https:\\\/\\\/www.altominho.tv\\\/site\\\/\"},{\"@type\":\"ListItem\",\"position\":2,\"name\":\"Filme concerto sobre rios no s\u00e1bado em Verdoejo\"}]},{\"@type\":\"WebSite\",\"@id\":\"https:\\\/\\\/www.altominho.tv\\\/site\\\/#website\",\"url\":\"https:\\\/\\\/www.altominho.tv\\\/site\\\/\",\"name\":\"Altominho.tv\",\"description\":\"A sua regi\u00e3o \u00e0 dist\u00e2ncia de um clique...\",\"potentialAction\":[{\"@type\":\"SearchAction\",\"target\":{\"@type\":\"EntryPoint\",\"urlTemplate\":\"https:\\\/\\\/www.altominho.tv\\\/site\\\/?s={search_term_string}\"},\"query-input\":{\"@type\":\"PropertyValueSpecification\",\"valueRequired\":true,\"valueName\":\"search_term_string\"}}],\"inLanguage\":\"pt-PT\"},{\"@type\":\"Person\",\"@id\":\"https:\\\/\\\/www.altominho.tv\\\/site\\\/#\\\/schema\\\/person\\\/a0e4ef6d041f98ca284393d8f1d97153\",\"name\":\"Andreia Cunha\",\"image\":{\"@type\":\"ImageObject\",\"inLanguage\":\"pt-PT\",\"@id\":\"https:\\\/\\\/www.altominho.tv\\\/site\\\/wp-content\\\/uploads\\\/2017\\\/11\\\/Andreia_Cunha-1-150x150.jpg\",\"url\":\"https:\\\/\\\/www.altominho.tv\\\/site\\\/wp-content\\\/uploads\\\/2017\\\/11\\\/Andreia_Cunha-1-150x150.jpg\",\"contentUrl\":\"https:\\\/\\\/www.altominho.tv\\\/site\\\/wp-content\\\/uploads\\\/2017\\\/11\\\/Andreia_Cunha-1-150x150.jpg\",\"caption\":\"Andreia Cunha\"},\"url\":\"https:\\\/\\\/www.altominho.tv\\\/site\\\/author\\\/andreiacunha\\\/\"}]}<\/script>\n<!-- \/ Yoast SEO Premium plugin. -->","yoast_head_json":{"title":"Filme concerto sobre rios no s\u00e1bado em Verdoejo","description":"VALEN\u00c7A: Filme concerto sobre rios no s\u00e1bado em Verdoejo.","robots":{"index":"index","follow":"follow","max-snippet":"max-snippet:-1","max-image-preview":"max-image-preview:large","max-video-preview":"max-video-preview:-1"},"canonical":"https:\/\/www.altominho.tv\/site\/2025\/09\/16\/valenca-verdoejo-cultura-filme\/","og_locale":"pt_PT","og_type":"article","og_title":"Filme concerto sobre rios no s\u00e1bado em Verdoejo","og_description":"VALEN\u00c7A: Filme concerto sobre rios no s\u00e1bado em Verdoejo.","og_url":"https:\/\/www.altominho.tv\/site\/2025\/09\/16\/valenca-verdoejo-cultura-filme\/","og_site_name":"Altominho.tv","article_publisher":"https:\/\/www.facebook.com\/altominhotv","article_published_time":"2025-09-16T13:49:04+00:00","article_modified_time":"2025-09-16T13:49:08+00:00","og_image":[{"width":740,"height":389,"url":"https:\/\/www.altominho.tv\/site\/wp-content\/uploads\/2025\/09\/filme-concerto-valenca-740x389-1.jpg","type":"image\/jpeg"}],"author":"Andreia Cunha","twitter_card":"summary_large_image","twitter_creator":"@altominhoTV","twitter_site":"@altominhoTV","twitter_misc":{"Escrito por":"Andreia Cunha","Tempo estimado de leitura":"1 minuto"},"schema":{"@context":"https:\/\/schema.org","@graph":[{"@type":"Article","@id":"https:\/\/www.altominho.tv\/site\/2025\/09\/16\/valenca-verdoejo-cultura-filme\/#article","isPartOf":{"@id":"https:\/\/www.altominho.tv\/site\/2025\/09\/16\/valenca-verdoejo-cultura-filme\/"},"author":{"name":"Andreia Cunha","@id":"https:\/\/www.altominho.tv\/site\/#\/schema\/person\/a0e4ef6d041f98ca284393d8f1d97153"},"headline":"Filme concerto sobre rios no s\u00e1bado em Verdoejo","datePublished":"2025-09-16T13:49:04+00:00","dateModified":"2025-09-16T13:49:08+00:00","mainEntityOfPage":{"@id":"https:\/\/www.altominho.tv\/site\/2025\/09\/16\/valenca-verdoejo-cultura-filme\/"},"wordCount":144,"image":{"@id":"https:\/\/www.altominho.tv\/site\/2025\/09\/16\/valenca-verdoejo-cultura-filme\/#primaryimage"},"thumbnailUrl":"https:\/\/www.altominho.tv\/site\/wp-content\/uploads\/2025\/09\/filme-concerto-valenca-740x389-1.jpg","keywords":["Cultura","Lazer"],"articleSection":["Valen\u00e7a"],"inLanguage":"pt-PT","copyrightYear":"2025","copyrightHolder":{"@id":"https:\/\/www.altominho.tv\/site\/#organization"}},{"@type":"WebPage","@id":"https:\/\/www.altominho.tv\/site\/2025\/09\/16\/valenca-verdoejo-cultura-filme\/","url":"https:\/\/www.altominho.tv\/site\/2025\/09\/16\/valenca-verdoejo-cultura-filme\/","name":"Filme concerto sobre rios no s\u00e1bado em Verdoejo","isPartOf":{"@id":"https:\/\/www.altominho.tv\/site\/#website"},"primaryImageOfPage":{"@id":"https:\/\/www.altominho.tv\/site\/2025\/09\/16\/valenca-verdoejo-cultura-filme\/#primaryimage"},"image":{"@id":"https:\/\/www.altominho.tv\/site\/2025\/09\/16\/valenca-verdoejo-cultura-filme\/#primaryimage"},"thumbnailUrl":"https:\/\/www.altominho.tv\/site\/wp-content\/uploads\/2025\/09\/filme-concerto-valenca-740x389-1.jpg","datePublished":"2025-09-16T13:49:04+00:00","dateModified":"2025-09-16T13:49:08+00:00","author":{"@id":"https:\/\/www.altominho.tv\/site\/#\/schema\/person\/a0e4ef6d041f98ca284393d8f1d97153"},"description":"VALEN\u00c7A: Filme concerto sobre rios no s\u00e1bado em Verdoejo.","breadcrumb":{"@id":"https:\/\/www.altominho.tv\/site\/2025\/09\/16\/valenca-verdoejo-cultura-filme\/#breadcrumb"},"inLanguage":"pt-PT","potentialAction":[{"@type":"ReadAction","target":["https:\/\/www.altominho.tv\/site\/2025\/09\/16\/valenca-verdoejo-cultura-filme\/"]}]},{"@type":"ImageObject","inLanguage":"pt-PT","@id":"https:\/\/www.altominho.tv\/site\/2025\/09\/16\/valenca-verdoejo-cultura-filme\/#primaryimage","url":"https:\/\/www.altominho.tv\/site\/wp-content\/uploads\/2025\/09\/filme-concerto-valenca-740x389-1.jpg","contentUrl":"https:\/\/www.altominho.tv\/site\/wp-content\/uploads\/2025\/09\/filme-concerto-valenca-740x389-1.jpg","width":740,"height":389},{"@type":"BreadcrumbList","@id":"https:\/\/www.altominho.tv\/site\/2025\/09\/16\/valenca-verdoejo-cultura-filme\/#breadcrumb","itemListElement":[{"@type":"ListItem","position":1,"name":"In\u00edcio","item":"https:\/\/www.altominho.tv\/site\/"},{"@type":"ListItem","position":2,"name":"Filme concerto sobre rios no s\u00e1bado em Verdoejo"}]},{"@type":"WebSite","@id":"https:\/\/www.altominho.tv\/site\/#website","url":"https:\/\/www.altominho.tv\/site\/","name":"Altominho.tv","description":"A sua regi\u00e3o \u00e0 dist\u00e2ncia de um clique...","potentialAction":[{"@type":"SearchAction","target":{"@type":"EntryPoint","urlTemplate":"https:\/\/www.altominho.tv\/site\/?s={search_term_string}"},"query-input":{"@type":"PropertyValueSpecification","valueRequired":true,"valueName":"search_term_string"}}],"inLanguage":"pt-PT"},{"@type":"Person","@id":"https:\/\/www.altominho.tv\/site\/#\/schema\/person\/a0e4ef6d041f98ca284393d8f1d97153","name":"Andreia Cunha","image":{"@type":"ImageObject","inLanguage":"pt-PT","@id":"https:\/\/www.altominho.tv\/site\/wp-content\/uploads\/2017\/11\/Andreia_Cunha-1-150x150.jpg","url":"https:\/\/www.altominho.tv\/site\/wp-content\/uploads\/2017\/11\/Andreia_Cunha-1-150x150.jpg","contentUrl":"https:\/\/www.altominho.tv\/site\/wp-content\/uploads\/2017\/11\/Andreia_Cunha-1-150x150.jpg","caption":"Andreia Cunha"},"url":"https:\/\/www.altominho.tv\/site\/author\/andreiacunha\/"}]}},"_links":{"self":[{"href":"https:\/\/www.altominho.tv\/site\/wp-json\/wp\/v2\/posts\/123002","targetHints":{"allow":["GET"]}}],"collection":[{"href":"https:\/\/www.altominho.tv\/site\/wp-json\/wp\/v2\/posts"}],"about":[{"href":"https:\/\/www.altominho.tv\/site\/wp-json\/wp\/v2\/types\/post"}],"author":[{"embeddable":true,"href":"https:\/\/www.altominho.tv\/site\/wp-json\/wp\/v2\/users\/7"}],"replies":[{"embeddable":true,"href":"https:\/\/www.altominho.tv\/site\/wp-json\/wp\/v2\/comments?post=123002"}],"version-history":[{"count":1,"href":"https:\/\/www.altominho.tv\/site\/wp-json\/wp\/v2\/posts\/123002\/revisions"}],"predecessor-version":[{"id":123005,"href":"https:\/\/www.altominho.tv\/site\/wp-json\/wp\/v2\/posts\/123002\/revisions\/123005"}],"wp:featuredmedia":[{"embeddable":true,"href":"https:\/\/www.altominho.tv\/site\/wp-json\/wp\/v2\/media\/123004"}],"wp:attachment":[{"href":"https:\/\/www.altominho.tv\/site\/wp-json\/wp\/v2\/media?parent=123002"}],"wp:term":[{"taxonomy":"category","embeddable":true,"href":"https:\/\/www.altominho.tv\/site\/wp-json\/wp\/v2\/categories?post=123002"},{"taxonomy":"post_tag","embeddable":true,"href":"https:\/\/www.altominho.tv\/site\/wp-json\/wp\/v2\/tags?post=123002"}],"curies":[{"name":"wp","href":"https:\/\/api.w.org\/{rel}","templated":true}]}}