{"id":122989,"date":"2025-09-16T12:03:16","date_gmt":"2025-09-16T11:03:16","guid":{"rendered":"https:\/\/www.altominho.tv\/site\/?p=122989"},"modified":"2025-09-16T12:03:20","modified_gmt":"2025-09-16T11:03:20","slug":"caminha-argela-incubadora-cowork","status":"publish","type":"post","link":"https:\/\/www.altominho.tv\/site\/2025\/09\/16\/caminha-argela-incubadora-cowork\/","title":{"rendered":"Incubadora Verde de Argela acolhe empreendedores e atividades de cowork"},"content":{"rendered":"\n<p>O Munic\u00edpio de Caminha em coopera\u00e7\u00e3o com o Coworking da Quinta da Quinhas, est\u00e1 a desenvolver &#8220;uma s\u00e9rie de atividades na Incubadora Verde de Argela com o objetivo de conhecer melhor o perfil e necessidades de quem empreende na nossa regi\u00e3o&#8221;, deu nota a autarquia.<\/p>\n\n\n\n<p>Neste sentido &#8220;j\u00e1 est\u00e3o a ser realizados dias de cowork, abertos \u00e0 comunidade, desde o dia 3 de setembro, com o nome de &#8220;Pop Up Coworking&#8221;.<\/p>\n\n\n\n<p>Tamb\u00e9m ser\u00e1 realizado um brunch para empreendedores, no dia 20 de setembro, &#8220;proporcionando momentos e din\u00e2micas que impulsionar\u00e3o ideias e, por fim, no dia 24 de setembro, ser\u00e1 realizado um encontro aberto \u00e0 comunidade, que integrar\u00e1 um momento de enquadramento institucional do projeto, um painel de reflex\u00e3o e discuss\u00e3o com tr\u00eas oradores convidados e breves apresenta\u00e7\u00f5es de ideias de neg\u00f3cio e projetos empreendedores da regi\u00e3o&#8221;.<\/p>\n","protected":false},"excerpt":{"rendered":"<p>O Munic\u00edpio de Caminha em coopera\u00e7\u00e3o com o Coworking da Quinta da Quinhas, est\u00e1 a desenvolver &#8220;uma s\u00e9rie de atividades na Incubadora Verde de Argela com o objetivo de conhecer melhor o perfil e necessidades de quem empreende na nossa regi\u00e3o&#8221;, deu nota a autarquia. Neste sentido &#8220;j\u00e1 est\u00e3o a ser realizados dias de cowork, [&hellip;]<\/p>\n","protected":false},"author":7,"featured_media":122990,"comment_status":"closed","ping_status":"closed","sticky":false,"template":"","format":"standard","meta":{"_exactmetrics_skip_tracking":false,"_exactmetrics_sitenote_active":false,"_exactmetrics_sitenote_note":"","_exactmetrics_sitenote_category":0,"footnotes":""},"categories":[7],"tags":[27],"class_list":["post-122989","post","type-post","status-publish","format-standard","has-post-thumbnail","hentry","category-caminha","tag-sociedade"],"yoast_head":"<!-- This site is optimized with the Yoast SEO Premium plugin v27.5 (Yoast SEO v27.5) - https:\/\/yoast.com\/product\/yoast-seo-premium-wordpress\/ -->\n<title>Incubadora Verde de Argela acolhe empreendedores e atividades de cowork<\/title>\n<meta name=\"description\" content=\"A incubadora Verde de Argela, no concelho de Caminha, vai acolher empreendedores e atividades de cowork.\" \/>\n<meta name=\"robots\" content=\"index, follow, max-snippet:-1, max-image-preview:large, max-video-preview:-1\" \/>\n<link rel=\"canonical\" href=\"https:\/\/www.altominho.tv\/site\/2025\/09\/16\/caminha-argela-incubadora-cowork\/\" \/>\n<meta property=\"og:locale\" content=\"pt_PT\" \/>\n<meta property=\"og:type\" content=\"article\" \/>\n<meta property=\"og:title\" content=\"Incubadora Verde de Argela acolhe empreendedores e atividades de cowork\" \/>\n<meta property=\"og:description\" content=\"A incubadora Verde de Argela, no concelho de Caminha, vai acolher empreendedores e atividades de cowork.\" \/>\n<meta property=\"og:url\" content=\"https:\/\/www.altominho.tv\/site\/2025\/09\/16\/caminha-argela-incubadora-cowork\/\" \/>\n<meta property=\"og:site_name\" content=\"Altominho.tv\" \/>\n<meta property=\"article:publisher\" content=\"https:\/\/www.facebook.com\/altominhotv\" \/>\n<meta property=\"article:published_time\" content=\"2025-09-16T11:03:16+00:00\" \/>\n<meta property=\"article:modified_time\" content=\"2025-09-16T11:03:20+00:00\" \/>\n<meta property=\"og:image\" content=\"https:\/\/www.altominho.tv\/site\/wp-content\/uploads\/2025\/09\/cowork.png\" \/>\n\t<meta property=\"og:image:width\" content=\"1200\" \/>\n\t<meta property=\"og:image:height\" content=\"630\" \/>\n\t<meta property=\"og:image:type\" content=\"image\/png\" \/>\n<meta name=\"author\" content=\"Andreia Cunha\" \/>\n<meta name=\"twitter:card\" content=\"summary_large_image\" \/>\n<meta name=\"twitter:creator\" content=\"@altominhoTV\" \/>\n<meta name=\"twitter:site\" content=\"@altominhoTV\" \/>\n<meta name=\"twitter:label1\" content=\"Escrito por\" \/>\n\t<meta name=\"twitter:data1\" content=\"Andreia Cunha\" \/>\n\t<meta name=\"twitter:label2\" content=\"Tempo estimado de leitura\" \/>\n\t<meta name=\"twitter:data2\" content=\"1 minuto\" \/>\n<script type=\"application\/ld+json\" class=\"yoast-schema-graph\">{\"@context\":\"https:\\\/\\\/schema.org\",\"@graph\":[{\"@type\":\"Article\",\"@id\":\"https:\\\/\\\/www.altominho.tv\\\/site\\\/2025\\\/09\\\/16\\\/caminha-argela-incubadora-cowork\\\/#article\",\"isPartOf\":{\"@id\":\"https:\\\/\\\/www.altominho.tv\\\/site\\\/2025\\\/09\\\/16\\\/caminha-argela-incubadora-cowork\\\/\"},\"author\":{\"name\":\"Andreia Cunha\",\"@id\":\"https:\\\/\\\/www.altominho.tv\\\/site\\\/#\\\/schema\\\/person\\\/a0e4ef6d041f98ca284393d8f1d97153\"},\"headline\":\"Incubadora Verde de Argela acolhe empreendedores e atividades de cowork\",\"datePublished\":\"2025-09-16T11:03:16+00:00\",\"dateModified\":\"2025-09-16T11:03:20+00:00\",\"mainEntityOfPage\":{\"@id\":\"https:\\\/\\\/www.altominho.tv\\\/site\\\/2025\\\/09\\\/16\\\/caminha-argela-incubadora-cowork\\\/\"},\"wordCount\":155,\"image\":{\"@id\":\"https:\\\/\\\/www.altominho.tv\\\/site\\\/2025\\\/09\\\/16\\\/caminha-argela-incubadora-cowork\\\/#primaryimage\"},\"thumbnailUrl\":\"https:\\\/\\\/www.altominho.tv\\\/site\\\/wp-content\\\/uploads\\\/2025\\\/09\\\/cowork.png\",\"keywords\":[\"Sociedade\"],\"articleSection\":[\"Caminha\"],\"inLanguage\":\"pt-PT\",\"copyrightYear\":\"2025\",\"copyrightHolder\":{\"@id\":\"https:\\\/\\\/www.altominho.tv\\\/site\\\/#organization\"}},{\"@type\":\"WebPage\",\"@id\":\"https:\\\/\\\/www.altominho.tv\\\/site\\\/2025\\\/09\\\/16\\\/caminha-argela-incubadora-cowork\\\/\",\"url\":\"https:\\\/\\\/www.altominho.tv\\\/site\\\/2025\\\/09\\\/16\\\/caminha-argela-incubadora-cowork\\\/\",\"name\":\"Incubadora Verde de Argela acolhe empreendedores e atividades de cowork\",\"isPartOf\":{\"@id\":\"https:\\\/\\\/www.altominho.tv\\\/site\\\/#website\"},\"primaryImageOfPage\":{\"@id\":\"https:\\\/\\\/www.altominho.tv\\\/site\\\/2025\\\/09\\\/16\\\/caminha-argela-incubadora-cowork\\\/#primaryimage\"},\"image\":{\"@id\":\"https:\\\/\\\/www.altominho.tv\\\/site\\\/2025\\\/09\\\/16\\\/caminha-argela-incubadora-cowork\\\/#primaryimage\"},\"thumbnailUrl\":\"https:\\\/\\\/www.altominho.tv\\\/site\\\/wp-content\\\/uploads\\\/2025\\\/09\\\/cowork.png\",\"datePublished\":\"2025-09-16T11:03:16+00:00\",\"dateModified\":\"2025-09-16T11:03:20+00:00\",\"author\":{\"@id\":\"https:\\\/\\\/www.altominho.tv\\\/site\\\/#\\\/schema\\\/person\\\/a0e4ef6d041f98ca284393d8f1d97153\"},\"description\":\"A incubadora Verde de Argela, no concelho de Caminha, vai acolher empreendedores e atividades de cowork.\",\"breadcrumb\":{\"@id\":\"https:\\\/\\\/www.altominho.tv\\\/site\\\/2025\\\/09\\\/16\\\/caminha-argela-incubadora-cowork\\\/#breadcrumb\"},\"inLanguage\":\"pt-PT\",\"potentialAction\":[{\"@type\":\"ReadAction\",\"target\":[\"https:\\\/\\\/www.altominho.tv\\\/site\\\/2025\\\/09\\\/16\\\/caminha-argela-incubadora-cowork\\\/\"]}]},{\"@type\":\"ImageObject\",\"inLanguage\":\"pt-PT\",\"@id\":\"https:\\\/\\\/www.altominho.tv\\\/site\\\/2025\\\/09\\\/16\\\/caminha-argela-incubadora-cowork\\\/#primaryimage\",\"url\":\"https:\\\/\\\/www.altominho.tv\\\/site\\\/wp-content\\\/uploads\\\/2025\\\/09\\\/cowork.png\",\"contentUrl\":\"https:\\\/\\\/www.altominho.tv\\\/site\\\/wp-content\\\/uploads\\\/2025\\\/09\\\/cowork.png\",\"width\":1200,\"height\":630},{\"@type\":\"BreadcrumbList\",\"@id\":\"https:\\\/\\\/www.altominho.tv\\\/site\\\/2025\\\/09\\\/16\\\/caminha-argela-incubadora-cowork\\\/#breadcrumb\",\"itemListElement\":[{\"@type\":\"ListItem\",\"position\":1,\"name\":\"In\u00edcio\",\"item\":\"https:\\\/\\\/www.altominho.tv\\\/site\\\/\"},{\"@type\":\"ListItem\",\"position\":2,\"name\":\"Incubadora Verde de Argela acolhe empreendedores e atividades de cowork\"}]},{\"@type\":\"WebSite\",\"@id\":\"https:\\\/\\\/www.altominho.tv\\\/site\\\/#website\",\"url\":\"https:\\\/\\\/www.altominho.tv\\\/site\\\/\",\"name\":\"Altominho.tv\",\"description\":\"A sua regi\u00e3o \u00e0 dist\u00e2ncia de um clique...\",\"potentialAction\":[{\"@type\":\"SearchAction\",\"target\":{\"@type\":\"EntryPoint\",\"urlTemplate\":\"https:\\\/\\\/www.altominho.tv\\\/site\\\/?s={search_term_string}\"},\"query-input\":{\"@type\":\"PropertyValueSpecification\",\"valueRequired\":true,\"valueName\":\"search_term_string\"}}],\"inLanguage\":\"pt-PT\"},{\"@type\":\"Person\",\"@id\":\"https:\\\/\\\/www.altominho.tv\\\/site\\\/#\\\/schema\\\/person\\\/a0e4ef6d041f98ca284393d8f1d97153\",\"name\":\"Andreia Cunha\",\"image\":{\"@type\":\"ImageObject\",\"inLanguage\":\"pt-PT\",\"@id\":\"https:\\\/\\\/www.altominho.tv\\\/site\\\/wp-content\\\/uploads\\\/2017\\\/11\\\/Andreia_Cunha-1-150x150.jpg\",\"url\":\"https:\\\/\\\/www.altominho.tv\\\/site\\\/wp-content\\\/uploads\\\/2017\\\/11\\\/Andreia_Cunha-1-150x150.jpg\",\"contentUrl\":\"https:\\\/\\\/www.altominho.tv\\\/site\\\/wp-content\\\/uploads\\\/2017\\\/11\\\/Andreia_Cunha-1-150x150.jpg\",\"caption\":\"Andreia Cunha\"},\"url\":\"https:\\\/\\\/www.altominho.tv\\\/site\\\/author\\\/andreiacunha\\\/\"}]}<\/script>\n<!-- \/ Yoast SEO Premium plugin. -->","yoast_head_json":{"title":"Incubadora Verde de Argela acolhe empreendedores e atividades de cowork","description":"A incubadora Verde de Argela, no concelho de Caminha, vai acolher empreendedores e atividades de cowork.","robots":{"index":"index","follow":"follow","max-snippet":"max-snippet:-1","max-image-preview":"max-image-preview:large","max-video-preview":"max-video-preview:-1"},"canonical":"https:\/\/www.altominho.tv\/site\/2025\/09\/16\/caminha-argela-incubadora-cowork\/","og_locale":"pt_PT","og_type":"article","og_title":"Incubadora Verde de Argela acolhe empreendedores e atividades de cowork","og_description":"A incubadora Verde de Argela, no concelho de Caminha, vai acolher empreendedores e atividades de cowork.","og_url":"https:\/\/www.altominho.tv\/site\/2025\/09\/16\/caminha-argela-incubadora-cowork\/","og_site_name":"Altominho.tv","article_publisher":"https:\/\/www.facebook.com\/altominhotv","article_published_time":"2025-09-16T11:03:16+00:00","article_modified_time":"2025-09-16T11:03:20+00:00","og_image":[{"width":1200,"height":630,"url":"https:\/\/www.altominho.tv\/site\/wp-content\/uploads\/2025\/09\/cowork.png","type":"image\/png"}],"author":"Andreia Cunha","twitter_card":"summary_large_image","twitter_creator":"@altominhoTV","twitter_site":"@altominhoTV","twitter_misc":{"Escrito por":"Andreia Cunha","Tempo estimado de leitura":"1 minuto"},"schema":{"@context":"https:\/\/schema.org","@graph":[{"@type":"Article","@id":"https:\/\/www.altominho.tv\/site\/2025\/09\/16\/caminha-argela-incubadora-cowork\/#article","isPartOf":{"@id":"https:\/\/www.altominho.tv\/site\/2025\/09\/16\/caminha-argela-incubadora-cowork\/"},"author":{"name":"Andreia Cunha","@id":"https:\/\/www.altominho.tv\/site\/#\/schema\/person\/a0e4ef6d041f98ca284393d8f1d97153"},"headline":"Incubadora Verde de Argela acolhe empreendedores e atividades de cowork","datePublished":"2025-09-16T11:03:16+00:00","dateModified":"2025-09-16T11:03:20+00:00","mainEntityOfPage":{"@id":"https:\/\/www.altominho.tv\/site\/2025\/09\/16\/caminha-argela-incubadora-cowork\/"},"wordCount":155,"image":{"@id":"https:\/\/www.altominho.tv\/site\/2025\/09\/16\/caminha-argela-incubadora-cowork\/#primaryimage"},"thumbnailUrl":"https:\/\/www.altominho.tv\/site\/wp-content\/uploads\/2025\/09\/cowork.png","keywords":["Sociedade"],"articleSection":["Caminha"],"inLanguage":"pt-PT","copyrightYear":"2025","copyrightHolder":{"@id":"https:\/\/www.altominho.tv\/site\/#organization"}},{"@type":"WebPage","@id":"https:\/\/www.altominho.tv\/site\/2025\/09\/16\/caminha-argela-incubadora-cowork\/","url":"https:\/\/www.altominho.tv\/site\/2025\/09\/16\/caminha-argela-incubadora-cowork\/","name":"Incubadora Verde de Argela acolhe empreendedores e atividades de cowork","isPartOf":{"@id":"https:\/\/www.altominho.tv\/site\/#website"},"primaryImageOfPage":{"@id":"https:\/\/www.altominho.tv\/site\/2025\/09\/16\/caminha-argela-incubadora-cowork\/#primaryimage"},"image":{"@id":"https:\/\/www.altominho.tv\/site\/2025\/09\/16\/caminha-argela-incubadora-cowork\/#primaryimage"},"thumbnailUrl":"https:\/\/www.altominho.tv\/site\/wp-content\/uploads\/2025\/09\/cowork.png","datePublished":"2025-09-16T11:03:16+00:00","dateModified":"2025-09-16T11:03:20+00:00","author":{"@id":"https:\/\/www.altominho.tv\/site\/#\/schema\/person\/a0e4ef6d041f98ca284393d8f1d97153"},"description":"A incubadora Verde de Argela, no concelho de Caminha, vai acolher empreendedores e atividades de cowork.","breadcrumb":{"@id":"https:\/\/www.altominho.tv\/site\/2025\/09\/16\/caminha-argela-incubadora-cowork\/#breadcrumb"},"inLanguage":"pt-PT","potentialAction":[{"@type":"ReadAction","target":["https:\/\/www.altominho.tv\/site\/2025\/09\/16\/caminha-argela-incubadora-cowork\/"]}]},{"@type":"ImageObject","inLanguage":"pt-PT","@id":"https:\/\/www.altominho.tv\/site\/2025\/09\/16\/caminha-argela-incubadora-cowork\/#primaryimage","url":"https:\/\/www.altominho.tv\/site\/wp-content\/uploads\/2025\/09\/cowork.png","contentUrl":"https:\/\/www.altominho.tv\/site\/wp-content\/uploads\/2025\/09\/cowork.png","width":1200,"height":630},{"@type":"BreadcrumbList","@id":"https:\/\/www.altominho.tv\/site\/2025\/09\/16\/caminha-argela-incubadora-cowork\/#breadcrumb","itemListElement":[{"@type":"ListItem","position":1,"name":"In\u00edcio","item":"https:\/\/www.altominho.tv\/site\/"},{"@type":"ListItem","position":2,"name":"Incubadora Verde de Argela acolhe empreendedores e atividades de cowork"}]},{"@type":"WebSite","@id":"https:\/\/www.altominho.tv\/site\/#website","url":"https:\/\/www.altominho.tv\/site\/","name":"Altominho.tv","description":"A sua regi\u00e3o \u00e0 dist\u00e2ncia de um clique...","potentialAction":[{"@type":"SearchAction","target":{"@type":"EntryPoint","urlTemplate":"https:\/\/www.altominho.tv\/site\/?s={search_term_string}"},"query-input":{"@type":"PropertyValueSpecification","valueRequired":true,"valueName":"search_term_string"}}],"inLanguage":"pt-PT"},{"@type":"Person","@id":"https:\/\/www.altominho.tv\/site\/#\/schema\/person\/a0e4ef6d041f98ca284393d8f1d97153","name":"Andreia Cunha","image":{"@type":"ImageObject","inLanguage":"pt-PT","@id":"https:\/\/www.altominho.tv\/site\/wp-content\/uploads\/2017\/11\/Andreia_Cunha-1-150x150.jpg","url":"https:\/\/www.altominho.tv\/site\/wp-content\/uploads\/2017\/11\/Andreia_Cunha-1-150x150.jpg","contentUrl":"https:\/\/www.altominho.tv\/site\/wp-content\/uploads\/2017\/11\/Andreia_Cunha-1-150x150.jpg","caption":"Andreia Cunha"},"url":"https:\/\/www.altominho.tv\/site\/author\/andreiacunha\/"}]}},"_links":{"self":[{"href":"https:\/\/www.altominho.tv\/site\/wp-json\/wp\/v2\/posts\/122989","targetHints":{"allow":["GET"]}}],"collection":[{"href":"https:\/\/www.altominho.tv\/site\/wp-json\/wp\/v2\/posts"}],"about":[{"href":"https:\/\/www.altominho.tv\/site\/wp-json\/wp\/v2\/types\/post"}],"author":[{"embeddable":true,"href":"https:\/\/www.altominho.tv\/site\/wp-json\/wp\/v2\/users\/7"}],"replies":[{"embeddable":true,"href":"https:\/\/www.altominho.tv\/site\/wp-json\/wp\/v2\/comments?post=122989"}],"version-history":[{"count":1,"href":"https:\/\/www.altominho.tv\/site\/wp-json\/wp\/v2\/posts\/122989\/revisions"}],"predecessor-version":[{"id":122991,"href":"https:\/\/www.altominho.tv\/site\/wp-json\/wp\/v2\/posts\/122989\/revisions\/122991"}],"wp:featuredmedia":[{"embeddable":true,"href":"https:\/\/www.altominho.tv\/site\/wp-json\/wp\/v2\/media\/122990"}],"wp:attachment":[{"href":"https:\/\/www.altominho.tv\/site\/wp-json\/wp\/v2\/media?parent=122989"}],"wp:term":[{"taxonomy":"category","embeddable":true,"href":"https:\/\/www.altominho.tv\/site\/wp-json\/wp\/v2\/categories?post=122989"},{"taxonomy":"post_tag","embeddable":true,"href":"https:\/\/www.altominho.tv\/site\/wp-json\/wp\/v2\/tags?post=122989"}],"curies":[{"name":"wp","href":"https:\/\/api.w.org\/{rel}","templated":true}]}}