{"id":122930,"date":"2025-09-15T10:24:41","date_gmt":"2025-09-15T09:24:41","guid":{"rendered":"https:\/\/www.altominho.tv\/site\/?p=122930"},"modified":"2025-09-15T10:24:43","modified_gmt":"2025-09-15T09:24:43","slug":"krisalida-leva-novas-criacoes-e-companhias-nacionais-a-caminha-em-setembro","status":"publish","type":"post","link":"https:\/\/www.altominho.tv\/site\/2025\/09\/15\/krisalida-leva-novas-criacoes-e-companhias-nacionais-a-caminha-em-setembro\/","title":{"rendered":"Kris\u00e1lida leva novas cria\u00e7\u00f5es e companhias nacionais a Caminha em setembro"},"content":{"rendered":"<p data-start=\"166\" data-end=\"331\">A companhia Kris\u00e1lida anunciou a programa\u00e7\u00e3o de setembro no \u00e2mbito do KAAMinho, iniciativa que promove o encontro entre artistas e p\u00fablicos no concelho de Caminha.<\/p>\n<p data-start=\"333\" data-end=\"806\">No dia 27, \u00e0s 21h30, o Valadares, Teatro Municipal de Caminha, recebe o Teatro Est\u00fadio Fontenova, de Set\u00fabal, com <em data-start=\"447\" data-end=\"467\">Qual Estado Na\u00e7\u00e3o?<\/em>, de Lu\u00edsa Monteiro, encenado por Jos\u00e9 Maria Dias, que aborda os ecos do Estado Novo na atualidade. No dia seguinte, 28 de setembro, \u00e0s 16h00, o Cineteatro dos Bombeiros Volunt\u00e1rios de Vila Praia de \u00c2ncora apresenta <em data-start=\"683\" data-end=\"700\">Virar do Avesso<\/em>, da Esta\u00e7\u00e3o Teatral, do Fund\u00e3o, uma cria\u00e7\u00e3o para p\u00fablico infantil e familiar sobre consumo sustent\u00e1vel.<\/p>\n<p data-start=\"808\" data-end=\"978\">Ainda no dia 28, entre as 10h00 e as 12h00, a Biblioteca Municipal de Caminha acolhe a oficina de marionetas <em data-start=\"917\" data-end=\"928\">Orelhudos<\/em>, destinada a crian\u00e7as a partir dos quatro anos.<\/p>\n<p data-start=\"980\" data-end=\"1216\">Em paralelo, a Kris\u00e1lida prepara a estreia da sua nova produ\u00e7\u00e3o, <em data-start=\"1045\" data-end=\"1064\">Caminhos Cruzados<\/em>, marcada para novembro, no Valadares, Teatro Municipal de Caminha. O espet\u00e1culo cruza teatro e cinema e d\u00e1 voz \u00e0s hist\u00f3rias de migrantes do concelho.<\/p>\n<p data-start=\"1218\" data-end=\"1404\">Os bilhetes encontram-se \u00e0 venda nos postos de turismo de Vila Praia de \u00c2ncora e Caminha, com mais informa\u00e7\u00f5es dispon\u00edveis em <a class=\"decorated-link\" href=\"http:\/\/www.krisalida.pt\/akolhe\" target=\"_blank\" rel=\"noopener\" data-start=\"1344\" data-end=\"1401\">www.krisalida.pt\/akolhe<\/a>.<\/p>\n","protected":false},"excerpt":{"rendered":"<p>A companhia Kris\u00e1lida anunciou a programa\u00e7\u00e3o de setembro no \u00e2mbito do KAAMinho, iniciativa que promove o encontro entre artistas e p\u00fablicos no concelho de Caminha. No dia 27, \u00e0s 21h30, o Valadares, Teatro Municipal de Caminha, recebe o Teatro Est\u00fadio Fontenova, de Set\u00fabal, com Qual Estado Na\u00e7\u00e3o?, de Lu\u00edsa Monteiro, encenado por Jos\u00e9 Maria Dias, [&hellip;]<\/p>\n","protected":false},"author":1,"featured_media":122931,"comment_status":"closed","ping_status":"closed","sticky":false,"template":"","format":"standard","meta":{"_exactmetrics_skip_tracking":false,"_exactmetrics_sitenote_active":false,"_exactmetrics_sitenote_note":"","_exactmetrics_sitenote_category":0,"footnotes":""},"categories":[7],"tags":[19],"class_list":["post-122930","post","type-post","status-publish","format-standard","has-post-thumbnail","hentry","category-caminha","tag-cultura"],"yoast_head":"<!-- This site is optimized with the Yoast SEO Premium plugin v27.4 (Yoast SEO v27.4) - https:\/\/yoast.com\/product\/yoast-seo-premium-wordpress\/ -->\n<title>Kris\u00e1lida leva novas cria\u00e7\u00f5es e companhias nacionais a Caminha em setembro<\/title>\n<meta name=\"description\" content=\"A companhia Kris\u00e1lida anunciou a programa\u00e7\u00e3o de setembro no \u00e2mbito do KAAMinho, iniciativa que promove o encontro entre artistas e p\u00fablicos no concelho de Caminha.\" \/>\n<meta name=\"robots\" content=\"index, follow, max-snippet:-1, max-image-preview:large, max-video-preview:-1\" \/>\n<link rel=\"canonical\" href=\"https:\/\/www.altominho.tv\/site\/2025\/09\/15\/krisalida-leva-novas-criacoes-e-companhias-nacionais-a-caminha-em-setembro\/\" \/>\n<meta property=\"og:locale\" content=\"pt_PT\" \/>\n<meta property=\"og:type\" content=\"article\" \/>\n<meta property=\"og:title\" content=\"Kris\u00e1lida leva novas cria\u00e7\u00f5es e companhias nacionais a Caminha em setembro\" \/>\n<meta property=\"og:description\" content=\"A companhia Kris\u00e1lida anunciou a programa\u00e7\u00e3o de setembro no \u00e2mbito do KAAMinho, iniciativa que promove o encontro entre artistas e p\u00fablicos no concelho de Caminha.\" \/>\n<meta property=\"og:url\" content=\"https:\/\/www.altominho.tv\/site\/2025\/09\/15\/krisalida-leva-novas-criacoes-e-companhias-nacionais-a-caminha-em-setembro\/\" \/>\n<meta property=\"og:site_name\" content=\"Altominho.tv\" \/>\n<meta property=\"article:publisher\" content=\"https:\/\/www.facebook.com\/altominhotv\" \/>\n<meta property=\"article:published_time\" content=\"2025-09-15T09:24:41+00:00\" \/>\n<meta property=\"article:modified_time\" content=\"2025-09-15T09:24:43+00:00\" \/>\n<meta property=\"og:image\" content=\"https:\/\/www.altominho.tv\/site\/wp-content\/uploads\/2025\/09\/krisalida.jpg\" \/>\n\t<meta property=\"og:image:width\" content=\"1200\" \/>\n\t<meta property=\"og:image:height\" content=\"630\" \/>\n\t<meta property=\"og:image:type\" content=\"image\/jpeg\" \/>\n<meta name=\"author\" content=\"Altominho.tv\" \/>\n<meta name=\"twitter:card\" content=\"summary_large_image\" \/>\n<meta name=\"twitter:creator\" content=\"@altominhoTV\" \/>\n<meta name=\"twitter:site\" content=\"@altominhoTV\" \/>\n<meta name=\"twitter:label1\" content=\"Escrito por\" \/>\n\t<meta name=\"twitter:data1\" content=\"Altominho.tv\" \/>\n\t<meta name=\"twitter:label2\" content=\"Tempo estimado de leitura\" \/>\n\t<meta name=\"twitter:data2\" content=\"2 minutos\" \/>\n<script type=\"application\/ld+json\" class=\"yoast-schema-graph\">{\"@context\":\"https:\\\/\\\/schema.org\",\"@graph\":[{\"@type\":\"Article\",\"@id\":\"https:\\\/\\\/www.altominho.tv\\\/site\\\/2025\\\/09\\\/15\\\/krisalida-leva-novas-criacoes-e-companhias-nacionais-a-caminha-em-setembro\\\/#article\",\"isPartOf\":{\"@id\":\"https:\\\/\\\/www.altominho.tv\\\/site\\\/2025\\\/09\\\/15\\\/krisalida-leva-novas-criacoes-e-companhias-nacionais-a-caminha-em-setembro\\\/\"},\"author\":{\"name\":\"Altominho.tv\",\"@id\":\"https:\\\/\\\/www.altominho.tv\\\/site\\\/#\\\/schema\\\/person\\\/4e536851627d7914baf3dac752b6af22\"},\"headline\":\"Kris\u00e1lida leva novas cria\u00e7\u00f5es e companhias nacionais a Caminha em setembro\",\"datePublished\":\"2025-09-15T09:24:41+00:00\",\"dateModified\":\"2025-09-15T09:24:43+00:00\",\"mainEntityOfPage\":{\"@id\":\"https:\\\/\\\/www.altominho.tv\\\/site\\\/2025\\\/09\\\/15\\\/krisalida-leva-novas-criacoes-e-companhias-nacionais-a-caminha-em-setembro\\\/\"},\"wordCount\":221,\"image\":{\"@id\":\"https:\\\/\\\/www.altominho.tv\\\/site\\\/2025\\\/09\\\/15\\\/krisalida-leva-novas-criacoes-e-companhias-nacionais-a-caminha-em-setembro\\\/#primaryimage\"},\"thumbnailUrl\":\"https:\\\/\\\/www.altominho.tv\\\/site\\\/wp-content\\\/uploads\\\/2025\\\/09\\\/krisalida.jpg\",\"keywords\":[\"Cultura\"],\"articleSection\":[\"Caminha\"],\"inLanguage\":\"pt-PT\",\"copyrightYear\":\"2025\",\"copyrightHolder\":{\"@id\":\"https:\\\/\\\/www.altominho.tv\\\/site\\\/#organization\"}},{\"@type\":\"WebPage\",\"@id\":\"https:\\\/\\\/www.altominho.tv\\\/site\\\/2025\\\/09\\\/15\\\/krisalida-leva-novas-criacoes-e-companhias-nacionais-a-caminha-em-setembro\\\/\",\"url\":\"https:\\\/\\\/www.altominho.tv\\\/site\\\/2025\\\/09\\\/15\\\/krisalida-leva-novas-criacoes-e-companhias-nacionais-a-caminha-em-setembro\\\/\",\"name\":\"Kris\u00e1lida leva novas cria\u00e7\u00f5es e companhias nacionais a Caminha em setembro\",\"isPartOf\":{\"@id\":\"https:\\\/\\\/www.altominho.tv\\\/site\\\/#website\"},\"primaryImageOfPage\":{\"@id\":\"https:\\\/\\\/www.altominho.tv\\\/site\\\/2025\\\/09\\\/15\\\/krisalida-leva-novas-criacoes-e-companhias-nacionais-a-caminha-em-setembro\\\/#primaryimage\"},\"image\":{\"@id\":\"https:\\\/\\\/www.altominho.tv\\\/site\\\/2025\\\/09\\\/15\\\/krisalida-leva-novas-criacoes-e-companhias-nacionais-a-caminha-em-setembro\\\/#primaryimage\"},\"thumbnailUrl\":\"https:\\\/\\\/www.altominho.tv\\\/site\\\/wp-content\\\/uploads\\\/2025\\\/09\\\/krisalida.jpg\",\"datePublished\":\"2025-09-15T09:24:41+00:00\",\"dateModified\":\"2025-09-15T09:24:43+00:00\",\"author\":{\"@id\":\"https:\\\/\\\/www.altominho.tv\\\/site\\\/#\\\/schema\\\/person\\\/4e536851627d7914baf3dac752b6af22\"},\"description\":\"A companhia Kris\u00e1lida anunciou a programa\u00e7\u00e3o de setembro no \u00e2mbito do KAAMinho, iniciativa que promove o encontro entre artistas e p\u00fablicos no concelho de Caminha.\",\"breadcrumb\":{\"@id\":\"https:\\\/\\\/www.altominho.tv\\\/site\\\/2025\\\/09\\\/15\\\/krisalida-leva-novas-criacoes-e-companhias-nacionais-a-caminha-em-setembro\\\/#breadcrumb\"},\"inLanguage\":\"pt-PT\",\"potentialAction\":[{\"@type\":\"ReadAction\",\"target\":[\"https:\\\/\\\/www.altominho.tv\\\/site\\\/2025\\\/09\\\/15\\\/krisalida-leva-novas-criacoes-e-companhias-nacionais-a-caminha-em-setembro\\\/\"]}]},{\"@type\":\"ImageObject\",\"inLanguage\":\"pt-PT\",\"@id\":\"https:\\\/\\\/www.altominho.tv\\\/site\\\/2025\\\/09\\\/15\\\/krisalida-leva-novas-criacoes-e-companhias-nacionais-a-caminha-em-setembro\\\/#primaryimage\",\"url\":\"https:\\\/\\\/www.altominho.tv\\\/site\\\/wp-content\\\/uploads\\\/2025\\\/09\\\/krisalida.jpg\",\"contentUrl\":\"https:\\\/\\\/www.altominho.tv\\\/site\\\/wp-content\\\/uploads\\\/2025\\\/09\\\/krisalida.jpg\",\"width\":1200,\"height\":630},{\"@type\":\"BreadcrumbList\",\"@id\":\"https:\\\/\\\/www.altominho.tv\\\/site\\\/2025\\\/09\\\/15\\\/krisalida-leva-novas-criacoes-e-companhias-nacionais-a-caminha-em-setembro\\\/#breadcrumb\",\"itemListElement\":[{\"@type\":\"ListItem\",\"position\":1,\"name\":\"In\u00edcio\",\"item\":\"https:\\\/\\\/www.altominho.tv\\\/site\\\/\"},{\"@type\":\"ListItem\",\"position\":2,\"name\":\"Kris\u00e1lida leva novas cria\u00e7\u00f5es e companhias nacionais a Caminha em setembro\"}]},{\"@type\":\"WebSite\",\"@id\":\"https:\\\/\\\/www.altominho.tv\\\/site\\\/#website\",\"url\":\"https:\\\/\\\/www.altominho.tv\\\/site\\\/\",\"name\":\"Altominho.tv\",\"description\":\"A sua regi\u00e3o \u00e0 dist\u00e2ncia de um clique...\",\"potentialAction\":[{\"@type\":\"SearchAction\",\"target\":{\"@type\":\"EntryPoint\",\"urlTemplate\":\"https:\\\/\\\/www.altominho.tv\\\/site\\\/?s={search_term_string}\"},\"query-input\":{\"@type\":\"PropertyValueSpecification\",\"valueRequired\":true,\"valueName\":\"search_term_string\"}}],\"inLanguage\":\"pt-PT\"},{\"@type\":\"Person\",\"@id\":\"https:\\\/\\\/www.altominho.tv\\\/site\\\/#\\\/schema\\\/person\\\/4e536851627d7914baf3dac752b6af22\",\"name\":\"Altominho.tv\",\"image\":{\"@type\":\"ImageObject\",\"inLanguage\":\"pt-PT\",\"@id\":\"https:\\\/\\\/www.altominho.tv\\\/site\\\/wp-content\\\/uploads\\\/2019\\\/11\\\/Logo_Avatar_2-150x150.jpg\",\"url\":\"https:\\\/\\\/www.altominho.tv\\\/site\\\/wp-content\\\/uploads\\\/2019\\\/11\\\/Logo_Avatar_2-150x150.jpg\",\"contentUrl\":\"https:\\\/\\\/www.altominho.tv\\\/site\\\/wp-content\\\/uploads\\\/2019\\\/11\\\/Logo_Avatar_2-150x150.jpg\",\"caption\":\"Altominho.tv\"},\"url\":\"https:\\\/\\\/www.altominho.tv\\\/site\\\/author\\\/altominhotv-tecnico\\\/\"}]}<\/script>\n<!-- \/ Yoast SEO Premium plugin. -->","yoast_head_json":{"title":"Kris\u00e1lida leva novas cria\u00e7\u00f5es e companhias nacionais a Caminha em setembro","description":"A companhia Kris\u00e1lida anunciou a programa\u00e7\u00e3o de setembro no \u00e2mbito do KAAMinho, iniciativa que promove o encontro entre artistas e p\u00fablicos no concelho de Caminha.","robots":{"index":"index","follow":"follow","max-snippet":"max-snippet:-1","max-image-preview":"max-image-preview:large","max-video-preview":"max-video-preview:-1"},"canonical":"https:\/\/www.altominho.tv\/site\/2025\/09\/15\/krisalida-leva-novas-criacoes-e-companhias-nacionais-a-caminha-em-setembro\/","og_locale":"pt_PT","og_type":"article","og_title":"Kris\u00e1lida leva novas cria\u00e7\u00f5es e companhias nacionais a Caminha em setembro","og_description":"A companhia Kris\u00e1lida anunciou a programa\u00e7\u00e3o de setembro no \u00e2mbito do KAAMinho, iniciativa que promove o encontro entre artistas e p\u00fablicos no concelho de Caminha.","og_url":"https:\/\/www.altominho.tv\/site\/2025\/09\/15\/krisalida-leva-novas-criacoes-e-companhias-nacionais-a-caminha-em-setembro\/","og_site_name":"Altominho.tv","article_publisher":"https:\/\/www.facebook.com\/altominhotv","article_published_time":"2025-09-15T09:24:41+00:00","article_modified_time":"2025-09-15T09:24:43+00:00","og_image":[{"width":1200,"height":630,"url":"https:\/\/www.altominho.tv\/site\/wp-content\/uploads\/2025\/09\/krisalida.jpg","type":"image\/jpeg"}],"author":"Altominho.tv","twitter_card":"summary_large_image","twitter_creator":"@altominhoTV","twitter_site":"@altominhoTV","twitter_misc":{"Escrito por":"Altominho.tv","Tempo estimado de leitura":"2 minutos"},"schema":{"@context":"https:\/\/schema.org","@graph":[{"@type":"Article","@id":"https:\/\/www.altominho.tv\/site\/2025\/09\/15\/krisalida-leva-novas-criacoes-e-companhias-nacionais-a-caminha-em-setembro\/#article","isPartOf":{"@id":"https:\/\/www.altominho.tv\/site\/2025\/09\/15\/krisalida-leva-novas-criacoes-e-companhias-nacionais-a-caminha-em-setembro\/"},"author":{"name":"Altominho.tv","@id":"https:\/\/www.altominho.tv\/site\/#\/schema\/person\/4e536851627d7914baf3dac752b6af22"},"headline":"Kris\u00e1lida leva novas cria\u00e7\u00f5es e companhias nacionais a Caminha em setembro","datePublished":"2025-09-15T09:24:41+00:00","dateModified":"2025-09-15T09:24:43+00:00","mainEntityOfPage":{"@id":"https:\/\/www.altominho.tv\/site\/2025\/09\/15\/krisalida-leva-novas-criacoes-e-companhias-nacionais-a-caminha-em-setembro\/"},"wordCount":221,"image":{"@id":"https:\/\/www.altominho.tv\/site\/2025\/09\/15\/krisalida-leva-novas-criacoes-e-companhias-nacionais-a-caminha-em-setembro\/#primaryimage"},"thumbnailUrl":"https:\/\/www.altominho.tv\/site\/wp-content\/uploads\/2025\/09\/krisalida.jpg","keywords":["Cultura"],"articleSection":["Caminha"],"inLanguage":"pt-PT","copyrightYear":"2025","copyrightHolder":{"@id":"https:\/\/www.altominho.tv\/site\/#organization"}},{"@type":"WebPage","@id":"https:\/\/www.altominho.tv\/site\/2025\/09\/15\/krisalida-leva-novas-criacoes-e-companhias-nacionais-a-caminha-em-setembro\/","url":"https:\/\/www.altominho.tv\/site\/2025\/09\/15\/krisalida-leva-novas-criacoes-e-companhias-nacionais-a-caminha-em-setembro\/","name":"Kris\u00e1lida leva novas cria\u00e7\u00f5es e companhias nacionais a Caminha em setembro","isPartOf":{"@id":"https:\/\/www.altominho.tv\/site\/#website"},"primaryImageOfPage":{"@id":"https:\/\/www.altominho.tv\/site\/2025\/09\/15\/krisalida-leva-novas-criacoes-e-companhias-nacionais-a-caminha-em-setembro\/#primaryimage"},"image":{"@id":"https:\/\/www.altominho.tv\/site\/2025\/09\/15\/krisalida-leva-novas-criacoes-e-companhias-nacionais-a-caminha-em-setembro\/#primaryimage"},"thumbnailUrl":"https:\/\/www.altominho.tv\/site\/wp-content\/uploads\/2025\/09\/krisalida.jpg","datePublished":"2025-09-15T09:24:41+00:00","dateModified":"2025-09-15T09:24:43+00:00","author":{"@id":"https:\/\/www.altominho.tv\/site\/#\/schema\/person\/4e536851627d7914baf3dac752b6af22"},"description":"A companhia Kris\u00e1lida anunciou a programa\u00e7\u00e3o de setembro no \u00e2mbito do KAAMinho, iniciativa que promove o encontro entre artistas e p\u00fablicos no concelho de Caminha.","breadcrumb":{"@id":"https:\/\/www.altominho.tv\/site\/2025\/09\/15\/krisalida-leva-novas-criacoes-e-companhias-nacionais-a-caminha-em-setembro\/#breadcrumb"},"inLanguage":"pt-PT","potentialAction":[{"@type":"ReadAction","target":["https:\/\/www.altominho.tv\/site\/2025\/09\/15\/krisalida-leva-novas-criacoes-e-companhias-nacionais-a-caminha-em-setembro\/"]}]},{"@type":"ImageObject","inLanguage":"pt-PT","@id":"https:\/\/www.altominho.tv\/site\/2025\/09\/15\/krisalida-leva-novas-criacoes-e-companhias-nacionais-a-caminha-em-setembro\/#primaryimage","url":"https:\/\/www.altominho.tv\/site\/wp-content\/uploads\/2025\/09\/krisalida.jpg","contentUrl":"https:\/\/www.altominho.tv\/site\/wp-content\/uploads\/2025\/09\/krisalida.jpg","width":1200,"height":630},{"@type":"BreadcrumbList","@id":"https:\/\/www.altominho.tv\/site\/2025\/09\/15\/krisalida-leva-novas-criacoes-e-companhias-nacionais-a-caminha-em-setembro\/#breadcrumb","itemListElement":[{"@type":"ListItem","position":1,"name":"In\u00edcio","item":"https:\/\/www.altominho.tv\/site\/"},{"@type":"ListItem","position":2,"name":"Kris\u00e1lida leva novas cria\u00e7\u00f5es e companhias nacionais a Caminha em setembro"}]},{"@type":"WebSite","@id":"https:\/\/www.altominho.tv\/site\/#website","url":"https:\/\/www.altominho.tv\/site\/","name":"Altominho.tv","description":"A sua regi\u00e3o \u00e0 dist\u00e2ncia de um clique...","potentialAction":[{"@type":"SearchAction","target":{"@type":"EntryPoint","urlTemplate":"https:\/\/www.altominho.tv\/site\/?s={search_term_string}"},"query-input":{"@type":"PropertyValueSpecification","valueRequired":true,"valueName":"search_term_string"}}],"inLanguage":"pt-PT"},{"@type":"Person","@id":"https:\/\/www.altominho.tv\/site\/#\/schema\/person\/4e536851627d7914baf3dac752b6af22","name":"Altominho.tv","image":{"@type":"ImageObject","inLanguage":"pt-PT","@id":"https:\/\/www.altominho.tv\/site\/wp-content\/uploads\/2019\/11\/Logo_Avatar_2-150x150.jpg","url":"https:\/\/www.altominho.tv\/site\/wp-content\/uploads\/2019\/11\/Logo_Avatar_2-150x150.jpg","contentUrl":"https:\/\/www.altominho.tv\/site\/wp-content\/uploads\/2019\/11\/Logo_Avatar_2-150x150.jpg","caption":"Altominho.tv"},"url":"https:\/\/www.altominho.tv\/site\/author\/altominhotv-tecnico\/"}]}},"_links":{"self":[{"href":"https:\/\/www.altominho.tv\/site\/wp-json\/wp\/v2\/posts\/122930","targetHints":{"allow":["GET"]}}],"collection":[{"href":"https:\/\/www.altominho.tv\/site\/wp-json\/wp\/v2\/posts"}],"about":[{"href":"https:\/\/www.altominho.tv\/site\/wp-json\/wp\/v2\/types\/post"}],"author":[{"embeddable":true,"href":"https:\/\/www.altominho.tv\/site\/wp-json\/wp\/v2\/users\/1"}],"replies":[{"embeddable":true,"href":"https:\/\/www.altominho.tv\/site\/wp-json\/wp\/v2\/comments?post=122930"}],"version-history":[{"count":1,"href":"https:\/\/www.altominho.tv\/site\/wp-json\/wp\/v2\/posts\/122930\/revisions"}],"predecessor-version":[{"id":122932,"href":"https:\/\/www.altominho.tv\/site\/wp-json\/wp\/v2\/posts\/122930\/revisions\/122932"}],"wp:featuredmedia":[{"embeddable":true,"href":"https:\/\/www.altominho.tv\/site\/wp-json\/wp\/v2\/media\/122931"}],"wp:attachment":[{"href":"https:\/\/www.altominho.tv\/site\/wp-json\/wp\/v2\/media?parent=122930"}],"wp:term":[{"taxonomy":"category","embeddable":true,"href":"https:\/\/www.altominho.tv\/site\/wp-json\/wp\/v2\/categories?post=122930"},{"taxonomy":"post_tag","embeddable":true,"href":"https:\/\/www.altominho.tv\/site\/wp-json\/wp\/v2\/tags?post=122930"}],"curies":[{"name":"wp","href":"https:\/\/api.w.org\/{rel}","templated":true}]}}