{"id":122850,"date":"2025-09-12T12:39:38","date_gmt":"2025-09-12T11:39:38","guid":{"rendered":"https:\/\/www.altominho.tv\/site\/?p=122850"},"modified":"2025-09-12T12:39:40","modified_gmt":"2025-09-12T11:39:40","slug":"noite-branca-do-santo-decorre-este-sabado-em-ganfei","status":"publish","type":"post","link":"https:\/\/www.altominho.tv\/site\/2025\/09\/12\/noite-branca-do-santo-decorre-este-sabado-em-ganfei\/","title":{"rendered":"Noite Branca do Santo decorre este s\u00e1bado em Ganfei"},"content":{"rendered":"<p class=\"p1\">A freguesia de Ganfei, em Valen\u00e7a, vai acolher este s\u00e1bado a Noite Branca do Santo, uma noite recheada de m\u00fasica, anima\u00e7\u00e3o, e gastronomia, que conta ainda com um espa\u00e7o infantil.<\/p>\n<p class=\"p1\">A pra\u00e7a frontal \u00e0 capela de S\u00e3o Teot\u00f3nio, volta a ser o palco para esta festa que \u00e9 j\u00e1 uma refer\u00eancia do setembro valenciano.<\/p>\n<p class=\"p1\">A festa, com entrada gratuita e livre, come\u00e7a \u00e0s 18h00 de s\u00e1bado e a anima\u00e7\u00e3o estar\u00e1 a cargo dos DJ\u00b4s valencianos JP Alcantara, Pedro Lima e Jos\u00e9 Lu\u00eds.<\/p>\n<p class=\"p1\">Ao longo da noite est\u00e1 programado, tamb\u00e9m, um espet\u00e1culo de dan\u00e7a a cargo do Team Paula Ferreira. Para os mais pequenos, haver\u00e1 insufl\u00e1veis que ir\u00e3o proporcionar momentos de divers\u00e3o.<\/p>\n<p class=\"p1\">As pessoas s\u00e3o convidadas a aparecerem vestidas com uma pe\u00e7a de roupa branca de forma a fazerem jus ao nome do evento e ficarem a combinar com a decora\u00e7\u00e3o que vai ser montada.<\/p>\n<p class=\"p1\">A organiza\u00e7\u00e3o do evento est\u00e1 a cargo da Associa\u00e7\u00e3o S\u00e3o Teot\u00f3nio e conta com o apoio do munic\u00edpio de Valen\u00e7a, junta de freguesia de Ganfei e meio empresarial local.<\/p>\n\n\n<figure class=\"wp-block-image size-large\"><img loading=\"lazy\" decoding=\"async\" width=\"724\" height=\"1024\" src=\"https:\/\/www.altominho.tv\/site\/wp-content\/uploads\/2025\/09\/Noite-Branca-Valenca-724x1024.jpg\" alt=\"\" class=\"wp-image-122853\" srcset=\"https:\/\/www.altominho.tv\/site\/wp-content\/uploads\/2025\/09\/Noite-Branca-Valenca-724x1024.jpg 724w, https:\/\/www.altominho.tv\/site\/wp-content\/uploads\/2025\/09\/Noite-Branca-Valenca-306x433.jpg 306w, https:\/\/www.altominho.tv\/site\/wp-content\/uploads\/2025\/09\/Noite-Branca-Valenca-768x1086.jpg 768w, https:\/\/www.altominho.tv\/site\/wp-content\/uploads\/2025\/09\/Noite-Branca-Valenca-1086x1536.jpg 1086w, https:\/\/www.altominho.tv\/site\/wp-content\/uploads\/2025\/09\/Noite-Branca-Valenca-370x523.jpg 370w, https:\/\/www.altominho.tv\/site\/wp-content\/uploads\/2025\/09\/Noite-Branca-Valenca-270x382.jpg 270w, https:\/\/www.altominho.tv\/site\/wp-content\/uploads\/2025\/09\/Noite-Branca-Valenca-570x806.jpg 570w, https:\/\/www.altominho.tv\/site\/wp-content\/uploads\/2025\/09\/Noite-Branca-Valenca-740x1047.jpg 740w, https:\/\/www.altominho.tv\/site\/wp-content\/uploads\/2025\/09\/Noite-Branca-Valenca.jpg 1131w\" sizes=\"auto, (max-width: 724px) 100vw, 724px\" \/><\/figure>\n","protected":false},"excerpt":{"rendered":"<p>A freguesia de Ganfei, em Valen\u00e7a, vai acolher este s\u00e1bado a Noite Branca do Santo, uma noite recheada de m\u00fasica, anima\u00e7\u00e3o, e gastronomia, que conta ainda com um espa\u00e7o infantil. A pra\u00e7a frontal \u00e0 capela de S\u00e3o Teot\u00f3nio, volta a ser o palco para esta festa que \u00e9 j\u00e1 uma refer\u00eancia do setembro valenciano. A [&hellip;]<\/p>\n","protected":false},"author":1,"featured_media":122851,"comment_status":"closed","ping_status":"closed","sticky":false,"template":"","format":"standard","meta":{"_exactmetrics_skip_tracking":false,"_exactmetrics_sitenote_active":false,"_exactmetrics_sitenote_note":"","_exactmetrics_sitenote_category":0,"footnotes":""},"categories":[13],"tags":[24],"class_list":["post-122850","post","type-post","status-publish","format-standard","has-post-thumbnail","hentry","category-valenca","tag-lazer"],"yoast_head":"<!-- This site is optimized with the Yoast SEO Premium plugin v27.5 (Yoast SEO v27.5) - https:\/\/yoast.com\/product\/yoast-seo-premium-wordpress\/ -->\n<title>Noite Branca do Santo decorre este s\u00e1bado em Ganfei<\/title>\n<meta name=\"description\" content=\"A freguesia de Ganfei, em Valen\u00e7a, vai acolher este s\u00e1bado a Noite Branca do Santo, uma noite recheada de m\u00fasica, anima\u00e7\u00e3o, e gastronomia, que conta ainda com um espa\u00e7o infantil.\" \/>\n<meta name=\"robots\" content=\"index, follow, max-snippet:-1, max-image-preview:large, max-video-preview:-1\" \/>\n<link rel=\"canonical\" href=\"https:\/\/www.altominho.tv\/site\/2025\/09\/12\/noite-branca-do-santo-decorre-este-sabado-em-ganfei\/\" \/>\n<meta property=\"og:locale\" content=\"pt_PT\" \/>\n<meta property=\"og:type\" content=\"article\" \/>\n<meta property=\"og:title\" content=\"Noite Branca do Santo decorre este s\u00e1bado em Ganfei\" \/>\n<meta property=\"og:description\" content=\"A freguesia de Ganfei, em Valen\u00e7a, vai acolher este s\u00e1bado a Noite Branca do Santo, uma noite recheada de m\u00fasica, anima\u00e7\u00e3o, e gastronomia, que conta ainda com um espa\u00e7o infantil.\" \/>\n<meta property=\"og:url\" content=\"https:\/\/www.altominho.tv\/site\/2025\/09\/12\/noite-branca-do-santo-decorre-este-sabado-em-ganfei\/\" \/>\n<meta property=\"og:site_name\" content=\"Altominho.tv\" \/>\n<meta property=\"article:publisher\" content=\"https:\/\/www.facebook.com\/altominhotv\" \/>\n<meta property=\"article:published_time\" content=\"2025-09-12T11:39:38+00:00\" \/>\n<meta property=\"article:modified_time\" content=\"2025-09-12T11:39:40+00:00\" \/>\n<meta property=\"og:image\" content=\"https:\/\/www.altominho.tv\/site\/wp-content\/uploads\/2025\/09\/noite-branca.jpg\" \/>\n\t<meta property=\"og:image:width\" content=\"1200\" \/>\n\t<meta property=\"og:image:height\" content=\"630\" \/>\n\t<meta property=\"og:image:type\" content=\"image\/jpeg\" \/>\n<meta name=\"author\" content=\"Altominho.tv\" \/>\n<meta name=\"twitter:card\" content=\"summary_large_image\" \/>\n<meta name=\"twitter:creator\" content=\"@altominhoTV\" \/>\n<meta name=\"twitter:site\" content=\"@altominhoTV\" \/>\n<meta name=\"twitter:label1\" content=\"Escrito por\" \/>\n\t<meta name=\"twitter:data1\" content=\"Altominho.tv\" \/>\n\t<meta name=\"twitter:label2\" content=\"Tempo estimado de leitura\" \/>\n\t<meta name=\"twitter:data2\" content=\"2 minutos\" \/>\n<script type=\"application\/ld+json\" class=\"yoast-schema-graph\">{\"@context\":\"https:\\\/\\\/schema.org\",\"@graph\":[{\"@type\":\"Article\",\"@id\":\"https:\\\/\\\/www.altominho.tv\\\/site\\\/2025\\\/09\\\/12\\\/noite-branca-do-santo-decorre-este-sabado-em-ganfei\\\/#article\",\"isPartOf\":{\"@id\":\"https:\\\/\\\/www.altominho.tv\\\/site\\\/2025\\\/09\\\/12\\\/noite-branca-do-santo-decorre-este-sabado-em-ganfei\\\/\"},\"author\":{\"name\":\"Altominho.tv\",\"@id\":\"https:\\\/\\\/www.altominho.tv\\\/site\\\/#\\\/schema\\\/person\\\/4e536851627d7914baf3dac752b6af22\"},\"headline\":\"Noite Branca do Santo decorre este s\u00e1bado em Ganfei\",\"datePublished\":\"2025-09-12T11:39:38+00:00\",\"dateModified\":\"2025-09-12T11:39:40+00:00\",\"mainEntityOfPage\":{\"@id\":\"https:\\\/\\\/www.altominho.tv\\\/site\\\/2025\\\/09\\\/12\\\/noite-branca-do-santo-decorre-este-sabado-em-ganfei\\\/\"},\"wordCount\":210,\"image\":{\"@id\":\"https:\\\/\\\/www.altominho.tv\\\/site\\\/2025\\\/09\\\/12\\\/noite-branca-do-santo-decorre-este-sabado-em-ganfei\\\/#primaryimage\"},\"thumbnailUrl\":\"https:\\\/\\\/www.altominho.tv\\\/site\\\/wp-content\\\/uploads\\\/2025\\\/09\\\/noite-branca.jpg\",\"keywords\":[\"Lazer\"],\"articleSection\":[\"Valen\u00e7a\"],\"inLanguage\":\"pt-PT\",\"copyrightYear\":\"2025\",\"copyrightHolder\":{\"@id\":\"https:\\\/\\\/www.altominho.tv\\\/site\\\/#organization\"}},{\"@type\":\"WebPage\",\"@id\":\"https:\\\/\\\/www.altominho.tv\\\/site\\\/2025\\\/09\\\/12\\\/noite-branca-do-santo-decorre-este-sabado-em-ganfei\\\/\",\"url\":\"https:\\\/\\\/www.altominho.tv\\\/site\\\/2025\\\/09\\\/12\\\/noite-branca-do-santo-decorre-este-sabado-em-ganfei\\\/\",\"name\":\"Noite Branca do Santo decorre este s\u00e1bado em Ganfei\",\"isPartOf\":{\"@id\":\"https:\\\/\\\/www.altominho.tv\\\/site\\\/#website\"},\"primaryImageOfPage\":{\"@id\":\"https:\\\/\\\/www.altominho.tv\\\/site\\\/2025\\\/09\\\/12\\\/noite-branca-do-santo-decorre-este-sabado-em-ganfei\\\/#primaryimage\"},\"image\":{\"@id\":\"https:\\\/\\\/www.altominho.tv\\\/site\\\/2025\\\/09\\\/12\\\/noite-branca-do-santo-decorre-este-sabado-em-ganfei\\\/#primaryimage\"},\"thumbnailUrl\":\"https:\\\/\\\/www.altominho.tv\\\/site\\\/wp-content\\\/uploads\\\/2025\\\/09\\\/noite-branca.jpg\",\"datePublished\":\"2025-09-12T11:39:38+00:00\",\"dateModified\":\"2025-09-12T11:39:40+00:00\",\"author\":{\"@id\":\"https:\\\/\\\/www.altominho.tv\\\/site\\\/#\\\/schema\\\/person\\\/4e536851627d7914baf3dac752b6af22\"},\"description\":\"A freguesia de Ganfei, em Valen\u00e7a, vai acolher este s\u00e1bado a Noite Branca do Santo, uma noite recheada de m\u00fasica, anima\u00e7\u00e3o, e gastronomia, que conta ainda com um espa\u00e7o infantil.\",\"breadcrumb\":{\"@id\":\"https:\\\/\\\/www.altominho.tv\\\/site\\\/2025\\\/09\\\/12\\\/noite-branca-do-santo-decorre-este-sabado-em-ganfei\\\/#breadcrumb\"},\"inLanguage\":\"pt-PT\",\"potentialAction\":[{\"@type\":\"ReadAction\",\"target\":[\"https:\\\/\\\/www.altominho.tv\\\/site\\\/2025\\\/09\\\/12\\\/noite-branca-do-santo-decorre-este-sabado-em-ganfei\\\/\"]}]},{\"@type\":\"ImageObject\",\"inLanguage\":\"pt-PT\",\"@id\":\"https:\\\/\\\/www.altominho.tv\\\/site\\\/2025\\\/09\\\/12\\\/noite-branca-do-santo-decorre-este-sabado-em-ganfei\\\/#primaryimage\",\"url\":\"https:\\\/\\\/www.altominho.tv\\\/site\\\/wp-content\\\/uploads\\\/2025\\\/09\\\/noite-branca.jpg\",\"contentUrl\":\"https:\\\/\\\/www.altominho.tv\\\/site\\\/wp-content\\\/uploads\\\/2025\\\/09\\\/noite-branca.jpg\",\"width\":1200,\"height\":630},{\"@type\":\"BreadcrumbList\",\"@id\":\"https:\\\/\\\/www.altominho.tv\\\/site\\\/2025\\\/09\\\/12\\\/noite-branca-do-santo-decorre-este-sabado-em-ganfei\\\/#breadcrumb\",\"itemListElement\":[{\"@type\":\"ListItem\",\"position\":1,\"name\":\"In\u00edcio\",\"item\":\"https:\\\/\\\/www.altominho.tv\\\/site\\\/\"},{\"@type\":\"ListItem\",\"position\":2,\"name\":\"Noite Branca do Santo decorre este s\u00e1bado em Ganfei\"}]},{\"@type\":\"WebSite\",\"@id\":\"https:\\\/\\\/www.altominho.tv\\\/site\\\/#website\",\"url\":\"https:\\\/\\\/www.altominho.tv\\\/site\\\/\",\"name\":\"Altominho.tv\",\"description\":\"A sua regi\u00e3o \u00e0 dist\u00e2ncia de um clique...\",\"potentialAction\":[{\"@type\":\"SearchAction\",\"target\":{\"@type\":\"EntryPoint\",\"urlTemplate\":\"https:\\\/\\\/www.altominho.tv\\\/site\\\/?s={search_term_string}\"},\"query-input\":{\"@type\":\"PropertyValueSpecification\",\"valueRequired\":true,\"valueName\":\"search_term_string\"}}],\"inLanguage\":\"pt-PT\"},{\"@type\":\"Person\",\"@id\":\"https:\\\/\\\/www.altominho.tv\\\/site\\\/#\\\/schema\\\/person\\\/4e536851627d7914baf3dac752b6af22\",\"name\":\"Altominho.tv\",\"image\":{\"@type\":\"ImageObject\",\"inLanguage\":\"pt-PT\",\"@id\":\"https:\\\/\\\/www.altominho.tv\\\/site\\\/wp-content\\\/uploads\\\/2019\\\/11\\\/Logo_Avatar_2-150x150.jpg\",\"url\":\"https:\\\/\\\/www.altominho.tv\\\/site\\\/wp-content\\\/uploads\\\/2019\\\/11\\\/Logo_Avatar_2-150x150.jpg\",\"contentUrl\":\"https:\\\/\\\/www.altominho.tv\\\/site\\\/wp-content\\\/uploads\\\/2019\\\/11\\\/Logo_Avatar_2-150x150.jpg\",\"caption\":\"Altominho.tv\"},\"url\":\"https:\\\/\\\/www.altominho.tv\\\/site\\\/author\\\/altominhotv-tecnico\\\/\"}]}<\/script>\n<!-- \/ Yoast SEO Premium plugin. -->","yoast_head_json":{"title":"Noite Branca do Santo decorre este s\u00e1bado em Ganfei","description":"A freguesia de Ganfei, em Valen\u00e7a, vai acolher este s\u00e1bado a Noite Branca do Santo, uma noite recheada de m\u00fasica, anima\u00e7\u00e3o, e gastronomia, que conta ainda com um espa\u00e7o infantil.","robots":{"index":"index","follow":"follow","max-snippet":"max-snippet:-1","max-image-preview":"max-image-preview:large","max-video-preview":"max-video-preview:-1"},"canonical":"https:\/\/www.altominho.tv\/site\/2025\/09\/12\/noite-branca-do-santo-decorre-este-sabado-em-ganfei\/","og_locale":"pt_PT","og_type":"article","og_title":"Noite Branca do Santo decorre este s\u00e1bado em Ganfei","og_description":"A freguesia de Ganfei, em Valen\u00e7a, vai acolher este s\u00e1bado a Noite Branca do Santo, uma noite recheada de m\u00fasica, anima\u00e7\u00e3o, e gastronomia, que conta ainda com um espa\u00e7o infantil.","og_url":"https:\/\/www.altominho.tv\/site\/2025\/09\/12\/noite-branca-do-santo-decorre-este-sabado-em-ganfei\/","og_site_name":"Altominho.tv","article_publisher":"https:\/\/www.facebook.com\/altominhotv","article_published_time":"2025-09-12T11:39:38+00:00","article_modified_time":"2025-09-12T11:39:40+00:00","og_image":[{"width":1200,"height":630,"url":"https:\/\/www.altominho.tv\/site\/wp-content\/uploads\/2025\/09\/noite-branca.jpg","type":"image\/jpeg"}],"author":"Altominho.tv","twitter_card":"summary_large_image","twitter_creator":"@altominhoTV","twitter_site":"@altominhoTV","twitter_misc":{"Escrito por":"Altominho.tv","Tempo estimado de leitura":"2 minutos"},"schema":{"@context":"https:\/\/schema.org","@graph":[{"@type":"Article","@id":"https:\/\/www.altominho.tv\/site\/2025\/09\/12\/noite-branca-do-santo-decorre-este-sabado-em-ganfei\/#article","isPartOf":{"@id":"https:\/\/www.altominho.tv\/site\/2025\/09\/12\/noite-branca-do-santo-decorre-este-sabado-em-ganfei\/"},"author":{"name":"Altominho.tv","@id":"https:\/\/www.altominho.tv\/site\/#\/schema\/person\/4e536851627d7914baf3dac752b6af22"},"headline":"Noite Branca do Santo decorre este s\u00e1bado em Ganfei","datePublished":"2025-09-12T11:39:38+00:00","dateModified":"2025-09-12T11:39:40+00:00","mainEntityOfPage":{"@id":"https:\/\/www.altominho.tv\/site\/2025\/09\/12\/noite-branca-do-santo-decorre-este-sabado-em-ganfei\/"},"wordCount":210,"image":{"@id":"https:\/\/www.altominho.tv\/site\/2025\/09\/12\/noite-branca-do-santo-decorre-este-sabado-em-ganfei\/#primaryimage"},"thumbnailUrl":"https:\/\/www.altominho.tv\/site\/wp-content\/uploads\/2025\/09\/noite-branca.jpg","keywords":["Lazer"],"articleSection":["Valen\u00e7a"],"inLanguage":"pt-PT","copyrightYear":"2025","copyrightHolder":{"@id":"https:\/\/www.altominho.tv\/site\/#organization"}},{"@type":"WebPage","@id":"https:\/\/www.altominho.tv\/site\/2025\/09\/12\/noite-branca-do-santo-decorre-este-sabado-em-ganfei\/","url":"https:\/\/www.altominho.tv\/site\/2025\/09\/12\/noite-branca-do-santo-decorre-este-sabado-em-ganfei\/","name":"Noite Branca do Santo decorre este s\u00e1bado em Ganfei","isPartOf":{"@id":"https:\/\/www.altominho.tv\/site\/#website"},"primaryImageOfPage":{"@id":"https:\/\/www.altominho.tv\/site\/2025\/09\/12\/noite-branca-do-santo-decorre-este-sabado-em-ganfei\/#primaryimage"},"image":{"@id":"https:\/\/www.altominho.tv\/site\/2025\/09\/12\/noite-branca-do-santo-decorre-este-sabado-em-ganfei\/#primaryimage"},"thumbnailUrl":"https:\/\/www.altominho.tv\/site\/wp-content\/uploads\/2025\/09\/noite-branca.jpg","datePublished":"2025-09-12T11:39:38+00:00","dateModified":"2025-09-12T11:39:40+00:00","author":{"@id":"https:\/\/www.altominho.tv\/site\/#\/schema\/person\/4e536851627d7914baf3dac752b6af22"},"description":"A freguesia de Ganfei, em Valen\u00e7a, vai acolher este s\u00e1bado a Noite Branca do Santo, uma noite recheada de m\u00fasica, anima\u00e7\u00e3o, e gastronomia, que conta ainda com um espa\u00e7o infantil.","breadcrumb":{"@id":"https:\/\/www.altominho.tv\/site\/2025\/09\/12\/noite-branca-do-santo-decorre-este-sabado-em-ganfei\/#breadcrumb"},"inLanguage":"pt-PT","potentialAction":[{"@type":"ReadAction","target":["https:\/\/www.altominho.tv\/site\/2025\/09\/12\/noite-branca-do-santo-decorre-este-sabado-em-ganfei\/"]}]},{"@type":"ImageObject","inLanguage":"pt-PT","@id":"https:\/\/www.altominho.tv\/site\/2025\/09\/12\/noite-branca-do-santo-decorre-este-sabado-em-ganfei\/#primaryimage","url":"https:\/\/www.altominho.tv\/site\/wp-content\/uploads\/2025\/09\/noite-branca.jpg","contentUrl":"https:\/\/www.altominho.tv\/site\/wp-content\/uploads\/2025\/09\/noite-branca.jpg","width":1200,"height":630},{"@type":"BreadcrumbList","@id":"https:\/\/www.altominho.tv\/site\/2025\/09\/12\/noite-branca-do-santo-decorre-este-sabado-em-ganfei\/#breadcrumb","itemListElement":[{"@type":"ListItem","position":1,"name":"In\u00edcio","item":"https:\/\/www.altominho.tv\/site\/"},{"@type":"ListItem","position":2,"name":"Noite Branca do Santo decorre este s\u00e1bado em Ganfei"}]},{"@type":"WebSite","@id":"https:\/\/www.altominho.tv\/site\/#website","url":"https:\/\/www.altominho.tv\/site\/","name":"Altominho.tv","description":"A sua regi\u00e3o \u00e0 dist\u00e2ncia de um clique...","potentialAction":[{"@type":"SearchAction","target":{"@type":"EntryPoint","urlTemplate":"https:\/\/www.altominho.tv\/site\/?s={search_term_string}"},"query-input":{"@type":"PropertyValueSpecification","valueRequired":true,"valueName":"search_term_string"}}],"inLanguage":"pt-PT"},{"@type":"Person","@id":"https:\/\/www.altominho.tv\/site\/#\/schema\/person\/4e536851627d7914baf3dac752b6af22","name":"Altominho.tv","image":{"@type":"ImageObject","inLanguage":"pt-PT","@id":"https:\/\/www.altominho.tv\/site\/wp-content\/uploads\/2019\/11\/Logo_Avatar_2-150x150.jpg","url":"https:\/\/www.altominho.tv\/site\/wp-content\/uploads\/2019\/11\/Logo_Avatar_2-150x150.jpg","contentUrl":"https:\/\/www.altominho.tv\/site\/wp-content\/uploads\/2019\/11\/Logo_Avatar_2-150x150.jpg","caption":"Altominho.tv"},"url":"https:\/\/www.altominho.tv\/site\/author\/altominhotv-tecnico\/"}]}},"_links":{"self":[{"href":"https:\/\/www.altominho.tv\/site\/wp-json\/wp\/v2\/posts\/122850","targetHints":{"allow":["GET"]}}],"collection":[{"href":"https:\/\/www.altominho.tv\/site\/wp-json\/wp\/v2\/posts"}],"about":[{"href":"https:\/\/www.altominho.tv\/site\/wp-json\/wp\/v2\/types\/post"}],"author":[{"embeddable":true,"href":"https:\/\/www.altominho.tv\/site\/wp-json\/wp\/v2\/users\/1"}],"replies":[{"embeddable":true,"href":"https:\/\/www.altominho.tv\/site\/wp-json\/wp\/v2\/comments?post=122850"}],"version-history":[{"count":1,"href":"https:\/\/www.altominho.tv\/site\/wp-json\/wp\/v2\/posts\/122850\/revisions"}],"predecessor-version":[{"id":122854,"href":"https:\/\/www.altominho.tv\/site\/wp-json\/wp\/v2\/posts\/122850\/revisions\/122854"}],"wp:featuredmedia":[{"embeddable":true,"href":"https:\/\/www.altominho.tv\/site\/wp-json\/wp\/v2\/media\/122851"}],"wp:attachment":[{"href":"https:\/\/www.altominho.tv\/site\/wp-json\/wp\/v2\/media?parent=122850"}],"wp:term":[{"taxonomy":"category","embeddable":true,"href":"https:\/\/www.altominho.tv\/site\/wp-json\/wp\/v2\/categories?post=122850"},{"taxonomy":"post_tag","embeddable":true,"href":"https:\/\/www.altominho.tv\/site\/wp-json\/wp\/v2\/tags?post=122850"}],"curies":[{"name":"wp","href":"https:\/\/api.w.org\/{rel}","templated":true}]}}