{"id":122822,"date":"2025-09-11T15:59:33","date_gmt":"2025-09-11T14:59:33","guid":{"rendered":"https:\/\/www.altominho.tv\/site\/?p=122822"},"modified":"2025-09-11T16:02:29","modified_gmt":"2025-09-11T15:02:29","slug":"arcos-de-valdevez-yoga-historia","status":"publish","type":"post","link":"https:\/\/www.altominho.tv\/site\/2025\/09\/11\/arcos-de-valdevez-yoga-historia\/","title":{"rendered":"Harmonia no Pa\u00e7o: Yoga entre a Hist\u00f3ria a 21 de setembro"},"content":{"rendered":"\n<p>O Pa\u00e7o de Giela vai proporcionar uma sess\u00e3o de yoga &#8220;relaxante e rejuvenescedora, uma experi\u00eancia de bem-estar e revitalizante para todos aqueles que queiram participar&#8221;.<\/p>\n\n\n\n<p>Durante esta experi\u00eancia, &#8220;os participantes ser\u00e3o levados a uma conex\u00e3o mente-corpo, ter\u00e3o a oportunidade de praticar posturas suaves, t\u00e9cnicas de respira\u00e7\u00e3o e medita\u00e7\u00e3o, tudo enquanto absorvem a atmosfera tranquila e serena do Pa\u00e7o e zona envolvente&#8221;.<\/p>\n\n\n\n<p>Esta fus\u00e3o \u00fanica de yoga e hist\u00f3ria &#8220;vai proporcionar uma experi\u00eancia profunda de relaxamento, inspira\u00e7\u00e3o e consci\u00eancia&#8221;.<\/p>\n\n\n\n<p>Esta \u00e9 uma oportunidade para experimentar &#8220;a harmonia entre o corpo, a mente e a hist\u00f3ria num ambiente \u00fanico&#8221;, disse ainda a autarquia.<\/p>\n\n\n\n<p>O p\u00fablico-alvo s\u00e3o adultos, e a sess\u00e3o decorre no domingo, dia 21 de setembro \u00e0s 10h30.<\/p>\n\n\n\n<p>A sess\u00e3o tem dinamiza\u00e7\u00e3o de Marta Morais.<\/p>\n\n\n\n<p>A atividade \u00e9 gratuita, mas est\u00e1 sujeita a inscri\u00e7\u00e3o pr\u00e9via.<\/p>\n\n\n\n<figure class=\"wp-block-image size-large\"><img loading=\"lazy\" decoding=\"async\" width=\"725\" height=\"1024\" src=\"https:\/\/www.altominho.tv\/site\/wp-content\/uploads\/2025\/09\/yoga___copia_1_1024_2500-725x1024.jpg\" alt=\"\" class=\"wp-image-122823\" srcset=\"https:\/\/www.altominho.tv\/site\/wp-content\/uploads\/2025\/09\/yoga___copia_1_1024_2500-725x1024.jpg 725w, https:\/\/www.altominho.tv\/site\/wp-content\/uploads\/2025\/09\/yoga___copia_1_1024_2500-306x433.jpg 306w, https:\/\/www.altominho.tv\/site\/wp-content\/uploads\/2025\/09\/yoga___copia_1_1024_2500-768x1085.jpg 768w, https:\/\/www.altominho.tv\/site\/wp-content\/uploads\/2025\/09\/yoga___copia_1_1024_2500-370x523.jpg 370w, https:\/\/www.altominho.tv\/site\/wp-content\/uploads\/2025\/09\/yoga___copia_1_1024_2500-270x382.jpg 270w, https:\/\/www.altominho.tv\/site\/wp-content\/uploads\/2025\/09\/yoga___copia_1_1024_2500-570x805.jpg 570w, https:\/\/www.altominho.tv\/site\/wp-content\/uploads\/2025\/09\/yoga___copia_1_1024_2500-740x1046.jpg 740w, https:\/\/www.altominho.tv\/site\/wp-content\/uploads\/2025\/09\/yoga___copia_1_1024_2500.jpg 1024w\" sizes=\"auto, (max-width: 725px) 100vw, 725px\" \/><\/figure>\n","protected":false},"excerpt":{"rendered":"<p>O Pa\u00e7o de Giela vai proporcionar uma sess\u00e3o de yoga &#8220;relaxante e rejuvenescedora, uma experi\u00eancia de bem-estar e revitalizante para todos aqueles que queiram participar&#8221;. Durante esta experi\u00eancia, &#8220;os participantes ser\u00e3o levados a uma conex\u00e3o mente-corpo, ter\u00e3o a oportunidade de praticar posturas suaves, t\u00e9cnicas de respira\u00e7\u00e3o e medita\u00e7\u00e3o, tudo enquanto absorvem a atmosfera tranquila e [&hellip;]<\/p>\n","protected":false},"author":7,"featured_media":122824,"comment_status":"closed","ping_status":"closed","sticky":false,"template":"","format":"standard","meta":{"_exactmetrics_skip_tracking":false,"_exactmetrics_sitenote_active":false,"_exactmetrics_sitenote_note":"","_exactmetrics_sitenote_category":0,"footnotes":""},"categories":[2],"tags":[27],"class_list":["post-122822","post","type-post","status-publish","format-standard","has-post-thumbnail","hentry","category-arcos-de-valdevez","tag-sociedade"],"yoast_head":"<!-- This site is optimized with the Yoast SEO Premium plugin v27.5 (Yoast SEO v27.5) - https:\/\/yoast.com\/product\/yoast-seo-premium-wordpress\/ -->\n<title>Harmonia no Pa\u00e7o: Yoga entre a Hist\u00f3ria a 21 de setembro<\/title>\n<meta name=\"description\" content=\"O Pa\u00e7o de Giela vai proporcionar uma sess\u00e3o de yoga relaxante e rejuvenescedora, uma experi\u00eancia de bem-estar e revitalizante para todos aqueles que queiram participar.\" \/>\n<meta name=\"robots\" content=\"index, follow, max-snippet:-1, max-image-preview:large, max-video-preview:-1\" \/>\n<link rel=\"canonical\" href=\"https:\/\/www.altominho.tv\/site\/2025\/09\/11\/arcos-de-valdevez-yoga-historia\/\" \/>\n<meta property=\"og:locale\" content=\"pt_PT\" \/>\n<meta property=\"og:type\" content=\"article\" \/>\n<meta property=\"og:title\" content=\"Harmonia no Pa\u00e7o: Yoga entre a Hist\u00f3ria a 21 de setembro\" \/>\n<meta property=\"og:description\" content=\"O Pa\u00e7o de Giela vai proporcionar uma sess\u00e3o de yoga relaxante e rejuvenescedora, uma experi\u00eancia de bem-estar e revitalizante para todos aqueles que queiram participar.\" \/>\n<meta property=\"og:url\" content=\"https:\/\/www.altominho.tv\/site\/2025\/09\/11\/arcos-de-valdevez-yoga-historia\/\" \/>\n<meta property=\"og:site_name\" content=\"Altominho.tv\" \/>\n<meta property=\"article:publisher\" content=\"https:\/\/www.facebook.com\/altominhotv\" \/>\n<meta property=\"article:published_time\" content=\"2025-09-11T14:59:33+00:00\" \/>\n<meta property=\"article:modified_time\" content=\"2025-09-11T15:02:29+00:00\" \/>\n<meta property=\"og:image\" content=\"https:\/\/www.altominho.tv\/site\/wp-content\/uploads\/2025\/09\/paco.png\" \/>\n\t<meta property=\"og:image:width\" content=\"1200\" \/>\n\t<meta property=\"og:image:height\" content=\"630\" \/>\n\t<meta property=\"og:image:type\" content=\"image\/png\" \/>\n<meta name=\"author\" content=\"Andreia Cunha\" \/>\n<meta name=\"twitter:card\" content=\"summary_large_image\" \/>\n<meta name=\"twitter:creator\" content=\"@altominhoTV\" \/>\n<meta name=\"twitter:site\" content=\"@altominhoTV\" \/>\n<meta name=\"twitter:label1\" content=\"Escrito por\" \/>\n\t<meta name=\"twitter:data1\" content=\"Andreia Cunha\" \/>\n\t<meta name=\"twitter:label2\" content=\"Tempo estimado de leitura\" \/>\n\t<meta name=\"twitter:data2\" content=\"2 minutos\" \/>\n<script type=\"application\/ld+json\" class=\"yoast-schema-graph\">{\"@context\":\"https:\\\/\\\/schema.org\",\"@graph\":[{\"@type\":\"Article\",\"@id\":\"https:\\\/\\\/www.altominho.tv\\\/site\\\/2025\\\/09\\\/11\\\/arcos-de-valdevez-yoga-historia\\\/#article\",\"isPartOf\":{\"@id\":\"https:\\\/\\\/www.altominho.tv\\\/site\\\/2025\\\/09\\\/11\\\/arcos-de-valdevez-yoga-historia\\\/\"},\"author\":{\"name\":\"Andreia Cunha\",\"@id\":\"https:\\\/\\\/www.altominho.tv\\\/site\\\/#\\\/schema\\\/person\\\/a0e4ef6d041f98ca284393d8f1d97153\"},\"headline\":\"Harmonia no Pa\u00e7o: Yoga entre a Hist\u00f3ria a 21 de setembro\",\"datePublished\":\"2025-09-11T14:59:33+00:00\",\"dateModified\":\"2025-09-11T15:02:29+00:00\",\"mainEntityOfPage\":{\"@id\":\"https:\\\/\\\/www.altominho.tv\\\/site\\\/2025\\\/09\\\/11\\\/arcos-de-valdevez-yoga-historia\\\/\"},\"wordCount\":167,\"image\":{\"@id\":\"https:\\\/\\\/www.altominho.tv\\\/site\\\/2025\\\/09\\\/11\\\/arcos-de-valdevez-yoga-historia\\\/#primaryimage\"},\"thumbnailUrl\":\"https:\\\/\\\/www.altominho.tv\\\/site\\\/wp-content\\\/uploads\\\/2025\\\/09\\\/paco.png\",\"keywords\":[\"Sociedade\"],\"articleSection\":[\"Arcos de Valdevez\"],\"inLanguage\":\"pt-PT\",\"copyrightYear\":\"2025\",\"copyrightHolder\":{\"@id\":\"https:\\\/\\\/www.altominho.tv\\\/site\\\/#organization\"}},{\"@type\":\"WebPage\",\"@id\":\"https:\\\/\\\/www.altominho.tv\\\/site\\\/2025\\\/09\\\/11\\\/arcos-de-valdevez-yoga-historia\\\/\",\"url\":\"https:\\\/\\\/www.altominho.tv\\\/site\\\/2025\\\/09\\\/11\\\/arcos-de-valdevez-yoga-historia\\\/\",\"name\":\"Harmonia no Pa\u00e7o: Yoga entre a Hist\u00f3ria a 21 de setembro\",\"isPartOf\":{\"@id\":\"https:\\\/\\\/www.altominho.tv\\\/site\\\/#website\"},\"primaryImageOfPage\":{\"@id\":\"https:\\\/\\\/www.altominho.tv\\\/site\\\/2025\\\/09\\\/11\\\/arcos-de-valdevez-yoga-historia\\\/#primaryimage\"},\"image\":{\"@id\":\"https:\\\/\\\/www.altominho.tv\\\/site\\\/2025\\\/09\\\/11\\\/arcos-de-valdevez-yoga-historia\\\/#primaryimage\"},\"thumbnailUrl\":\"https:\\\/\\\/www.altominho.tv\\\/site\\\/wp-content\\\/uploads\\\/2025\\\/09\\\/paco.png\",\"datePublished\":\"2025-09-11T14:59:33+00:00\",\"dateModified\":\"2025-09-11T15:02:29+00:00\",\"author\":{\"@id\":\"https:\\\/\\\/www.altominho.tv\\\/site\\\/#\\\/schema\\\/person\\\/a0e4ef6d041f98ca284393d8f1d97153\"},\"description\":\"O Pa\u00e7o de Giela vai proporcionar uma sess\u00e3o de yoga relaxante e rejuvenescedora, uma experi\u00eancia de bem-estar e revitalizante para todos aqueles que queiram participar.\",\"breadcrumb\":{\"@id\":\"https:\\\/\\\/www.altominho.tv\\\/site\\\/2025\\\/09\\\/11\\\/arcos-de-valdevez-yoga-historia\\\/#breadcrumb\"},\"inLanguage\":\"pt-PT\",\"potentialAction\":[{\"@type\":\"ReadAction\",\"target\":[\"https:\\\/\\\/www.altominho.tv\\\/site\\\/2025\\\/09\\\/11\\\/arcos-de-valdevez-yoga-historia\\\/\"]}]},{\"@type\":\"ImageObject\",\"inLanguage\":\"pt-PT\",\"@id\":\"https:\\\/\\\/www.altominho.tv\\\/site\\\/2025\\\/09\\\/11\\\/arcos-de-valdevez-yoga-historia\\\/#primaryimage\",\"url\":\"https:\\\/\\\/www.altominho.tv\\\/site\\\/wp-content\\\/uploads\\\/2025\\\/09\\\/paco.png\",\"contentUrl\":\"https:\\\/\\\/www.altominho.tv\\\/site\\\/wp-content\\\/uploads\\\/2025\\\/09\\\/paco.png\",\"width\":1200,\"height\":630},{\"@type\":\"BreadcrumbList\",\"@id\":\"https:\\\/\\\/www.altominho.tv\\\/site\\\/2025\\\/09\\\/11\\\/arcos-de-valdevez-yoga-historia\\\/#breadcrumb\",\"itemListElement\":[{\"@type\":\"ListItem\",\"position\":1,\"name\":\"In\u00edcio\",\"item\":\"https:\\\/\\\/www.altominho.tv\\\/site\\\/\"},{\"@type\":\"ListItem\",\"position\":2,\"name\":\"Harmonia no Pa\u00e7o: Yoga entre a Hist\u00f3ria a 21 de setembro\"}]},{\"@type\":\"WebSite\",\"@id\":\"https:\\\/\\\/www.altominho.tv\\\/site\\\/#website\",\"url\":\"https:\\\/\\\/www.altominho.tv\\\/site\\\/\",\"name\":\"Altominho.tv\",\"description\":\"A sua regi\u00e3o \u00e0 dist\u00e2ncia de um clique...\",\"potentialAction\":[{\"@type\":\"SearchAction\",\"target\":{\"@type\":\"EntryPoint\",\"urlTemplate\":\"https:\\\/\\\/www.altominho.tv\\\/site\\\/?s={search_term_string}\"},\"query-input\":{\"@type\":\"PropertyValueSpecification\",\"valueRequired\":true,\"valueName\":\"search_term_string\"}}],\"inLanguage\":\"pt-PT\"},{\"@type\":\"Person\",\"@id\":\"https:\\\/\\\/www.altominho.tv\\\/site\\\/#\\\/schema\\\/person\\\/a0e4ef6d041f98ca284393d8f1d97153\",\"name\":\"Andreia Cunha\",\"image\":{\"@type\":\"ImageObject\",\"inLanguage\":\"pt-PT\",\"@id\":\"https:\\\/\\\/www.altominho.tv\\\/site\\\/wp-content\\\/uploads\\\/2017\\\/11\\\/Andreia_Cunha-1-150x150.jpg\",\"url\":\"https:\\\/\\\/www.altominho.tv\\\/site\\\/wp-content\\\/uploads\\\/2017\\\/11\\\/Andreia_Cunha-1-150x150.jpg\",\"contentUrl\":\"https:\\\/\\\/www.altominho.tv\\\/site\\\/wp-content\\\/uploads\\\/2017\\\/11\\\/Andreia_Cunha-1-150x150.jpg\",\"caption\":\"Andreia Cunha\"},\"url\":\"https:\\\/\\\/www.altominho.tv\\\/site\\\/author\\\/andreiacunha\\\/\"}]}<\/script>\n<!-- \/ Yoast SEO Premium plugin. -->","yoast_head_json":{"title":"Harmonia no Pa\u00e7o: Yoga entre a Hist\u00f3ria a 21 de setembro","description":"O Pa\u00e7o de Giela vai proporcionar uma sess\u00e3o de yoga relaxante e rejuvenescedora, uma experi\u00eancia de bem-estar e revitalizante para todos aqueles que queiram participar.","robots":{"index":"index","follow":"follow","max-snippet":"max-snippet:-1","max-image-preview":"max-image-preview:large","max-video-preview":"max-video-preview:-1"},"canonical":"https:\/\/www.altominho.tv\/site\/2025\/09\/11\/arcos-de-valdevez-yoga-historia\/","og_locale":"pt_PT","og_type":"article","og_title":"Harmonia no Pa\u00e7o: Yoga entre a Hist\u00f3ria a 21 de setembro","og_description":"O Pa\u00e7o de Giela vai proporcionar uma sess\u00e3o de yoga relaxante e rejuvenescedora, uma experi\u00eancia de bem-estar e revitalizante para todos aqueles que queiram participar.","og_url":"https:\/\/www.altominho.tv\/site\/2025\/09\/11\/arcos-de-valdevez-yoga-historia\/","og_site_name":"Altominho.tv","article_publisher":"https:\/\/www.facebook.com\/altominhotv","article_published_time":"2025-09-11T14:59:33+00:00","article_modified_time":"2025-09-11T15:02:29+00:00","og_image":[{"width":1200,"height":630,"url":"https:\/\/www.altominho.tv\/site\/wp-content\/uploads\/2025\/09\/paco.png","type":"image\/png"}],"author":"Andreia Cunha","twitter_card":"summary_large_image","twitter_creator":"@altominhoTV","twitter_site":"@altominhoTV","twitter_misc":{"Escrito por":"Andreia Cunha","Tempo estimado de leitura":"2 minutos"},"schema":{"@context":"https:\/\/schema.org","@graph":[{"@type":"Article","@id":"https:\/\/www.altominho.tv\/site\/2025\/09\/11\/arcos-de-valdevez-yoga-historia\/#article","isPartOf":{"@id":"https:\/\/www.altominho.tv\/site\/2025\/09\/11\/arcos-de-valdevez-yoga-historia\/"},"author":{"name":"Andreia Cunha","@id":"https:\/\/www.altominho.tv\/site\/#\/schema\/person\/a0e4ef6d041f98ca284393d8f1d97153"},"headline":"Harmonia no Pa\u00e7o: Yoga entre a Hist\u00f3ria a 21 de setembro","datePublished":"2025-09-11T14:59:33+00:00","dateModified":"2025-09-11T15:02:29+00:00","mainEntityOfPage":{"@id":"https:\/\/www.altominho.tv\/site\/2025\/09\/11\/arcos-de-valdevez-yoga-historia\/"},"wordCount":167,"image":{"@id":"https:\/\/www.altominho.tv\/site\/2025\/09\/11\/arcos-de-valdevez-yoga-historia\/#primaryimage"},"thumbnailUrl":"https:\/\/www.altominho.tv\/site\/wp-content\/uploads\/2025\/09\/paco.png","keywords":["Sociedade"],"articleSection":["Arcos de Valdevez"],"inLanguage":"pt-PT","copyrightYear":"2025","copyrightHolder":{"@id":"https:\/\/www.altominho.tv\/site\/#organization"}},{"@type":"WebPage","@id":"https:\/\/www.altominho.tv\/site\/2025\/09\/11\/arcos-de-valdevez-yoga-historia\/","url":"https:\/\/www.altominho.tv\/site\/2025\/09\/11\/arcos-de-valdevez-yoga-historia\/","name":"Harmonia no Pa\u00e7o: Yoga entre a Hist\u00f3ria a 21 de setembro","isPartOf":{"@id":"https:\/\/www.altominho.tv\/site\/#website"},"primaryImageOfPage":{"@id":"https:\/\/www.altominho.tv\/site\/2025\/09\/11\/arcos-de-valdevez-yoga-historia\/#primaryimage"},"image":{"@id":"https:\/\/www.altominho.tv\/site\/2025\/09\/11\/arcos-de-valdevez-yoga-historia\/#primaryimage"},"thumbnailUrl":"https:\/\/www.altominho.tv\/site\/wp-content\/uploads\/2025\/09\/paco.png","datePublished":"2025-09-11T14:59:33+00:00","dateModified":"2025-09-11T15:02:29+00:00","author":{"@id":"https:\/\/www.altominho.tv\/site\/#\/schema\/person\/a0e4ef6d041f98ca284393d8f1d97153"},"description":"O Pa\u00e7o de Giela vai proporcionar uma sess\u00e3o de yoga relaxante e rejuvenescedora, uma experi\u00eancia de bem-estar e revitalizante para todos aqueles que queiram participar.","breadcrumb":{"@id":"https:\/\/www.altominho.tv\/site\/2025\/09\/11\/arcos-de-valdevez-yoga-historia\/#breadcrumb"},"inLanguage":"pt-PT","potentialAction":[{"@type":"ReadAction","target":["https:\/\/www.altominho.tv\/site\/2025\/09\/11\/arcos-de-valdevez-yoga-historia\/"]}]},{"@type":"ImageObject","inLanguage":"pt-PT","@id":"https:\/\/www.altominho.tv\/site\/2025\/09\/11\/arcos-de-valdevez-yoga-historia\/#primaryimage","url":"https:\/\/www.altominho.tv\/site\/wp-content\/uploads\/2025\/09\/paco.png","contentUrl":"https:\/\/www.altominho.tv\/site\/wp-content\/uploads\/2025\/09\/paco.png","width":1200,"height":630},{"@type":"BreadcrumbList","@id":"https:\/\/www.altominho.tv\/site\/2025\/09\/11\/arcos-de-valdevez-yoga-historia\/#breadcrumb","itemListElement":[{"@type":"ListItem","position":1,"name":"In\u00edcio","item":"https:\/\/www.altominho.tv\/site\/"},{"@type":"ListItem","position":2,"name":"Harmonia no Pa\u00e7o: Yoga entre a Hist\u00f3ria a 21 de setembro"}]},{"@type":"WebSite","@id":"https:\/\/www.altominho.tv\/site\/#website","url":"https:\/\/www.altominho.tv\/site\/","name":"Altominho.tv","description":"A sua regi\u00e3o \u00e0 dist\u00e2ncia de um clique...","potentialAction":[{"@type":"SearchAction","target":{"@type":"EntryPoint","urlTemplate":"https:\/\/www.altominho.tv\/site\/?s={search_term_string}"},"query-input":{"@type":"PropertyValueSpecification","valueRequired":true,"valueName":"search_term_string"}}],"inLanguage":"pt-PT"},{"@type":"Person","@id":"https:\/\/www.altominho.tv\/site\/#\/schema\/person\/a0e4ef6d041f98ca284393d8f1d97153","name":"Andreia Cunha","image":{"@type":"ImageObject","inLanguage":"pt-PT","@id":"https:\/\/www.altominho.tv\/site\/wp-content\/uploads\/2017\/11\/Andreia_Cunha-1-150x150.jpg","url":"https:\/\/www.altominho.tv\/site\/wp-content\/uploads\/2017\/11\/Andreia_Cunha-1-150x150.jpg","contentUrl":"https:\/\/www.altominho.tv\/site\/wp-content\/uploads\/2017\/11\/Andreia_Cunha-1-150x150.jpg","caption":"Andreia Cunha"},"url":"https:\/\/www.altominho.tv\/site\/author\/andreiacunha\/"}]}},"_links":{"self":[{"href":"https:\/\/www.altominho.tv\/site\/wp-json\/wp\/v2\/posts\/122822","targetHints":{"allow":["GET"]}}],"collection":[{"href":"https:\/\/www.altominho.tv\/site\/wp-json\/wp\/v2\/posts"}],"about":[{"href":"https:\/\/www.altominho.tv\/site\/wp-json\/wp\/v2\/types\/post"}],"author":[{"embeddable":true,"href":"https:\/\/www.altominho.tv\/site\/wp-json\/wp\/v2\/users\/7"}],"replies":[{"embeddable":true,"href":"https:\/\/www.altominho.tv\/site\/wp-json\/wp\/v2\/comments?post=122822"}],"version-history":[{"count":2,"href":"https:\/\/www.altominho.tv\/site\/wp-json\/wp\/v2\/posts\/122822\/revisions"}],"predecessor-version":[{"id":122826,"href":"https:\/\/www.altominho.tv\/site\/wp-json\/wp\/v2\/posts\/122822\/revisions\/122826"}],"wp:featuredmedia":[{"embeddable":true,"href":"https:\/\/www.altominho.tv\/site\/wp-json\/wp\/v2\/media\/122824"}],"wp:attachment":[{"href":"https:\/\/www.altominho.tv\/site\/wp-json\/wp\/v2\/media?parent=122822"}],"wp:term":[{"taxonomy":"category","embeddable":true,"href":"https:\/\/www.altominho.tv\/site\/wp-json\/wp\/v2\/categories?post=122822"},{"taxonomy":"post_tag","embeddable":true,"href":"https:\/\/www.altominho.tv\/site\/wp-json\/wp\/v2\/tags?post=122822"}],"curies":[{"name":"wp","href":"https:\/\/api.w.org\/{rel}","templated":true}]}}