{"id":122802,"date":"2025-09-11T01:14:24","date_gmt":"2025-09-11T00:14:24","guid":{"rendered":"https:\/\/www.altominho.tv\/site\/?p=122802"},"modified":"2025-09-11T01:14:29","modified_gmt":"2025-09-11T00:14:29","slug":"ja-comecaram-as-feiras-novas-em-ponte-de-lima-2","status":"publish","type":"post","link":"https:\/\/www.altominho.tv\/site\/2025\/09\/11\/ja-comecaram-as-feiras-novas-em-ponte-de-lima-2\/","title":{"rendered":"J\u00e1 come\u00e7aram as Feiras Novas em Ponte de Lima"},"content":{"rendered":"\n<p>Uma arruada de concertinas pelo Centro Hist\u00f3rico e a inaugura\u00e7\u00e3o da ilumina\u00e7\u00e3o, marcaram esta quarta-feira, a abertura oficial das Feiras Novas, em Ponte de Lima.<br>O Encontro Concelhio de Tocadores de Concertina contou com largas centenas de participantes.<\/p>\n\n\n\n<p>Ao longo da noite, as rusgas, os cantares ao desafio e as concertinas d\u00e3o cor a esta festa, que espera a visita de milhares de pessoas.&nbsp;<\/p>\n\n\n\n<iframe loading=\"lazy\" width=\"560\" height=\"315\" src=\"https:\/\/www.youtube.com\/embed\/g0s_LVV9ZoY?si=esOyXQN2Twb0waau\" title=\"YouTube video player\" frameborder=\"0\" allow=\"accelerometer; autoplay; clipboard-write; encrypted-media; gyroscope; picture-in-picture; web-share\" referrerpolicy=\"strict-origin-when-cross-origin\" allowfullscreen><\/iframe>\n","protected":false},"excerpt":{"rendered":"<p>Uma arruada de concertinas pelo Centro Hist\u00f3rico e a inaugura\u00e7\u00e3o da ilumina\u00e7\u00e3o, marcaram esta quarta-feira, a abertura oficial das Feiras Novas, em Ponte de Lima.O Encontro Concelhio de Tocadores de Concertina contou com largas centenas de participantes. Ao longo da noite, as rusgas, os cantares ao desafio e as concertinas d\u00e3o cor a esta festa, [&hellip;]<\/p>\n","protected":false},"author":9,"featured_media":122803,"comment_status":"closed","ping_status":"closed","sticky":false,"template":"","format":"video","meta":{"_exactmetrics_skip_tracking":false,"_exactmetrics_sitenote_active":false,"_exactmetrics_sitenote_note":"","_exactmetrics_sitenote_category":0,"footnotes":""},"categories":[12],"tags":[19,27],"class_list":["post-122802","post","type-post","status-publish","format-video","has-post-thumbnail","hentry","category-ponte-de-lima","tag-cultura","tag-sociedade","post_format-post-format-video"],"yoast_head":"<!-- This site is optimized with the Yoast SEO Premium plugin v27.4 (Yoast SEO v27.4) - https:\/\/yoast.com\/product\/yoast-seo-premium-wordpress\/ -->\n<title>J\u00e1 come\u00e7aram as Feiras Novas em Ponte de Lima<\/title>\n<meta name=\"robots\" content=\"index, follow, max-snippet:-1, max-image-preview:large, max-video-preview:-1\" \/>\n<link rel=\"canonical\" href=\"https:\/\/www.altominho.tv\/site\/2025\/09\/11\/ja-comecaram-as-feiras-novas-em-ponte-de-lima-2\/\" \/>\n<meta property=\"og:locale\" content=\"pt_PT\" \/>\n<meta property=\"og:type\" content=\"article\" \/>\n<meta property=\"og:title\" content=\"J\u00e1 come\u00e7aram as Feiras Novas em Ponte de Lima\" \/>\n<meta property=\"og:description\" content=\"Uma arruada de concertinas pelo Centro Hist\u00f3rico e a inaugura\u00e7\u00e3o da ilumina\u00e7\u00e3o, marcaram esta quarta-feira, a abertura oficial das Feiras Novas, em Ponte de Lima.O Encontro Concelhio de Tocadores de Concertina contou com largas centenas de participantes. Ao longo da noite, as rusgas, os cantares ao desafio e as concertinas d\u00e3o cor a esta festa, [&hellip;]\" \/>\n<meta property=\"og:url\" content=\"https:\/\/www.altominho.tv\/site\/2025\/09\/11\/ja-comecaram-as-feiras-novas-em-ponte-de-lima-2\/\" \/>\n<meta property=\"og:site_name\" content=\"Altominho.tv\" \/>\n<meta property=\"article:publisher\" content=\"https:\/\/www.facebook.com\/altominhotv\" \/>\n<meta property=\"article:published_time\" content=\"2025-09-11T00:14:24+00:00\" \/>\n<meta property=\"article:modified_time\" content=\"2025-09-11T00:14:29+00:00\" \/>\n<meta property=\"og:image\" content=\"https:\/\/www.altominho.tv\/site\/wp-content\/uploads\/2025\/09\/Feiras-novas-.jpg\" \/>\n\t<meta property=\"og:image:width\" content=\"1920\" \/>\n\t<meta property=\"og:image:height\" content=\"1080\" \/>\n\t<meta property=\"og:image:type\" content=\"image\/jpeg\" \/>\n<meta name=\"author\" content=\"Rafael Pereira\" \/>\n<meta name=\"twitter:card\" content=\"summary_large_image\" \/>\n<meta name=\"twitter:creator\" content=\"@altominhoTV\" \/>\n<meta name=\"twitter:site\" content=\"@altominhoTV\" \/>\n<meta name=\"twitter:label1\" content=\"Escrito por\" \/>\n\t<meta name=\"twitter:data1\" content=\"Rafael Pereira\" \/>\n\t<meta name=\"twitter:label2\" content=\"Tempo estimado de leitura\" \/>\n\t<meta name=\"twitter:data2\" content=\"1 minuto\" \/>\n<script type=\"application\/ld+json\" class=\"yoast-schema-graph\">{\"@context\":\"https:\\\/\\\/schema.org\",\"@graph\":[{\"@type\":\"Article\",\"@id\":\"https:\\\/\\\/www.altominho.tv\\\/site\\\/2025\\\/09\\\/11\\\/ja-comecaram-as-feiras-novas-em-ponte-de-lima-2\\\/#article\",\"isPartOf\":{\"@id\":\"https:\\\/\\\/www.altominho.tv\\\/site\\\/2025\\\/09\\\/11\\\/ja-comecaram-as-feiras-novas-em-ponte-de-lima-2\\\/\"},\"author\":{\"name\":\"Rafael Pereira\",\"@id\":\"https:\\\/\\\/www.altominho.tv\\\/site\\\/#\\\/schema\\\/person\\\/2690abd4f0b3984514ce0607afbfced7\"},\"headline\":\"J\u00e1 come\u00e7aram as Feiras Novas em Ponte de Lima\",\"datePublished\":\"2025-09-11T00:14:24+00:00\",\"dateModified\":\"2025-09-11T00:14:29+00:00\",\"mainEntityOfPage\":{\"@id\":\"https:\\\/\\\/www.altominho.tv\\\/site\\\/2025\\\/09\\\/11\\\/ja-comecaram-as-feiras-novas-em-ponte-de-lima-2\\\/\"},\"wordCount\":79,\"image\":{\"@id\":\"https:\\\/\\\/www.altominho.tv\\\/site\\\/2025\\\/09\\\/11\\\/ja-comecaram-as-feiras-novas-em-ponte-de-lima-2\\\/#primaryimage\"},\"thumbnailUrl\":\"https:\\\/\\\/www.altominho.tv\\\/site\\\/wp-content\\\/uploads\\\/2025\\\/09\\\/Feiras-novas-.jpg\",\"keywords\":[\"Cultura\",\"Sociedade\"],\"articleSection\":[\"Ponte de Lima\"],\"inLanguage\":\"pt-PT\",\"copyrightYear\":\"2025\",\"copyrightHolder\":{\"@id\":\"https:\\\/\\\/www.altominho.tv\\\/site\\\/#organization\"}},{\"@type\":\"WebPage\",\"@id\":\"https:\\\/\\\/www.altominho.tv\\\/site\\\/2025\\\/09\\\/11\\\/ja-comecaram-as-feiras-novas-em-ponte-de-lima-2\\\/\",\"url\":\"https:\\\/\\\/www.altominho.tv\\\/site\\\/2025\\\/09\\\/11\\\/ja-comecaram-as-feiras-novas-em-ponte-de-lima-2\\\/\",\"name\":\"J\u00e1 come\u00e7aram as Feiras Novas em Ponte de Lima\",\"isPartOf\":{\"@id\":\"https:\\\/\\\/www.altominho.tv\\\/site\\\/#website\"},\"primaryImageOfPage\":{\"@id\":\"https:\\\/\\\/www.altominho.tv\\\/site\\\/2025\\\/09\\\/11\\\/ja-comecaram-as-feiras-novas-em-ponte-de-lima-2\\\/#primaryimage\"},\"image\":{\"@id\":\"https:\\\/\\\/www.altominho.tv\\\/site\\\/2025\\\/09\\\/11\\\/ja-comecaram-as-feiras-novas-em-ponte-de-lima-2\\\/#primaryimage\"},\"thumbnailUrl\":\"https:\\\/\\\/www.altominho.tv\\\/site\\\/wp-content\\\/uploads\\\/2025\\\/09\\\/Feiras-novas-.jpg\",\"datePublished\":\"2025-09-11T00:14:24+00:00\",\"dateModified\":\"2025-09-11T00:14:29+00:00\",\"author\":{\"@id\":\"https:\\\/\\\/www.altominho.tv\\\/site\\\/#\\\/schema\\\/person\\\/2690abd4f0b3984514ce0607afbfced7\"},\"breadcrumb\":{\"@id\":\"https:\\\/\\\/www.altominho.tv\\\/site\\\/2025\\\/09\\\/11\\\/ja-comecaram-as-feiras-novas-em-ponte-de-lima-2\\\/#breadcrumb\"},\"inLanguage\":\"pt-PT\",\"potentialAction\":[{\"@type\":\"ReadAction\",\"target\":[\"https:\\\/\\\/www.altominho.tv\\\/site\\\/2025\\\/09\\\/11\\\/ja-comecaram-as-feiras-novas-em-ponte-de-lima-2\\\/\"]}]},{\"@type\":\"ImageObject\",\"inLanguage\":\"pt-PT\",\"@id\":\"https:\\\/\\\/www.altominho.tv\\\/site\\\/2025\\\/09\\\/11\\\/ja-comecaram-as-feiras-novas-em-ponte-de-lima-2\\\/#primaryimage\",\"url\":\"https:\\\/\\\/www.altominho.tv\\\/site\\\/wp-content\\\/uploads\\\/2025\\\/09\\\/Feiras-novas-.jpg\",\"contentUrl\":\"https:\\\/\\\/www.altominho.tv\\\/site\\\/wp-content\\\/uploads\\\/2025\\\/09\\\/Feiras-novas-.jpg\",\"width\":1920,\"height\":1080},{\"@type\":\"BreadcrumbList\",\"@id\":\"https:\\\/\\\/www.altominho.tv\\\/site\\\/2025\\\/09\\\/11\\\/ja-comecaram-as-feiras-novas-em-ponte-de-lima-2\\\/#breadcrumb\",\"itemListElement\":[{\"@type\":\"ListItem\",\"position\":1,\"name\":\"In\u00edcio\",\"item\":\"https:\\\/\\\/www.altominho.tv\\\/site\\\/\"},{\"@type\":\"ListItem\",\"position\":2,\"name\":\"J\u00e1 come\u00e7aram as Feiras Novas em Ponte de Lima\"}]},{\"@type\":\"WebSite\",\"@id\":\"https:\\\/\\\/www.altominho.tv\\\/site\\\/#website\",\"url\":\"https:\\\/\\\/www.altominho.tv\\\/site\\\/\",\"name\":\"Altominho.tv\",\"description\":\"A sua regi\u00e3o \u00e0 dist\u00e2ncia de um clique...\",\"potentialAction\":[{\"@type\":\"SearchAction\",\"target\":{\"@type\":\"EntryPoint\",\"urlTemplate\":\"https:\\\/\\\/www.altominho.tv\\\/site\\\/?s={search_term_string}\"},\"query-input\":{\"@type\":\"PropertyValueSpecification\",\"valueRequired\":true,\"valueName\":\"search_term_string\"}}],\"inLanguage\":\"pt-PT\"},{\"@type\":\"Person\",\"@id\":\"https:\\\/\\\/www.altominho.tv\\\/site\\\/#\\\/schema\\\/person\\\/2690abd4f0b3984514ce0607afbfced7\",\"name\":\"Rafael Pereira\",\"image\":{\"@type\":\"ImageObject\",\"inLanguage\":\"pt-PT\",\"@id\":\"https:\\\/\\\/www.altominho.tv\\\/site\\\/wp-content\\\/uploads\\\/2021\\\/08\\\/42996867_1705603802900752_8292335788369117184_n-150x150.jpeg\",\"url\":\"https:\\\/\\\/www.altominho.tv\\\/site\\\/wp-content\\\/uploads\\\/2021\\\/08\\\/42996867_1705603802900752_8292335788369117184_n-150x150.jpeg\",\"contentUrl\":\"https:\\\/\\\/www.altominho.tv\\\/site\\\/wp-content\\\/uploads\\\/2021\\\/08\\\/42996867_1705603802900752_8292335788369117184_n-150x150.jpeg\",\"caption\":\"Rafael Pereira\"},\"url\":\"https:\\\/\\\/www.altominho.tv\\\/site\\\/author\\\/rafaelpereira\\\/\"}]}<\/script>\n<meta property=\"og:video\" content=\"https:\/\/www.youtube.com\/embed\/g0s_LVV9ZoY\" \/>\n<meta property=\"og:video:type\" content=\"text\/html\" \/>\n<meta property=\"og:video:duration\" content=\"176\" \/>\n<meta property=\"og:video:width\" content=\"480\" \/>\n<meta property=\"og:video:height\" content=\"270\" \/>\n<meta property=\"ya:ovs:adult\" content=\"false\" \/>\n<meta property=\"ya:ovs:upload_date\" content=\"2025-09-11T00:14:24+00:00\" \/>\n<meta property=\"ya:ovs:allow_embed\" content=\"true\" \/>\n<!-- \/ Yoast SEO Premium plugin. -->","yoast_head_json":{"title":"J\u00e1 come\u00e7aram as Feiras Novas em Ponte de Lima","robots":{"index":"index","follow":"follow","max-snippet":"max-snippet:-1","max-image-preview":"max-image-preview:large","max-video-preview":"max-video-preview:-1"},"canonical":"https:\/\/www.altominho.tv\/site\/2025\/09\/11\/ja-comecaram-as-feiras-novas-em-ponte-de-lima-2\/","og_locale":"pt_PT","og_type":"article","og_title":"J\u00e1 come\u00e7aram as Feiras Novas em Ponte de Lima","og_description":"Uma arruada de concertinas pelo Centro Hist\u00f3rico e a inaugura\u00e7\u00e3o da ilumina\u00e7\u00e3o, marcaram esta quarta-feira, a abertura oficial das Feiras Novas, em Ponte de Lima.O Encontro Concelhio de Tocadores de Concertina contou com largas centenas de participantes. Ao longo da noite, as rusgas, os cantares ao desafio e as concertinas d\u00e3o cor a esta festa, [&hellip;]","og_url":"https:\/\/www.altominho.tv\/site\/2025\/09\/11\/ja-comecaram-as-feiras-novas-em-ponte-de-lima-2\/","og_site_name":"Altominho.tv","article_publisher":"https:\/\/www.facebook.com\/altominhotv","article_published_time":"2025-09-11T00:14:24+00:00","article_modified_time":"2025-09-11T00:14:29+00:00","og_image":[{"width":1920,"height":1080,"url":"https:\/\/www.altominho.tv\/site\/wp-content\/uploads\/2025\/09\/Feiras-novas-.jpg","type":"image\/jpeg"}],"author":"Rafael Pereira","twitter_card":"summary_large_image","twitter_creator":"@altominhoTV","twitter_site":"@altominhoTV","twitter_misc":{"Escrito por":"Rafael Pereira","Tempo estimado de leitura":"1 minuto"},"schema":{"@context":"https:\/\/schema.org","@graph":[{"@type":"Article","@id":"https:\/\/www.altominho.tv\/site\/2025\/09\/11\/ja-comecaram-as-feiras-novas-em-ponte-de-lima-2\/#article","isPartOf":{"@id":"https:\/\/www.altominho.tv\/site\/2025\/09\/11\/ja-comecaram-as-feiras-novas-em-ponte-de-lima-2\/"},"author":{"name":"Rafael Pereira","@id":"https:\/\/www.altominho.tv\/site\/#\/schema\/person\/2690abd4f0b3984514ce0607afbfced7"},"headline":"J\u00e1 come\u00e7aram as Feiras Novas em Ponte de Lima","datePublished":"2025-09-11T00:14:24+00:00","dateModified":"2025-09-11T00:14:29+00:00","mainEntityOfPage":{"@id":"https:\/\/www.altominho.tv\/site\/2025\/09\/11\/ja-comecaram-as-feiras-novas-em-ponte-de-lima-2\/"},"wordCount":79,"image":{"@id":"https:\/\/www.altominho.tv\/site\/2025\/09\/11\/ja-comecaram-as-feiras-novas-em-ponte-de-lima-2\/#primaryimage"},"thumbnailUrl":"https:\/\/www.altominho.tv\/site\/wp-content\/uploads\/2025\/09\/Feiras-novas-.jpg","keywords":["Cultura","Sociedade"],"articleSection":["Ponte de Lima"],"inLanguage":"pt-PT","copyrightYear":"2025","copyrightHolder":{"@id":"https:\/\/www.altominho.tv\/site\/#organization"}},{"@type":"WebPage","@id":"https:\/\/www.altominho.tv\/site\/2025\/09\/11\/ja-comecaram-as-feiras-novas-em-ponte-de-lima-2\/","url":"https:\/\/www.altominho.tv\/site\/2025\/09\/11\/ja-comecaram-as-feiras-novas-em-ponte-de-lima-2\/","name":"J\u00e1 come\u00e7aram as Feiras Novas em Ponte de Lima","isPartOf":{"@id":"https:\/\/www.altominho.tv\/site\/#website"},"primaryImageOfPage":{"@id":"https:\/\/www.altominho.tv\/site\/2025\/09\/11\/ja-comecaram-as-feiras-novas-em-ponte-de-lima-2\/#primaryimage"},"image":{"@id":"https:\/\/www.altominho.tv\/site\/2025\/09\/11\/ja-comecaram-as-feiras-novas-em-ponte-de-lima-2\/#primaryimage"},"thumbnailUrl":"https:\/\/www.altominho.tv\/site\/wp-content\/uploads\/2025\/09\/Feiras-novas-.jpg","datePublished":"2025-09-11T00:14:24+00:00","dateModified":"2025-09-11T00:14:29+00:00","author":{"@id":"https:\/\/www.altominho.tv\/site\/#\/schema\/person\/2690abd4f0b3984514ce0607afbfced7"},"breadcrumb":{"@id":"https:\/\/www.altominho.tv\/site\/2025\/09\/11\/ja-comecaram-as-feiras-novas-em-ponte-de-lima-2\/#breadcrumb"},"inLanguage":"pt-PT","potentialAction":[{"@type":"ReadAction","target":["https:\/\/www.altominho.tv\/site\/2025\/09\/11\/ja-comecaram-as-feiras-novas-em-ponte-de-lima-2\/"]}]},{"@type":"ImageObject","inLanguage":"pt-PT","@id":"https:\/\/www.altominho.tv\/site\/2025\/09\/11\/ja-comecaram-as-feiras-novas-em-ponte-de-lima-2\/#primaryimage","url":"https:\/\/www.altominho.tv\/site\/wp-content\/uploads\/2025\/09\/Feiras-novas-.jpg","contentUrl":"https:\/\/www.altominho.tv\/site\/wp-content\/uploads\/2025\/09\/Feiras-novas-.jpg","width":1920,"height":1080},{"@type":"BreadcrumbList","@id":"https:\/\/www.altominho.tv\/site\/2025\/09\/11\/ja-comecaram-as-feiras-novas-em-ponte-de-lima-2\/#breadcrumb","itemListElement":[{"@type":"ListItem","position":1,"name":"In\u00edcio","item":"https:\/\/www.altominho.tv\/site\/"},{"@type":"ListItem","position":2,"name":"J\u00e1 come\u00e7aram as Feiras Novas em Ponte de Lima"}]},{"@type":"WebSite","@id":"https:\/\/www.altominho.tv\/site\/#website","url":"https:\/\/www.altominho.tv\/site\/","name":"Altominho.tv","description":"A sua regi\u00e3o \u00e0 dist\u00e2ncia de um clique...","potentialAction":[{"@type":"SearchAction","target":{"@type":"EntryPoint","urlTemplate":"https:\/\/www.altominho.tv\/site\/?s={search_term_string}"},"query-input":{"@type":"PropertyValueSpecification","valueRequired":true,"valueName":"search_term_string"}}],"inLanguage":"pt-PT"},{"@type":"Person","@id":"https:\/\/www.altominho.tv\/site\/#\/schema\/person\/2690abd4f0b3984514ce0607afbfced7","name":"Rafael Pereira","image":{"@type":"ImageObject","inLanguage":"pt-PT","@id":"https:\/\/www.altominho.tv\/site\/wp-content\/uploads\/2021\/08\/42996867_1705603802900752_8292335788369117184_n-150x150.jpeg","url":"https:\/\/www.altominho.tv\/site\/wp-content\/uploads\/2021\/08\/42996867_1705603802900752_8292335788369117184_n-150x150.jpeg","contentUrl":"https:\/\/www.altominho.tv\/site\/wp-content\/uploads\/2021\/08\/42996867_1705603802900752_8292335788369117184_n-150x150.jpeg","caption":"Rafael Pereira"},"url":"https:\/\/www.altominho.tv\/site\/author\/rafaelpereira\/"}]},"og_video":"https:\/\/www.youtube.com\/embed\/g0s_LVV9ZoY","og_video_type":"text\/html","og_video_duration":"176","og_video_width":"480","og_video_height":"270","ya_ovs_adult":"false","ya_ovs_upload_date":"2025-09-11T00:14:24+00:00","ya_ovs_allow_embed":"true"},"_links":{"self":[{"href":"https:\/\/www.altominho.tv\/site\/wp-json\/wp\/v2\/posts\/122802","targetHints":{"allow":["GET"]}}],"collection":[{"href":"https:\/\/www.altominho.tv\/site\/wp-json\/wp\/v2\/posts"}],"about":[{"href":"https:\/\/www.altominho.tv\/site\/wp-json\/wp\/v2\/types\/post"}],"author":[{"embeddable":true,"href":"https:\/\/www.altominho.tv\/site\/wp-json\/wp\/v2\/users\/9"}],"replies":[{"embeddable":true,"href":"https:\/\/www.altominho.tv\/site\/wp-json\/wp\/v2\/comments?post=122802"}],"version-history":[{"count":1,"href":"https:\/\/www.altominho.tv\/site\/wp-json\/wp\/v2\/posts\/122802\/revisions"}],"predecessor-version":[{"id":122804,"href":"https:\/\/www.altominho.tv\/site\/wp-json\/wp\/v2\/posts\/122802\/revisions\/122804"}],"wp:featuredmedia":[{"embeddable":true,"href":"https:\/\/www.altominho.tv\/site\/wp-json\/wp\/v2\/media\/122803"}],"wp:attachment":[{"href":"https:\/\/www.altominho.tv\/site\/wp-json\/wp\/v2\/media?parent=122802"}],"wp:term":[{"taxonomy":"category","embeddable":true,"href":"https:\/\/www.altominho.tv\/site\/wp-json\/wp\/v2\/categories?post=122802"},{"taxonomy":"post_tag","embeddable":true,"href":"https:\/\/www.altominho.tv\/site\/wp-json\/wp\/v2\/tags?post=122802"}],"curies":[{"name":"wp","href":"https:\/\/api.w.org\/{rel}","templated":true}]}}