{"id":122739,"date":"2025-09-09T11:02:49","date_gmt":"2025-09-09T10:02:49","guid":{"rendered":"https:\/\/www.altominho.tv\/site\/?p=122739"},"modified":"2025-09-09T11:03:39","modified_gmt":"2025-09-09T10:03:39","slug":"vila-nova-de-cerveira-pizza-festival","status":"publish","type":"post","link":"https:\/\/www.altominho.tv\/site\/2025\/09\/09\/vila-nova-de-cerveira-pizza-festival\/","title":{"rendered":"De 12 a 14 de setembro Vila Nova de Cerveira volta a transformar-se numa \u2018fatia\u2019 de It\u00e1lia com o Festival da Pizza"},"content":{"rendered":"\n<p>De 12 a 14 de setembro, Vila Nova de Cerveira volta a transformar-se numa \u2018fatia\u2019 de It\u00e1lia com o Festival da Pizza.<\/p>\n\n\n\n<p>Durante tr\u00eas dias, a Pra\u00e7a Alto Minho \u00e9 palco de uma verdadeira celebra\u00e7\u00e3o desta iguaria, em todas as suas vers\u00f5es \u2014 cl\u00e1ssicas, criativas, tradicionais ou inovadoras &#8211; sempre acompanhadas por m\u00fasica e muita anima\u00e7\u00e3o.<\/p>\n\n\n\n<p>O programa inclui sete concertos ao vivo com artistas italianos, workshops tem\u00e1ticos (gelados para adultos e pizzas para crian\u00e7as), showcookings, e ainda um mercado italiano repleto de produtos t\u00edpicos como licores, azeites e farinhas.<\/p>\n\n\n\n<p>Tudo isto com uma decora\u00e7\u00e3o a preceito e o envolvimento de tr\u00eas pizzarias locais \u2013 Piazza, Pizzaria Toni e Di \u00c2ngelo &#8211; refor\u00e7am a autenticidade desta experi\u00eancia que alia tradi\u00e7\u00e3o e espet\u00e1culo.<\/p>\n\n\n\n<p>Um dos pontos altos do evento \u00e9 a competi\u00e7\u00e3o do Trof\u00e9u del Pizzaiolo, agendada para domingo, dia 14 de setembro, onde pizzaiolos profissionais e amadores ter\u00e3o oportunidade de mostrar criatividade e t\u00e9cnica na confe\u00e7\u00e3o de pizzas.<\/p>\n\n\n\n<p>A iniciativa pretende valorizar a qualidade, inova\u00e7\u00e3o e paix\u00e3o pela arte da pizza, com inscri\u00e7\u00f5es gratuitas e limitadas a 25 participantes, abertas atrav\u00e9s do site da Associazione Sapori Italiani (\u00a0<a href=\"https:\/\/www.saporiitalianiassociazione.com\/trofeo-del-pizzaiolo-alto-minho\" target=\"_blank\" rel=\"noreferrer noopener\">https:\/\/www.saporiitalianiassociazione.com\/trofeo-del-pizzaiolo-alto-minho<\/a>\u00a0).<\/p>\n\n\n\n<p>A competi\u00e7\u00e3o destina-se a todos os que desejam mostrar talento na confe\u00e7\u00e3o de pizzas, sejam profissionais ou amadores, individuais ou representando estabelecimentos de restaura\u00e7\u00e3o.<\/p>\n\n\n\n<p>Cada participante tem a oportunidade de surpreender com receitas originais e t\u00e9cnicas inovadoras, numa disputa que valoriza a criatividade e a qualidade.<\/p>\n\n\n\n<p>A presen\u00e7a da Sele\u00e7\u00e3o Portuguesa de Pizzaiolos refor\u00e7a a liga\u00e7\u00e3o \u00e0 excel\u00eancia gastron\u00f3mica e promete elevar ainda mais o n\u00edvel desta competi\u00e7\u00e3o.<\/p>\n\n\n\n<p>&#8220;Vila Nova de Cerveira transforma-se novamente num destino imperd\u00edvel para os amantes da boa gastronomia transalpina, com a pizza como protagonista&#8221;: em todas as formas, sabor em cada fatia&#8221;, deu nota a autarquia. <\/p>\n\n\n\n<p><strong><u>Programa em Destaque<\/u><\/strong><strong><u><\/u><\/strong><\/p>\n\n\n\n<p><strong>Sexta-feira, 12 de setembro<\/strong><\/p>\n\n\n\n<p>18h30 &#8211; Cerim\u00f3nia de Abertura<\/p>\n\n\n\n<p>19h00 &#8211; Aperitivo Italiano<\/p>\n\n\n\n<p>19h30 &#8211; M\u00fasica ao vivo: Mimmo Nardo<\/p>\n\n\n\n<p>21h30 &#8211; M\u00fasica ao vivo: Fratelli Celentano<\/p>\n\n\n\n<p>24h00 &#8211; Encerramento<\/p>\n\n\n\n<p><strong>S\u00e1bado, 13 de setembro<\/strong><\/p>\n\n\n\n<p>12h00 &#8211; Abertura<\/p>\n\n\n\n<p>13h00 &#8211; M\u00fasica ao vivo: Mimmo Nardo<\/p>\n\n\n\n<p>14h30 &#8211; Show de Pizza Acrob\u00e1tica<\/p>\n\n\n\n<p>15h00 &#8211; Pinturas Faciais<\/p>\n\n\n\n<p>16h00 &#8211; Pizza per Bambini (Workshop infantil)<\/p>\n\n\n\n<p>18h30 &#8211; Mamma che Gelato (Workshop)<\/p>\n\n\n\n<p>19h30 &#8211; M\u00fasica ao vivo: Fratelli Celentano<\/p>\n\n\n\n<p>21h30 &#8211; M\u00fasica ao vivo: Gap\u2019s Orchestra<\/p>\n\n\n\n<p>24h00 &#8211; Encerramento<\/p>\n\n\n\n<p><strong>Domingo, 14 de setembro<\/strong><\/p>\n\n\n\n<p>12h00 &#8211; Abertura<\/p>\n\n\n\n<p>13h00 &#8211; M\u00fasica ao vivo: Gap\u2019s Orchestra<\/p>\n\n\n\n<p>14h30 &#8211; Show de Pizza Acrob\u00e1tica<\/p>\n\n\n\n<p>16h00 &#8211; Trofeo Pizzaiolo Alto Minho<\/p>\n\n\n\n<p>17h30 &#8211; Entrega de Pr\u00e9mios<\/p>\n\n\n\n<p>18h30 &#8211; Mamma che Pasta (Workshop)<\/p>\n\n\n\n<p>19h30 &#8211; Show de Pizza Acrob\u00e1tica<\/p>\n\n\n\n<p>20h30 &#8211; M\u00fasica ao vivo: Mimmo Nardo<\/p>\n\n\n\n<p>24h00 &#8211; Encerramento<\/p>\n","protected":false},"excerpt":{"rendered":"<p>De 12 a 14 de setembro, Vila Nova de Cerveira volta a transformar-se numa \u2018fatia\u2019 de It\u00e1lia com o Festival da Pizza. Durante tr\u00eas dias, a Pra\u00e7a Alto Minho \u00e9 palco de uma verdadeira celebra\u00e7\u00e3o desta iguaria, em todas as suas vers\u00f5es \u2014 cl\u00e1ssicas, criativas, tradicionais ou inovadoras &#8211; sempre acompanhadas por m\u00fasica e muita [&hellip;]<\/p>\n","protected":false},"author":7,"featured_media":122740,"comment_status":"closed","ping_status":"closed","sticky":false,"template":"","format":"standard","meta":{"_exactmetrics_skip_tracking":false,"_exactmetrics_sitenote_active":false,"_exactmetrics_sitenote_note":"","_exactmetrics_sitenote_category":0,"footnotes":""},"categories":[15],"tags":[81,27],"class_list":["post-122739","post","type-post","status-publish","format-standard","has-post-thumbnail","hentry","category-vila-nova-de-cerveira","tag-gastronomia","tag-sociedade"],"yoast_head":"<!-- This site is optimized with the Yoast SEO Premium plugin v27.5 (Yoast SEO v27.5) - https:\/\/yoast.com\/product\/yoast-seo-premium-wordpress\/ -->\n<title>De 12 a 14 de setembro Vila Nova de Cerveira volta a transformar-se numa \u2018fatia\u2019 de It\u00e1lia com o Festival da Pizza<\/title>\n<meta name=\"description\" content=\"De 12 a 14 de setembro, Vila Nova de Cerveira volta a transformar-se numa \u2018fatia\u2019 de It\u00e1lia com o Festival da Pizza.\" \/>\n<meta name=\"robots\" content=\"index, follow, max-snippet:-1, max-image-preview:large, max-video-preview:-1\" \/>\n<link rel=\"canonical\" href=\"https:\/\/www.altominho.tv\/site\/2025\/09\/09\/vila-nova-de-cerveira-pizza-festival\/\" \/>\n<meta property=\"og:locale\" content=\"pt_PT\" \/>\n<meta property=\"og:type\" content=\"article\" \/>\n<meta property=\"og:title\" content=\"De 12 a 14 de setembro Vila Nova de Cerveira volta a transformar-se numa \u2018fatia\u2019 de It\u00e1lia com o Festival da Pizza\" \/>\n<meta property=\"og:description\" content=\"De 12 a 14 de setembro, Vila Nova de Cerveira volta a transformar-se numa \u2018fatia\u2019 de It\u00e1lia com o Festival da Pizza.\" \/>\n<meta property=\"og:url\" content=\"https:\/\/www.altominho.tv\/site\/2025\/09\/09\/vila-nova-de-cerveira-pizza-festival\/\" \/>\n<meta property=\"og:site_name\" content=\"Altominho.tv\" \/>\n<meta property=\"article:publisher\" content=\"https:\/\/www.facebook.com\/altominhotv\" \/>\n<meta property=\"article:published_time\" content=\"2025-09-09T10:02:49+00:00\" \/>\n<meta property=\"article:modified_time\" content=\"2025-09-09T10:03:39+00:00\" \/>\n<meta property=\"og:image\" content=\"https:\/\/www.altominho.tv\/site\/wp-content\/uploads\/2025\/09\/Pizza-cerveira.jpeg\" \/>\n\t<meta property=\"og:image:width\" content=\"1920\" \/>\n\t<meta property=\"og:image:height\" content=\"1080\" \/>\n\t<meta property=\"og:image:type\" content=\"image\/jpeg\" \/>\n<meta name=\"author\" content=\"Andreia Cunha\" \/>\n<meta name=\"twitter:card\" content=\"summary_large_image\" \/>\n<meta name=\"twitter:creator\" content=\"@altominhoTV\" \/>\n<meta name=\"twitter:site\" content=\"@altominhoTV\" \/>\n<meta name=\"twitter:label1\" content=\"Escrito por\" \/>\n\t<meta name=\"twitter:data1\" content=\"Andreia Cunha\" \/>\n\t<meta name=\"twitter:label2\" content=\"Tempo estimado de leitura\" \/>\n\t<meta name=\"twitter:data2\" content=\"3 minutos\" \/>\n<script type=\"application\/ld+json\" class=\"yoast-schema-graph\">{\"@context\":\"https:\\\/\\\/schema.org\",\"@graph\":[{\"@type\":\"Article\",\"@id\":\"https:\\\/\\\/www.altominho.tv\\\/site\\\/2025\\\/09\\\/09\\\/vila-nova-de-cerveira-pizza-festival\\\/#article\",\"isPartOf\":{\"@id\":\"https:\\\/\\\/www.altominho.tv\\\/site\\\/2025\\\/09\\\/09\\\/vila-nova-de-cerveira-pizza-festival\\\/\"},\"author\":{\"name\":\"Andreia Cunha\",\"@id\":\"https:\\\/\\\/www.altominho.tv\\\/site\\\/#\\\/schema\\\/person\\\/a0e4ef6d041f98ca284393d8f1d97153\"},\"headline\":\"De 12 a 14 de setembro Vila Nova de Cerveira volta a transformar-se numa \u2018fatia\u2019 de It\u00e1lia com o Festival da Pizza\",\"datePublished\":\"2025-09-09T10:02:49+00:00\",\"dateModified\":\"2025-09-09T10:03:39+00:00\",\"mainEntityOfPage\":{\"@id\":\"https:\\\/\\\/www.altominho.tv\\\/site\\\/2025\\\/09\\\/09\\\/vila-nova-de-cerveira-pizza-festival\\\/\"},\"wordCount\":496,\"image\":{\"@id\":\"https:\\\/\\\/www.altominho.tv\\\/site\\\/2025\\\/09\\\/09\\\/vila-nova-de-cerveira-pizza-festival\\\/#primaryimage\"},\"thumbnailUrl\":\"https:\\\/\\\/www.altominho.tv\\\/site\\\/wp-content\\\/uploads\\\/2025\\\/09\\\/Pizza-cerveira.jpeg\",\"keywords\":[\"Gastronomia\",\"Sociedade\"],\"articleSection\":[\"Vila Nova de Cerveira\"],\"inLanguage\":\"pt-PT\",\"copyrightYear\":\"2025\",\"copyrightHolder\":{\"@id\":\"https:\\\/\\\/www.altominho.tv\\\/site\\\/#organization\"}},{\"@type\":\"WebPage\",\"@id\":\"https:\\\/\\\/www.altominho.tv\\\/site\\\/2025\\\/09\\\/09\\\/vila-nova-de-cerveira-pizza-festival\\\/\",\"url\":\"https:\\\/\\\/www.altominho.tv\\\/site\\\/2025\\\/09\\\/09\\\/vila-nova-de-cerveira-pizza-festival\\\/\",\"name\":\"De 12 a 14 de setembro Vila Nova de Cerveira volta a transformar-se numa \u2018fatia\u2019 de It\u00e1lia com o Festival da Pizza\",\"isPartOf\":{\"@id\":\"https:\\\/\\\/www.altominho.tv\\\/site\\\/#website\"},\"primaryImageOfPage\":{\"@id\":\"https:\\\/\\\/www.altominho.tv\\\/site\\\/2025\\\/09\\\/09\\\/vila-nova-de-cerveira-pizza-festival\\\/#primaryimage\"},\"image\":{\"@id\":\"https:\\\/\\\/www.altominho.tv\\\/site\\\/2025\\\/09\\\/09\\\/vila-nova-de-cerveira-pizza-festival\\\/#primaryimage\"},\"thumbnailUrl\":\"https:\\\/\\\/www.altominho.tv\\\/site\\\/wp-content\\\/uploads\\\/2025\\\/09\\\/Pizza-cerveira.jpeg\",\"datePublished\":\"2025-09-09T10:02:49+00:00\",\"dateModified\":\"2025-09-09T10:03:39+00:00\",\"author\":{\"@id\":\"https:\\\/\\\/www.altominho.tv\\\/site\\\/#\\\/schema\\\/person\\\/a0e4ef6d041f98ca284393d8f1d97153\"},\"description\":\"De 12 a 14 de setembro, Vila Nova de Cerveira volta a transformar-se numa \u2018fatia\u2019 de It\u00e1lia com o Festival da Pizza.\",\"breadcrumb\":{\"@id\":\"https:\\\/\\\/www.altominho.tv\\\/site\\\/2025\\\/09\\\/09\\\/vila-nova-de-cerveira-pizza-festival\\\/#breadcrumb\"},\"inLanguage\":\"pt-PT\",\"potentialAction\":[{\"@type\":\"ReadAction\",\"target\":[\"https:\\\/\\\/www.altominho.tv\\\/site\\\/2025\\\/09\\\/09\\\/vila-nova-de-cerveira-pizza-festival\\\/\"]}]},{\"@type\":\"ImageObject\",\"inLanguage\":\"pt-PT\",\"@id\":\"https:\\\/\\\/www.altominho.tv\\\/site\\\/2025\\\/09\\\/09\\\/vila-nova-de-cerveira-pizza-festival\\\/#primaryimage\",\"url\":\"https:\\\/\\\/www.altominho.tv\\\/site\\\/wp-content\\\/uploads\\\/2025\\\/09\\\/Pizza-cerveira.jpeg\",\"contentUrl\":\"https:\\\/\\\/www.altominho.tv\\\/site\\\/wp-content\\\/uploads\\\/2025\\\/09\\\/Pizza-cerveira.jpeg\",\"width\":1920,\"height\":1080},{\"@type\":\"BreadcrumbList\",\"@id\":\"https:\\\/\\\/www.altominho.tv\\\/site\\\/2025\\\/09\\\/09\\\/vila-nova-de-cerveira-pizza-festival\\\/#breadcrumb\",\"itemListElement\":[{\"@type\":\"ListItem\",\"position\":1,\"name\":\"In\u00edcio\",\"item\":\"https:\\\/\\\/www.altominho.tv\\\/site\\\/\"},{\"@type\":\"ListItem\",\"position\":2,\"name\":\"De 12 a 14 de setembro Vila Nova de Cerveira volta a transformar-se numa \u2018fatia\u2019 de It\u00e1lia com o Festival da Pizza\"}]},{\"@type\":\"WebSite\",\"@id\":\"https:\\\/\\\/www.altominho.tv\\\/site\\\/#website\",\"url\":\"https:\\\/\\\/www.altominho.tv\\\/site\\\/\",\"name\":\"Altominho.tv\",\"description\":\"A sua regi\u00e3o \u00e0 dist\u00e2ncia de um clique...\",\"potentialAction\":[{\"@type\":\"SearchAction\",\"target\":{\"@type\":\"EntryPoint\",\"urlTemplate\":\"https:\\\/\\\/www.altominho.tv\\\/site\\\/?s={search_term_string}\"},\"query-input\":{\"@type\":\"PropertyValueSpecification\",\"valueRequired\":true,\"valueName\":\"search_term_string\"}}],\"inLanguage\":\"pt-PT\"},{\"@type\":\"Person\",\"@id\":\"https:\\\/\\\/www.altominho.tv\\\/site\\\/#\\\/schema\\\/person\\\/a0e4ef6d041f98ca284393d8f1d97153\",\"name\":\"Andreia Cunha\",\"image\":{\"@type\":\"ImageObject\",\"inLanguage\":\"pt-PT\",\"@id\":\"https:\\\/\\\/www.altominho.tv\\\/site\\\/wp-content\\\/uploads\\\/2017\\\/11\\\/Andreia_Cunha-1-150x150.jpg\",\"url\":\"https:\\\/\\\/www.altominho.tv\\\/site\\\/wp-content\\\/uploads\\\/2017\\\/11\\\/Andreia_Cunha-1-150x150.jpg\",\"contentUrl\":\"https:\\\/\\\/www.altominho.tv\\\/site\\\/wp-content\\\/uploads\\\/2017\\\/11\\\/Andreia_Cunha-1-150x150.jpg\",\"caption\":\"Andreia Cunha\"},\"url\":\"https:\\\/\\\/www.altominho.tv\\\/site\\\/author\\\/andreiacunha\\\/\"}]}<\/script>\n<!-- \/ Yoast SEO Premium plugin. -->","yoast_head_json":{"title":"De 12 a 14 de setembro Vila Nova de Cerveira volta a transformar-se numa \u2018fatia\u2019 de It\u00e1lia com o Festival da Pizza","description":"De 12 a 14 de setembro, Vila Nova de Cerveira volta a transformar-se numa \u2018fatia\u2019 de It\u00e1lia com o Festival da Pizza.","robots":{"index":"index","follow":"follow","max-snippet":"max-snippet:-1","max-image-preview":"max-image-preview:large","max-video-preview":"max-video-preview:-1"},"canonical":"https:\/\/www.altominho.tv\/site\/2025\/09\/09\/vila-nova-de-cerveira-pizza-festival\/","og_locale":"pt_PT","og_type":"article","og_title":"De 12 a 14 de setembro Vila Nova de Cerveira volta a transformar-se numa \u2018fatia\u2019 de It\u00e1lia com o Festival da Pizza","og_description":"De 12 a 14 de setembro, Vila Nova de Cerveira volta a transformar-se numa \u2018fatia\u2019 de It\u00e1lia com o Festival da Pizza.","og_url":"https:\/\/www.altominho.tv\/site\/2025\/09\/09\/vila-nova-de-cerveira-pizza-festival\/","og_site_name":"Altominho.tv","article_publisher":"https:\/\/www.facebook.com\/altominhotv","article_published_time":"2025-09-09T10:02:49+00:00","article_modified_time":"2025-09-09T10:03:39+00:00","og_image":[{"width":1920,"height":1080,"url":"https:\/\/www.altominho.tv\/site\/wp-content\/uploads\/2025\/09\/Pizza-cerveira.jpeg","type":"image\/jpeg"}],"author":"Andreia Cunha","twitter_card":"summary_large_image","twitter_creator":"@altominhoTV","twitter_site":"@altominhoTV","twitter_misc":{"Escrito por":"Andreia Cunha","Tempo estimado de leitura":"3 minutos"},"schema":{"@context":"https:\/\/schema.org","@graph":[{"@type":"Article","@id":"https:\/\/www.altominho.tv\/site\/2025\/09\/09\/vila-nova-de-cerveira-pizza-festival\/#article","isPartOf":{"@id":"https:\/\/www.altominho.tv\/site\/2025\/09\/09\/vila-nova-de-cerveira-pizza-festival\/"},"author":{"name":"Andreia Cunha","@id":"https:\/\/www.altominho.tv\/site\/#\/schema\/person\/a0e4ef6d041f98ca284393d8f1d97153"},"headline":"De 12 a 14 de setembro Vila Nova de Cerveira volta a transformar-se numa \u2018fatia\u2019 de It\u00e1lia com o Festival da Pizza","datePublished":"2025-09-09T10:02:49+00:00","dateModified":"2025-09-09T10:03:39+00:00","mainEntityOfPage":{"@id":"https:\/\/www.altominho.tv\/site\/2025\/09\/09\/vila-nova-de-cerveira-pizza-festival\/"},"wordCount":496,"image":{"@id":"https:\/\/www.altominho.tv\/site\/2025\/09\/09\/vila-nova-de-cerveira-pizza-festival\/#primaryimage"},"thumbnailUrl":"https:\/\/www.altominho.tv\/site\/wp-content\/uploads\/2025\/09\/Pizza-cerveira.jpeg","keywords":["Gastronomia","Sociedade"],"articleSection":["Vila Nova de Cerveira"],"inLanguage":"pt-PT","copyrightYear":"2025","copyrightHolder":{"@id":"https:\/\/www.altominho.tv\/site\/#organization"}},{"@type":"WebPage","@id":"https:\/\/www.altominho.tv\/site\/2025\/09\/09\/vila-nova-de-cerveira-pizza-festival\/","url":"https:\/\/www.altominho.tv\/site\/2025\/09\/09\/vila-nova-de-cerveira-pizza-festival\/","name":"De 12 a 14 de setembro Vila Nova de Cerveira volta a transformar-se numa \u2018fatia\u2019 de It\u00e1lia com o Festival da Pizza","isPartOf":{"@id":"https:\/\/www.altominho.tv\/site\/#website"},"primaryImageOfPage":{"@id":"https:\/\/www.altominho.tv\/site\/2025\/09\/09\/vila-nova-de-cerveira-pizza-festival\/#primaryimage"},"image":{"@id":"https:\/\/www.altominho.tv\/site\/2025\/09\/09\/vila-nova-de-cerveira-pizza-festival\/#primaryimage"},"thumbnailUrl":"https:\/\/www.altominho.tv\/site\/wp-content\/uploads\/2025\/09\/Pizza-cerveira.jpeg","datePublished":"2025-09-09T10:02:49+00:00","dateModified":"2025-09-09T10:03:39+00:00","author":{"@id":"https:\/\/www.altominho.tv\/site\/#\/schema\/person\/a0e4ef6d041f98ca284393d8f1d97153"},"description":"De 12 a 14 de setembro, Vila Nova de Cerveira volta a transformar-se numa \u2018fatia\u2019 de It\u00e1lia com o Festival da Pizza.","breadcrumb":{"@id":"https:\/\/www.altominho.tv\/site\/2025\/09\/09\/vila-nova-de-cerveira-pizza-festival\/#breadcrumb"},"inLanguage":"pt-PT","potentialAction":[{"@type":"ReadAction","target":["https:\/\/www.altominho.tv\/site\/2025\/09\/09\/vila-nova-de-cerveira-pizza-festival\/"]}]},{"@type":"ImageObject","inLanguage":"pt-PT","@id":"https:\/\/www.altominho.tv\/site\/2025\/09\/09\/vila-nova-de-cerveira-pizza-festival\/#primaryimage","url":"https:\/\/www.altominho.tv\/site\/wp-content\/uploads\/2025\/09\/Pizza-cerveira.jpeg","contentUrl":"https:\/\/www.altominho.tv\/site\/wp-content\/uploads\/2025\/09\/Pizza-cerveira.jpeg","width":1920,"height":1080},{"@type":"BreadcrumbList","@id":"https:\/\/www.altominho.tv\/site\/2025\/09\/09\/vila-nova-de-cerveira-pizza-festival\/#breadcrumb","itemListElement":[{"@type":"ListItem","position":1,"name":"In\u00edcio","item":"https:\/\/www.altominho.tv\/site\/"},{"@type":"ListItem","position":2,"name":"De 12 a 14 de setembro Vila Nova de Cerveira volta a transformar-se numa \u2018fatia\u2019 de It\u00e1lia com o Festival da Pizza"}]},{"@type":"WebSite","@id":"https:\/\/www.altominho.tv\/site\/#website","url":"https:\/\/www.altominho.tv\/site\/","name":"Altominho.tv","description":"A sua regi\u00e3o \u00e0 dist\u00e2ncia de um clique...","potentialAction":[{"@type":"SearchAction","target":{"@type":"EntryPoint","urlTemplate":"https:\/\/www.altominho.tv\/site\/?s={search_term_string}"},"query-input":{"@type":"PropertyValueSpecification","valueRequired":true,"valueName":"search_term_string"}}],"inLanguage":"pt-PT"},{"@type":"Person","@id":"https:\/\/www.altominho.tv\/site\/#\/schema\/person\/a0e4ef6d041f98ca284393d8f1d97153","name":"Andreia Cunha","image":{"@type":"ImageObject","inLanguage":"pt-PT","@id":"https:\/\/www.altominho.tv\/site\/wp-content\/uploads\/2017\/11\/Andreia_Cunha-1-150x150.jpg","url":"https:\/\/www.altominho.tv\/site\/wp-content\/uploads\/2017\/11\/Andreia_Cunha-1-150x150.jpg","contentUrl":"https:\/\/www.altominho.tv\/site\/wp-content\/uploads\/2017\/11\/Andreia_Cunha-1-150x150.jpg","caption":"Andreia Cunha"},"url":"https:\/\/www.altominho.tv\/site\/author\/andreiacunha\/"}]}},"_links":{"self":[{"href":"https:\/\/www.altominho.tv\/site\/wp-json\/wp\/v2\/posts\/122739","targetHints":{"allow":["GET"]}}],"collection":[{"href":"https:\/\/www.altominho.tv\/site\/wp-json\/wp\/v2\/posts"}],"about":[{"href":"https:\/\/www.altominho.tv\/site\/wp-json\/wp\/v2\/types\/post"}],"author":[{"embeddable":true,"href":"https:\/\/www.altominho.tv\/site\/wp-json\/wp\/v2\/users\/7"}],"replies":[{"embeddable":true,"href":"https:\/\/www.altominho.tv\/site\/wp-json\/wp\/v2\/comments?post=122739"}],"version-history":[{"count":2,"href":"https:\/\/www.altominho.tv\/site\/wp-json\/wp\/v2\/posts\/122739\/revisions"}],"predecessor-version":[{"id":122742,"href":"https:\/\/www.altominho.tv\/site\/wp-json\/wp\/v2\/posts\/122739\/revisions\/122742"}],"wp:featuredmedia":[{"embeddable":true,"href":"https:\/\/www.altominho.tv\/site\/wp-json\/wp\/v2\/media\/122740"}],"wp:attachment":[{"href":"https:\/\/www.altominho.tv\/site\/wp-json\/wp\/v2\/media?parent=122739"}],"wp:term":[{"taxonomy":"category","embeddable":true,"href":"https:\/\/www.altominho.tv\/site\/wp-json\/wp\/v2\/categories?post=122739"},{"taxonomy":"post_tag","embeddable":true,"href":"https:\/\/www.altominho.tv\/site\/wp-json\/wp\/v2\/tags?post=122739"}],"curies":[{"name":"wp","href":"https:\/\/api.w.org\/{rel}","templated":true}]}}