{"id":122698,"date":"2025-09-08T14:01:29","date_gmt":"2025-09-08T13:01:29","guid":{"rendered":"https:\/\/www.altominho.tv\/site\/?p=122698"},"modified":"2025-09-08T14:01:31","modified_gmt":"2025-09-08T13:01:31","slug":"fernando-pimenta-feliz-apos-mundiais-na-hungria-as-sensacoes-nao-podiam-ser-melhores","status":"publish","type":"post","link":"https:\/\/www.altominho.tv\/site\/2025\/09\/08\/fernando-pimenta-feliz-apos-mundiais-na-hungria-as-sensacoes-nao-podiam-ser-melhores\/","title":{"rendered":"Fernando Pimenta feliz ap\u00f3s  mundiais na Hungria: \u201cAs sensa\u00e7\u00f5es n\u00e3o podiam ser melhores\u201d"},"content":{"rendered":"<p data-start=\"267\" data-end=\"552\">O cano\u00edsta limiano Fernando Pimenta mostrou-se satisfeito com o desempenho nos Mundiais de Maratonas, disputados em Gyor, Hungria, onde conquistou duas medalhas de ouro. O atleta venceu a prova curta de K1 e, em conjunto com Jos\u00e9 Ramalho, alcan\u00e7ou o t\u00edtulo em K2 pela quarta vez.<\/p>\n<p data-start=\"554\" data-end=\"914\">No regresso a Portugal, esta segunda-feira, Pimenta partilhou a sua satisfa\u00e7\u00e3o em declara\u00e7\u00f5es \u00e0 comunica\u00e7\u00e3o social, no Aeroporto Francisco S\u00e1 Carneiro, na Maia: \u201cAs sensa\u00e7\u00f5es n\u00e3o podiam ser melhores com dois t\u00edtulos mundiais. O trajeto era duro, com muitas voltas e portagens, o que me prejudicava, mas tentei adaptar-me e focar-me no que conseguia fazer.\u201d<\/p>\n<p data-start=\"916\" data-end=\"1298\">Com estas conquistas, o atleta de Ponte de Lima encerra a temporada com oito medalhas, seis delas de ouro, reagindo de forma positiva ao desaire nos Mundiais de velocidade em Mil\u00e3o, onde falhou o p\u00f3dio em K1 500 e 5.000 metros. \u201cFoi um desafio bastante grande conjugar os campeonatos de velocidade e de maratona, mas sabia que tinha condi\u00e7\u00f5es para voltar a vencer\u201d, acrescentou.<\/p>\n<p data-start=\"1300\" data-end=\"1588\">Al\u00e9m de Fernando Pimenta, a sele\u00e7\u00e3o nacional destacou-se ainda com o bronze de Jos\u00e9 Ramalho em K1 curto e o t\u00edtulo mundial de Rui Lacerda e Ricardo Coelho em C2, depois de j\u00e1 terem conquistado o Europeu em Ponte de Lima. Nos juniores, Leonardo Barbosa alcan\u00e7ou a medalha de prata em C1.<\/p>\n<p data-start=\"1590\" data-end=\"1723\">Portugal terminou a competi\u00e7\u00e3o no quarto lugar da classifica\u00e7\u00e3o geral, somando tr\u00eas medalhas de ouro, uma de prata e uma de bronze.<\/p>\n","protected":false},"excerpt":{"rendered":"<p>O cano\u00edsta limiano Fernando Pimenta mostrou-se satisfeito com o desempenho nos Mundiais de Maratonas, disputados em Gyor, Hungria, onde conquistou duas medalhas de ouro. O atleta venceu a prova curta de K1 e, em conjunto com Jos\u00e9 Ramalho, alcan\u00e7ou o t\u00edtulo em K2 pela quarta vez. No regresso a Portugal, esta segunda-feira, Pimenta partilhou a [&hellip;]<\/p>\n","protected":false},"author":13,"featured_media":122699,"comment_status":"closed","ping_status":"closed","sticky":false,"template":"","format":"standard","meta":{"_exactmetrics_skip_tracking":false,"_exactmetrics_sitenote_active":false,"_exactmetrics_sitenote_note":"","_exactmetrics_sitenote_category":0,"footnotes":""},"categories":[12],"tags":[20],"class_list":["post-122698","post","type-post","status-publish","format-standard","has-post-thumbnail","hentry","category-ponte-de-lima","tag-desporto"],"yoast_head":"<!-- This site is optimized with the Yoast SEO Premium plugin v27.4 (Yoast SEO v27.4) - https:\/\/yoast.com\/product\/yoast-seo-premium-wordpress\/ -->\n<title>Fernando Pimenta feliz ap\u00f3s mundiais na Hungria: \u201cAs sensa\u00e7\u00f5es n\u00e3o podiam ser melhores\u201d<\/title>\n<meta name=\"description\" content=\"O cano\u00edsta limiano Fernando Pimenta mostrou-se satisfeito com o desempenho nos Mundiais de Maratonas, disputados em Gyor, Hungria, onde conquistou duas medalhas de ouro.\" \/>\n<meta name=\"robots\" content=\"index, follow, max-snippet:-1, max-image-preview:large, max-video-preview:-1\" \/>\n<link rel=\"canonical\" href=\"https:\/\/www.altominho.tv\/site\/2025\/09\/08\/fernando-pimenta-feliz-apos-mundiais-na-hungria-as-sensacoes-nao-podiam-ser-melhores\/\" \/>\n<meta property=\"og:locale\" content=\"pt_PT\" \/>\n<meta property=\"og:type\" content=\"article\" \/>\n<meta property=\"og:title\" content=\"Fernando Pimenta feliz ap\u00f3s mundiais na Hungria: \u201cAs sensa\u00e7\u00f5es n\u00e3o podiam ser melhores\u201d\" \/>\n<meta property=\"og:description\" content=\"O cano\u00edsta limiano Fernando Pimenta mostrou-se satisfeito com o desempenho nos Mundiais de Maratonas, disputados em Gyor, Hungria, onde conquistou duas medalhas de ouro.\" \/>\n<meta property=\"og:url\" content=\"https:\/\/www.altominho.tv\/site\/2025\/09\/08\/fernando-pimenta-feliz-apos-mundiais-na-hungria-as-sensacoes-nao-podiam-ser-melhores\/\" \/>\n<meta property=\"og:site_name\" content=\"Altominho.tv\" \/>\n<meta property=\"article:publisher\" content=\"https:\/\/www.facebook.com\/altominhotv\" \/>\n<meta property=\"article:published_time\" content=\"2025-09-08T13:01:29+00:00\" \/>\n<meta property=\"article:modified_time\" content=\"2025-09-08T13:01:31+00:00\" \/>\n<meta property=\"og:image\" content=\"https:\/\/www.altominho.tv\/site\/wp-content\/uploads\/2025\/09\/Fernando-Pimenta.jpg\" \/>\n\t<meta property=\"og:image:width\" content=\"1200\" \/>\n\t<meta property=\"og:image:height\" content=\"630\" \/>\n\t<meta property=\"og:image:type\" content=\"image\/jpeg\" \/>\n<meta name=\"author\" content=\"Lusa\" \/>\n<meta name=\"twitter:card\" content=\"summary_large_image\" \/>\n<meta name=\"twitter:creator\" content=\"@altominhoTV\" \/>\n<meta name=\"twitter:site\" content=\"@altominhoTV\" \/>\n<meta name=\"twitter:label1\" content=\"Escrito por\" \/>\n\t<meta name=\"twitter:data1\" content=\"Lusa\" \/>\n\t<meta name=\"twitter:label2\" content=\"Tempo estimado de leitura\" \/>\n\t<meta name=\"twitter:data2\" content=\"2 minutos\" \/>\n<script type=\"application\/ld+json\" class=\"yoast-schema-graph\">{\"@context\":\"https:\\\/\\\/schema.org\",\"@graph\":[{\"@type\":\"Article\",\"@id\":\"https:\\\/\\\/www.altominho.tv\\\/site\\\/2025\\\/09\\\/08\\\/fernando-pimenta-feliz-apos-mundiais-na-hungria-as-sensacoes-nao-podiam-ser-melhores\\\/#article\",\"isPartOf\":{\"@id\":\"https:\\\/\\\/www.altominho.tv\\\/site\\\/2025\\\/09\\\/08\\\/fernando-pimenta-feliz-apos-mundiais-na-hungria-as-sensacoes-nao-podiam-ser-melhores\\\/\"},\"author\":{\"name\":\"Lusa\",\"@id\":\"https:\\\/\\\/www.altominho.tv\\\/site\\\/#\\\/schema\\\/person\\\/63f693da3e1899361cbe955c46f3232e\"},\"headline\":\"Fernando Pimenta feliz ap\u00f3s mundiais na Hungria: \u201cAs sensa\u00e7\u00f5es n\u00e3o podiam ser melhores\u201d\",\"datePublished\":\"2025-09-08T13:01:29+00:00\",\"dateModified\":\"2025-09-08T13:01:31+00:00\",\"mainEntityOfPage\":{\"@id\":\"https:\\\/\\\/www.altominho.tv\\\/site\\\/2025\\\/09\\\/08\\\/fernando-pimenta-feliz-apos-mundiais-na-hungria-as-sensacoes-nao-podiam-ser-melhores\\\/\"},\"wordCount\":271,\"image\":{\"@id\":\"https:\\\/\\\/www.altominho.tv\\\/site\\\/2025\\\/09\\\/08\\\/fernando-pimenta-feliz-apos-mundiais-na-hungria-as-sensacoes-nao-podiam-ser-melhores\\\/#primaryimage\"},\"thumbnailUrl\":\"https:\\\/\\\/www.altominho.tv\\\/site\\\/wp-content\\\/uploads\\\/2025\\\/09\\\/Fernando-Pimenta.jpg\",\"keywords\":[\"Desporto\"],\"articleSection\":[\"Ponte de Lima\"],\"inLanguage\":\"pt-PT\",\"copyrightYear\":\"2025\",\"copyrightHolder\":{\"@id\":\"https:\\\/\\\/www.altominho.tv\\\/site\\\/#organization\"}},{\"@type\":\"WebPage\",\"@id\":\"https:\\\/\\\/www.altominho.tv\\\/site\\\/2025\\\/09\\\/08\\\/fernando-pimenta-feliz-apos-mundiais-na-hungria-as-sensacoes-nao-podiam-ser-melhores\\\/\",\"url\":\"https:\\\/\\\/www.altominho.tv\\\/site\\\/2025\\\/09\\\/08\\\/fernando-pimenta-feliz-apos-mundiais-na-hungria-as-sensacoes-nao-podiam-ser-melhores\\\/\",\"name\":\"Fernando Pimenta feliz ap\u00f3s mundiais na Hungria: \u201cAs sensa\u00e7\u00f5es n\u00e3o podiam ser melhores\u201d\",\"isPartOf\":{\"@id\":\"https:\\\/\\\/www.altominho.tv\\\/site\\\/#website\"},\"primaryImageOfPage\":{\"@id\":\"https:\\\/\\\/www.altominho.tv\\\/site\\\/2025\\\/09\\\/08\\\/fernando-pimenta-feliz-apos-mundiais-na-hungria-as-sensacoes-nao-podiam-ser-melhores\\\/#primaryimage\"},\"image\":{\"@id\":\"https:\\\/\\\/www.altominho.tv\\\/site\\\/2025\\\/09\\\/08\\\/fernando-pimenta-feliz-apos-mundiais-na-hungria-as-sensacoes-nao-podiam-ser-melhores\\\/#primaryimage\"},\"thumbnailUrl\":\"https:\\\/\\\/www.altominho.tv\\\/site\\\/wp-content\\\/uploads\\\/2025\\\/09\\\/Fernando-Pimenta.jpg\",\"datePublished\":\"2025-09-08T13:01:29+00:00\",\"dateModified\":\"2025-09-08T13:01:31+00:00\",\"author\":{\"@id\":\"https:\\\/\\\/www.altominho.tv\\\/site\\\/#\\\/schema\\\/person\\\/63f693da3e1899361cbe955c46f3232e\"},\"description\":\"O cano\u00edsta limiano Fernando Pimenta mostrou-se satisfeito com o desempenho nos Mundiais de Maratonas, disputados em Gyor, Hungria, onde conquistou duas medalhas de ouro.\",\"breadcrumb\":{\"@id\":\"https:\\\/\\\/www.altominho.tv\\\/site\\\/2025\\\/09\\\/08\\\/fernando-pimenta-feliz-apos-mundiais-na-hungria-as-sensacoes-nao-podiam-ser-melhores\\\/#breadcrumb\"},\"inLanguage\":\"pt-PT\",\"potentialAction\":[{\"@type\":\"ReadAction\",\"target\":[\"https:\\\/\\\/www.altominho.tv\\\/site\\\/2025\\\/09\\\/08\\\/fernando-pimenta-feliz-apos-mundiais-na-hungria-as-sensacoes-nao-podiam-ser-melhores\\\/\"]}]},{\"@type\":\"ImageObject\",\"inLanguage\":\"pt-PT\",\"@id\":\"https:\\\/\\\/www.altominho.tv\\\/site\\\/2025\\\/09\\\/08\\\/fernando-pimenta-feliz-apos-mundiais-na-hungria-as-sensacoes-nao-podiam-ser-melhores\\\/#primaryimage\",\"url\":\"https:\\\/\\\/www.altominho.tv\\\/site\\\/wp-content\\\/uploads\\\/2025\\\/09\\\/Fernando-Pimenta.jpg\",\"contentUrl\":\"https:\\\/\\\/www.altominho.tv\\\/site\\\/wp-content\\\/uploads\\\/2025\\\/09\\\/Fernando-Pimenta.jpg\",\"width\":1200,\"height\":630},{\"@type\":\"BreadcrumbList\",\"@id\":\"https:\\\/\\\/www.altominho.tv\\\/site\\\/2025\\\/09\\\/08\\\/fernando-pimenta-feliz-apos-mundiais-na-hungria-as-sensacoes-nao-podiam-ser-melhores\\\/#breadcrumb\",\"itemListElement\":[{\"@type\":\"ListItem\",\"position\":1,\"name\":\"In\u00edcio\",\"item\":\"https:\\\/\\\/www.altominho.tv\\\/site\\\/\"},{\"@type\":\"ListItem\",\"position\":2,\"name\":\"Fernando Pimenta feliz ap\u00f3s mundiais na Hungria: \u201cAs sensa\u00e7\u00f5es n\u00e3o podiam ser melhores\u201d\"}]},{\"@type\":\"WebSite\",\"@id\":\"https:\\\/\\\/www.altominho.tv\\\/site\\\/#website\",\"url\":\"https:\\\/\\\/www.altominho.tv\\\/site\\\/\",\"name\":\"Altominho.tv\",\"description\":\"A sua regi\u00e3o \u00e0 dist\u00e2ncia de um clique...\",\"potentialAction\":[{\"@type\":\"SearchAction\",\"target\":{\"@type\":\"EntryPoint\",\"urlTemplate\":\"https:\\\/\\\/www.altominho.tv\\\/site\\\/?s={search_term_string}\"},\"query-input\":{\"@type\":\"PropertyValueSpecification\",\"valueRequired\":true,\"valueName\":\"search_term_string\"}}],\"inLanguage\":\"pt-PT\"},{\"@type\":\"Person\",\"@id\":\"https:\\\/\\\/www.altominho.tv\\\/site\\\/#\\\/schema\\\/person\\\/63f693da3e1899361cbe955c46f3232e\",\"name\":\"Lusa\",\"image\":{\"@type\":\"ImageObject\",\"inLanguage\":\"pt-PT\",\"@id\":\"https:\\\/\\\/www.altominho.tv\\\/site\\\/wp-content\\\/uploads\\\/2019\\\/08\\\/LUSA_Logo.gif\",\"url\":\"https:\\\/\\\/www.altominho.tv\\\/site\\\/wp-content\\\/uploads\\\/2019\\\/08\\\/LUSA_Logo.gif\",\"contentUrl\":\"https:\\\/\\\/www.altominho.tv\\\/site\\\/wp-content\\\/uploads\\\/2019\\\/08\\\/LUSA_Logo.gif\",\"caption\":\"Lusa\"},\"sameAs\":[\"http:\\\/\\\/\\\/\\\/www.altominho.tv\\\/site\"],\"url\":\"https:\\\/\\\/www.altominho.tv\\\/site\\\/author\\\/lusa\\\/\"}]}<\/script>\n<!-- \/ Yoast SEO Premium plugin. -->","yoast_head_json":{"title":"Fernando Pimenta feliz ap\u00f3s mundiais na Hungria: \u201cAs sensa\u00e7\u00f5es n\u00e3o podiam ser melhores\u201d","description":"O cano\u00edsta limiano Fernando Pimenta mostrou-se satisfeito com o desempenho nos Mundiais de Maratonas, disputados em Gyor, Hungria, onde conquistou duas medalhas de ouro.","robots":{"index":"index","follow":"follow","max-snippet":"max-snippet:-1","max-image-preview":"max-image-preview:large","max-video-preview":"max-video-preview:-1"},"canonical":"https:\/\/www.altominho.tv\/site\/2025\/09\/08\/fernando-pimenta-feliz-apos-mundiais-na-hungria-as-sensacoes-nao-podiam-ser-melhores\/","og_locale":"pt_PT","og_type":"article","og_title":"Fernando Pimenta feliz ap\u00f3s mundiais na Hungria: \u201cAs sensa\u00e7\u00f5es n\u00e3o podiam ser melhores\u201d","og_description":"O cano\u00edsta limiano Fernando Pimenta mostrou-se satisfeito com o desempenho nos Mundiais de Maratonas, disputados em Gyor, Hungria, onde conquistou duas medalhas de ouro.","og_url":"https:\/\/www.altominho.tv\/site\/2025\/09\/08\/fernando-pimenta-feliz-apos-mundiais-na-hungria-as-sensacoes-nao-podiam-ser-melhores\/","og_site_name":"Altominho.tv","article_publisher":"https:\/\/www.facebook.com\/altominhotv","article_published_time":"2025-09-08T13:01:29+00:00","article_modified_time":"2025-09-08T13:01:31+00:00","og_image":[{"width":1200,"height":630,"url":"https:\/\/www.altominho.tv\/site\/wp-content\/uploads\/2025\/09\/Fernando-Pimenta.jpg","type":"image\/jpeg"}],"author":"Lusa","twitter_card":"summary_large_image","twitter_creator":"@altominhoTV","twitter_site":"@altominhoTV","twitter_misc":{"Escrito por":"Lusa","Tempo estimado de leitura":"2 minutos"},"schema":{"@context":"https:\/\/schema.org","@graph":[{"@type":"Article","@id":"https:\/\/www.altominho.tv\/site\/2025\/09\/08\/fernando-pimenta-feliz-apos-mundiais-na-hungria-as-sensacoes-nao-podiam-ser-melhores\/#article","isPartOf":{"@id":"https:\/\/www.altominho.tv\/site\/2025\/09\/08\/fernando-pimenta-feliz-apos-mundiais-na-hungria-as-sensacoes-nao-podiam-ser-melhores\/"},"author":{"name":"Lusa","@id":"https:\/\/www.altominho.tv\/site\/#\/schema\/person\/63f693da3e1899361cbe955c46f3232e"},"headline":"Fernando Pimenta feliz ap\u00f3s mundiais na Hungria: \u201cAs sensa\u00e7\u00f5es n\u00e3o podiam ser melhores\u201d","datePublished":"2025-09-08T13:01:29+00:00","dateModified":"2025-09-08T13:01:31+00:00","mainEntityOfPage":{"@id":"https:\/\/www.altominho.tv\/site\/2025\/09\/08\/fernando-pimenta-feliz-apos-mundiais-na-hungria-as-sensacoes-nao-podiam-ser-melhores\/"},"wordCount":271,"image":{"@id":"https:\/\/www.altominho.tv\/site\/2025\/09\/08\/fernando-pimenta-feliz-apos-mundiais-na-hungria-as-sensacoes-nao-podiam-ser-melhores\/#primaryimage"},"thumbnailUrl":"https:\/\/www.altominho.tv\/site\/wp-content\/uploads\/2025\/09\/Fernando-Pimenta.jpg","keywords":["Desporto"],"articleSection":["Ponte de Lima"],"inLanguage":"pt-PT","copyrightYear":"2025","copyrightHolder":{"@id":"https:\/\/www.altominho.tv\/site\/#organization"}},{"@type":"WebPage","@id":"https:\/\/www.altominho.tv\/site\/2025\/09\/08\/fernando-pimenta-feliz-apos-mundiais-na-hungria-as-sensacoes-nao-podiam-ser-melhores\/","url":"https:\/\/www.altominho.tv\/site\/2025\/09\/08\/fernando-pimenta-feliz-apos-mundiais-na-hungria-as-sensacoes-nao-podiam-ser-melhores\/","name":"Fernando Pimenta feliz ap\u00f3s mundiais na Hungria: \u201cAs sensa\u00e7\u00f5es n\u00e3o podiam ser melhores\u201d","isPartOf":{"@id":"https:\/\/www.altominho.tv\/site\/#website"},"primaryImageOfPage":{"@id":"https:\/\/www.altominho.tv\/site\/2025\/09\/08\/fernando-pimenta-feliz-apos-mundiais-na-hungria-as-sensacoes-nao-podiam-ser-melhores\/#primaryimage"},"image":{"@id":"https:\/\/www.altominho.tv\/site\/2025\/09\/08\/fernando-pimenta-feliz-apos-mundiais-na-hungria-as-sensacoes-nao-podiam-ser-melhores\/#primaryimage"},"thumbnailUrl":"https:\/\/www.altominho.tv\/site\/wp-content\/uploads\/2025\/09\/Fernando-Pimenta.jpg","datePublished":"2025-09-08T13:01:29+00:00","dateModified":"2025-09-08T13:01:31+00:00","author":{"@id":"https:\/\/www.altominho.tv\/site\/#\/schema\/person\/63f693da3e1899361cbe955c46f3232e"},"description":"O cano\u00edsta limiano Fernando Pimenta mostrou-se satisfeito com o desempenho nos Mundiais de Maratonas, disputados em Gyor, Hungria, onde conquistou duas medalhas de ouro.","breadcrumb":{"@id":"https:\/\/www.altominho.tv\/site\/2025\/09\/08\/fernando-pimenta-feliz-apos-mundiais-na-hungria-as-sensacoes-nao-podiam-ser-melhores\/#breadcrumb"},"inLanguage":"pt-PT","potentialAction":[{"@type":"ReadAction","target":["https:\/\/www.altominho.tv\/site\/2025\/09\/08\/fernando-pimenta-feliz-apos-mundiais-na-hungria-as-sensacoes-nao-podiam-ser-melhores\/"]}]},{"@type":"ImageObject","inLanguage":"pt-PT","@id":"https:\/\/www.altominho.tv\/site\/2025\/09\/08\/fernando-pimenta-feliz-apos-mundiais-na-hungria-as-sensacoes-nao-podiam-ser-melhores\/#primaryimage","url":"https:\/\/www.altominho.tv\/site\/wp-content\/uploads\/2025\/09\/Fernando-Pimenta.jpg","contentUrl":"https:\/\/www.altominho.tv\/site\/wp-content\/uploads\/2025\/09\/Fernando-Pimenta.jpg","width":1200,"height":630},{"@type":"BreadcrumbList","@id":"https:\/\/www.altominho.tv\/site\/2025\/09\/08\/fernando-pimenta-feliz-apos-mundiais-na-hungria-as-sensacoes-nao-podiam-ser-melhores\/#breadcrumb","itemListElement":[{"@type":"ListItem","position":1,"name":"In\u00edcio","item":"https:\/\/www.altominho.tv\/site\/"},{"@type":"ListItem","position":2,"name":"Fernando Pimenta feliz ap\u00f3s mundiais na Hungria: \u201cAs sensa\u00e7\u00f5es n\u00e3o podiam ser melhores\u201d"}]},{"@type":"WebSite","@id":"https:\/\/www.altominho.tv\/site\/#website","url":"https:\/\/www.altominho.tv\/site\/","name":"Altominho.tv","description":"A sua regi\u00e3o \u00e0 dist\u00e2ncia de um clique...","potentialAction":[{"@type":"SearchAction","target":{"@type":"EntryPoint","urlTemplate":"https:\/\/www.altominho.tv\/site\/?s={search_term_string}"},"query-input":{"@type":"PropertyValueSpecification","valueRequired":true,"valueName":"search_term_string"}}],"inLanguage":"pt-PT"},{"@type":"Person","@id":"https:\/\/www.altominho.tv\/site\/#\/schema\/person\/63f693da3e1899361cbe955c46f3232e","name":"Lusa","image":{"@type":"ImageObject","inLanguage":"pt-PT","@id":"https:\/\/www.altominho.tv\/site\/wp-content\/uploads\/2019\/08\/LUSA_Logo.gif","url":"https:\/\/www.altominho.tv\/site\/wp-content\/uploads\/2019\/08\/LUSA_Logo.gif","contentUrl":"https:\/\/www.altominho.tv\/site\/wp-content\/uploads\/2019\/08\/LUSA_Logo.gif","caption":"Lusa"},"sameAs":["http:\/\/\/\/www.altominho.tv\/site"],"url":"https:\/\/www.altominho.tv\/site\/author\/lusa\/"}]}},"_links":{"self":[{"href":"https:\/\/www.altominho.tv\/site\/wp-json\/wp\/v2\/posts\/122698","targetHints":{"allow":["GET"]}}],"collection":[{"href":"https:\/\/www.altominho.tv\/site\/wp-json\/wp\/v2\/posts"}],"about":[{"href":"https:\/\/www.altominho.tv\/site\/wp-json\/wp\/v2\/types\/post"}],"author":[{"embeddable":true,"href":"https:\/\/www.altominho.tv\/site\/wp-json\/wp\/v2\/users\/13"}],"replies":[{"embeddable":true,"href":"https:\/\/www.altominho.tv\/site\/wp-json\/wp\/v2\/comments?post=122698"}],"version-history":[{"count":1,"href":"https:\/\/www.altominho.tv\/site\/wp-json\/wp\/v2\/posts\/122698\/revisions"}],"predecessor-version":[{"id":122700,"href":"https:\/\/www.altominho.tv\/site\/wp-json\/wp\/v2\/posts\/122698\/revisions\/122700"}],"wp:featuredmedia":[{"embeddable":true,"href":"https:\/\/www.altominho.tv\/site\/wp-json\/wp\/v2\/media\/122699"}],"wp:attachment":[{"href":"https:\/\/www.altominho.tv\/site\/wp-json\/wp\/v2\/media?parent=122698"}],"wp:term":[{"taxonomy":"category","embeddable":true,"href":"https:\/\/www.altominho.tv\/site\/wp-json\/wp\/v2\/categories?post=122698"},{"taxonomy":"post_tag","embeddable":true,"href":"https:\/\/www.altominho.tv\/site\/wp-json\/wp\/v2\/tags?post=122698"}],"curies":[{"name":"wp","href":"https:\/\/api.w.org\/{rel}","templated":true}]}}