{"id":122670,"date":"2025-09-07T12:05:21","date_gmt":"2025-09-07T11:05:21","guid":{"rendered":"https:\/\/www.altominho.tv\/site\/?p=122670"},"modified":"2025-09-07T18:44:20","modified_gmt":"2025-09-07T17:44:20","slug":"ponte-da-barca-sessao-final-das-embaixadoras-dos-territorios-vinhateiros-2025","status":"publish","type":"post","link":"https:\/\/www.altominho.tv\/site\/2025\/09\/07\/ponte-da-barca-sessao-final-das-embaixadoras-dos-territorios-vinhateiros-2025\/","title":{"rendered":"Ponte da Barca representada na sess\u00e3o final das Embaixadoras dos Territ\u00f3rios Vinhateiros 2025"},"content":{"rendered":"<p class=\"p1\">O munic\u00edpio de Ponte da Barca foi representado por Lara Resende na sess\u00e3o final das Embaixadoras dos Territ\u00f3rios Vinhateiros 2025, que teve lugar este s\u00e1bado, em Vila Vi\u00e7osa.<\/p>\n<p class=\"p1\">\u201cA excelente presta\u00e7\u00e3o da nossa candidata enche-nos de orgulho e afirma o valor da juventude barquense na promo\u00e7\u00e3o da identidade do nosso territ\u00f3rio\u201d, revela a autarquia.<\/p>\n<p class=\"p1\">Ficou ainda patente, ao longo do evento, a for\u00e7a da cultura do vinho, a riqueza das tradi\u00e7\u00f5es e a autenticidade das ra\u00edzes barquenses.<\/p>\n<p class=\"p1\">A autarquia agradece ainda o esfor\u00e7o da claque, \u201cque se deslocou de Ponte da Barca at\u00e9 Vila Vi\u00e7osa, animando a iniciativa e refor\u00e7ando o esp\u00edrito de proximidade, apoio e uni\u00e3o em torno da nossa representante\u201d.<\/p>\n","protected":false},"excerpt":{"rendered":"<p>O munic\u00edpio de Ponte da Barca foi representado por Lara Resende na sess\u00e3o final das Embaixadoras dos Territ\u00f3rios Vinhateiros 2025, que teve lugar este s\u00e1bado, em Vila Vi\u00e7osa. \u201cA excelente presta\u00e7\u00e3o da nossa candidata enche-nos de orgulho e afirma o valor da juventude barquense na promo\u00e7\u00e3o da identidade do nosso territ\u00f3rio\u201d, revela a autarquia. Ficou [&hellip;]<\/p>\n","protected":false},"author":30,"featured_media":122671,"comment_status":"closed","ping_status":"closed","sticky":false,"template":"","format":"standard","meta":{"_exactmetrics_skip_tracking":false,"_exactmetrics_sitenote_active":false,"_exactmetrics_sitenote_note":"","_exactmetrics_sitenote_category":0,"footnotes":""},"categories":[11],"tags":[19],"class_list":["post-122670","post","type-post","status-publish","format-standard","has-post-thumbnail","hentry","category-ponte-da-barca","tag-cultura"],"yoast_head":"<!-- This site is optimized with the Yoast SEO Premium plugin v27.5 (Yoast SEO v27.5) - https:\/\/yoast.com\/product\/yoast-seo-premium-wordpress\/ -->\n<title>Ponte da Barca representada na sess\u00e3o final das Embaixadoras dos Territ\u00f3rios Vinhateiros 2025<\/title>\n<meta name=\"description\" content=\"O munic\u00edpio de Ponte da Barca foi representado por Lara Resende na sess\u00e3o final das Embaixadoras dos Territ\u00f3rios Vinheteiros 2025, que teve lugar este s\u00e1bado, em Vila Vi\u00e7osa.\" \/>\n<meta name=\"robots\" content=\"index, follow, max-snippet:-1, max-image-preview:large, max-video-preview:-1\" \/>\n<link rel=\"canonical\" href=\"https:\/\/www.altominho.tv\/site\/2025\/09\/07\/ponte-da-barca-sessao-final-das-embaixadoras-dos-territorios-vinhateiros-2025\/\" \/>\n<meta property=\"og:locale\" content=\"pt_PT\" \/>\n<meta property=\"og:type\" content=\"article\" \/>\n<meta property=\"og:title\" content=\"Ponte da Barca representada na sess\u00e3o final das Embaixadoras dos Territ\u00f3rios Vinhateiros 2025\" \/>\n<meta property=\"og:description\" content=\"O munic\u00edpio de Ponte da Barca foi representado por Lara Resende na sess\u00e3o final das Embaixadoras dos Territ\u00f3rios Vinheteiros 2025, que teve lugar este s\u00e1bado, em Vila Vi\u00e7osa.\" \/>\n<meta property=\"og:url\" content=\"https:\/\/www.altominho.tv\/site\/2025\/09\/07\/ponte-da-barca-sessao-final-das-embaixadoras-dos-territorios-vinhateiros-2025\/\" \/>\n<meta property=\"og:site_name\" content=\"Altominho.tv\" \/>\n<meta property=\"article:publisher\" content=\"https:\/\/www.facebook.com\/altominhotv\" \/>\n<meta property=\"article:published_time\" content=\"2025-09-07T11:05:21+00:00\" \/>\n<meta property=\"article:modified_time\" content=\"2025-09-07T17:44:20+00:00\" \/>\n<meta property=\"og:image\" content=\"https:\/\/www.altominho.tv\/site\/wp-content\/uploads\/2025\/09\/Design-sem-nome-2025-09-07T115651.663.jpg\" \/>\n\t<meta property=\"og:image:width\" content=\"2250\" \/>\n\t<meta property=\"og:image:height\" content=\"1181\" \/>\n\t<meta property=\"og:image:type\" content=\"image\/jpeg\" \/>\n<meta name=\"author\" content=\"Eduarda Cardoso\" \/>\n<meta name=\"twitter:card\" content=\"summary_large_image\" \/>\n<meta name=\"twitter:creator\" content=\"@altominhoTV\" \/>\n<meta name=\"twitter:site\" content=\"@altominhoTV\" \/>\n<meta name=\"twitter:label1\" content=\"Escrito por\" \/>\n\t<meta name=\"twitter:data1\" content=\"Eduarda Cardoso\" \/>\n\t<meta name=\"twitter:label2\" content=\"Tempo estimado de leitura\" \/>\n\t<meta name=\"twitter:data2\" content=\"1 minuto\" \/>\n<script type=\"application\/ld+json\" class=\"yoast-schema-graph\">{\"@context\":\"https:\\\/\\\/schema.org\",\"@graph\":[{\"@type\":\"Article\",\"@id\":\"https:\\\/\\\/www.altominho.tv\\\/site\\\/2025\\\/09\\\/07\\\/ponte-da-barca-sessao-final-das-embaixadoras-dos-territorios-vinhateiros-2025\\\/#article\",\"isPartOf\":{\"@id\":\"https:\\\/\\\/www.altominho.tv\\\/site\\\/2025\\\/09\\\/07\\\/ponte-da-barca-sessao-final-das-embaixadoras-dos-territorios-vinhateiros-2025\\\/\"},\"author\":{\"name\":\"Eduarda Cardoso\",\"@id\":\"https:\\\/\\\/www.altominho.tv\\\/site\\\/#\\\/schema\\\/person\\\/9e351387b727413d005ccf1152c93539\"},\"headline\":\"Ponte da Barca representada na sess\u00e3o final das Embaixadoras dos Territ\u00f3rios Vinhateiros 2025\",\"datePublished\":\"2025-09-07T11:05:21+00:00\",\"dateModified\":\"2025-09-07T17:44:20+00:00\",\"mainEntityOfPage\":{\"@id\":\"https:\\\/\\\/www.altominho.tv\\\/site\\\/2025\\\/09\\\/07\\\/ponte-da-barca-sessao-final-das-embaixadoras-dos-territorios-vinhateiros-2025\\\/\"},\"wordCount\":141,\"image\":{\"@id\":\"https:\\\/\\\/www.altominho.tv\\\/site\\\/2025\\\/09\\\/07\\\/ponte-da-barca-sessao-final-das-embaixadoras-dos-territorios-vinhateiros-2025\\\/#primaryimage\"},\"thumbnailUrl\":\"https:\\\/\\\/www.altominho.tv\\\/site\\\/wp-content\\\/uploads\\\/2025\\\/09\\\/Design-sem-nome-2025-09-07T115651.663.jpg\",\"keywords\":[\"Cultura\"],\"articleSection\":[\"Ponte da Barca\"],\"inLanguage\":\"pt-PT\",\"copyrightYear\":\"2025\",\"copyrightHolder\":{\"@id\":\"https:\\\/\\\/www.altominho.tv\\\/site\\\/#organization\"}},{\"@type\":\"WebPage\",\"@id\":\"https:\\\/\\\/www.altominho.tv\\\/site\\\/2025\\\/09\\\/07\\\/ponte-da-barca-sessao-final-das-embaixadoras-dos-territorios-vinhateiros-2025\\\/\",\"url\":\"https:\\\/\\\/www.altominho.tv\\\/site\\\/2025\\\/09\\\/07\\\/ponte-da-barca-sessao-final-das-embaixadoras-dos-territorios-vinhateiros-2025\\\/\",\"name\":\"Ponte da Barca representada na sess\u00e3o final das Embaixadoras dos Territ\u00f3rios Vinhateiros 2025\",\"isPartOf\":{\"@id\":\"https:\\\/\\\/www.altominho.tv\\\/site\\\/#website\"},\"primaryImageOfPage\":{\"@id\":\"https:\\\/\\\/www.altominho.tv\\\/site\\\/2025\\\/09\\\/07\\\/ponte-da-barca-sessao-final-das-embaixadoras-dos-territorios-vinhateiros-2025\\\/#primaryimage\"},\"image\":{\"@id\":\"https:\\\/\\\/www.altominho.tv\\\/site\\\/2025\\\/09\\\/07\\\/ponte-da-barca-sessao-final-das-embaixadoras-dos-territorios-vinhateiros-2025\\\/#primaryimage\"},\"thumbnailUrl\":\"https:\\\/\\\/www.altominho.tv\\\/site\\\/wp-content\\\/uploads\\\/2025\\\/09\\\/Design-sem-nome-2025-09-07T115651.663.jpg\",\"datePublished\":\"2025-09-07T11:05:21+00:00\",\"dateModified\":\"2025-09-07T17:44:20+00:00\",\"author\":{\"@id\":\"https:\\\/\\\/www.altominho.tv\\\/site\\\/#\\\/schema\\\/person\\\/9e351387b727413d005ccf1152c93539\"},\"description\":\"O munic\u00edpio de Ponte da Barca foi representado por Lara Resende na sess\u00e3o final das Embaixadoras dos Territ\u00f3rios Vinheteiros 2025, que teve lugar este s\u00e1bado, em Vila Vi\u00e7osa.\",\"breadcrumb\":{\"@id\":\"https:\\\/\\\/www.altominho.tv\\\/site\\\/2025\\\/09\\\/07\\\/ponte-da-barca-sessao-final-das-embaixadoras-dos-territorios-vinhateiros-2025\\\/#breadcrumb\"},\"inLanguage\":\"pt-PT\",\"potentialAction\":[{\"@type\":\"ReadAction\",\"target\":[\"https:\\\/\\\/www.altominho.tv\\\/site\\\/2025\\\/09\\\/07\\\/ponte-da-barca-sessao-final-das-embaixadoras-dos-territorios-vinhateiros-2025\\\/\"]}]},{\"@type\":\"ImageObject\",\"inLanguage\":\"pt-PT\",\"@id\":\"https:\\\/\\\/www.altominho.tv\\\/site\\\/2025\\\/09\\\/07\\\/ponte-da-barca-sessao-final-das-embaixadoras-dos-territorios-vinhateiros-2025\\\/#primaryimage\",\"url\":\"https:\\\/\\\/www.altominho.tv\\\/site\\\/wp-content\\\/uploads\\\/2025\\\/09\\\/Design-sem-nome-2025-09-07T115651.663.jpg\",\"contentUrl\":\"https:\\\/\\\/www.altominho.tv\\\/site\\\/wp-content\\\/uploads\\\/2025\\\/09\\\/Design-sem-nome-2025-09-07T115651.663.jpg\",\"width\":2250,\"height\":1181},{\"@type\":\"BreadcrumbList\",\"@id\":\"https:\\\/\\\/www.altominho.tv\\\/site\\\/2025\\\/09\\\/07\\\/ponte-da-barca-sessao-final-das-embaixadoras-dos-territorios-vinhateiros-2025\\\/#breadcrumb\",\"itemListElement\":[{\"@type\":\"ListItem\",\"position\":1,\"name\":\"In\u00edcio\",\"item\":\"https:\\\/\\\/www.altominho.tv\\\/site\\\/\"},{\"@type\":\"ListItem\",\"position\":2,\"name\":\"Ponte da Barca representada na sess\u00e3o final das Embaixadoras dos Territ\u00f3rios Vinhateiros 2025\"}]},{\"@type\":\"WebSite\",\"@id\":\"https:\\\/\\\/www.altominho.tv\\\/site\\\/#website\",\"url\":\"https:\\\/\\\/www.altominho.tv\\\/site\\\/\",\"name\":\"Altominho.tv\",\"description\":\"A sua regi\u00e3o \u00e0 dist\u00e2ncia de um clique...\",\"potentialAction\":[{\"@type\":\"SearchAction\",\"target\":{\"@type\":\"EntryPoint\",\"urlTemplate\":\"https:\\\/\\\/www.altominho.tv\\\/site\\\/?s={search_term_string}\"},\"query-input\":{\"@type\":\"PropertyValueSpecification\",\"valueRequired\":true,\"valueName\":\"search_term_string\"}}],\"inLanguage\":\"pt-PT\"},{\"@type\":\"Person\",\"@id\":\"https:\\\/\\\/www.altominho.tv\\\/site\\\/#\\\/schema\\\/person\\\/9e351387b727413d005ccf1152c93539\",\"name\":\"Eduarda Cardoso\",\"image\":{\"@type\":\"ImageObject\",\"inLanguage\":\"pt-PT\",\"@id\":\"https:\\\/\\\/www.altominho.tv\\\/site\\\/wp-content\\\/uploads\\\/2021\\\/01\\\/cropped-Logo-ATV_WEB-150x150.png\",\"url\":\"https:\\\/\\\/www.altominho.tv\\\/site\\\/wp-content\\\/uploads\\\/2021\\\/01\\\/cropped-Logo-ATV_WEB-150x150.png\",\"contentUrl\":\"https:\\\/\\\/www.altominho.tv\\\/site\\\/wp-content\\\/uploads\\\/2021\\\/01\\\/cropped-Logo-ATV_WEB-150x150.png\",\"caption\":\"Eduarda Cardoso\"},\"url\":\"https:\\\/\\\/www.altominho.tv\\\/site\\\/author\\\/eduarda-cardoso\\\/\"}]}<\/script>\n<!-- \/ Yoast SEO Premium plugin. -->","yoast_head_json":{"title":"Ponte da Barca representada na sess\u00e3o final das Embaixadoras dos Territ\u00f3rios Vinhateiros 2025","description":"O munic\u00edpio de Ponte da Barca foi representado por Lara Resende na sess\u00e3o final das Embaixadoras dos Territ\u00f3rios Vinheteiros 2025, que teve lugar este s\u00e1bado, em Vila Vi\u00e7osa.","robots":{"index":"index","follow":"follow","max-snippet":"max-snippet:-1","max-image-preview":"max-image-preview:large","max-video-preview":"max-video-preview:-1"},"canonical":"https:\/\/www.altominho.tv\/site\/2025\/09\/07\/ponte-da-barca-sessao-final-das-embaixadoras-dos-territorios-vinhateiros-2025\/","og_locale":"pt_PT","og_type":"article","og_title":"Ponte da Barca representada na sess\u00e3o final das Embaixadoras dos Territ\u00f3rios Vinhateiros 2025","og_description":"O munic\u00edpio de Ponte da Barca foi representado por Lara Resende na sess\u00e3o final das Embaixadoras dos Territ\u00f3rios Vinheteiros 2025, que teve lugar este s\u00e1bado, em Vila Vi\u00e7osa.","og_url":"https:\/\/www.altominho.tv\/site\/2025\/09\/07\/ponte-da-barca-sessao-final-das-embaixadoras-dos-territorios-vinhateiros-2025\/","og_site_name":"Altominho.tv","article_publisher":"https:\/\/www.facebook.com\/altominhotv","article_published_time":"2025-09-07T11:05:21+00:00","article_modified_time":"2025-09-07T17:44:20+00:00","og_image":[{"width":2250,"height":1181,"url":"https:\/\/www.altominho.tv\/site\/wp-content\/uploads\/2025\/09\/Design-sem-nome-2025-09-07T115651.663.jpg","type":"image\/jpeg"}],"author":"Eduarda Cardoso","twitter_card":"summary_large_image","twitter_creator":"@altominhoTV","twitter_site":"@altominhoTV","twitter_misc":{"Escrito por":"Eduarda Cardoso","Tempo estimado de leitura":"1 minuto"},"schema":{"@context":"https:\/\/schema.org","@graph":[{"@type":"Article","@id":"https:\/\/www.altominho.tv\/site\/2025\/09\/07\/ponte-da-barca-sessao-final-das-embaixadoras-dos-territorios-vinhateiros-2025\/#article","isPartOf":{"@id":"https:\/\/www.altominho.tv\/site\/2025\/09\/07\/ponte-da-barca-sessao-final-das-embaixadoras-dos-territorios-vinhateiros-2025\/"},"author":{"name":"Eduarda Cardoso","@id":"https:\/\/www.altominho.tv\/site\/#\/schema\/person\/9e351387b727413d005ccf1152c93539"},"headline":"Ponte da Barca representada na sess\u00e3o final das Embaixadoras dos Territ\u00f3rios Vinhateiros 2025","datePublished":"2025-09-07T11:05:21+00:00","dateModified":"2025-09-07T17:44:20+00:00","mainEntityOfPage":{"@id":"https:\/\/www.altominho.tv\/site\/2025\/09\/07\/ponte-da-barca-sessao-final-das-embaixadoras-dos-territorios-vinhateiros-2025\/"},"wordCount":141,"image":{"@id":"https:\/\/www.altominho.tv\/site\/2025\/09\/07\/ponte-da-barca-sessao-final-das-embaixadoras-dos-territorios-vinhateiros-2025\/#primaryimage"},"thumbnailUrl":"https:\/\/www.altominho.tv\/site\/wp-content\/uploads\/2025\/09\/Design-sem-nome-2025-09-07T115651.663.jpg","keywords":["Cultura"],"articleSection":["Ponte da Barca"],"inLanguage":"pt-PT","copyrightYear":"2025","copyrightHolder":{"@id":"https:\/\/www.altominho.tv\/site\/#organization"}},{"@type":"WebPage","@id":"https:\/\/www.altominho.tv\/site\/2025\/09\/07\/ponte-da-barca-sessao-final-das-embaixadoras-dos-territorios-vinhateiros-2025\/","url":"https:\/\/www.altominho.tv\/site\/2025\/09\/07\/ponte-da-barca-sessao-final-das-embaixadoras-dos-territorios-vinhateiros-2025\/","name":"Ponte da Barca representada na sess\u00e3o final das Embaixadoras dos Territ\u00f3rios Vinhateiros 2025","isPartOf":{"@id":"https:\/\/www.altominho.tv\/site\/#website"},"primaryImageOfPage":{"@id":"https:\/\/www.altominho.tv\/site\/2025\/09\/07\/ponte-da-barca-sessao-final-das-embaixadoras-dos-territorios-vinhateiros-2025\/#primaryimage"},"image":{"@id":"https:\/\/www.altominho.tv\/site\/2025\/09\/07\/ponte-da-barca-sessao-final-das-embaixadoras-dos-territorios-vinhateiros-2025\/#primaryimage"},"thumbnailUrl":"https:\/\/www.altominho.tv\/site\/wp-content\/uploads\/2025\/09\/Design-sem-nome-2025-09-07T115651.663.jpg","datePublished":"2025-09-07T11:05:21+00:00","dateModified":"2025-09-07T17:44:20+00:00","author":{"@id":"https:\/\/www.altominho.tv\/site\/#\/schema\/person\/9e351387b727413d005ccf1152c93539"},"description":"O munic\u00edpio de Ponte da Barca foi representado por Lara Resende na sess\u00e3o final das Embaixadoras dos Territ\u00f3rios Vinheteiros 2025, que teve lugar este s\u00e1bado, em Vila Vi\u00e7osa.","breadcrumb":{"@id":"https:\/\/www.altominho.tv\/site\/2025\/09\/07\/ponte-da-barca-sessao-final-das-embaixadoras-dos-territorios-vinhateiros-2025\/#breadcrumb"},"inLanguage":"pt-PT","potentialAction":[{"@type":"ReadAction","target":["https:\/\/www.altominho.tv\/site\/2025\/09\/07\/ponte-da-barca-sessao-final-das-embaixadoras-dos-territorios-vinhateiros-2025\/"]}]},{"@type":"ImageObject","inLanguage":"pt-PT","@id":"https:\/\/www.altominho.tv\/site\/2025\/09\/07\/ponte-da-barca-sessao-final-das-embaixadoras-dos-territorios-vinhateiros-2025\/#primaryimage","url":"https:\/\/www.altominho.tv\/site\/wp-content\/uploads\/2025\/09\/Design-sem-nome-2025-09-07T115651.663.jpg","contentUrl":"https:\/\/www.altominho.tv\/site\/wp-content\/uploads\/2025\/09\/Design-sem-nome-2025-09-07T115651.663.jpg","width":2250,"height":1181},{"@type":"BreadcrumbList","@id":"https:\/\/www.altominho.tv\/site\/2025\/09\/07\/ponte-da-barca-sessao-final-das-embaixadoras-dos-territorios-vinhateiros-2025\/#breadcrumb","itemListElement":[{"@type":"ListItem","position":1,"name":"In\u00edcio","item":"https:\/\/www.altominho.tv\/site\/"},{"@type":"ListItem","position":2,"name":"Ponte da Barca representada na sess\u00e3o final das Embaixadoras dos Territ\u00f3rios Vinhateiros 2025"}]},{"@type":"WebSite","@id":"https:\/\/www.altominho.tv\/site\/#website","url":"https:\/\/www.altominho.tv\/site\/","name":"Altominho.tv","description":"A sua regi\u00e3o \u00e0 dist\u00e2ncia de um clique...","potentialAction":[{"@type":"SearchAction","target":{"@type":"EntryPoint","urlTemplate":"https:\/\/www.altominho.tv\/site\/?s={search_term_string}"},"query-input":{"@type":"PropertyValueSpecification","valueRequired":true,"valueName":"search_term_string"}}],"inLanguage":"pt-PT"},{"@type":"Person","@id":"https:\/\/www.altominho.tv\/site\/#\/schema\/person\/9e351387b727413d005ccf1152c93539","name":"Eduarda Cardoso","image":{"@type":"ImageObject","inLanguage":"pt-PT","@id":"https:\/\/www.altominho.tv\/site\/wp-content\/uploads\/2021\/01\/cropped-Logo-ATV_WEB-150x150.png","url":"https:\/\/www.altominho.tv\/site\/wp-content\/uploads\/2021\/01\/cropped-Logo-ATV_WEB-150x150.png","contentUrl":"https:\/\/www.altominho.tv\/site\/wp-content\/uploads\/2021\/01\/cropped-Logo-ATV_WEB-150x150.png","caption":"Eduarda Cardoso"},"url":"https:\/\/www.altominho.tv\/site\/author\/eduarda-cardoso\/"}]}},"_links":{"self":[{"href":"https:\/\/www.altominho.tv\/site\/wp-json\/wp\/v2\/posts\/122670","targetHints":{"allow":["GET"]}}],"collection":[{"href":"https:\/\/www.altominho.tv\/site\/wp-json\/wp\/v2\/posts"}],"about":[{"href":"https:\/\/www.altominho.tv\/site\/wp-json\/wp\/v2\/types\/post"}],"author":[{"embeddable":true,"href":"https:\/\/www.altominho.tv\/site\/wp-json\/wp\/v2\/users\/30"}],"replies":[{"embeddable":true,"href":"https:\/\/www.altominho.tv\/site\/wp-json\/wp\/v2\/comments?post=122670"}],"version-history":[{"count":2,"href":"https:\/\/www.altominho.tv\/site\/wp-json\/wp\/v2\/posts\/122670\/revisions"}],"predecessor-version":[{"id":122679,"href":"https:\/\/www.altominho.tv\/site\/wp-json\/wp\/v2\/posts\/122670\/revisions\/122679"}],"wp:featuredmedia":[{"embeddable":true,"href":"https:\/\/www.altominho.tv\/site\/wp-json\/wp\/v2\/media\/122671"}],"wp:attachment":[{"href":"https:\/\/www.altominho.tv\/site\/wp-json\/wp\/v2\/media?parent=122670"}],"wp:term":[{"taxonomy":"category","embeddable":true,"href":"https:\/\/www.altominho.tv\/site\/wp-json\/wp\/v2\/categories?post=122670"},{"taxonomy":"post_tag","embeddable":true,"href":"https:\/\/www.altominho.tv\/site\/wp-json\/wp\/v2\/tags?post=122670"}],"curies":[{"name":"wp","href":"https:\/\/api.w.org\/{rel}","templated":true}]}}