{"id":12266,"date":"2018-04-20T17:43:35","date_gmt":"2018-04-20T16:43:35","guid":{"rendered":"http:\/\/www.altominho.tv\/site\/?p=12266"},"modified":"2018-04-20T17:43:35","modified_gmt":"2018-04-20T16:43:35","slug":"exposicao-apresenta-projetos-para-nova-ponte-pedonal-cerveira-tomino","status":"publish","type":"post","link":"https:\/\/www.altominho.tv\/site\/2018\/04\/20\/exposicao-apresenta-projetos-para-nova-ponte-pedonal-cerveira-tomino\/","title":{"rendered":"Exposi\u00e7\u00e3o apresenta projetos para nova ponte pedonal Cerveira-Tomi\u00f1o"},"content":{"rendered":"<p>A exposi\u00e7\u00e3o itinerante para mostrar ao p\u00fablico os 24 projetos admitidos no Concurso Internacional de Ideias para a Ponte Pedonal Cerveira-Tomi\u00f1o, com destaque para as tr\u00eas propostas finalistas, foi inaugurada, esta quinta-feira, em Pontevedra.<\/p>\n<p>A constru\u00e7\u00e3o da nova travessia pedonal e cicl\u00e1vel sobre o rio Minho, que vai ligar os concelhos de Vila Nova de Cerveira e de Tomi\u00f1o, est\u00e1 a dar os \u00faltimos passos.<\/p>\n<p>Durante a inaugura\u00e7\u00e3o, o\u00a0deputado da Coopera\u00e7\u00e3o Transfronteiri\u00e7a, Ux\u00edo Ben\u00edtez, explicou que come\u00e7a agora a 2\u00aa fase do concurso, que consiste num procedimento negociado para a contrata\u00e7\u00e3o de um projeto base, \u201cperspetivando-se que esteja resolvido at\u00e9 ao Ver\u00e3o\u201d.<\/p>\n<p>O vice-presidente da C\u00e2mara Municipal de Vila Nova de Cerveira, V\u00edtor Costa, referiu o \u201c\u00eaxito desta iniciativa\u201d e\u00a0real\u00e7ou ainda que \u201ceste projeto pretende ser um grande atrativo tur\u00edstico\u201d.<\/p>\n<p>Sublinhando o objetivo de \u201cunir dois concelhos de dois pa\u00edses distintos\u201d, a presidente da Deputaci\u00f3n de Pontevedra, Carmela Silva, aproveitou para apelar \u201caos governos de Espanha e de Portugal para que disponibilizem recursos para colocar em marcha a ponte\u201d.<\/p>\n<p>Os dois concelhos esperam que o projeto final possa ainda ser conhecido este ano.<\/p>\n<p>Os projetos v\u00e3o estar patentes at\u00e9 ao dia 4 de maio, para depois ficarem expostos em Cerveira e em Tomi\u00f1o, em datas a anunciar.<\/p>\n","protected":false},"excerpt":{"rendered":"<p>A exposi\u00e7\u00e3o itinerante para mostrar ao p\u00fablico os 24 projetos admitidos no Concurso Internacional de Ideias para a Ponte Pedonal Cerveira-Tomi\u00f1o, com destaque para as tr\u00eas propostas finalistas, foi inaugurada, esta quinta-feira, em Pontevedra. A constru\u00e7\u00e3o da nova travessia pedonal e cicl\u00e1vel sobre o rio Minho, que vai ligar os concelhos de Vila Nova de [&hellip;]<\/p>\n","protected":false},"author":12,"featured_media":12274,"comment_status":"closed","ping_status":"closed","sticky":false,"template":"","format":"standard","meta":{"_exactmetrics_skip_tracking":false,"_exactmetrics_sitenote_active":false,"_exactmetrics_sitenote_note":"","_exactmetrics_sitenote_category":0,"footnotes":""},"categories":[15],"tags":[19],"class_list":["post-12266","post","type-post","status-publish","format-standard","has-post-thumbnail","hentry","category-vila-nova-de-cerveira","tag-cultura"],"yoast_head":"<!-- This site is optimized with the Yoast SEO Premium plugin v27.4 (Yoast SEO v27.4) - https:\/\/yoast.com\/product\/yoast-seo-premium-wordpress\/ -->\n<title>Exposi\u00e7\u00e3o apresenta projetos para nova ponte pedonal Cerveira-Tomi\u00f1o<\/title>\n<meta name=\"robots\" content=\"index, follow, max-snippet:-1, max-image-preview:large, max-video-preview:-1\" \/>\n<link rel=\"canonical\" href=\"https:\/\/www.altominho.tv\/site\/2018\/04\/20\/exposicao-apresenta-projetos-para-nova-ponte-pedonal-cerveira-tomino\/\" \/>\n<meta property=\"og:locale\" content=\"pt_PT\" \/>\n<meta property=\"og:type\" content=\"article\" \/>\n<meta property=\"og:title\" content=\"Exposi\u00e7\u00e3o apresenta projetos para nova ponte pedonal Cerveira-Tomi\u00f1o\" \/>\n<meta property=\"og:description\" content=\"A exposi\u00e7\u00e3o itinerante para mostrar ao p\u00fablico os 24 projetos admitidos no Concurso Internacional de Ideias para a Ponte Pedonal Cerveira-Tomi\u00f1o, com destaque para as tr\u00eas propostas finalistas, foi inaugurada, esta quinta-feira, em Pontevedra. A constru\u00e7\u00e3o da nova travessia pedonal e cicl\u00e1vel sobre o rio Minho, que vai ligar os concelhos de Vila Nova de [&hellip;]\" \/>\n<meta property=\"og:url\" content=\"https:\/\/www.altominho.tv\/site\/2018\/04\/20\/exposicao-apresenta-projetos-para-nova-ponte-pedonal-cerveira-tomino\/\" \/>\n<meta property=\"og:site_name\" content=\"Altominho.tv\" \/>\n<meta property=\"article:publisher\" content=\"https:\/\/www.facebook.com\/altominhotv\" \/>\n<meta property=\"article:published_time\" content=\"2018-04-20T16:43:35+00:00\" \/>\n<meta property=\"og:image\" content=\"https:\/\/www.altominho.tv\/site\/wp-content\/uploads\/2018\/04\/319328_413172662068309_1612211513_n.jpg\" \/>\n\t<meta property=\"og:image:width\" content=\"960\" \/>\n\t<meta property=\"og:image:height\" content=\"541\" \/>\n\t<meta property=\"og:image:type\" content=\"image\/jpeg\" \/>\n<meta name=\"author\" content=\"Andreia Ferreira\" \/>\n<meta name=\"twitter:card\" content=\"summary_large_image\" \/>\n<meta name=\"twitter:creator\" content=\"@altominhoTV\" \/>\n<meta name=\"twitter:site\" content=\"@altominhoTV\" \/>\n<meta name=\"twitter:label1\" content=\"Escrito por\" \/>\n\t<meta name=\"twitter:data1\" content=\"Andreia Ferreira\" \/>\n\t<meta name=\"twitter:label2\" content=\"Tempo estimado de leitura\" \/>\n\t<meta name=\"twitter:data2\" content=\"1 minuto\" \/>\n<script type=\"application\/ld+json\" class=\"yoast-schema-graph\">{\"@context\":\"https:\\\/\\\/schema.org\",\"@graph\":[{\"@type\":\"Article\",\"@id\":\"https:\\\/\\\/www.altominho.tv\\\/site\\\/2018\\\/04\\\/20\\\/exposicao-apresenta-projetos-para-nova-ponte-pedonal-cerveira-tomino\\\/#article\",\"isPartOf\":{\"@id\":\"https:\\\/\\\/www.altominho.tv\\\/site\\\/2018\\\/04\\\/20\\\/exposicao-apresenta-projetos-para-nova-ponte-pedonal-cerveira-tomino\\\/\"},\"author\":{\"name\":\"Andreia Ferreira\",\"@id\":\"https:\\\/\\\/www.altominho.tv\\\/site\\\/#\\\/schema\\\/person\\\/d9be4265364723f14ea8e0d56a1d38cd\"},\"headline\":\"Exposi\u00e7\u00e3o apresenta projetos para nova ponte pedonal Cerveira-Tomi\u00f1o\",\"datePublished\":\"2018-04-20T16:43:35+00:00\",\"mainEntityOfPage\":{\"@id\":\"https:\\\/\\\/www.altominho.tv\\\/site\\\/2018\\\/04\\\/20\\\/exposicao-apresenta-projetos-para-nova-ponte-pedonal-cerveira-tomino\\\/\"},\"wordCount\":239,\"image\":{\"@id\":\"https:\\\/\\\/www.altominho.tv\\\/site\\\/2018\\\/04\\\/20\\\/exposicao-apresenta-projetos-para-nova-ponte-pedonal-cerveira-tomino\\\/#primaryimage\"},\"thumbnailUrl\":\"https:\\\/\\\/www.altominho.tv\\\/site\\\/wp-content\\\/uploads\\\/2018\\\/04\\\/319328_413172662068309_1612211513_n.jpg\",\"keywords\":[\"Cultura\"],\"articleSection\":[\"Vila Nova de Cerveira\"],\"inLanguage\":\"pt-PT\",\"copyrightYear\":\"2018\",\"copyrightHolder\":{\"@id\":\"https:\\\/\\\/www.altominho.tv\\\/site\\\/#organization\"}},{\"@type\":\"WebPage\",\"@id\":\"https:\\\/\\\/www.altominho.tv\\\/site\\\/2018\\\/04\\\/20\\\/exposicao-apresenta-projetos-para-nova-ponte-pedonal-cerveira-tomino\\\/\",\"url\":\"https:\\\/\\\/www.altominho.tv\\\/site\\\/2018\\\/04\\\/20\\\/exposicao-apresenta-projetos-para-nova-ponte-pedonal-cerveira-tomino\\\/\",\"name\":\"Exposi\u00e7\u00e3o apresenta projetos para nova ponte pedonal Cerveira-Tomi\u00f1o\",\"isPartOf\":{\"@id\":\"https:\\\/\\\/www.altominho.tv\\\/site\\\/#website\"},\"primaryImageOfPage\":{\"@id\":\"https:\\\/\\\/www.altominho.tv\\\/site\\\/2018\\\/04\\\/20\\\/exposicao-apresenta-projetos-para-nova-ponte-pedonal-cerveira-tomino\\\/#primaryimage\"},\"image\":{\"@id\":\"https:\\\/\\\/www.altominho.tv\\\/site\\\/2018\\\/04\\\/20\\\/exposicao-apresenta-projetos-para-nova-ponte-pedonal-cerveira-tomino\\\/#primaryimage\"},\"thumbnailUrl\":\"https:\\\/\\\/www.altominho.tv\\\/site\\\/wp-content\\\/uploads\\\/2018\\\/04\\\/319328_413172662068309_1612211513_n.jpg\",\"datePublished\":\"2018-04-20T16:43:35+00:00\",\"author\":{\"@id\":\"https:\\\/\\\/www.altominho.tv\\\/site\\\/#\\\/schema\\\/person\\\/d9be4265364723f14ea8e0d56a1d38cd\"},\"breadcrumb\":{\"@id\":\"https:\\\/\\\/www.altominho.tv\\\/site\\\/2018\\\/04\\\/20\\\/exposicao-apresenta-projetos-para-nova-ponte-pedonal-cerveira-tomino\\\/#breadcrumb\"},\"inLanguage\":\"pt-PT\",\"potentialAction\":[{\"@type\":\"ReadAction\",\"target\":[\"https:\\\/\\\/www.altominho.tv\\\/site\\\/2018\\\/04\\\/20\\\/exposicao-apresenta-projetos-para-nova-ponte-pedonal-cerveira-tomino\\\/\"]}]},{\"@type\":\"ImageObject\",\"inLanguage\":\"pt-PT\",\"@id\":\"https:\\\/\\\/www.altominho.tv\\\/site\\\/2018\\\/04\\\/20\\\/exposicao-apresenta-projetos-para-nova-ponte-pedonal-cerveira-tomino\\\/#primaryimage\",\"url\":\"https:\\\/\\\/www.altominho.tv\\\/site\\\/wp-content\\\/uploads\\\/2018\\\/04\\\/319328_413172662068309_1612211513_n.jpg\",\"contentUrl\":\"https:\\\/\\\/www.altominho.tv\\\/site\\\/wp-content\\\/uploads\\\/2018\\\/04\\\/319328_413172662068309_1612211513_n.jpg\",\"width\":960,\"height\":541},{\"@type\":\"BreadcrumbList\",\"@id\":\"https:\\\/\\\/www.altominho.tv\\\/site\\\/2018\\\/04\\\/20\\\/exposicao-apresenta-projetos-para-nova-ponte-pedonal-cerveira-tomino\\\/#breadcrumb\",\"itemListElement\":[{\"@type\":\"ListItem\",\"position\":1,\"name\":\"In\u00edcio\",\"item\":\"https:\\\/\\\/www.altominho.tv\\\/site\\\/\"},{\"@type\":\"ListItem\",\"position\":2,\"name\":\"Exposi\u00e7\u00e3o apresenta projetos para nova ponte pedonal Cerveira-Tomi\u00f1o\"}]},{\"@type\":\"WebSite\",\"@id\":\"https:\\\/\\\/www.altominho.tv\\\/site\\\/#website\",\"url\":\"https:\\\/\\\/www.altominho.tv\\\/site\\\/\",\"name\":\"Altominho.tv\",\"description\":\"A sua regi\u00e3o \u00e0 dist\u00e2ncia de um clique...\",\"potentialAction\":[{\"@type\":\"SearchAction\",\"target\":{\"@type\":\"EntryPoint\",\"urlTemplate\":\"https:\\\/\\\/www.altominho.tv\\\/site\\\/?s={search_term_string}\"},\"query-input\":{\"@type\":\"PropertyValueSpecification\",\"valueRequired\":true,\"valueName\":\"search_term_string\"}}],\"inLanguage\":\"pt-PT\"},{\"@type\":\"Person\",\"@id\":\"https:\\\/\\\/www.altominho.tv\\\/site\\\/#\\\/schema\\\/person\\\/d9be4265364723f14ea8e0d56a1d38cd\",\"name\":\"Andreia Ferreira\",\"image\":{\"@type\":\"ImageObject\",\"inLanguage\":\"pt-PT\",\"@id\":\"https:\\\/\\\/www.altominho.tv\\\/site\\\/wp-content\\\/uploads\\\/2021\\\/01\\\/AndreiaFerreira-150x150.jpg\",\"url\":\"https:\\\/\\\/www.altominho.tv\\\/site\\\/wp-content\\\/uploads\\\/2021\\\/01\\\/AndreiaFerreira-150x150.jpg\",\"contentUrl\":\"https:\\\/\\\/www.altominho.tv\\\/site\\\/wp-content\\\/uploads\\\/2021\\\/01\\\/AndreiaFerreira-150x150.jpg\",\"caption\":\"Andreia Ferreira\"},\"url\":\"https:\\\/\\\/www.altominho.tv\\\/site\\\/author\\\/andreiaferreira\\\/\"}]}<\/script>\n<!-- \/ Yoast SEO Premium plugin. -->","yoast_head_json":{"title":"Exposi\u00e7\u00e3o apresenta projetos para nova ponte pedonal Cerveira-Tomi\u00f1o","robots":{"index":"index","follow":"follow","max-snippet":"max-snippet:-1","max-image-preview":"max-image-preview:large","max-video-preview":"max-video-preview:-1"},"canonical":"https:\/\/www.altominho.tv\/site\/2018\/04\/20\/exposicao-apresenta-projetos-para-nova-ponte-pedonal-cerveira-tomino\/","og_locale":"pt_PT","og_type":"article","og_title":"Exposi\u00e7\u00e3o apresenta projetos para nova ponte pedonal Cerveira-Tomi\u00f1o","og_description":"A exposi\u00e7\u00e3o itinerante para mostrar ao p\u00fablico os 24 projetos admitidos no Concurso Internacional de Ideias para a Ponte Pedonal Cerveira-Tomi\u00f1o, com destaque para as tr\u00eas propostas finalistas, foi inaugurada, esta quinta-feira, em Pontevedra. A constru\u00e7\u00e3o da nova travessia pedonal e cicl\u00e1vel sobre o rio Minho, que vai ligar os concelhos de Vila Nova de [&hellip;]","og_url":"https:\/\/www.altominho.tv\/site\/2018\/04\/20\/exposicao-apresenta-projetos-para-nova-ponte-pedonal-cerveira-tomino\/","og_site_name":"Altominho.tv","article_publisher":"https:\/\/www.facebook.com\/altominhotv","article_published_time":"2018-04-20T16:43:35+00:00","og_image":[{"width":960,"height":541,"url":"https:\/\/www.altominho.tv\/site\/wp-content\/uploads\/2018\/04\/319328_413172662068309_1612211513_n.jpg","type":"image\/jpeg"}],"author":"Andreia Ferreira","twitter_card":"summary_large_image","twitter_creator":"@altominhoTV","twitter_site":"@altominhoTV","twitter_misc":{"Escrito por":"Andreia Ferreira","Tempo estimado de leitura":"1 minuto"},"schema":{"@context":"https:\/\/schema.org","@graph":[{"@type":"Article","@id":"https:\/\/www.altominho.tv\/site\/2018\/04\/20\/exposicao-apresenta-projetos-para-nova-ponte-pedonal-cerveira-tomino\/#article","isPartOf":{"@id":"https:\/\/www.altominho.tv\/site\/2018\/04\/20\/exposicao-apresenta-projetos-para-nova-ponte-pedonal-cerveira-tomino\/"},"author":{"name":"Andreia Ferreira","@id":"https:\/\/www.altominho.tv\/site\/#\/schema\/person\/d9be4265364723f14ea8e0d56a1d38cd"},"headline":"Exposi\u00e7\u00e3o apresenta projetos para nova ponte pedonal Cerveira-Tomi\u00f1o","datePublished":"2018-04-20T16:43:35+00:00","mainEntityOfPage":{"@id":"https:\/\/www.altominho.tv\/site\/2018\/04\/20\/exposicao-apresenta-projetos-para-nova-ponte-pedonal-cerveira-tomino\/"},"wordCount":239,"image":{"@id":"https:\/\/www.altominho.tv\/site\/2018\/04\/20\/exposicao-apresenta-projetos-para-nova-ponte-pedonal-cerveira-tomino\/#primaryimage"},"thumbnailUrl":"https:\/\/www.altominho.tv\/site\/wp-content\/uploads\/2018\/04\/319328_413172662068309_1612211513_n.jpg","keywords":["Cultura"],"articleSection":["Vila Nova de Cerveira"],"inLanguage":"pt-PT","copyrightYear":"2018","copyrightHolder":{"@id":"https:\/\/www.altominho.tv\/site\/#organization"}},{"@type":"WebPage","@id":"https:\/\/www.altominho.tv\/site\/2018\/04\/20\/exposicao-apresenta-projetos-para-nova-ponte-pedonal-cerveira-tomino\/","url":"https:\/\/www.altominho.tv\/site\/2018\/04\/20\/exposicao-apresenta-projetos-para-nova-ponte-pedonal-cerveira-tomino\/","name":"Exposi\u00e7\u00e3o apresenta projetos para nova ponte pedonal Cerveira-Tomi\u00f1o","isPartOf":{"@id":"https:\/\/www.altominho.tv\/site\/#website"},"primaryImageOfPage":{"@id":"https:\/\/www.altominho.tv\/site\/2018\/04\/20\/exposicao-apresenta-projetos-para-nova-ponte-pedonal-cerveira-tomino\/#primaryimage"},"image":{"@id":"https:\/\/www.altominho.tv\/site\/2018\/04\/20\/exposicao-apresenta-projetos-para-nova-ponte-pedonal-cerveira-tomino\/#primaryimage"},"thumbnailUrl":"https:\/\/www.altominho.tv\/site\/wp-content\/uploads\/2018\/04\/319328_413172662068309_1612211513_n.jpg","datePublished":"2018-04-20T16:43:35+00:00","author":{"@id":"https:\/\/www.altominho.tv\/site\/#\/schema\/person\/d9be4265364723f14ea8e0d56a1d38cd"},"breadcrumb":{"@id":"https:\/\/www.altominho.tv\/site\/2018\/04\/20\/exposicao-apresenta-projetos-para-nova-ponte-pedonal-cerveira-tomino\/#breadcrumb"},"inLanguage":"pt-PT","potentialAction":[{"@type":"ReadAction","target":["https:\/\/www.altominho.tv\/site\/2018\/04\/20\/exposicao-apresenta-projetos-para-nova-ponte-pedonal-cerveira-tomino\/"]}]},{"@type":"ImageObject","inLanguage":"pt-PT","@id":"https:\/\/www.altominho.tv\/site\/2018\/04\/20\/exposicao-apresenta-projetos-para-nova-ponte-pedonal-cerveira-tomino\/#primaryimage","url":"https:\/\/www.altominho.tv\/site\/wp-content\/uploads\/2018\/04\/319328_413172662068309_1612211513_n.jpg","contentUrl":"https:\/\/www.altominho.tv\/site\/wp-content\/uploads\/2018\/04\/319328_413172662068309_1612211513_n.jpg","width":960,"height":541},{"@type":"BreadcrumbList","@id":"https:\/\/www.altominho.tv\/site\/2018\/04\/20\/exposicao-apresenta-projetos-para-nova-ponte-pedonal-cerveira-tomino\/#breadcrumb","itemListElement":[{"@type":"ListItem","position":1,"name":"In\u00edcio","item":"https:\/\/www.altominho.tv\/site\/"},{"@type":"ListItem","position":2,"name":"Exposi\u00e7\u00e3o apresenta projetos para nova ponte pedonal Cerveira-Tomi\u00f1o"}]},{"@type":"WebSite","@id":"https:\/\/www.altominho.tv\/site\/#website","url":"https:\/\/www.altominho.tv\/site\/","name":"Altominho.tv","description":"A sua regi\u00e3o \u00e0 dist\u00e2ncia de um clique...","potentialAction":[{"@type":"SearchAction","target":{"@type":"EntryPoint","urlTemplate":"https:\/\/www.altominho.tv\/site\/?s={search_term_string}"},"query-input":{"@type":"PropertyValueSpecification","valueRequired":true,"valueName":"search_term_string"}}],"inLanguage":"pt-PT"},{"@type":"Person","@id":"https:\/\/www.altominho.tv\/site\/#\/schema\/person\/d9be4265364723f14ea8e0d56a1d38cd","name":"Andreia Ferreira","image":{"@type":"ImageObject","inLanguage":"pt-PT","@id":"https:\/\/www.altominho.tv\/site\/wp-content\/uploads\/2021\/01\/AndreiaFerreira-150x150.jpg","url":"https:\/\/www.altominho.tv\/site\/wp-content\/uploads\/2021\/01\/AndreiaFerreira-150x150.jpg","contentUrl":"https:\/\/www.altominho.tv\/site\/wp-content\/uploads\/2021\/01\/AndreiaFerreira-150x150.jpg","caption":"Andreia Ferreira"},"url":"https:\/\/www.altominho.tv\/site\/author\/andreiaferreira\/"}]}},"_links":{"self":[{"href":"https:\/\/www.altominho.tv\/site\/wp-json\/wp\/v2\/posts\/12266","targetHints":{"allow":["GET"]}}],"collection":[{"href":"https:\/\/www.altominho.tv\/site\/wp-json\/wp\/v2\/posts"}],"about":[{"href":"https:\/\/www.altominho.tv\/site\/wp-json\/wp\/v2\/types\/post"}],"author":[{"embeddable":true,"href":"https:\/\/www.altominho.tv\/site\/wp-json\/wp\/v2\/users\/12"}],"replies":[{"embeddable":true,"href":"https:\/\/www.altominho.tv\/site\/wp-json\/wp\/v2\/comments?post=12266"}],"version-history":[{"count":0,"href":"https:\/\/www.altominho.tv\/site\/wp-json\/wp\/v2\/posts\/12266\/revisions"}],"wp:featuredmedia":[{"embeddable":true,"href":"https:\/\/www.altominho.tv\/site\/wp-json\/wp\/v2\/media\/12274"}],"wp:attachment":[{"href":"https:\/\/www.altominho.tv\/site\/wp-json\/wp\/v2\/media?parent=12266"}],"wp:term":[{"taxonomy":"category","embeddable":true,"href":"https:\/\/www.altominho.tv\/site\/wp-json\/wp\/v2\/categories?post=12266"},{"taxonomy":"post_tag","embeddable":true,"href":"https:\/\/www.altominho.tv\/site\/wp-json\/wp\/v2\/tags?post=12266"}],"curies":[{"name":"wp","href":"https:\/\/api.w.org\/{rel}","templated":true}]}}