{"id":122514,"date":"2025-09-02T14:41:36","date_gmt":"2025-09-02T13:41:36","guid":{"rendered":"https:\/\/www.altominho.tv\/site\/?p=122514"},"modified":"2025-09-02T14:41:38","modified_gmt":"2025-09-02T13:41:38","slug":"viana-do-castelo-vai-comprar-tres-lojas-para-instalar-servicos-municipais","status":"publish","type":"post","link":"https:\/\/www.altominho.tv\/site\/2025\/09\/02\/viana-do-castelo-vai-comprar-tres-lojas-para-instalar-servicos-municipais\/","title":{"rendered":"Viana do Castelo vai comprar tr\u00eas lojas por 1,4 ME para instalar servi\u00e7os municipais"},"content":{"rendered":"<p>A C\u00e2mara de Viana do Castelo aprovou hoje, por maioria, a compra de tr\u00eas lojas comerciais, por 1,4 milh\u00f5es de euros, para instalar servi\u00e7os municipais atualmente dispersos e a funcionar em edif\u00edcios arrendados.<\/p>\n<p>Os membros da oposi\u00e7\u00e3o no executivo municipal, que hoje se reuniu em sess\u00e3o ordin\u00e1ria, votaram contra, praticamente pelas mesmas raz\u00f5es.<\/p>\n<p>A vereadora do CDS-PP, Ilda Ara\u00fajo Novo, o vereador do PSD, Paulo Vale, da CDU, Jos\u00e9 Ramos, e o independente Eduardo Teixeira consideraram que a proposta carece de informa\u00e7\u00e3o relativamente aos servi\u00e7os que est\u00e3o dispersos e quanto \u00e9 que o munic\u00edpio gasta em aluguer dos espa\u00e7os onde essas val\u00eancias municipais est\u00e3o instaladas, para perceber se a compra dos im\u00f3veis, propriedade do Estado, \u00e9 uma \u201cmais-valia\u201d.<\/p>\n<p>O social-democrata, Paulo Vale, questionou a \u201coportunidade\u201d, afirmando que a aquisi\u00e7\u00e3o dos im\u00f3veis \u201cpodia esperar pelo novo mandato e pelos novos elementos que vierem a constituir o executivo municipal\u201d.<\/p>\n<p>O independente Eduardo Teixeira disse n\u00e3o se sentir \u201cconfort\u00e1vel\u201d com a aquisi\u00e7\u00e3o dos im\u00f3veis, entre outras raz\u00f5es pelo \u201cendividamento do munic\u00edpio\u201d.<\/p>\n<p>A oposi\u00e7\u00e3o alertou ainda para os custos que a autarquia ter\u00e1 de suportar para transformar os tr\u00eas edif\u00edcios que \u201cest\u00e3o em bruto\u201d desde 2007.<\/p>\n<p>Na resposta, o presidente da C\u00e2mara, Lu\u00eds Nobre, afirmou que desde que iniciou o mandato, em 2021, o valor da d\u00edvida da autarquia desceu em cinco milh\u00f5es de euros.<\/p>\n<p>Lu\u00eds Nobre considerou ser \u201cuma boa oportunidade\u201d para \u201caumentar o patrim\u00f3nio municipal\u201d e uma forma de dar melhores condi\u00e7\u00f5es de trabalho aos funcion\u00e1rios de \u00e1reas que se encontram dispersos\u201d.<\/p>\n<p>As tr\u00eas lojas comerciais, situadas na Avenida Conde da Carreira e Travessa da Esta\u00e7\u00e3o, no centro da cidade, totalizam 1.661,78 metros quadrados, que s\u00e3o propriedade do Estado e que nunca foram utilizados.<\/p>\n<p>Segundo a proposta apresentada pelo presidente da c\u00e2mara, h\u00e1 \u201cnecessidade de proceder \u00e0 aquisi\u00e7\u00e3o de im\u00f3veis que permitam instalar servi\u00e7os municipais atualmente dispersos, gerando custos acrescidos para o er\u00e1rio p\u00fablico e constrangimentos de organiza\u00e7\u00e3o e efici\u00eancia administrativa\u201d.<\/p>\n<p>\u201cA aquisi\u00e7\u00e3o das fra\u00e7\u00f5es permitir\u00e1 dotar a autarquia de edif\u00edcios pr\u00f3prios, adequados \u00e0 instala\u00e7\u00e3o de servi\u00e7os municipais, contribuindo para a redu\u00e7\u00e3o de encargos com arrendamentos, para a melhoria das condi\u00e7\u00f5es de trabalho dos servi\u00e7os e para um melhor atendimento aos cidad\u00e3os, centralizando estruturas administrativas que hoje se encontram deslocalizadas\u201d, l\u00ea-se no documento.<\/p>\n<p>O autarca explicou que \u201cfoi promovida a avalia\u00e7\u00e3o independente das referidas fra\u00e7\u00f5es, tendo sido fixado o valor global de 1.384.500 euros.<\/p>\n<p>A fra\u00e7\u00e3o A representa um investimento de 487.500 euros, a fra\u00e7\u00e3o F 333 mil euros e a fra\u00e7\u00e3o K \u2013 564, mil euros.<\/p>\n<p>O valor do conjunto das tr\u00eas fra\u00e7\u00f5es \u201cmereceu parecer favor\u00e1vel da IP Patrim\u00f3nio Administra\u00e7\u00e3o e Gest\u00e3o Imobili\u00e1ria, S.A., entidade propriet\u00e1ria, e subsequente homologa\u00e7\u00e3o pela Estamo &#8211; Participa\u00e7\u00f5es Imobili\u00e1rias, S.A., nos termos legais aplic\u00e1veis, aceitando-se a concretiza\u00e7\u00e3o da opera\u00e7\u00e3o pelo montante indicado\u201d.<\/p>\n<p>Depois da aprova\u00e7\u00e3o em reuni\u00e3o do executivo municipal, compete \u00e0 Assembleia Municipal autorizar a aquisi\u00e7\u00e3o dos im\u00f3veis, processo que ser\u00e1 depois remetido para o Tribunal de Contas.<\/p>\n","protected":false},"excerpt":{"rendered":"<p>A C\u00e2mara de Viana do Castelo aprovou hoje, por maioria, a compra de tr\u00eas lojas comerciais, por 1,4 milh\u00f5es de euros, para instalar servi\u00e7os municipais atualmente dispersos e a funcionar em edif\u00edcios arrendados. Os membros da oposi\u00e7\u00e3o no executivo municipal, que hoje se reuniu em sess\u00e3o ordin\u00e1ria, votaram contra, praticamente pelas mesmas raz\u00f5es. A vereadora [&hellip;]<\/p>\n","protected":false},"author":13,"featured_media":115173,"comment_status":"closed","ping_status":"closed","sticky":false,"template":"","format":"standard","meta":{"_exactmetrics_skip_tracking":false,"_exactmetrics_sitenote_active":false,"_exactmetrics_sitenote_note":"","_exactmetrics_sitenote_category":0,"footnotes":""},"categories":[14],"tags":[27],"class_list":["post-122514","post","type-post","status-publish","format-standard","has-post-thumbnail","hentry","category-viana-do-castelo","tag-sociedade"],"yoast_head":"<!-- This site is optimized with the Yoast SEO Premium plugin v27.5 (Yoast SEO v27.5) - https:\/\/yoast.com\/product\/yoast-seo-premium-wordpress\/ -->\n<title>Viana do Castelo vai comprar tr\u00eas lojas por 1,4 ME para instalar servi\u00e7os municipais<\/title>\n<meta name=\"description\" content=\"A C\u00e2mara de Viana do Castelo aprovou hoje, por maioria, a compra de tr\u00eas lojas comerciais, por 1,4 milh\u00f5es de euros, para instalar servi\u00e7os municipais atualmente dispersos e a funcionar em edif\u00edcios arrendados.\" \/>\n<meta name=\"robots\" content=\"index, follow, max-snippet:-1, max-image-preview:large, max-video-preview:-1\" \/>\n<link rel=\"canonical\" href=\"https:\/\/www.altominho.tv\/site\/2025\/09\/02\/viana-do-castelo-vai-comprar-tres-lojas-para-instalar-servicos-municipais\/\" \/>\n<meta property=\"og:locale\" content=\"pt_PT\" \/>\n<meta property=\"og:type\" content=\"article\" \/>\n<meta property=\"og:title\" content=\"Viana do Castelo vai comprar tr\u00eas lojas por 1,4 ME para instalar servi\u00e7os municipais\" \/>\n<meta property=\"og:description\" content=\"A C\u00e2mara de Viana do Castelo aprovou hoje, por maioria, a compra de tr\u00eas lojas comerciais, por 1,4 milh\u00f5es de euros, para instalar servi\u00e7os municipais atualmente dispersos e a funcionar em edif\u00edcios arrendados.\" \/>\n<meta property=\"og:url\" content=\"https:\/\/www.altominho.tv\/site\/2025\/09\/02\/viana-do-castelo-vai-comprar-tres-lojas-para-instalar-servicos-municipais\/\" \/>\n<meta property=\"og:site_name\" content=\"Altominho.tv\" \/>\n<meta property=\"article:publisher\" content=\"https:\/\/www.facebook.com\/altominhotv\" \/>\n<meta property=\"article:published_time\" content=\"2025-09-02T13:41:36+00:00\" \/>\n<meta property=\"article:modified_time\" content=\"2025-09-02T13:41:38+00:00\" \/>\n<meta property=\"og:image\" content=\"https:\/\/www.altominho.tv\/site\/wp-content\/uploads\/2025\/02\/camara-municipal-viana.jpg\" \/>\n\t<meta property=\"og:image:width\" content=\"1200\" \/>\n\t<meta property=\"og:image:height\" content=\"630\" \/>\n\t<meta property=\"og:image:type\" content=\"image\/jpeg\" \/>\n<meta name=\"author\" content=\"Lusa\" \/>\n<meta name=\"twitter:card\" content=\"summary_large_image\" \/>\n<meta name=\"twitter:creator\" content=\"@altominhoTV\" \/>\n<meta name=\"twitter:site\" content=\"@altominhoTV\" \/>\n<meta name=\"twitter:label1\" content=\"Escrito por\" \/>\n\t<meta name=\"twitter:data1\" content=\"Lusa\" \/>\n\t<meta name=\"twitter:label2\" content=\"Tempo estimado de leitura\" \/>\n\t<meta name=\"twitter:data2\" content=\"3 minutos\" \/>\n<script type=\"application\/ld+json\" class=\"yoast-schema-graph\">{\"@context\":\"https:\\\/\\\/schema.org\",\"@graph\":[{\"@type\":\"Article\",\"@id\":\"https:\\\/\\\/www.altominho.tv\\\/site\\\/2025\\\/09\\\/02\\\/viana-do-castelo-vai-comprar-tres-lojas-para-instalar-servicos-municipais\\\/#article\",\"isPartOf\":{\"@id\":\"https:\\\/\\\/www.altominho.tv\\\/site\\\/2025\\\/09\\\/02\\\/viana-do-castelo-vai-comprar-tres-lojas-para-instalar-servicos-municipais\\\/\"},\"author\":{\"name\":\"Lusa\",\"@id\":\"https:\\\/\\\/www.altominho.tv\\\/site\\\/#\\\/schema\\\/person\\\/63f693da3e1899361cbe955c46f3232e\"},\"headline\":\"Viana do Castelo vai comprar tr\u00eas lojas por 1,4 ME para instalar servi\u00e7os municipais\",\"datePublished\":\"2025-09-02T13:41:36+00:00\",\"dateModified\":\"2025-09-02T13:41:38+00:00\",\"mainEntityOfPage\":{\"@id\":\"https:\\\/\\\/www.altominho.tv\\\/site\\\/2025\\\/09\\\/02\\\/viana-do-castelo-vai-comprar-tres-lojas-para-instalar-servicos-municipais\\\/\"},\"wordCount\":569,\"image\":{\"@id\":\"https:\\\/\\\/www.altominho.tv\\\/site\\\/2025\\\/09\\\/02\\\/viana-do-castelo-vai-comprar-tres-lojas-para-instalar-servicos-municipais\\\/#primaryimage\"},\"thumbnailUrl\":\"https:\\\/\\\/www.altominho.tv\\\/site\\\/wp-content\\\/uploads\\\/2025\\\/02\\\/camara-municipal-viana.jpg\",\"keywords\":[\"Sociedade\"],\"articleSection\":[\"Viana do Castelo\"],\"inLanguage\":\"pt-PT\",\"copyrightYear\":\"2025\",\"copyrightHolder\":{\"@id\":\"https:\\\/\\\/www.altominho.tv\\\/site\\\/#organization\"}},{\"@type\":\"WebPage\",\"@id\":\"https:\\\/\\\/www.altominho.tv\\\/site\\\/2025\\\/09\\\/02\\\/viana-do-castelo-vai-comprar-tres-lojas-para-instalar-servicos-municipais\\\/\",\"url\":\"https:\\\/\\\/www.altominho.tv\\\/site\\\/2025\\\/09\\\/02\\\/viana-do-castelo-vai-comprar-tres-lojas-para-instalar-servicos-municipais\\\/\",\"name\":\"Viana do Castelo vai comprar tr\u00eas lojas por 1,4 ME para instalar servi\u00e7os municipais\",\"isPartOf\":{\"@id\":\"https:\\\/\\\/www.altominho.tv\\\/site\\\/#website\"},\"primaryImageOfPage\":{\"@id\":\"https:\\\/\\\/www.altominho.tv\\\/site\\\/2025\\\/09\\\/02\\\/viana-do-castelo-vai-comprar-tres-lojas-para-instalar-servicos-municipais\\\/#primaryimage\"},\"image\":{\"@id\":\"https:\\\/\\\/www.altominho.tv\\\/site\\\/2025\\\/09\\\/02\\\/viana-do-castelo-vai-comprar-tres-lojas-para-instalar-servicos-municipais\\\/#primaryimage\"},\"thumbnailUrl\":\"https:\\\/\\\/www.altominho.tv\\\/site\\\/wp-content\\\/uploads\\\/2025\\\/02\\\/camara-municipal-viana.jpg\",\"datePublished\":\"2025-09-02T13:41:36+00:00\",\"dateModified\":\"2025-09-02T13:41:38+00:00\",\"author\":{\"@id\":\"https:\\\/\\\/www.altominho.tv\\\/site\\\/#\\\/schema\\\/person\\\/63f693da3e1899361cbe955c46f3232e\"},\"description\":\"A C\u00e2mara de Viana do Castelo aprovou hoje, por maioria, a compra de tr\u00eas lojas comerciais, por 1,4 milh\u00f5es de euros, para instalar servi\u00e7os municipais atualmente dispersos e a funcionar em edif\u00edcios arrendados.\",\"breadcrumb\":{\"@id\":\"https:\\\/\\\/www.altominho.tv\\\/site\\\/2025\\\/09\\\/02\\\/viana-do-castelo-vai-comprar-tres-lojas-para-instalar-servicos-municipais\\\/#breadcrumb\"},\"inLanguage\":\"pt-PT\",\"potentialAction\":[{\"@type\":\"ReadAction\",\"target\":[\"https:\\\/\\\/www.altominho.tv\\\/site\\\/2025\\\/09\\\/02\\\/viana-do-castelo-vai-comprar-tres-lojas-para-instalar-servicos-municipais\\\/\"]}]},{\"@type\":\"ImageObject\",\"inLanguage\":\"pt-PT\",\"@id\":\"https:\\\/\\\/www.altominho.tv\\\/site\\\/2025\\\/09\\\/02\\\/viana-do-castelo-vai-comprar-tres-lojas-para-instalar-servicos-municipais\\\/#primaryimage\",\"url\":\"https:\\\/\\\/www.altominho.tv\\\/site\\\/wp-content\\\/uploads\\\/2025\\\/02\\\/camara-municipal-viana.jpg\",\"contentUrl\":\"https:\\\/\\\/www.altominho.tv\\\/site\\\/wp-content\\\/uploads\\\/2025\\\/02\\\/camara-municipal-viana.jpg\",\"width\":1200,\"height\":630},{\"@type\":\"BreadcrumbList\",\"@id\":\"https:\\\/\\\/www.altominho.tv\\\/site\\\/2025\\\/09\\\/02\\\/viana-do-castelo-vai-comprar-tres-lojas-para-instalar-servicos-municipais\\\/#breadcrumb\",\"itemListElement\":[{\"@type\":\"ListItem\",\"position\":1,\"name\":\"In\u00edcio\",\"item\":\"https:\\\/\\\/www.altominho.tv\\\/site\\\/\"},{\"@type\":\"ListItem\",\"position\":2,\"name\":\"Viana do Castelo vai comprar tr\u00eas lojas por 1,4 ME para instalar servi\u00e7os municipais\"}]},{\"@type\":\"WebSite\",\"@id\":\"https:\\\/\\\/www.altominho.tv\\\/site\\\/#website\",\"url\":\"https:\\\/\\\/www.altominho.tv\\\/site\\\/\",\"name\":\"Altominho.tv\",\"description\":\"A sua regi\u00e3o \u00e0 dist\u00e2ncia de um clique...\",\"potentialAction\":[{\"@type\":\"SearchAction\",\"target\":{\"@type\":\"EntryPoint\",\"urlTemplate\":\"https:\\\/\\\/www.altominho.tv\\\/site\\\/?s={search_term_string}\"},\"query-input\":{\"@type\":\"PropertyValueSpecification\",\"valueRequired\":true,\"valueName\":\"search_term_string\"}}],\"inLanguage\":\"pt-PT\"},{\"@type\":\"Person\",\"@id\":\"https:\\\/\\\/www.altominho.tv\\\/site\\\/#\\\/schema\\\/person\\\/63f693da3e1899361cbe955c46f3232e\",\"name\":\"Lusa\",\"image\":{\"@type\":\"ImageObject\",\"inLanguage\":\"pt-PT\",\"@id\":\"https:\\\/\\\/www.altominho.tv\\\/site\\\/wp-content\\\/uploads\\\/2019\\\/08\\\/LUSA_Logo.gif\",\"url\":\"https:\\\/\\\/www.altominho.tv\\\/site\\\/wp-content\\\/uploads\\\/2019\\\/08\\\/LUSA_Logo.gif\",\"contentUrl\":\"https:\\\/\\\/www.altominho.tv\\\/site\\\/wp-content\\\/uploads\\\/2019\\\/08\\\/LUSA_Logo.gif\",\"caption\":\"Lusa\"},\"sameAs\":[\"http:\\\/\\\/\\\/\\\/www.altominho.tv\\\/site\"],\"url\":\"https:\\\/\\\/www.altominho.tv\\\/site\\\/author\\\/lusa\\\/\"}]}<\/script>\n<!-- \/ Yoast SEO Premium plugin. -->","yoast_head_json":{"title":"Viana do Castelo vai comprar tr\u00eas lojas por 1,4 ME para instalar servi\u00e7os municipais","description":"A C\u00e2mara de Viana do Castelo aprovou hoje, por maioria, a compra de tr\u00eas lojas comerciais, por 1,4 milh\u00f5es de euros, para instalar servi\u00e7os municipais atualmente dispersos e a funcionar em edif\u00edcios arrendados.","robots":{"index":"index","follow":"follow","max-snippet":"max-snippet:-1","max-image-preview":"max-image-preview:large","max-video-preview":"max-video-preview:-1"},"canonical":"https:\/\/www.altominho.tv\/site\/2025\/09\/02\/viana-do-castelo-vai-comprar-tres-lojas-para-instalar-servicos-municipais\/","og_locale":"pt_PT","og_type":"article","og_title":"Viana do Castelo vai comprar tr\u00eas lojas por 1,4 ME para instalar servi\u00e7os municipais","og_description":"A C\u00e2mara de Viana do Castelo aprovou hoje, por maioria, a compra de tr\u00eas lojas comerciais, por 1,4 milh\u00f5es de euros, para instalar servi\u00e7os municipais atualmente dispersos e a funcionar em edif\u00edcios arrendados.","og_url":"https:\/\/www.altominho.tv\/site\/2025\/09\/02\/viana-do-castelo-vai-comprar-tres-lojas-para-instalar-servicos-municipais\/","og_site_name":"Altominho.tv","article_publisher":"https:\/\/www.facebook.com\/altominhotv","article_published_time":"2025-09-02T13:41:36+00:00","article_modified_time":"2025-09-02T13:41:38+00:00","og_image":[{"width":1200,"height":630,"url":"https:\/\/www.altominho.tv\/site\/wp-content\/uploads\/2025\/02\/camara-municipal-viana.jpg","type":"image\/jpeg"}],"author":"Lusa","twitter_card":"summary_large_image","twitter_creator":"@altominhoTV","twitter_site":"@altominhoTV","twitter_misc":{"Escrito por":"Lusa","Tempo estimado de leitura":"3 minutos"},"schema":{"@context":"https:\/\/schema.org","@graph":[{"@type":"Article","@id":"https:\/\/www.altominho.tv\/site\/2025\/09\/02\/viana-do-castelo-vai-comprar-tres-lojas-para-instalar-servicos-municipais\/#article","isPartOf":{"@id":"https:\/\/www.altominho.tv\/site\/2025\/09\/02\/viana-do-castelo-vai-comprar-tres-lojas-para-instalar-servicos-municipais\/"},"author":{"name":"Lusa","@id":"https:\/\/www.altominho.tv\/site\/#\/schema\/person\/63f693da3e1899361cbe955c46f3232e"},"headline":"Viana do Castelo vai comprar tr\u00eas lojas por 1,4 ME para instalar servi\u00e7os municipais","datePublished":"2025-09-02T13:41:36+00:00","dateModified":"2025-09-02T13:41:38+00:00","mainEntityOfPage":{"@id":"https:\/\/www.altominho.tv\/site\/2025\/09\/02\/viana-do-castelo-vai-comprar-tres-lojas-para-instalar-servicos-municipais\/"},"wordCount":569,"image":{"@id":"https:\/\/www.altominho.tv\/site\/2025\/09\/02\/viana-do-castelo-vai-comprar-tres-lojas-para-instalar-servicos-municipais\/#primaryimage"},"thumbnailUrl":"https:\/\/www.altominho.tv\/site\/wp-content\/uploads\/2025\/02\/camara-municipal-viana.jpg","keywords":["Sociedade"],"articleSection":["Viana do Castelo"],"inLanguage":"pt-PT","copyrightYear":"2025","copyrightHolder":{"@id":"https:\/\/www.altominho.tv\/site\/#organization"}},{"@type":"WebPage","@id":"https:\/\/www.altominho.tv\/site\/2025\/09\/02\/viana-do-castelo-vai-comprar-tres-lojas-para-instalar-servicos-municipais\/","url":"https:\/\/www.altominho.tv\/site\/2025\/09\/02\/viana-do-castelo-vai-comprar-tres-lojas-para-instalar-servicos-municipais\/","name":"Viana do Castelo vai comprar tr\u00eas lojas por 1,4 ME para instalar servi\u00e7os municipais","isPartOf":{"@id":"https:\/\/www.altominho.tv\/site\/#website"},"primaryImageOfPage":{"@id":"https:\/\/www.altominho.tv\/site\/2025\/09\/02\/viana-do-castelo-vai-comprar-tres-lojas-para-instalar-servicos-municipais\/#primaryimage"},"image":{"@id":"https:\/\/www.altominho.tv\/site\/2025\/09\/02\/viana-do-castelo-vai-comprar-tres-lojas-para-instalar-servicos-municipais\/#primaryimage"},"thumbnailUrl":"https:\/\/www.altominho.tv\/site\/wp-content\/uploads\/2025\/02\/camara-municipal-viana.jpg","datePublished":"2025-09-02T13:41:36+00:00","dateModified":"2025-09-02T13:41:38+00:00","author":{"@id":"https:\/\/www.altominho.tv\/site\/#\/schema\/person\/63f693da3e1899361cbe955c46f3232e"},"description":"A C\u00e2mara de Viana do Castelo aprovou hoje, por maioria, a compra de tr\u00eas lojas comerciais, por 1,4 milh\u00f5es de euros, para instalar servi\u00e7os municipais atualmente dispersos e a funcionar em edif\u00edcios arrendados.","breadcrumb":{"@id":"https:\/\/www.altominho.tv\/site\/2025\/09\/02\/viana-do-castelo-vai-comprar-tres-lojas-para-instalar-servicos-municipais\/#breadcrumb"},"inLanguage":"pt-PT","potentialAction":[{"@type":"ReadAction","target":["https:\/\/www.altominho.tv\/site\/2025\/09\/02\/viana-do-castelo-vai-comprar-tres-lojas-para-instalar-servicos-municipais\/"]}]},{"@type":"ImageObject","inLanguage":"pt-PT","@id":"https:\/\/www.altominho.tv\/site\/2025\/09\/02\/viana-do-castelo-vai-comprar-tres-lojas-para-instalar-servicos-municipais\/#primaryimage","url":"https:\/\/www.altominho.tv\/site\/wp-content\/uploads\/2025\/02\/camara-municipal-viana.jpg","contentUrl":"https:\/\/www.altominho.tv\/site\/wp-content\/uploads\/2025\/02\/camara-municipal-viana.jpg","width":1200,"height":630},{"@type":"BreadcrumbList","@id":"https:\/\/www.altominho.tv\/site\/2025\/09\/02\/viana-do-castelo-vai-comprar-tres-lojas-para-instalar-servicos-municipais\/#breadcrumb","itemListElement":[{"@type":"ListItem","position":1,"name":"In\u00edcio","item":"https:\/\/www.altominho.tv\/site\/"},{"@type":"ListItem","position":2,"name":"Viana do Castelo vai comprar tr\u00eas lojas por 1,4 ME para instalar servi\u00e7os municipais"}]},{"@type":"WebSite","@id":"https:\/\/www.altominho.tv\/site\/#website","url":"https:\/\/www.altominho.tv\/site\/","name":"Altominho.tv","description":"A sua regi\u00e3o \u00e0 dist\u00e2ncia de um clique...","potentialAction":[{"@type":"SearchAction","target":{"@type":"EntryPoint","urlTemplate":"https:\/\/www.altominho.tv\/site\/?s={search_term_string}"},"query-input":{"@type":"PropertyValueSpecification","valueRequired":true,"valueName":"search_term_string"}}],"inLanguage":"pt-PT"},{"@type":"Person","@id":"https:\/\/www.altominho.tv\/site\/#\/schema\/person\/63f693da3e1899361cbe955c46f3232e","name":"Lusa","image":{"@type":"ImageObject","inLanguage":"pt-PT","@id":"https:\/\/www.altominho.tv\/site\/wp-content\/uploads\/2019\/08\/LUSA_Logo.gif","url":"https:\/\/www.altominho.tv\/site\/wp-content\/uploads\/2019\/08\/LUSA_Logo.gif","contentUrl":"https:\/\/www.altominho.tv\/site\/wp-content\/uploads\/2019\/08\/LUSA_Logo.gif","caption":"Lusa"},"sameAs":["http:\/\/\/\/www.altominho.tv\/site"],"url":"https:\/\/www.altominho.tv\/site\/author\/lusa\/"}]}},"_links":{"self":[{"href":"https:\/\/www.altominho.tv\/site\/wp-json\/wp\/v2\/posts\/122514","targetHints":{"allow":["GET"]}}],"collection":[{"href":"https:\/\/www.altominho.tv\/site\/wp-json\/wp\/v2\/posts"}],"about":[{"href":"https:\/\/www.altominho.tv\/site\/wp-json\/wp\/v2\/types\/post"}],"author":[{"embeddable":true,"href":"https:\/\/www.altominho.tv\/site\/wp-json\/wp\/v2\/users\/13"}],"replies":[{"embeddable":true,"href":"https:\/\/www.altominho.tv\/site\/wp-json\/wp\/v2\/comments?post=122514"}],"version-history":[{"count":1,"href":"https:\/\/www.altominho.tv\/site\/wp-json\/wp\/v2\/posts\/122514\/revisions"}],"predecessor-version":[{"id":122515,"href":"https:\/\/www.altominho.tv\/site\/wp-json\/wp\/v2\/posts\/122514\/revisions\/122515"}],"wp:featuredmedia":[{"embeddable":true,"href":"https:\/\/www.altominho.tv\/site\/wp-json\/wp\/v2\/media\/115173"}],"wp:attachment":[{"href":"https:\/\/www.altominho.tv\/site\/wp-json\/wp\/v2\/media?parent=122514"}],"wp:term":[{"taxonomy":"category","embeddable":true,"href":"https:\/\/www.altominho.tv\/site\/wp-json\/wp\/v2\/categories?post=122514"},{"taxonomy":"post_tag","embeddable":true,"href":"https:\/\/www.altominho.tv\/site\/wp-json\/wp\/v2\/tags?post=122514"}],"curies":[{"name":"wp","href":"https:\/\/api.w.org\/{rel}","templated":true}]}}