{"id":122455,"date":"2025-09-01T10:35:00","date_gmt":"2025-09-01T09:35:00","guid":{"rendered":"https:\/\/www.altominho.tv\/site\/?p=122455"},"modified":"2025-09-01T10:36:42","modified_gmt":"2025-09-01T09:36:42","slug":"ponte-de-lima-artesanato-feiras-novas","status":"publish","type":"post","link":"https:\/\/www.altominho.tv\/site\/2025\/09\/01\/ponte-de-lima-artesanato-feiras-novas\/","title":{"rendered":"II Mostra de Artesanato Feiras Novas de 12 a 15 de setembro"},"content":{"rendered":"\n<p>A Avenida Ant\u00f3nio Feij\u00f3, em Ponte de Lima, vai acolher a II Mostra de Artesanato Feiras Novas de 12 a 15 de setembro.<\/p>\n\n\n\n<p>De sexta a segunda-feira, v\u00e3o marcar presen\u00e7a no evento v\u00e1rios artes\u00e3os. <\/p>\n\n\n\n<p>A Feira de Artesanato \u00e9 organizada pela P.L. Arte &#8211; Associa\u00e7\u00e3o de Artes\u00e3os de Ponte de Lima, e pode ser visitada das 10h00 \u00e0s 00h00. <\/p>\n","protected":false},"excerpt":{"rendered":"<p>A Avenida Ant\u00f3nio Feij\u00f3, em Ponte de Lima, vai acolher a II Mostra de Artesanato Feiras Novas de 12 a 15 de setembro. De sexta a segunda-feira, v\u00e3o marcar presen\u00e7a no evento v\u00e1rios artes\u00e3os. A Feira de Artesanato \u00e9 organizada pela P.L. Arte &#8211; Associa\u00e7\u00e3o de Artes\u00e3os de Ponte de Lima, e pode ser visitada [&hellip;]<\/p>\n","protected":false},"author":7,"featured_media":122458,"comment_status":"closed","ping_status":"closed","sticky":false,"template":"","format":"standard","meta":{"_exactmetrics_skip_tracking":false,"_exactmetrics_sitenote_active":false,"_exactmetrics_sitenote_note":"","_exactmetrics_sitenote_category":0,"footnotes":""},"categories":[12],"tags":[27],"class_list":["post-122455","post","type-post","status-publish","format-standard","has-post-thumbnail","hentry","category-ponte-de-lima","tag-sociedade"],"yoast_head":"<!-- This site is optimized with the Yoast SEO Premium plugin v27.5 (Yoast SEO v27.5) - https:\/\/yoast.com\/product\/yoast-seo-premium-wordpress\/ -->\n<title>II Mostra de Artesanato Feiras Novas de 12 a 15 de setembro<\/title>\n<meta name=\"description\" content=\"A Avenida Ant\u00f3nio Feij\u00f3, em Ponte de Lima, vai acolher a II Mostra de Artesanato Feiras Novas de 12 a 15 de setembro.\" \/>\n<meta name=\"robots\" content=\"index, follow, max-snippet:-1, max-image-preview:large, max-video-preview:-1\" \/>\n<link rel=\"canonical\" href=\"https:\/\/www.altominho.tv\/site\/2025\/09\/01\/ponte-de-lima-artesanato-feiras-novas\/\" \/>\n<meta property=\"og:locale\" content=\"pt_PT\" \/>\n<meta property=\"og:type\" content=\"article\" \/>\n<meta property=\"og:title\" content=\"II Mostra de Artesanato Feiras Novas de 12 a 15 de setembro\" \/>\n<meta property=\"og:description\" content=\"A Avenida Ant\u00f3nio Feij\u00f3, em Ponte de Lima, vai acolher a II Mostra de Artesanato Feiras Novas de 12 a 15 de setembro.\" \/>\n<meta property=\"og:url\" content=\"https:\/\/www.altominho.tv\/site\/2025\/09\/01\/ponte-de-lima-artesanato-feiras-novas\/\" \/>\n<meta property=\"og:site_name\" content=\"Altominho.tv\" \/>\n<meta property=\"article:publisher\" content=\"https:\/\/www.facebook.com\/altominhotv\" \/>\n<meta property=\"article:published_time\" content=\"2025-09-01T09:35:00+00:00\" \/>\n<meta property=\"article:modified_time\" content=\"2025-09-01T09:36:42+00:00\" \/>\n<meta property=\"og:image\" content=\"https:\/\/www.altominho.tv\/site\/wp-content\/uploads\/2025\/09\/artesanato-740x389-1.png\" \/>\n\t<meta property=\"og:image:width\" content=\"740\" \/>\n\t<meta property=\"og:image:height\" content=\"389\" \/>\n\t<meta property=\"og:image:type\" content=\"image\/png\" \/>\n<meta name=\"author\" content=\"Andreia Cunha\" \/>\n<meta name=\"twitter:card\" content=\"summary_large_image\" \/>\n<meta name=\"twitter:creator\" content=\"@altominhoTV\" \/>\n<meta name=\"twitter:site\" content=\"@altominhoTV\" \/>\n<meta name=\"twitter:label1\" content=\"Escrito por\" \/>\n\t<meta name=\"twitter:data1\" content=\"Andreia Cunha\" \/>\n\t<meta name=\"twitter:label2\" content=\"Tempo estimado de leitura\" \/>\n\t<meta name=\"twitter:data2\" content=\"1 minuto\" \/>\n<script type=\"application\/ld+json\" class=\"yoast-schema-graph\">{\"@context\":\"https:\\\/\\\/schema.org\",\"@graph\":[{\"@type\":\"Article\",\"@id\":\"https:\\\/\\\/www.altominho.tv\\\/site\\\/2025\\\/09\\\/01\\\/ponte-de-lima-artesanato-feiras-novas\\\/#article\",\"isPartOf\":{\"@id\":\"https:\\\/\\\/www.altominho.tv\\\/site\\\/2025\\\/09\\\/01\\\/ponte-de-lima-artesanato-feiras-novas\\\/\"},\"author\":{\"name\":\"Andreia Cunha\",\"@id\":\"https:\\\/\\\/www.altominho.tv\\\/site\\\/#\\\/schema\\\/person\\\/a0e4ef6d041f98ca284393d8f1d97153\"},\"headline\":\"II Mostra de Artesanato Feiras Novas de 12 a 15 de setembro\",\"datePublished\":\"2025-09-01T09:35:00+00:00\",\"dateModified\":\"2025-09-01T09:36:42+00:00\",\"mainEntityOfPage\":{\"@id\":\"https:\\\/\\\/www.altominho.tv\\\/site\\\/2025\\\/09\\\/01\\\/ponte-de-lima-artesanato-feiras-novas\\\/\"},\"wordCount\":74,\"image\":{\"@id\":\"https:\\\/\\\/www.altominho.tv\\\/site\\\/2025\\\/09\\\/01\\\/ponte-de-lima-artesanato-feiras-novas\\\/#primaryimage\"},\"thumbnailUrl\":\"https:\\\/\\\/www.altominho.tv\\\/site\\\/wp-content\\\/uploads\\\/2025\\\/09\\\/artesanato-740x389-1.png\",\"keywords\":[\"Sociedade\"],\"articleSection\":[\"Ponte de Lima\"],\"inLanguage\":\"pt-PT\",\"copyrightYear\":\"2025\",\"copyrightHolder\":{\"@id\":\"https:\\\/\\\/www.altominho.tv\\\/site\\\/#organization\"}},{\"@type\":\"WebPage\",\"@id\":\"https:\\\/\\\/www.altominho.tv\\\/site\\\/2025\\\/09\\\/01\\\/ponte-de-lima-artesanato-feiras-novas\\\/\",\"url\":\"https:\\\/\\\/www.altominho.tv\\\/site\\\/2025\\\/09\\\/01\\\/ponte-de-lima-artesanato-feiras-novas\\\/\",\"name\":\"II Mostra de Artesanato Feiras Novas de 12 a 15 de setembro\",\"isPartOf\":{\"@id\":\"https:\\\/\\\/www.altominho.tv\\\/site\\\/#website\"},\"primaryImageOfPage\":{\"@id\":\"https:\\\/\\\/www.altominho.tv\\\/site\\\/2025\\\/09\\\/01\\\/ponte-de-lima-artesanato-feiras-novas\\\/#primaryimage\"},\"image\":{\"@id\":\"https:\\\/\\\/www.altominho.tv\\\/site\\\/2025\\\/09\\\/01\\\/ponte-de-lima-artesanato-feiras-novas\\\/#primaryimage\"},\"thumbnailUrl\":\"https:\\\/\\\/www.altominho.tv\\\/site\\\/wp-content\\\/uploads\\\/2025\\\/09\\\/artesanato-740x389-1.png\",\"datePublished\":\"2025-09-01T09:35:00+00:00\",\"dateModified\":\"2025-09-01T09:36:42+00:00\",\"author\":{\"@id\":\"https:\\\/\\\/www.altominho.tv\\\/site\\\/#\\\/schema\\\/person\\\/a0e4ef6d041f98ca284393d8f1d97153\"},\"description\":\"A Avenida Ant\u00f3nio Feij\u00f3, em Ponte de Lima, vai acolher a II Mostra de Artesanato Feiras Novas de 12 a 15 de setembro.\",\"breadcrumb\":{\"@id\":\"https:\\\/\\\/www.altominho.tv\\\/site\\\/2025\\\/09\\\/01\\\/ponte-de-lima-artesanato-feiras-novas\\\/#breadcrumb\"},\"inLanguage\":\"pt-PT\",\"potentialAction\":[{\"@type\":\"ReadAction\",\"target\":[\"https:\\\/\\\/www.altominho.tv\\\/site\\\/2025\\\/09\\\/01\\\/ponte-de-lima-artesanato-feiras-novas\\\/\"]}]},{\"@type\":\"ImageObject\",\"inLanguage\":\"pt-PT\",\"@id\":\"https:\\\/\\\/www.altominho.tv\\\/site\\\/2025\\\/09\\\/01\\\/ponte-de-lima-artesanato-feiras-novas\\\/#primaryimage\",\"url\":\"https:\\\/\\\/www.altominho.tv\\\/site\\\/wp-content\\\/uploads\\\/2025\\\/09\\\/artesanato-740x389-1.png\",\"contentUrl\":\"https:\\\/\\\/www.altominho.tv\\\/site\\\/wp-content\\\/uploads\\\/2025\\\/09\\\/artesanato-740x389-1.png\",\"width\":740,\"height\":389},{\"@type\":\"BreadcrumbList\",\"@id\":\"https:\\\/\\\/www.altominho.tv\\\/site\\\/2025\\\/09\\\/01\\\/ponte-de-lima-artesanato-feiras-novas\\\/#breadcrumb\",\"itemListElement\":[{\"@type\":\"ListItem\",\"position\":1,\"name\":\"In\u00edcio\",\"item\":\"https:\\\/\\\/www.altominho.tv\\\/site\\\/\"},{\"@type\":\"ListItem\",\"position\":2,\"name\":\"II Mostra de Artesanato Feiras Novas de 12 a 15 de setembro\"}]},{\"@type\":\"WebSite\",\"@id\":\"https:\\\/\\\/www.altominho.tv\\\/site\\\/#website\",\"url\":\"https:\\\/\\\/www.altominho.tv\\\/site\\\/\",\"name\":\"Altominho.tv\",\"description\":\"A sua regi\u00e3o \u00e0 dist\u00e2ncia de um clique...\",\"potentialAction\":[{\"@type\":\"SearchAction\",\"target\":{\"@type\":\"EntryPoint\",\"urlTemplate\":\"https:\\\/\\\/www.altominho.tv\\\/site\\\/?s={search_term_string}\"},\"query-input\":{\"@type\":\"PropertyValueSpecification\",\"valueRequired\":true,\"valueName\":\"search_term_string\"}}],\"inLanguage\":\"pt-PT\"},{\"@type\":\"Person\",\"@id\":\"https:\\\/\\\/www.altominho.tv\\\/site\\\/#\\\/schema\\\/person\\\/a0e4ef6d041f98ca284393d8f1d97153\",\"name\":\"Andreia Cunha\",\"image\":{\"@type\":\"ImageObject\",\"inLanguage\":\"pt-PT\",\"@id\":\"https:\\\/\\\/www.altominho.tv\\\/site\\\/wp-content\\\/uploads\\\/2017\\\/11\\\/Andreia_Cunha-1-150x150.jpg\",\"url\":\"https:\\\/\\\/www.altominho.tv\\\/site\\\/wp-content\\\/uploads\\\/2017\\\/11\\\/Andreia_Cunha-1-150x150.jpg\",\"contentUrl\":\"https:\\\/\\\/www.altominho.tv\\\/site\\\/wp-content\\\/uploads\\\/2017\\\/11\\\/Andreia_Cunha-1-150x150.jpg\",\"caption\":\"Andreia Cunha\"},\"url\":\"https:\\\/\\\/www.altominho.tv\\\/site\\\/author\\\/andreiacunha\\\/\"}]}<\/script>\n<!-- \/ Yoast SEO Premium plugin. -->","yoast_head_json":{"title":"II Mostra de Artesanato Feiras Novas de 12 a 15 de setembro","description":"A Avenida Ant\u00f3nio Feij\u00f3, em Ponte de Lima, vai acolher a II Mostra de Artesanato Feiras Novas de 12 a 15 de setembro.","robots":{"index":"index","follow":"follow","max-snippet":"max-snippet:-1","max-image-preview":"max-image-preview:large","max-video-preview":"max-video-preview:-1"},"canonical":"https:\/\/www.altominho.tv\/site\/2025\/09\/01\/ponte-de-lima-artesanato-feiras-novas\/","og_locale":"pt_PT","og_type":"article","og_title":"II Mostra de Artesanato Feiras Novas de 12 a 15 de setembro","og_description":"A Avenida Ant\u00f3nio Feij\u00f3, em Ponte de Lima, vai acolher a II Mostra de Artesanato Feiras Novas de 12 a 15 de setembro.","og_url":"https:\/\/www.altominho.tv\/site\/2025\/09\/01\/ponte-de-lima-artesanato-feiras-novas\/","og_site_name":"Altominho.tv","article_publisher":"https:\/\/www.facebook.com\/altominhotv","article_published_time":"2025-09-01T09:35:00+00:00","article_modified_time":"2025-09-01T09:36:42+00:00","og_image":[{"width":740,"height":389,"url":"https:\/\/www.altominho.tv\/site\/wp-content\/uploads\/2025\/09\/artesanato-740x389-1.png","type":"image\/png"}],"author":"Andreia Cunha","twitter_card":"summary_large_image","twitter_creator":"@altominhoTV","twitter_site":"@altominhoTV","twitter_misc":{"Escrito por":"Andreia Cunha","Tempo estimado de leitura":"1 minuto"},"schema":{"@context":"https:\/\/schema.org","@graph":[{"@type":"Article","@id":"https:\/\/www.altominho.tv\/site\/2025\/09\/01\/ponte-de-lima-artesanato-feiras-novas\/#article","isPartOf":{"@id":"https:\/\/www.altominho.tv\/site\/2025\/09\/01\/ponte-de-lima-artesanato-feiras-novas\/"},"author":{"name":"Andreia Cunha","@id":"https:\/\/www.altominho.tv\/site\/#\/schema\/person\/a0e4ef6d041f98ca284393d8f1d97153"},"headline":"II Mostra de Artesanato Feiras Novas de 12 a 15 de setembro","datePublished":"2025-09-01T09:35:00+00:00","dateModified":"2025-09-01T09:36:42+00:00","mainEntityOfPage":{"@id":"https:\/\/www.altominho.tv\/site\/2025\/09\/01\/ponte-de-lima-artesanato-feiras-novas\/"},"wordCount":74,"image":{"@id":"https:\/\/www.altominho.tv\/site\/2025\/09\/01\/ponte-de-lima-artesanato-feiras-novas\/#primaryimage"},"thumbnailUrl":"https:\/\/www.altominho.tv\/site\/wp-content\/uploads\/2025\/09\/artesanato-740x389-1.png","keywords":["Sociedade"],"articleSection":["Ponte de Lima"],"inLanguage":"pt-PT","copyrightYear":"2025","copyrightHolder":{"@id":"https:\/\/www.altominho.tv\/site\/#organization"}},{"@type":"WebPage","@id":"https:\/\/www.altominho.tv\/site\/2025\/09\/01\/ponte-de-lima-artesanato-feiras-novas\/","url":"https:\/\/www.altominho.tv\/site\/2025\/09\/01\/ponte-de-lima-artesanato-feiras-novas\/","name":"II Mostra de Artesanato Feiras Novas de 12 a 15 de setembro","isPartOf":{"@id":"https:\/\/www.altominho.tv\/site\/#website"},"primaryImageOfPage":{"@id":"https:\/\/www.altominho.tv\/site\/2025\/09\/01\/ponte-de-lima-artesanato-feiras-novas\/#primaryimage"},"image":{"@id":"https:\/\/www.altominho.tv\/site\/2025\/09\/01\/ponte-de-lima-artesanato-feiras-novas\/#primaryimage"},"thumbnailUrl":"https:\/\/www.altominho.tv\/site\/wp-content\/uploads\/2025\/09\/artesanato-740x389-1.png","datePublished":"2025-09-01T09:35:00+00:00","dateModified":"2025-09-01T09:36:42+00:00","author":{"@id":"https:\/\/www.altominho.tv\/site\/#\/schema\/person\/a0e4ef6d041f98ca284393d8f1d97153"},"description":"A Avenida Ant\u00f3nio Feij\u00f3, em Ponte de Lima, vai acolher a II Mostra de Artesanato Feiras Novas de 12 a 15 de setembro.","breadcrumb":{"@id":"https:\/\/www.altominho.tv\/site\/2025\/09\/01\/ponte-de-lima-artesanato-feiras-novas\/#breadcrumb"},"inLanguage":"pt-PT","potentialAction":[{"@type":"ReadAction","target":["https:\/\/www.altominho.tv\/site\/2025\/09\/01\/ponte-de-lima-artesanato-feiras-novas\/"]}]},{"@type":"ImageObject","inLanguage":"pt-PT","@id":"https:\/\/www.altominho.tv\/site\/2025\/09\/01\/ponte-de-lima-artesanato-feiras-novas\/#primaryimage","url":"https:\/\/www.altominho.tv\/site\/wp-content\/uploads\/2025\/09\/artesanato-740x389-1.png","contentUrl":"https:\/\/www.altominho.tv\/site\/wp-content\/uploads\/2025\/09\/artesanato-740x389-1.png","width":740,"height":389},{"@type":"BreadcrumbList","@id":"https:\/\/www.altominho.tv\/site\/2025\/09\/01\/ponte-de-lima-artesanato-feiras-novas\/#breadcrumb","itemListElement":[{"@type":"ListItem","position":1,"name":"In\u00edcio","item":"https:\/\/www.altominho.tv\/site\/"},{"@type":"ListItem","position":2,"name":"II Mostra de Artesanato Feiras Novas de 12 a 15 de setembro"}]},{"@type":"WebSite","@id":"https:\/\/www.altominho.tv\/site\/#website","url":"https:\/\/www.altominho.tv\/site\/","name":"Altominho.tv","description":"A sua regi\u00e3o \u00e0 dist\u00e2ncia de um clique...","potentialAction":[{"@type":"SearchAction","target":{"@type":"EntryPoint","urlTemplate":"https:\/\/www.altominho.tv\/site\/?s={search_term_string}"},"query-input":{"@type":"PropertyValueSpecification","valueRequired":true,"valueName":"search_term_string"}}],"inLanguage":"pt-PT"},{"@type":"Person","@id":"https:\/\/www.altominho.tv\/site\/#\/schema\/person\/a0e4ef6d041f98ca284393d8f1d97153","name":"Andreia Cunha","image":{"@type":"ImageObject","inLanguage":"pt-PT","@id":"https:\/\/www.altominho.tv\/site\/wp-content\/uploads\/2017\/11\/Andreia_Cunha-1-150x150.jpg","url":"https:\/\/www.altominho.tv\/site\/wp-content\/uploads\/2017\/11\/Andreia_Cunha-1-150x150.jpg","contentUrl":"https:\/\/www.altominho.tv\/site\/wp-content\/uploads\/2017\/11\/Andreia_Cunha-1-150x150.jpg","caption":"Andreia Cunha"},"url":"https:\/\/www.altominho.tv\/site\/author\/andreiacunha\/"}]}},"_links":{"self":[{"href":"https:\/\/www.altominho.tv\/site\/wp-json\/wp\/v2\/posts\/122455","targetHints":{"allow":["GET"]}}],"collection":[{"href":"https:\/\/www.altominho.tv\/site\/wp-json\/wp\/v2\/posts"}],"about":[{"href":"https:\/\/www.altominho.tv\/site\/wp-json\/wp\/v2\/types\/post"}],"author":[{"embeddable":true,"href":"https:\/\/www.altominho.tv\/site\/wp-json\/wp\/v2\/users\/7"}],"replies":[{"embeddable":true,"href":"https:\/\/www.altominho.tv\/site\/wp-json\/wp\/v2\/comments?post=122455"}],"version-history":[{"count":2,"href":"https:\/\/www.altominho.tv\/site\/wp-json\/wp\/v2\/posts\/122455\/revisions"}],"predecessor-version":[{"id":122460,"href":"https:\/\/www.altominho.tv\/site\/wp-json\/wp\/v2\/posts\/122455\/revisions\/122460"}],"wp:featuredmedia":[{"embeddable":true,"href":"https:\/\/www.altominho.tv\/site\/wp-json\/wp\/v2\/media\/122458"}],"wp:attachment":[{"href":"https:\/\/www.altominho.tv\/site\/wp-json\/wp\/v2\/media?parent=122455"}],"wp:term":[{"taxonomy":"category","embeddable":true,"href":"https:\/\/www.altominho.tv\/site\/wp-json\/wp\/v2\/categories?post=122455"},{"taxonomy":"post_tag","embeddable":true,"href":"https:\/\/www.altominho.tv\/site\/wp-json\/wp\/v2\/tags?post=122455"}],"curies":[{"name":"wp","href":"https:\/\/api.w.org\/{rel}","templated":true}]}}