{"id":122445,"date":"2025-08-31T16:48:55","date_gmt":"2025-08-31T15:48:55","guid":{"rendered":"https:\/\/www.altominho.tv\/site\/?p=122445"},"modified":"2025-08-31T16:48:59","modified_gmt":"2025-08-31T15:48:59","slug":"ponte-de-lima-musica-cultura-9","status":"publish","type":"post","link":"https:\/\/www.altominho.tv\/site\/2025\/08\/31\/ponte-de-lima-musica-cultura-9\/","title":{"rendered":"Espet\u00e1culo Vitorino \u2013 50 Anos a Semear Salsa ao Reguinho, a 27 de setembro no TDB"},"content":{"rendered":"\n<p>No dia 27 de setembro, o Teatro Diogo Bernardes, vai acolher o espet\u00e1culo de m\u00fasica,\u00a0&#8220;Vitorino \u2013 50 Anos a Semear Salsa ao Reguinho&#8221;.<br><br>&#8220;50 Anos a Semear Salsa ao Reguinho&#8221;\u00a0\u00e9 o disco que celebra os 50 anos que passam da edi\u00e7\u00e3o do seu primeiro disco &#8220;Semear Salsa ao Reguinho\u201d.<\/p>\n\n\n\n<p>&#8220;Este disco surge como celebra\u00e7\u00e3o de mem\u00f3ria, mas, sobretudo como um gesto de passagem e renova\u00e7\u00e3o, um di\u00e1logo vivo entre gera\u00e7\u00f5es, em que uma nova gera\u00e7\u00e3o de cantores e cantoras aceitaram o convite de Vitorino para revisitar e regravar este repert\u00f3rio e esta maneira de cantar o pa\u00eds&#8221;.<\/p>\n\n\n\n<p>Buba Espinho, Lu\u00edsa Sobral, Pedro S\u00e1fara, Cuca Roseta, Ana Bacalhau, Mariana Bobone, passando por figuras \u00fanicas como Manuel Jo\u00e3o Vieira e Janita Salom\u00e9, Rui Veloso, Jorge Palma e Tim &#8220;cada um traz consigo o seu timbre, a sua escuta, a sua forma de sentir Portugal&#8221;.<\/p>\n\n\n\n<p>Vitorino, ao longo das \u00faltimas d\u00e9cadas, &#8220;tem preservado a heran\u00e7a musical portuguesa, que lhe foi passada pelos seus av\u00f3s, pais e tios e que, ao longo desse tempo, tentou transmitir ao p\u00fablico atrav\u00e9s da combina\u00e7\u00e3o da poesia, das modas e can\u00e7\u00f5es tradicionais e temas contempor\u00e2neos, como tanto lhe ensinaram grandes amigos, como Jos\u00e9 Afonso, Adriano Correia de Oliveira, entre outros&#8221;.<\/p>\n\n\n\n<p>O espet\u00e1culo tem in\u00edcio \u00e0s 21h30.<\/p>\n\n\n\n<figure class=\"wp-block-image size-large\"><img loading=\"lazy\" decoding=\"async\" width=\"1024\" height=\"536\" src=\"https:\/\/www.altominho.tv\/site\/wp-content\/uploads\/2025\/08\/tdb_vitorino_1200x628_set25_copy_1_1200_800-1024x536.jpg\" alt=\"\" class=\"wp-image-122446\" srcset=\"https:\/\/www.altominho.tv\/site\/wp-content\/uploads\/2025\/08\/tdb_vitorino_1200x628_set25_copy_1_1200_800-1024x536.jpg 1024w, https:\/\/www.altominho.tv\/site\/wp-content\/uploads\/2025\/08\/tdb_vitorino_1200x628_set25_copy_1_1200_800-770x403.jpg 770w, https:\/\/www.altominho.tv\/site\/wp-content\/uploads\/2025\/08\/tdb_vitorino_1200x628_set25_copy_1_1200_800-768x402.jpg 768w, https:\/\/www.altominho.tv\/site\/wp-content\/uploads\/2025\/08\/tdb_vitorino_1200x628_set25_copy_1_1200_800-370x194.jpg 370w, https:\/\/www.altominho.tv\/site\/wp-content\/uploads\/2025\/08\/tdb_vitorino_1200x628_set25_copy_1_1200_800-270x141.jpg 270w, https:\/\/www.altominho.tv\/site\/wp-content\/uploads\/2025\/08\/tdb_vitorino_1200x628_set25_copy_1_1200_800-570x298.jpg 570w, https:\/\/www.altominho.tv\/site\/wp-content\/uploads\/2025\/08\/tdb_vitorino_1200x628_set25_copy_1_1200_800-740x387.jpg 740w, https:\/\/www.altominho.tv\/site\/wp-content\/uploads\/2025\/08\/tdb_vitorino_1200x628_set25_copy_1_1200_800.jpg 1200w\" sizes=\"auto, (max-width: 1024px) 100vw, 1024px\" \/><\/figure>\n","protected":false},"excerpt":{"rendered":"<p>No dia 27 de setembro, o Teatro Diogo Bernardes, vai acolher o espet\u00e1culo de m\u00fasica,\u00a0&#8220;Vitorino \u2013 50 Anos a Semear Salsa ao Reguinho&#8221;. &#8220;50 Anos a Semear Salsa ao Reguinho&#8221;\u00a0\u00e9 o disco que celebra os 50 anos que passam da edi\u00e7\u00e3o do seu primeiro disco &#8220;Semear Salsa ao Reguinho\u201d. &#8220;Este disco surge como celebra\u00e7\u00e3o de [&hellip;]<\/p>\n","protected":false},"author":7,"featured_media":122447,"comment_status":"closed","ping_status":"closed","sticky":false,"template":"","format":"standard","meta":{"_exactmetrics_skip_tracking":false,"_exactmetrics_sitenote_active":false,"_exactmetrics_sitenote_note":"","_exactmetrics_sitenote_category":0,"footnotes":""},"categories":[12],"tags":[19,24],"class_list":["post-122445","post","type-post","status-publish","format-standard","has-post-thumbnail","hentry","category-ponte-de-lima","tag-cultura","tag-lazer"],"yoast_head":"<!-- This site is optimized with the Yoast SEO Premium plugin v27.5 (Yoast SEO v27.5) - https:\/\/yoast.com\/product\/yoast-seo-premium-wordpress\/ -->\n<title>Espet\u00e1culo Vitorino \u2013 50 Anos a Semear Salsa ao Reguinho, a 27 de setembro no TDB<\/title>\n<meta name=\"description\" content=\"O Teatro Diogo Bernardes, vai acolher o espet\u00e1culo &quot;Vitorino \u2013 50 Anos a Semear Salsa ao Reguinho&quot;, a 27 de setembro.\" \/>\n<meta name=\"robots\" content=\"index, follow, max-snippet:-1, max-image-preview:large, max-video-preview:-1\" \/>\n<link rel=\"canonical\" href=\"https:\/\/www.altominho.tv\/site\/2025\/08\/31\/ponte-de-lima-musica-cultura-9\/\" \/>\n<meta property=\"og:locale\" content=\"pt_PT\" \/>\n<meta property=\"og:type\" content=\"article\" \/>\n<meta property=\"og:title\" content=\"Espet\u00e1culo Vitorino \u2013 50 Anos a Semear Salsa ao Reguinho, a 27 de setembro no TDB\" \/>\n<meta property=\"og:description\" content=\"O Teatro Diogo Bernardes, vai acolher o espet\u00e1culo &quot;Vitorino \u2013 50 Anos a Semear Salsa ao Reguinho&quot;, a 27 de setembro.\" \/>\n<meta property=\"og:url\" content=\"https:\/\/www.altominho.tv\/site\/2025\/08\/31\/ponte-de-lima-musica-cultura-9\/\" \/>\n<meta property=\"og:site_name\" content=\"Altominho.tv\" \/>\n<meta property=\"article:publisher\" content=\"https:\/\/www.facebook.com\/altominhotv\" \/>\n<meta property=\"article:published_time\" content=\"2025-08-31T15:48:55+00:00\" \/>\n<meta property=\"article:modified_time\" content=\"2025-08-31T15:48:59+00:00\" \/>\n<meta property=\"og:image\" content=\"https:\/\/www.altominho.tv\/site\/wp-content\/uploads\/2025\/08\/vitorino.png\" \/>\n\t<meta property=\"og:image:width\" content=\"1200\" \/>\n\t<meta property=\"og:image:height\" content=\"630\" \/>\n\t<meta property=\"og:image:type\" content=\"image\/png\" \/>\n<meta name=\"author\" content=\"Andreia Cunha\" \/>\n<meta name=\"twitter:card\" content=\"summary_large_image\" \/>\n<meta name=\"twitter:creator\" content=\"@altominhoTV\" \/>\n<meta name=\"twitter:site\" content=\"@altominhoTV\" \/>\n<meta name=\"twitter:label1\" content=\"Escrito por\" \/>\n\t<meta name=\"twitter:data1\" content=\"Andreia Cunha\" \/>\n\t<meta name=\"twitter:label2\" content=\"Tempo estimado de leitura\" \/>\n\t<meta name=\"twitter:data2\" content=\"2 minutos\" \/>\n<script type=\"application\/ld+json\" class=\"yoast-schema-graph\">{\"@context\":\"https:\\\/\\\/schema.org\",\"@graph\":[{\"@type\":\"Article\",\"@id\":\"https:\\\/\\\/www.altominho.tv\\\/site\\\/2025\\\/08\\\/31\\\/ponte-de-lima-musica-cultura-9\\\/#article\",\"isPartOf\":{\"@id\":\"https:\\\/\\\/www.altominho.tv\\\/site\\\/2025\\\/08\\\/31\\\/ponte-de-lima-musica-cultura-9\\\/\"},\"author\":{\"name\":\"Andreia Cunha\",\"@id\":\"https:\\\/\\\/www.altominho.tv\\\/site\\\/#\\\/schema\\\/person\\\/a0e4ef6d041f98ca284393d8f1d97153\"},\"headline\":\"Espet\u00e1culo Vitorino \u2013 50 Anos a Semear Salsa ao Reguinho, a 27 de setembro no TDB\",\"datePublished\":\"2025-08-31T15:48:55+00:00\",\"dateModified\":\"2025-08-31T15:48:59+00:00\",\"mainEntityOfPage\":{\"@id\":\"https:\\\/\\\/www.altominho.tv\\\/site\\\/2025\\\/08\\\/31\\\/ponte-de-lima-musica-cultura-9\\\/\"},\"wordCount\":242,\"image\":{\"@id\":\"https:\\\/\\\/www.altominho.tv\\\/site\\\/2025\\\/08\\\/31\\\/ponte-de-lima-musica-cultura-9\\\/#primaryimage\"},\"thumbnailUrl\":\"https:\\\/\\\/www.altominho.tv\\\/site\\\/wp-content\\\/uploads\\\/2025\\\/08\\\/vitorino.png\",\"keywords\":[\"Cultura\",\"Lazer\"],\"articleSection\":[\"Ponte de Lima\"],\"inLanguage\":\"pt-PT\",\"copyrightYear\":\"2025\",\"copyrightHolder\":{\"@id\":\"https:\\\/\\\/www.altominho.tv\\\/site\\\/#organization\"}},{\"@type\":\"WebPage\",\"@id\":\"https:\\\/\\\/www.altominho.tv\\\/site\\\/2025\\\/08\\\/31\\\/ponte-de-lima-musica-cultura-9\\\/\",\"url\":\"https:\\\/\\\/www.altominho.tv\\\/site\\\/2025\\\/08\\\/31\\\/ponte-de-lima-musica-cultura-9\\\/\",\"name\":\"Espet\u00e1culo Vitorino \u2013 50 Anos a Semear Salsa ao Reguinho, a 27 de setembro no TDB\",\"isPartOf\":{\"@id\":\"https:\\\/\\\/www.altominho.tv\\\/site\\\/#website\"},\"primaryImageOfPage\":{\"@id\":\"https:\\\/\\\/www.altominho.tv\\\/site\\\/2025\\\/08\\\/31\\\/ponte-de-lima-musica-cultura-9\\\/#primaryimage\"},\"image\":{\"@id\":\"https:\\\/\\\/www.altominho.tv\\\/site\\\/2025\\\/08\\\/31\\\/ponte-de-lima-musica-cultura-9\\\/#primaryimage\"},\"thumbnailUrl\":\"https:\\\/\\\/www.altominho.tv\\\/site\\\/wp-content\\\/uploads\\\/2025\\\/08\\\/vitorino.png\",\"datePublished\":\"2025-08-31T15:48:55+00:00\",\"dateModified\":\"2025-08-31T15:48:59+00:00\",\"author\":{\"@id\":\"https:\\\/\\\/www.altominho.tv\\\/site\\\/#\\\/schema\\\/person\\\/a0e4ef6d041f98ca284393d8f1d97153\"},\"description\":\"O Teatro Diogo Bernardes, vai acolher o espet\u00e1culo \\\"Vitorino \u2013 50 Anos a Semear Salsa ao Reguinho\\\", a 27 de setembro.\",\"breadcrumb\":{\"@id\":\"https:\\\/\\\/www.altominho.tv\\\/site\\\/2025\\\/08\\\/31\\\/ponte-de-lima-musica-cultura-9\\\/#breadcrumb\"},\"inLanguage\":\"pt-PT\",\"potentialAction\":[{\"@type\":\"ReadAction\",\"target\":[\"https:\\\/\\\/www.altominho.tv\\\/site\\\/2025\\\/08\\\/31\\\/ponte-de-lima-musica-cultura-9\\\/\"]}]},{\"@type\":\"ImageObject\",\"inLanguage\":\"pt-PT\",\"@id\":\"https:\\\/\\\/www.altominho.tv\\\/site\\\/2025\\\/08\\\/31\\\/ponte-de-lima-musica-cultura-9\\\/#primaryimage\",\"url\":\"https:\\\/\\\/www.altominho.tv\\\/site\\\/wp-content\\\/uploads\\\/2025\\\/08\\\/vitorino.png\",\"contentUrl\":\"https:\\\/\\\/www.altominho.tv\\\/site\\\/wp-content\\\/uploads\\\/2025\\\/08\\\/vitorino.png\",\"width\":1200,\"height\":630},{\"@type\":\"BreadcrumbList\",\"@id\":\"https:\\\/\\\/www.altominho.tv\\\/site\\\/2025\\\/08\\\/31\\\/ponte-de-lima-musica-cultura-9\\\/#breadcrumb\",\"itemListElement\":[{\"@type\":\"ListItem\",\"position\":1,\"name\":\"In\u00edcio\",\"item\":\"https:\\\/\\\/www.altominho.tv\\\/site\\\/\"},{\"@type\":\"ListItem\",\"position\":2,\"name\":\"Espet\u00e1culo Vitorino \u2013 50 Anos a Semear Salsa ao Reguinho, a 27 de setembro no TDB\"}]},{\"@type\":\"WebSite\",\"@id\":\"https:\\\/\\\/www.altominho.tv\\\/site\\\/#website\",\"url\":\"https:\\\/\\\/www.altominho.tv\\\/site\\\/\",\"name\":\"Altominho.tv\",\"description\":\"A sua regi\u00e3o \u00e0 dist\u00e2ncia de um clique...\",\"potentialAction\":[{\"@type\":\"SearchAction\",\"target\":{\"@type\":\"EntryPoint\",\"urlTemplate\":\"https:\\\/\\\/www.altominho.tv\\\/site\\\/?s={search_term_string}\"},\"query-input\":{\"@type\":\"PropertyValueSpecification\",\"valueRequired\":true,\"valueName\":\"search_term_string\"}}],\"inLanguage\":\"pt-PT\"},{\"@type\":\"Person\",\"@id\":\"https:\\\/\\\/www.altominho.tv\\\/site\\\/#\\\/schema\\\/person\\\/a0e4ef6d041f98ca284393d8f1d97153\",\"name\":\"Andreia Cunha\",\"image\":{\"@type\":\"ImageObject\",\"inLanguage\":\"pt-PT\",\"@id\":\"https:\\\/\\\/www.altominho.tv\\\/site\\\/wp-content\\\/uploads\\\/2017\\\/11\\\/Andreia_Cunha-1-150x150.jpg\",\"url\":\"https:\\\/\\\/www.altominho.tv\\\/site\\\/wp-content\\\/uploads\\\/2017\\\/11\\\/Andreia_Cunha-1-150x150.jpg\",\"contentUrl\":\"https:\\\/\\\/www.altominho.tv\\\/site\\\/wp-content\\\/uploads\\\/2017\\\/11\\\/Andreia_Cunha-1-150x150.jpg\",\"caption\":\"Andreia Cunha\"},\"url\":\"https:\\\/\\\/www.altominho.tv\\\/site\\\/author\\\/andreiacunha\\\/\"}]}<\/script>\n<!-- \/ Yoast SEO Premium plugin. -->","yoast_head_json":{"title":"Espet\u00e1culo Vitorino \u2013 50 Anos a Semear Salsa ao Reguinho, a 27 de setembro no TDB","description":"O Teatro Diogo Bernardes, vai acolher o espet\u00e1culo \"Vitorino \u2013 50 Anos a Semear Salsa ao Reguinho\", a 27 de setembro.","robots":{"index":"index","follow":"follow","max-snippet":"max-snippet:-1","max-image-preview":"max-image-preview:large","max-video-preview":"max-video-preview:-1"},"canonical":"https:\/\/www.altominho.tv\/site\/2025\/08\/31\/ponte-de-lima-musica-cultura-9\/","og_locale":"pt_PT","og_type":"article","og_title":"Espet\u00e1culo Vitorino \u2013 50 Anos a Semear Salsa ao Reguinho, a 27 de setembro no TDB","og_description":"O Teatro Diogo Bernardes, vai acolher o espet\u00e1culo \"Vitorino \u2013 50 Anos a Semear Salsa ao Reguinho\", a 27 de setembro.","og_url":"https:\/\/www.altominho.tv\/site\/2025\/08\/31\/ponte-de-lima-musica-cultura-9\/","og_site_name":"Altominho.tv","article_publisher":"https:\/\/www.facebook.com\/altominhotv","article_published_time":"2025-08-31T15:48:55+00:00","article_modified_time":"2025-08-31T15:48:59+00:00","og_image":[{"width":1200,"height":630,"url":"https:\/\/www.altominho.tv\/site\/wp-content\/uploads\/2025\/08\/vitorino.png","type":"image\/png"}],"author":"Andreia Cunha","twitter_card":"summary_large_image","twitter_creator":"@altominhoTV","twitter_site":"@altominhoTV","twitter_misc":{"Escrito por":"Andreia Cunha","Tempo estimado de leitura":"2 minutos"},"schema":{"@context":"https:\/\/schema.org","@graph":[{"@type":"Article","@id":"https:\/\/www.altominho.tv\/site\/2025\/08\/31\/ponte-de-lima-musica-cultura-9\/#article","isPartOf":{"@id":"https:\/\/www.altominho.tv\/site\/2025\/08\/31\/ponte-de-lima-musica-cultura-9\/"},"author":{"name":"Andreia Cunha","@id":"https:\/\/www.altominho.tv\/site\/#\/schema\/person\/a0e4ef6d041f98ca284393d8f1d97153"},"headline":"Espet\u00e1culo Vitorino \u2013 50 Anos a Semear Salsa ao Reguinho, a 27 de setembro no TDB","datePublished":"2025-08-31T15:48:55+00:00","dateModified":"2025-08-31T15:48:59+00:00","mainEntityOfPage":{"@id":"https:\/\/www.altominho.tv\/site\/2025\/08\/31\/ponte-de-lima-musica-cultura-9\/"},"wordCount":242,"image":{"@id":"https:\/\/www.altominho.tv\/site\/2025\/08\/31\/ponte-de-lima-musica-cultura-9\/#primaryimage"},"thumbnailUrl":"https:\/\/www.altominho.tv\/site\/wp-content\/uploads\/2025\/08\/vitorino.png","keywords":["Cultura","Lazer"],"articleSection":["Ponte de Lima"],"inLanguage":"pt-PT","copyrightYear":"2025","copyrightHolder":{"@id":"https:\/\/www.altominho.tv\/site\/#organization"}},{"@type":"WebPage","@id":"https:\/\/www.altominho.tv\/site\/2025\/08\/31\/ponte-de-lima-musica-cultura-9\/","url":"https:\/\/www.altominho.tv\/site\/2025\/08\/31\/ponte-de-lima-musica-cultura-9\/","name":"Espet\u00e1culo Vitorino \u2013 50 Anos a Semear Salsa ao Reguinho, a 27 de setembro no TDB","isPartOf":{"@id":"https:\/\/www.altominho.tv\/site\/#website"},"primaryImageOfPage":{"@id":"https:\/\/www.altominho.tv\/site\/2025\/08\/31\/ponte-de-lima-musica-cultura-9\/#primaryimage"},"image":{"@id":"https:\/\/www.altominho.tv\/site\/2025\/08\/31\/ponte-de-lima-musica-cultura-9\/#primaryimage"},"thumbnailUrl":"https:\/\/www.altominho.tv\/site\/wp-content\/uploads\/2025\/08\/vitorino.png","datePublished":"2025-08-31T15:48:55+00:00","dateModified":"2025-08-31T15:48:59+00:00","author":{"@id":"https:\/\/www.altominho.tv\/site\/#\/schema\/person\/a0e4ef6d041f98ca284393d8f1d97153"},"description":"O Teatro Diogo Bernardes, vai acolher o espet\u00e1culo \"Vitorino \u2013 50 Anos a Semear Salsa ao Reguinho\", a 27 de setembro.","breadcrumb":{"@id":"https:\/\/www.altominho.tv\/site\/2025\/08\/31\/ponte-de-lima-musica-cultura-9\/#breadcrumb"},"inLanguage":"pt-PT","potentialAction":[{"@type":"ReadAction","target":["https:\/\/www.altominho.tv\/site\/2025\/08\/31\/ponte-de-lima-musica-cultura-9\/"]}]},{"@type":"ImageObject","inLanguage":"pt-PT","@id":"https:\/\/www.altominho.tv\/site\/2025\/08\/31\/ponte-de-lima-musica-cultura-9\/#primaryimage","url":"https:\/\/www.altominho.tv\/site\/wp-content\/uploads\/2025\/08\/vitorino.png","contentUrl":"https:\/\/www.altominho.tv\/site\/wp-content\/uploads\/2025\/08\/vitorino.png","width":1200,"height":630},{"@type":"BreadcrumbList","@id":"https:\/\/www.altominho.tv\/site\/2025\/08\/31\/ponte-de-lima-musica-cultura-9\/#breadcrumb","itemListElement":[{"@type":"ListItem","position":1,"name":"In\u00edcio","item":"https:\/\/www.altominho.tv\/site\/"},{"@type":"ListItem","position":2,"name":"Espet\u00e1culo Vitorino \u2013 50 Anos a Semear Salsa ao Reguinho, a 27 de setembro no TDB"}]},{"@type":"WebSite","@id":"https:\/\/www.altominho.tv\/site\/#website","url":"https:\/\/www.altominho.tv\/site\/","name":"Altominho.tv","description":"A sua regi\u00e3o \u00e0 dist\u00e2ncia de um clique...","potentialAction":[{"@type":"SearchAction","target":{"@type":"EntryPoint","urlTemplate":"https:\/\/www.altominho.tv\/site\/?s={search_term_string}"},"query-input":{"@type":"PropertyValueSpecification","valueRequired":true,"valueName":"search_term_string"}}],"inLanguage":"pt-PT"},{"@type":"Person","@id":"https:\/\/www.altominho.tv\/site\/#\/schema\/person\/a0e4ef6d041f98ca284393d8f1d97153","name":"Andreia Cunha","image":{"@type":"ImageObject","inLanguage":"pt-PT","@id":"https:\/\/www.altominho.tv\/site\/wp-content\/uploads\/2017\/11\/Andreia_Cunha-1-150x150.jpg","url":"https:\/\/www.altominho.tv\/site\/wp-content\/uploads\/2017\/11\/Andreia_Cunha-1-150x150.jpg","contentUrl":"https:\/\/www.altominho.tv\/site\/wp-content\/uploads\/2017\/11\/Andreia_Cunha-1-150x150.jpg","caption":"Andreia Cunha"},"url":"https:\/\/www.altominho.tv\/site\/author\/andreiacunha\/"}]}},"_links":{"self":[{"href":"https:\/\/www.altominho.tv\/site\/wp-json\/wp\/v2\/posts\/122445","targetHints":{"allow":["GET"]}}],"collection":[{"href":"https:\/\/www.altominho.tv\/site\/wp-json\/wp\/v2\/posts"}],"about":[{"href":"https:\/\/www.altominho.tv\/site\/wp-json\/wp\/v2\/types\/post"}],"author":[{"embeddable":true,"href":"https:\/\/www.altominho.tv\/site\/wp-json\/wp\/v2\/users\/7"}],"replies":[{"embeddable":true,"href":"https:\/\/www.altominho.tv\/site\/wp-json\/wp\/v2\/comments?post=122445"}],"version-history":[{"count":1,"href":"https:\/\/www.altominho.tv\/site\/wp-json\/wp\/v2\/posts\/122445\/revisions"}],"predecessor-version":[{"id":122449,"href":"https:\/\/www.altominho.tv\/site\/wp-json\/wp\/v2\/posts\/122445\/revisions\/122449"}],"wp:featuredmedia":[{"embeddable":true,"href":"https:\/\/www.altominho.tv\/site\/wp-json\/wp\/v2\/media\/122447"}],"wp:attachment":[{"href":"https:\/\/www.altominho.tv\/site\/wp-json\/wp\/v2\/media?parent=122445"}],"wp:term":[{"taxonomy":"category","embeddable":true,"href":"https:\/\/www.altominho.tv\/site\/wp-json\/wp\/v2\/categories?post=122445"},{"taxonomy":"post_tag","embeddable":true,"href":"https:\/\/www.altominho.tv\/site\/wp-json\/wp\/v2\/tags?post=122445"}],"curies":[{"name":"wp","href":"https:\/\/api.w.org\/{rel}","templated":true}]}}