{"id":122443,"date":"2025-08-31T14:07:54","date_gmt":"2025-08-31T13:07:54","guid":{"rendered":"https:\/\/www.altominho.tv\/site\/?p=122443"},"modified":"2025-08-31T14:07:57","modified_gmt":"2025-08-31T13:07:57","slug":"incendiario-detido-em-flagrante-pela-gnr-em-valenca","status":"publish","type":"post","link":"https:\/\/www.altominho.tv\/site\/2025\/08\/31\/incendiario-detido-em-flagrante-pela-gnr-em-valenca\/","title":{"rendered":"Incendi\u00e1rio detido em flagrante pela GNR em Valen\u00e7a"},"content":{"rendered":"\n<p>Um homem de 52 anos foi detido no s\u00e1bado em flagrante pela Guarda Nacional Republicana (GNR) a atear um inc\u00eandio com um isqueiro em Valen\u00e7a, permanecendo \u00e0 guarda desta for\u00e7a policial at\u00e9 primeiro interrogat\u00f3rio judicial na segunda-feira.<\/p>\n\n\n\n<p>Segundo adiantou hoje a GNR em comunicado, o homem detido pelo crime de inc\u00eandio florestal foi surpreendido em flagrante delito pelos guardas depois de alertas para cinco focos de inc\u00eandio num curto espa\u00e7o de tempo no concelho de Valen\u00e7a que motivaram a mobiliza\u00e7\u00e3o de patrulhas.<\/p>\n\n\n\n<p>\u201cNa sequ\u00eancia do alerta de cinco focos de inc\u00eandio no concelho de Valen\u00e7a, que surgiram rapidamente entre as 13:07 e as 14:11, os militares da Guarda mobilizaram-se de imediato para o local e desencadearam a\u00e7\u00f5es de vigil\u00e2ncia. No seguimento das dilig\u00eancias policiais, o suspeito foi detetado em flagrante pelos militares da Guarda a atear fogo atrav\u00e9s de chama direta, com recurso a um isqueiro. No seguimento da a\u00e7\u00e3o o homem foi detido e o isqueiro foi apreendido\u201d, explicou a GNR.<\/p>\n\n\n\n<p>O detido ser\u00e1 ouvido na segunda-feira em primeiro interrogat\u00f3rio judicial para aplica\u00e7\u00e3o de medidas de coa\u00e7\u00e3o no Tribunal Judicial de Valen\u00e7a.<\/p>\n\n\n\n<p>A deten\u00e7\u00e3o foi feita pelo N\u00facleo de Investiga\u00e7\u00e3o Criminal do Comando Territorial de Viana do Castelo, mas a opera\u00e7\u00e3o contou com refor\u00e7os de patrulhas de Valen\u00e7a e Vila Nova de Cerveira.<\/p>\n\n\n\n<p>Dados da GNR avan\u00e7ados \u00e0 Lusa na semana passada indicavam que at\u00e9 25 de agosto esta for\u00e7a policial j\u00e1 tinha detido 44 incendi\u00e1rios em flagrante delito pelo crime de inc\u00eandio florestal, tendo identificado 606 suspeitos pelo mesmo crime, alguns deles j\u00e1 detidos pela Pol\u00edcia Judici\u00e1ria.<\/p>\n\n\n\n<p>A GNR tem em funcionamento permanente uma linha telef\u00f3nica para den\u00fancia de infra\u00e7\u00f5es ou esclarecimento de d\u00favidas, a Linha SOS Ambiente e Territ\u00f3rio, dispon\u00edvel no n\u00famero 808 200 520.<\/p>\n\n\n\n<p>Portugal continental tem sido afetado por m\u00faltiplos inc\u00eandios rurais de grande dimens\u00e3o desde julho, sobretudo nas regi\u00f5es Norte e Centro.<\/p>\n\n\n\n<p>Os fogos provocaram quatro mortos, incluindo um bombeiro, e v\u00e1rios feridos, alguns com gravidade, e destru\u00edram total ou parcialmente casas de primeira e segunda habita\u00e7\u00e3o, bem como explora\u00e7\u00f5es agr\u00edcolas e pecu\u00e1rias e \u00e1rea florestal.<\/p>\n\n\n\n<p>Segundo dados oficiais provis\u00f3rios, at\u00e9 hoje arderam mais de 254 mil hectares no pa\u00eds, mais de 57 mil dos quais s\u00f3 no inc\u00eandio que teve in\u00edcio em Arganil.<\/p>\n","protected":false},"excerpt":{"rendered":"<p>Um homem de 52 anos foi detido no s\u00e1bado em flagrante pela Guarda Nacional Republicana (GNR) a atear um inc\u00eandio com um isqueiro em Valen\u00e7a, permanecendo \u00e0 guarda desta for\u00e7a policial at\u00e9 primeiro interrogat\u00f3rio judicial na segunda-feira. Segundo adiantou hoje a GNR em comunicado, o homem detido pelo crime de inc\u00eandio florestal foi surpreendido em [&hellip;]<\/p>\n","protected":false},"author":13,"featured_media":121722,"comment_status":"closed","ping_status":"closed","sticky":false,"template":"","format":"standard","meta":{"_exactmetrics_skip_tracking":false,"_exactmetrics_sitenote_active":false,"_exactmetrics_sitenote_note":"","_exactmetrics_sitenote_category":0,"footnotes":""},"categories":[13],"tags":[27],"class_list":["post-122443","post","type-post","status-publish","format-standard","has-post-thumbnail","hentry","category-valenca","tag-sociedade"],"yoast_head":"<!-- This site is optimized with the Yoast SEO Premium plugin v27.5 (Yoast SEO v27.5) - https:\/\/yoast.com\/product\/yoast-seo-premium-wordpress\/ -->\n<title>Incendi\u00e1rio detido em flagrante pela GNR em Valen\u00e7a<\/title>\n<meta name=\"robots\" content=\"index, follow, max-snippet:-1, max-image-preview:large, max-video-preview:-1\" \/>\n<link rel=\"canonical\" href=\"https:\/\/www.altominho.tv\/site\/2025\/08\/31\/incendiario-detido-em-flagrante-pela-gnr-em-valenca\/\" \/>\n<meta property=\"og:locale\" content=\"pt_PT\" \/>\n<meta property=\"og:type\" content=\"article\" \/>\n<meta property=\"og:title\" content=\"Incendi\u00e1rio detido em flagrante pela GNR em Valen\u00e7a\" \/>\n<meta property=\"og:description\" content=\"Um homem de 52 anos foi detido no s\u00e1bado em flagrante pela Guarda Nacional Republicana (GNR) a atear um inc\u00eandio com um isqueiro em Valen\u00e7a, permanecendo \u00e0 guarda desta for\u00e7a policial at\u00e9 primeiro interrogat\u00f3rio judicial na segunda-feira. Segundo adiantou hoje a GNR em comunicado, o homem detido pelo crime de inc\u00eandio florestal foi surpreendido em [&hellip;]\" \/>\n<meta property=\"og:url\" content=\"https:\/\/www.altominho.tv\/site\/2025\/08\/31\/incendiario-detido-em-flagrante-pela-gnr-em-valenca\/\" \/>\n<meta property=\"og:site_name\" content=\"Altominho.tv\" \/>\n<meta property=\"article:publisher\" content=\"https:\/\/www.facebook.com\/altominhotv\" \/>\n<meta property=\"article:published_time\" content=\"2025-08-31T13:07:54+00:00\" \/>\n<meta property=\"article:modified_time\" content=\"2025-08-31T13:07:57+00:00\" \/>\n<meta property=\"og:image\" content=\"https:\/\/www.altominho.tv\/site\/wp-content\/uploads\/2025\/08\/fogo-posto_ATV_IA.jpg\" \/>\n\t<meta property=\"og:image:width\" content=\"1200\" \/>\n\t<meta property=\"og:image:height\" content=\"630\" \/>\n\t<meta property=\"og:image:type\" content=\"image\/jpeg\" \/>\n<meta name=\"author\" content=\"Lusa\" \/>\n<meta name=\"twitter:card\" content=\"summary_large_image\" \/>\n<meta name=\"twitter:creator\" content=\"@altominhoTV\" \/>\n<meta name=\"twitter:site\" content=\"@altominhoTV\" \/>\n<meta name=\"twitter:label1\" content=\"Escrito por\" \/>\n\t<meta name=\"twitter:data1\" content=\"Lusa\" \/>\n\t<meta name=\"twitter:label2\" content=\"Tempo estimado de leitura\" \/>\n\t<meta name=\"twitter:data2\" content=\"3 minutos\" \/>\n<script type=\"application\/ld+json\" class=\"yoast-schema-graph\">{\"@context\":\"https:\\\/\\\/schema.org\",\"@graph\":[{\"@type\":\"Article\",\"@id\":\"https:\\\/\\\/www.altominho.tv\\\/site\\\/2025\\\/08\\\/31\\\/incendiario-detido-em-flagrante-pela-gnr-em-valenca\\\/#article\",\"isPartOf\":{\"@id\":\"https:\\\/\\\/www.altominho.tv\\\/site\\\/2025\\\/08\\\/31\\\/incendiario-detido-em-flagrante-pela-gnr-em-valenca\\\/\"},\"author\":{\"name\":\"Lusa\",\"@id\":\"https:\\\/\\\/www.altominho.tv\\\/site\\\/#\\\/schema\\\/person\\\/63f693da3e1899361cbe955c46f3232e\"},\"headline\":\"Incendi\u00e1rio detido em flagrante pela GNR em Valen\u00e7a\",\"datePublished\":\"2025-08-31T13:07:54+00:00\",\"dateModified\":\"2025-08-31T13:07:57+00:00\",\"mainEntityOfPage\":{\"@id\":\"https:\\\/\\\/www.altominho.tv\\\/site\\\/2025\\\/08\\\/31\\\/incendiario-detido-em-flagrante-pela-gnr-em-valenca\\\/\"},\"wordCount\":422,\"image\":{\"@id\":\"https:\\\/\\\/www.altominho.tv\\\/site\\\/2025\\\/08\\\/31\\\/incendiario-detido-em-flagrante-pela-gnr-em-valenca\\\/#primaryimage\"},\"thumbnailUrl\":\"https:\\\/\\\/www.altominho.tv\\\/site\\\/wp-content\\\/uploads\\\/2025\\\/08\\\/fogo-posto_ATV_IA.jpg\",\"keywords\":[\"Sociedade\"],\"articleSection\":[\"Valen\u00e7a\"],\"inLanguage\":\"pt-PT\",\"copyrightYear\":\"2025\",\"copyrightHolder\":{\"@id\":\"https:\\\/\\\/www.altominho.tv\\\/site\\\/#organization\"}},{\"@type\":\"WebPage\",\"@id\":\"https:\\\/\\\/www.altominho.tv\\\/site\\\/2025\\\/08\\\/31\\\/incendiario-detido-em-flagrante-pela-gnr-em-valenca\\\/\",\"url\":\"https:\\\/\\\/www.altominho.tv\\\/site\\\/2025\\\/08\\\/31\\\/incendiario-detido-em-flagrante-pela-gnr-em-valenca\\\/\",\"name\":\"Incendi\u00e1rio detido em flagrante pela GNR em Valen\u00e7a\",\"isPartOf\":{\"@id\":\"https:\\\/\\\/www.altominho.tv\\\/site\\\/#website\"},\"primaryImageOfPage\":{\"@id\":\"https:\\\/\\\/www.altominho.tv\\\/site\\\/2025\\\/08\\\/31\\\/incendiario-detido-em-flagrante-pela-gnr-em-valenca\\\/#primaryimage\"},\"image\":{\"@id\":\"https:\\\/\\\/www.altominho.tv\\\/site\\\/2025\\\/08\\\/31\\\/incendiario-detido-em-flagrante-pela-gnr-em-valenca\\\/#primaryimage\"},\"thumbnailUrl\":\"https:\\\/\\\/www.altominho.tv\\\/site\\\/wp-content\\\/uploads\\\/2025\\\/08\\\/fogo-posto_ATV_IA.jpg\",\"datePublished\":\"2025-08-31T13:07:54+00:00\",\"dateModified\":\"2025-08-31T13:07:57+00:00\",\"author\":{\"@id\":\"https:\\\/\\\/www.altominho.tv\\\/site\\\/#\\\/schema\\\/person\\\/63f693da3e1899361cbe955c46f3232e\"},\"breadcrumb\":{\"@id\":\"https:\\\/\\\/www.altominho.tv\\\/site\\\/2025\\\/08\\\/31\\\/incendiario-detido-em-flagrante-pela-gnr-em-valenca\\\/#breadcrumb\"},\"inLanguage\":\"pt-PT\",\"potentialAction\":[{\"@type\":\"ReadAction\",\"target\":[\"https:\\\/\\\/www.altominho.tv\\\/site\\\/2025\\\/08\\\/31\\\/incendiario-detido-em-flagrante-pela-gnr-em-valenca\\\/\"]}]},{\"@type\":\"ImageObject\",\"inLanguage\":\"pt-PT\",\"@id\":\"https:\\\/\\\/www.altominho.tv\\\/site\\\/2025\\\/08\\\/31\\\/incendiario-detido-em-flagrante-pela-gnr-em-valenca\\\/#primaryimage\",\"url\":\"https:\\\/\\\/www.altominho.tv\\\/site\\\/wp-content\\\/uploads\\\/2025\\\/08\\\/fogo-posto_ATV_IA.jpg\",\"contentUrl\":\"https:\\\/\\\/www.altominho.tv\\\/site\\\/wp-content\\\/uploads\\\/2025\\\/08\\\/fogo-posto_ATV_IA.jpg\",\"width\":1200,\"height\":630},{\"@type\":\"BreadcrumbList\",\"@id\":\"https:\\\/\\\/www.altominho.tv\\\/site\\\/2025\\\/08\\\/31\\\/incendiario-detido-em-flagrante-pela-gnr-em-valenca\\\/#breadcrumb\",\"itemListElement\":[{\"@type\":\"ListItem\",\"position\":1,\"name\":\"In\u00edcio\",\"item\":\"https:\\\/\\\/www.altominho.tv\\\/site\\\/\"},{\"@type\":\"ListItem\",\"position\":2,\"name\":\"Incendi\u00e1rio detido em flagrante pela GNR em Valen\u00e7a\"}]},{\"@type\":\"WebSite\",\"@id\":\"https:\\\/\\\/www.altominho.tv\\\/site\\\/#website\",\"url\":\"https:\\\/\\\/www.altominho.tv\\\/site\\\/\",\"name\":\"Altominho.tv\",\"description\":\"A sua regi\u00e3o \u00e0 dist\u00e2ncia de um clique...\",\"potentialAction\":[{\"@type\":\"SearchAction\",\"target\":{\"@type\":\"EntryPoint\",\"urlTemplate\":\"https:\\\/\\\/www.altominho.tv\\\/site\\\/?s={search_term_string}\"},\"query-input\":{\"@type\":\"PropertyValueSpecification\",\"valueRequired\":true,\"valueName\":\"search_term_string\"}}],\"inLanguage\":\"pt-PT\"},{\"@type\":\"Person\",\"@id\":\"https:\\\/\\\/www.altominho.tv\\\/site\\\/#\\\/schema\\\/person\\\/63f693da3e1899361cbe955c46f3232e\",\"name\":\"Lusa\",\"image\":{\"@type\":\"ImageObject\",\"inLanguage\":\"pt-PT\",\"@id\":\"https:\\\/\\\/www.altominho.tv\\\/site\\\/wp-content\\\/uploads\\\/2019\\\/08\\\/LUSA_Logo.gif\",\"url\":\"https:\\\/\\\/www.altominho.tv\\\/site\\\/wp-content\\\/uploads\\\/2019\\\/08\\\/LUSA_Logo.gif\",\"contentUrl\":\"https:\\\/\\\/www.altominho.tv\\\/site\\\/wp-content\\\/uploads\\\/2019\\\/08\\\/LUSA_Logo.gif\",\"caption\":\"Lusa\"},\"sameAs\":[\"http:\\\/\\\/\\\/\\\/www.altominho.tv\\\/site\"],\"url\":\"https:\\\/\\\/www.altominho.tv\\\/site\\\/author\\\/lusa\\\/\"}]}<\/script>\n<!-- \/ Yoast SEO Premium plugin. -->","yoast_head_json":{"title":"Incendi\u00e1rio detido em flagrante pela GNR em Valen\u00e7a","robots":{"index":"index","follow":"follow","max-snippet":"max-snippet:-1","max-image-preview":"max-image-preview:large","max-video-preview":"max-video-preview:-1"},"canonical":"https:\/\/www.altominho.tv\/site\/2025\/08\/31\/incendiario-detido-em-flagrante-pela-gnr-em-valenca\/","og_locale":"pt_PT","og_type":"article","og_title":"Incendi\u00e1rio detido em flagrante pela GNR em Valen\u00e7a","og_description":"Um homem de 52 anos foi detido no s\u00e1bado em flagrante pela Guarda Nacional Republicana (GNR) a atear um inc\u00eandio com um isqueiro em Valen\u00e7a, permanecendo \u00e0 guarda desta for\u00e7a policial at\u00e9 primeiro interrogat\u00f3rio judicial na segunda-feira. Segundo adiantou hoje a GNR em comunicado, o homem detido pelo crime de inc\u00eandio florestal foi surpreendido em [&hellip;]","og_url":"https:\/\/www.altominho.tv\/site\/2025\/08\/31\/incendiario-detido-em-flagrante-pela-gnr-em-valenca\/","og_site_name":"Altominho.tv","article_publisher":"https:\/\/www.facebook.com\/altominhotv","article_published_time":"2025-08-31T13:07:54+00:00","article_modified_time":"2025-08-31T13:07:57+00:00","og_image":[{"width":1200,"height":630,"url":"https:\/\/www.altominho.tv\/site\/wp-content\/uploads\/2025\/08\/fogo-posto_ATV_IA.jpg","type":"image\/jpeg"}],"author":"Lusa","twitter_card":"summary_large_image","twitter_creator":"@altominhoTV","twitter_site":"@altominhoTV","twitter_misc":{"Escrito por":"Lusa","Tempo estimado de leitura":"3 minutos"},"schema":{"@context":"https:\/\/schema.org","@graph":[{"@type":"Article","@id":"https:\/\/www.altominho.tv\/site\/2025\/08\/31\/incendiario-detido-em-flagrante-pela-gnr-em-valenca\/#article","isPartOf":{"@id":"https:\/\/www.altominho.tv\/site\/2025\/08\/31\/incendiario-detido-em-flagrante-pela-gnr-em-valenca\/"},"author":{"name":"Lusa","@id":"https:\/\/www.altominho.tv\/site\/#\/schema\/person\/63f693da3e1899361cbe955c46f3232e"},"headline":"Incendi\u00e1rio detido em flagrante pela GNR em Valen\u00e7a","datePublished":"2025-08-31T13:07:54+00:00","dateModified":"2025-08-31T13:07:57+00:00","mainEntityOfPage":{"@id":"https:\/\/www.altominho.tv\/site\/2025\/08\/31\/incendiario-detido-em-flagrante-pela-gnr-em-valenca\/"},"wordCount":422,"image":{"@id":"https:\/\/www.altominho.tv\/site\/2025\/08\/31\/incendiario-detido-em-flagrante-pela-gnr-em-valenca\/#primaryimage"},"thumbnailUrl":"https:\/\/www.altominho.tv\/site\/wp-content\/uploads\/2025\/08\/fogo-posto_ATV_IA.jpg","keywords":["Sociedade"],"articleSection":["Valen\u00e7a"],"inLanguage":"pt-PT","copyrightYear":"2025","copyrightHolder":{"@id":"https:\/\/www.altominho.tv\/site\/#organization"}},{"@type":"WebPage","@id":"https:\/\/www.altominho.tv\/site\/2025\/08\/31\/incendiario-detido-em-flagrante-pela-gnr-em-valenca\/","url":"https:\/\/www.altominho.tv\/site\/2025\/08\/31\/incendiario-detido-em-flagrante-pela-gnr-em-valenca\/","name":"Incendi\u00e1rio detido em flagrante pela GNR em Valen\u00e7a","isPartOf":{"@id":"https:\/\/www.altominho.tv\/site\/#website"},"primaryImageOfPage":{"@id":"https:\/\/www.altominho.tv\/site\/2025\/08\/31\/incendiario-detido-em-flagrante-pela-gnr-em-valenca\/#primaryimage"},"image":{"@id":"https:\/\/www.altominho.tv\/site\/2025\/08\/31\/incendiario-detido-em-flagrante-pela-gnr-em-valenca\/#primaryimage"},"thumbnailUrl":"https:\/\/www.altominho.tv\/site\/wp-content\/uploads\/2025\/08\/fogo-posto_ATV_IA.jpg","datePublished":"2025-08-31T13:07:54+00:00","dateModified":"2025-08-31T13:07:57+00:00","author":{"@id":"https:\/\/www.altominho.tv\/site\/#\/schema\/person\/63f693da3e1899361cbe955c46f3232e"},"breadcrumb":{"@id":"https:\/\/www.altominho.tv\/site\/2025\/08\/31\/incendiario-detido-em-flagrante-pela-gnr-em-valenca\/#breadcrumb"},"inLanguage":"pt-PT","potentialAction":[{"@type":"ReadAction","target":["https:\/\/www.altominho.tv\/site\/2025\/08\/31\/incendiario-detido-em-flagrante-pela-gnr-em-valenca\/"]}]},{"@type":"ImageObject","inLanguage":"pt-PT","@id":"https:\/\/www.altominho.tv\/site\/2025\/08\/31\/incendiario-detido-em-flagrante-pela-gnr-em-valenca\/#primaryimage","url":"https:\/\/www.altominho.tv\/site\/wp-content\/uploads\/2025\/08\/fogo-posto_ATV_IA.jpg","contentUrl":"https:\/\/www.altominho.tv\/site\/wp-content\/uploads\/2025\/08\/fogo-posto_ATV_IA.jpg","width":1200,"height":630},{"@type":"BreadcrumbList","@id":"https:\/\/www.altominho.tv\/site\/2025\/08\/31\/incendiario-detido-em-flagrante-pela-gnr-em-valenca\/#breadcrumb","itemListElement":[{"@type":"ListItem","position":1,"name":"In\u00edcio","item":"https:\/\/www.altominho.tv\/site\/"},{"@type":"ListItem","position":2,"name":"Incendi\u00e1rio detido em flagrante pela GNR em Valen\u00e7a"}]},{"@type":"WebSite","@id":"https:\/\/www.altominho.tv\/site\/#website","url":"https:\/\/www.altominho.tv\/site\/","name":"Altominho.tv","description":"A sua regi\u00e3o \u00e0 dist\u00e2ncia de um clique...","potentialAction":[{"@type":"SearchAction","target":{"@type":"EntryPoint","urlTemplate":"https:\/\/www.altominho.tv\/site\/?s={search_term_string}"},"query-input":{"@type":"PropertyValueSpecification","valueRequired":true,"valueName":"search_term_string"}}],"inLanguage":"pt-PT"},{"@type":"Person","@id":"https:\/\/www.altominho.tv\/site\/#\/schema\/person\/63f693da3e1899361cbe955c46f3232e","name":"Lusa","image":{"@type":"ImageObject","inLanguage":"pt-PT","@id":"https:\/\/www.altominho.tv\/site\/wp-content\/uploads\/2019\/08\/LUSA_Logo.gif","url":"https:\/\/www.altominho.tv\/site\/wp-content\/uploads\/2019\/08\/LUSA_Logo.gif","contentUrl":"https:\/\/www.altominho.tv\/site\/wp-content\/uploads\/2019\/08\/LUSA_Logo.gif","caption":"Lusa"},"sameAs":["http:\/\/\/\/www.altominho.tv\/site"],"url":"https:\/\/www.altominho.tv\/site\/author\/lusa\/"}]}},"_links":{"self":[{"href":"https:\/\/www.altominho.tv\/site\/wp-json\/wp\/v2\/posts\/122443","targetHints":{"allow":["GET"]}}],"collection":[{"href":"https:\/\/www.altominho.tv\/site\/wp-json\/wp\/v2\/posts"}],"about":[{"href":"https:\/\/www.altominho.tv\/site\/wp-json\/wp\/v2\/types\/post"}],"author":[{"embeddable":true,"href":"https:\/\/www.altominho.tv\/site\/wp-json\/wp\/v2\/users\/13"}],"replies":[{"embeddable":true,"href":"https:\/\/www.altominho.tv\/site\/wp-json\/wp\/v2\/comments?post=122443"}],"version-history":[{"count":1,"href":"https:\/\/www.altominho.tv\/site\/wp-json\/wp\/v2\/posts\/122443\/revisions"}],"predecessor-version":[{"id":122444,"href":"https:\/\/www.altominho.tv\/site\/wp-json\/wp\/v2\/posts\/122443\/revisions\/122444"}],"wp:featuredmedia":[{"embeddable":true,"href":"https:\/\/www.altominho.tv\/site\/wp-json\/wp\/v2\/media\/121722"}],"wp:attachment":[{"href":"https:\/\/www.altominho.tv\/site\/wp-json\/wp\/v2\/media?parent=122443"}],"wp:term":[{"taxonomy":"category","embeddable":true,"href":"https:\/\/www.altominho.tv\/site\/wp-json\/wp\/v2\/categories?post=122443"},{"taxonomy":"post_tag","embeddable":true,"href":"https:\/\/www.altominho.tv\/site\/wp-json\/wp\/v2\/tags?post=122443"}],"curies":[{"name":"wp","href":"https:\/\/api.w.org\/{rel}","templated":true}]}}