{"id":122401,"date":"2025-08-29T13:37:56","date_gmt":"2025-08-29T12:37:56","guid":{"rendered":"https:\/\/www.altominho.tv\/site\/?p=122401"},"modified":"2025-08-29T13:38:00","modified_gmt":"2025-08-29T12:38:00","slug":"72-jovens-arcuenses-participaram-no-programa-municipal-de-ocupacao-de-tempo-de-ferias","status":"publish","type":"post","link":"https:\/\/www.altominho.tv\/site\/2025\/08\/29\/72-jovens-arcuenses-participaram-no-programa-municipal-de-ocupacao-de-tempo-de-ferias\/","title":{"rendered":"72 jovens arcuenses participaram no Programa Municipal de Ocupa\u00e7\u00e3o de Tempo de F\u00e9rias"},"content":{"rendered":"\n<p>Chegou ao fim mais uma edi\u00e7\u00e3o do Programa Municipal de Ocupa\u00e7\u00e3o de Tempo de F\u00e9rias, que este ano contou com a participa\u00e7\u00e3o de 72 jovens arcuenses.<\/p>\n\n\n\n<p>Esta experi\u00eancia constituiu uma etapa importante no projeto de vida destes jovens, permitindo-lhes ampliar interesses e conhecimentos, contactar com diferentes realidades sociais e profissionais, refor\u00e7ar rela\u00e7\u00f5es sociais e desenvolver novas compet\u00eancias.<\/p>\n\n\n\n<p>O programa \u00e9 mais uma iniciativa municipal que contribui para melhorar o futuro dos jovens arcuenses, proporcionando-lhes uma experi\u00eancia pr\u00e1tica em contexto de trabalho ativo. Destaca-se que foi bem-recebido e valorizado, tanto pelos participantes como pelos respons\u00e1veis aut\u00e1rquicos e entidades parceiras dos diversos setores e atividades em que estiveram integrados.<\/p>\n\n\n\n<p>Destinado a jovens com idades entre 14 e 18 anos e com 9\u00ba ano de escolaridade ou mais, o programa decorreu nos meses de julho e agosto. Os participantes receberam uma remunera\u00e7\u00e3o, num investimento total da C\u00e2mara Municipal de 8.750 euros. <\/p>\n\n\n\n<p>Com esta iniciativa, a Autarquia pretende contribuir para a forma\u00e7\u00e3o humana e profissional dos jovens arcuenses, permitindo-lhes desenvolver compet\u00eancias sociais e profissionais durante as f\u00e9rias letivas.<\/p>\n","protected":false},"excerpt":{"rendered":"<p>Chegou ao fim mais uma edi\u00e7\u00e3o do Programa Municipal de Ocupa\u00e7\u00e3o de Tempo de F\u00e9rias, que este ano contou com a participa\u00e7\u00e3o de 72 jovens arcuenses. Esta experi\u00eancia constituiu uma etapa importante no projeto de vida destes jovens, permitindo-lhes ampliar interesses e conhecimentos, contactar com diferentes realidades sociais e profissionais, refor\u00e7ar rela\u00e7\u00f5es sociais e desenvolver [&hellip;]<\/p>\n","protected":false},"author":1,"featured_media":122402,"comment_status":"closed","ping_status":"closed","sticky":false,"template":"","format":"standard","meta":{"_exactmetrics_skip_tracking":false,"_exactmetrics_sitenote_active":false,"_exactmetrics_sitenote_note":"","_exactmetrics_sitenote_category":0,"footnotes":""},"categories":[2],"tags":[27],"class_list":["post-122401","post","type-post","status-publish","format-standard","has-post-thumbnail","hentry","category-arcos-de-valdevez","tag-sociedade"],"yoast_head":"<!-- This site is optimized with the Yoast SEO Premium plugin v27.5 (Yoast SEO v27.5) - https:\/\/yoast.com\/product\/yoast-seo-premium-wordpress\/ -->\n<title>72 jovens arcuenses participaram no Programa Municipal de Ocupa\u00e7\u00e3o de Tempo de F\u00e9rias<\/title>\n<meta name=\"robots\" content=\"index, follow, max-snippet:-1, max-image-preview:large, max-video-preview:-1\" \/>\n<link rel=\"canonical\" href=\"https:\/\/www.altominho.tv\/site\/2025\/08\/29\/72-jovens-arcuenses-participaram-no-programa-municipal-de-ocupacao-de-tempo-de-ferias\/\" \/>\n<meta property=\"og:locale\" content=\"pt_PT\" \/>\n<meta property=\"og:type\" content=\"article\" \/>\n<meta property=\"og:title\" content=\"72 jovens arcuenses participaram no Programa Municipal de Ocupa\u00e7\u00e3o de Tempo de F\u00e9rias\" \/>\n<meta property=\"og:description\" content=\"Chegou ao fim mais uma edi\u00e7\u00e3o do Programa Municipal de Ocupa\u00e7\u00e3o de Tempo de F\u00e9rias, que este ano contou com a participa\u00e7\u00e3o de 72 jovens arcuenses. Esta experi\u00eancia constituiu uma etapa importante no projeto de vida destes jovens, permitindo-lhes ampliar interesses e conhecimentos, contactar com diferentes realidades sociais e profissionais, refor\u00e7ar rela\u00e7\u00f5es sociais e desenvolver [&hellip;]\" \/>\n<meta property=\"og:url\" content=\"https:\/\/www.altominho.tv\/site\/2025\/08\/29\/72-jovens-arcuenses-participaram-no-programa-municipal-de-ocupacao-de-tempo-de-ferias\/\" \/>\n<meta property=\"og:site_name\" content=\"Altominho.tv\" \/>\n<meta property=\"article:publisher\" content=\"https:\/\/www.facebook.com\/altominhotv\" \/>\n<meta property=\"article:published_time\" content=\"2025-08-29T12:37:56+00:00\" \/>\n<meta property=\"article:modified_time\" content=\"2025-08-29T12:38:00+00:00\" \/>\n<meta property=\"og:image\" content=\"https:\/\/www.altominho.tv\/site\/wp-content\/uploads\/2025\/08\/Design-sem-nome.png\" \/>\n\t<meta property=\"og:image:width\" content=\"1200\" \/>\n\t<meta property=\"og:image:height\" content=\"630\" \/>\n\t<meta property=\"og:image:type\" content=\"image\/png\" \/>\n<meta name=\"author\" content=\"Altominho.tv\" \/>\n<meta name=\"twitter:card\" content=\"summary_large_image\" \/>\n<meta name=\"twitter:creator\" content=\"@altominhoTV\" \/>\n<meta name=\"twitter:site\" content=\"@altominhoTV\" \/>\n<meta name=\"twitter:label1\" content=\"Escrito por\" \/>\n\t<meta name=\"twitter:data1\" content=\"Altominho.tv\" \/>\n\t<meta name=\"twitter:label2\" content=\"Tempo estimado de leitura\" \/>\n\t<meta name=\"twitter:data2\" content=\"2 minutos\" \/>\n<script type=\"application\/ld+json\" class=\"yoast-schema-graph\">{\"@context\":\"https:\\\/\\\/schema.org\",\"@graph\":[{\"@type\":\"Article\",\"@id\":\"https:\\\/\\\/www.altominho.tv\\\/site\\\/2025\\\/08\\\/29\\\/72-jovens-arcuenses-participaram-no-programa-municipal-de-ocupacao-de-tempo-de-ferias\\\/#article\",\"isPartOf\":{\"@id\":\"https:\\\/\\\/www.altominho.tv\\\/site\\\/2025\\\/08\\\/29\\\/72-jovens-arcuenses-participaram-no-programa-municipal-de-ocupacao-de-tempo-de-ferias\\\/\"},\"author\":{\"name\":\"Altominho.tv\",\"@id\":\"https:\\\/\\\/www.altominho.tv\\\/site\\\/#\\\/schema\\\/person\\\/4e536851627d7914baf3dac752b6af22\"},\"headline\":\"72 jovens arcuenses participaram no Programa Municipal de Ocupa\u00e7\u00e3o de Tempo de F\u00e9rias\",\"datePublished\":\"2025-08-29T12:37:56+00:00\",\"dateModified\":\"2025-08-29T12:38:00+00:00\",\"mainEntityOfPage\":{\"@id\":\"https:\\\/\\\/www.altominho.tv\\\/site\\\/2025\\\/08\\\/29\\\/72-jovens-arcuenses-participaram-no-programa-municipal-de-ocupacao-de-tempo-de-ferias\\\/\"},\"wordCount\":199,\"image\":{\"@id\":\"https:\\\/\\\/www.altominho.tv\\\/site\\\/2025\\\/08\\\/29\\\/72-jovens-arcuenses-participaram-no-programa-municipal-de-ocupacao-de-tempo-de-ferias\\\/#primaryimage\"},\"thumbnailUrl\":\"https:\\\/\\\/www.altominho.tv\\\/site\\\/wp-content\\\/uploads\\\/2025\\\/08\\\/Design-sem-nome.png\",\"keywords\":[\"Sociedade\"],\"articleSection\":[\"Arcos de Valdevez\"],\"inLanguage\":\"pt-PT\",\"copyrightYear\":\"2025\",\"copyrightHolder\":{\"@id\":\"https:\\\/\\\/www.altominho.tv\\\/site\\\/#organization\"}},{\"@type\":\"WebPage\",\"@id\":\"https:\\\/\\\/www.altominho.tv\\\/site\\\/2025\\\/08\\\/29\\\/72-jovens-arcuenses-participaram-no-programa-municipal-de-ocupacao-de-tempo-de-ferias\\\/\",\"url\":\"https:\\\/\\\/www.altominho.tv\\\/site\\\/2025\\\/08\\\/29\\\/72-jovens-arcuenses-participaram-no-programa-municipal-de-ocupacao-de-tempo-de-ferias\\\/\",\"name\":\"72 jovens arcuenses participaram no Programa Municipal de Ocupa\u00e7\u00e3o de Tempo de F\u00e9rias\",\"isPartOf\":{\"@id\":\"https:\\\/\\\/www.altominho.tv\\\/site\\\/#website\"},\"primaryImageOfPage\":{\"@id\":\"https:\\\/\\\/www.altominho.tv\\\/site\\\/2025\\\/08\\\/29\\\/72-jovens-arcuenses-participaram-no-programa-municipal-de-ocupacao-de-tempo-de-ferias\\\/#primaryimage\"},\"image\":{\"@id\":\"https:\\\/\\\/www.altominho.tv\\\/site\\\/2025\\\/08\\\/29\\\/72-jovens-arcuenses-participaram-no-programa-municipal-de-ocupacao-de-tempo-de-ferias\\\/#primaryimage\"},\"thumbnailUrl\":\"https:\\\/\\\/www.altominho.tv\\\/site\\\/wp-content\\\/uploads\\\/2025\\\/08\\\/Design-sem-nome.png\",\"datePublished\":\"2025-08-29T12:37:56+00:00\",\"dateModified\":\"2025-08-29T12:38:00+00:00\",\"author\":{\"@id\":\"https:\\\/\\\/www.altominho.tv\\\/site\\\/#\\\/schema\\\/person\\\/4e536851627d7914baf3dac752b6af22\"},\"breadcrumb\":{\"@id\":\"https:\\\/\\\/www.altominho.tv\\\/site\\\/2025\\\/08\\\/29\\\/72-jovens-arcuenses-participaram-no-programa-municipal-de-ocupacao-de-tempo-de-ferias\\\/#breadcrumb\"},\"inLanguage\":\"pt-PT\",\"potentialAction\":[{\"@type\":\"ReadAction\",\"target\":[\"https:\\\/\\\/www.altominho.tv\\\/site\\\/2025\\\/08\\\/29\\\/72-jovens-arcuenses-participaram-no-programa-municipal-de-ocupacao-de-tempo-de-ferias\\\/\"]}]},{\"@type\":\"ImageObject\",\"inLanguage\":\"pt-PT\",\"@id\":\"https:\\\/\\\/www.altominho.tv\\\/site\\\/2025\\\/08\\\/29\\\/72-jovens-arcuenses-participaram-no-programa-municipal-de-ocupacao-de-tempo-de-ferias\\\/#primaryimage\",\"url\":\"https:\\\/\\\/www.altominho.tv\\\/site\\\/wp-content\\\/uploads\\\/2025\\\/08\\\/Design-sem-nome.png\",\"contentUrl\":\"https:\\\/\\\/www.altominho.tv\\\/site\\\/wp-content\\\/uploads\\\/2025\\\/08\\\/Design-sem-nome.png\",\"width\":1200,\"height\":630},{\"@type\":\"BreadcrumbList\",\"@id\":\"https:\\\/\\\/www.altominho.tv\\\/site\\\/2025\\\/08\\\/29\\\/72-jovens-arcuenses-participaram-no-programa-municipal-de-ocupacao-de-tempo-de-ferias\\\/#breadcrumb\",\"itemListElement\":[{\"@type\":\"ListItem\",\"position\":1,\"name\":\"In\u00edcio\",\"item\":\"https:\\\/\\\/www.altominho.tv\\\/site\\\/\"},{\"@type\":\"ListItem\",\"position\":2,\"name\":\"72 jovens arcuenses participaram no Programa Municipal de Ocupa\u00e7\u00e3o de Tempo de F\u00e9rias\"}]},{\"@type\":\"WebSite\",\"@id\":\"https:\\\/\\\/www.altominho.tv\\\/site\\\/#website\",\"url\":\"https:\\\/\\\/www.altominho.tv\\\/site\\\/\",\"name\":\"Altominho.tv\",\"description\":\"A sua regi\u00e3o \u00e0 dist\u00e2ncia de um clique...\",\"potentialAction\":[{\"@type\":\"SearchAction\",\"target\":{\"@type\":\"EntryPoint\",\"urlTemplate\":\"https:\\\/\\\/www.altominho.tv\\\/site\\\/?s={search_term_string}\"},\"query-input\":{\"@type\":\"PropertyValueSpecification\",\"valueRequired\":true,\"valueName\":\"search_term_string\"}}],\"inLanguage\":\"pt-PT\"},{\"@type\":\"Person\",\"@id\":\"https:\\\/\\\/www.altominho.tv\\\/site\\\/#\\\/schema\\\/person\\\/4e536851627d7914baf3dac752b6af22\",\"name\":\"Altominho.tv\",\"image\":{\"@type\":\"ImageObject\",\"inLanguage\":\"pt-PT\",\"@id\":\"https:\\\/\\\/www.altominho.tv\\\/site\\\/wp-content\\\/uploads\\\/2019\\\/11\\\/Logo_Avatar_2-150x150.jpg\",\"url\":\"https:\\\/\\\/www.altominho.tv\\\/site\\\/wp-content\\\/uploads\\\/2019\\\/11\\\/Logo_Avatar_2-150x150.jpg\",\"contentUrl\":\"https:\\\/\\\/www.altominho.tv\\\/site\\\/wp-content\\\/uploads\\\/2019\\\/11\\\/Logo_Avatar_2-150x150.jpg\",\"caption\":\"Altominho.tv\"},\"url\":\"https:\\\/\\\/www.altominho.tv\\\/site\\\/author\\\/altominhotv-tecnico\\\/\"}]}<\/script>\n<!-- \/ Yoast SEO Premium plugin. -->","yoast_head_json":{"title":"72 jovens arcuenses participaram no Programa Municipal de Ocupa\u00e7\u00e3o de Tempo de F\u00e9rias","robots":{"index":"index","follow":"follow","max-snippet":"max-snippet:-1","max-image-preview":"max-image-preview:large","max-video-preview":"max-video-preview:-1"},"canonical":"https:\/\/www.altominho.tv\/site\/2025\/08\/29\/72-jovens-arcuenses-participaram-no-programa-municipal-de-ocupacao-de-tempo-de-ferias\/","og_locale":"pt_PT","og_type":"article","og_title":"72 jovens arcuenses participaram no Programa Municipal de Ocupa\u00e7\u00e3o de Tempo de F\u00e9rias","og_description":"Chegou ao fim mais uma edi\u00e7\u00e3o do Programa Municipal de Ocupa\u00e7\u00e3o de Tempo de F\u00e9rias, que este ano contou com a participa\u00e7\u00e3o de 72 jovens arcuenses. Esta experi\u00eancia constituiu uma etapa importante no projeto de vida destes jovens, permitindo-lhes ampliar interesses e conhecimentos, contactar com diferentes realidades sociais e profissionais, refor\u00e7ar rela\u00e7\u00f5es sociais e desenvolver [&hellip;]","og_url":"https:\/\/www.altominho.tv\/site\/2025\/08\/29\/72-jovens-arcuenses-participaram-no-programa-municipal-de-ocupacao-de-tempo-de-ferias\/","og_site_name":"Altominho.tv","article_publisher":"https:\/\/www.facebook.com\/altominhotv","article_published_time":"2025-08-29T12:37:56+00:00","article_modified_time":"2025-08-29T12:38:00+00:00","og_image":[{"width":1200,"height":630,"url":"https:\/\/www.altominho.tv\/site\/wp-content\/uploads\/2025\/08\/Design-sem-nome.png","type":"image\/png"}],"author":"Altominho.tv","twitter_card":"summary_large_image","twitter_creator":"@altominhoTV","twitter_site":"@altominhoTV","twitter_misc":{"Escrito por":"Altominho.tv","Tempo estimado de leitura":"2 minutos"},"schema":{"@context":"https:\/\/schema.org","@graph":[{"@type":"Article","@id":"https:\/\/www.altominho.tv\/site\/2025\/08\/29\/72-jovens-arcuenses-participaram-no-programa-municipal-de-ocupacao-de-tempo-de-ferias\/#article","isPartOf":{"@id":"https:\/\/www.altominho.tv\/site\/2025\/08\/29\/72-jovens-arcuenses-participaram-no-programa-municipal-de-ocupacao-de-tempo-de-ferias\/"},"author":{"name":"Altominho.tv","@id":"https:\/\/www.altominho.tv\/site\/#\/schema\/person\/4e536851627d7914baf3dac752b6af22"},"headline":"72 jovens arcuenses participaram no Programa Municipal de Ocupa\u00e7\u00e3o de Tempo de F\u00e9rias","datePublished":"2025-08-29T12:37:56+00:00","dateModified":"2025-08-29T12:38:00+00:00","mainEntityOfPage":{"@id":"https:\/\/www.altominho.tv\/site\/2025\/08\/29\/72-jovens-arcuenses-participaram-no-programa-municipal-de-ocupacao-de-tempo-de-ferias\/"},"wordCount":199,"image":{"@id":"https:\/\/www.altominho.tv\/site\/2025\/08\/29\/72-jovens-arcuenses-participaram-no-programa-municipal-de-ocupacao-de-tempo-de-ferias\/#primaryimage"},"thumbnailUrl":"https:\/\/www.altominho.tv\/site\/wp-content\/uploads\/2025\/08\/Design-sem-nome.png","keywords":["Sociedade"],"articleSection":["Arcos de Valdevez"],"inLanguage":"pt-PT","copyrightYear":"2025","copyrightHolder":{"@id":"https:\/\/www.altominho.tv\/site\/#organization"}},{"@type":"WebPage","@id":"https:\/\/www.altominho.tv\/site\/2025\/08\/29\/72-jovens-arcuenses-participaram-no-programa-municipal-de-ocupacao-de-tempo-de-ferias\/","url":"https:\/\/www.altominho.tv\/site\/2025\/08\/29\/72-jovens-arcuenses-participaram-no-programa-municipal-de-ocupacao-de-tempo-de-ferias\/","name":"72 jovens arcuenses participaram no Programa Municipal de Ocupa\u00e7\u00e3o de Tempo de F\u00e9rias","isPartOf":{"@id":"https:\/\/www.altominho.tv\/site\/#website"},"primaryImageOfPage":{"@id":"https:\/\/www.altominho.tv\/site\/2025\/08\/29\/72-jovens-arcuenses-participaram-no-programa-municipal-de-ocupacao-de-tempo-de-ferias\/#primaryimage"},"image":{"@id":"https:\/\/www.altominho.tv\/site\/2025\/08\/29\/72-jovens-arcuenses-participaram-no-programa-municipal-de-ocupacao-de-tempo-de-ferias\/#primaryimage"},"thumbnailUrl":"https:\/\/www.altominho.tv\/site\/wp-content\/uploads\/2025\/08\/Design-sem-nome.png","datePublished":"2025-08-29T12:37:56+00:00","dateModified":"2025-08-29T12:38:00+00:00","author":{"@id":"https:\/\/www.altominho.tv\/site\/#\/schema\/person\/4e536851627d7914baf3dac752b6af22"},"breadcrumb":{"@id":"https:\/\/www.altominho.tv\/site\/2025\/08\/29\/72-jovens-arcuenses-participaram-no-programa-municipal-de-ocupacao-de-tempo-de-ferias\/#breadcrumb"},"inLanguage":"pt-PT","potentialAction":[{"@type":"ReadAction","target":["https:\/\/www.altominho.tv\/site\/2025\/08\/29\/72-jovens-arcuenses-participaram-no-programa-municipal-de-ocupacao-de-tempo-de-ferias\/"]}]},{"@type":"ImageObject","inLanguage":"pt-PT","@id":"https:\/\/www.altominho.tv\/site\/2025\/08\/29\/72-jovens-arcuenses-participaram-no-programa-municipal-de-ocupacao-de-tempo-de-ferias\/#primaryimage","url":"https:\/\/www.altominho.tv\/site\/wp-content\/uploads\/2025\/08\/Design-sem-nome.png","contentUrl":"https:\/\/www.altominho.tv\/site\/wp-content\/uploads\/2025\/08\/Design-sem-nome.png","width":1200,"height":630},{"@type":"BreadcrumbList","@id":"https:\/\/www.altominho.tv\/site\/2025\/08\/29\/72-jovens-arcuenses-participaram-no-programa-municipal-de-ocupacao-de-tempo-de-ferias\/#breadcrumb","itemListElement":[{"@type":"ListItem","position":1,"name":"In\u00edcio","item":"https:\/\/www.altominho.tv\/site\/"},{"@type":"ListItem","position":2,"name":"72 jovens arcuenses participaram no Programa Municipal de Ocupa\u00e7\u00e3o de Tempo de F\u00e9rias"}]},{"@type":"WebSite","@id":"https:\/\/www.altominho.tv\/site\/#website","url":"https:\/\/www.altominho.tv\/site\/","name":"Altominho.tv","description":"A sua regi\u00e3o \u00e0 dist\u00e2ncia de um clique...","potentialAction":[{"@type":"SearchAction","target":{"@type":"EntryPoint","urlTemplate":"https:\/\/www.altominho.tv\/site\/?s={search_term_string}"},"query-input":{"@type":"PropertyValueSpecification","valueRequired":true,"valueName":"search_term_string"}}],"inLanguage":"pt-PT"},{"@type":"Person","@id":"https:\/\/www.altominho.tv\/site\/#\/schema\/person\/4e536851627d7914baf3dac752b6af22","name":"Altominho.tv","image":{"@type":"ImageObject","inLanguage":"pt-PT","@id":"https:\/\/www.altominho.tv\/site\/wp-content\/uploads\/2019\/11\/Logo_Avatar_2-150x150.jpg","url":"https:\/\/www.altominho.tv\/site\/wp-content\/uploads\/2019\/11\/Logo_Avatar_2-150x150.jpg","contentUrl":"https:\/\/www.altominho.tv\/site\/wp-content\/uploads\/2019\/11\/Logo_Avatar_2-150x150.jpg","caption":"Altominho.tv"},"url":"https:\/\/www.altominho.tv\/site\/author\/altominhotv-tecnico\/"}]}},"_links":{"self":[{"href":"https:\/\/www.altominho.tv\/site\/wp-json\/wp\/v2\/posts\/122401","targetHints":{"allow":["GET"]}}],"collection":[{"href":"https:\/\/www.altominho.tv\/site\/wp-json\/wp\/v2\/posts"}],"about":[{"href":"https:\/\/www.altominho.tv\/site\/wp-json\/wp\/v2\/types\/post"}],"author":[{"embeddable":true,"href":"https:\/\/www.altominho.tv\/site\/wp-json\/wp\/v2\/users\/1"}],"replies":[{"embeddable":true,"href":"https:\/\/www.altominho.tv\/site\/wp-json\/wp\/v2\/comments?post=122401"}],"version-history":[{"count":1,"href":"https:\/\/www.altominho.tv\/site\/wp-json\/wp\/v2\/posts\/122401\/revisions"}],"predecessor-version":[{"id":122403,"href":"https:\/\/www.altominho.tv\/site\/wp-json\/wp\/v2\/posts\/122401\/revisions\/122403"}],"wp:featuredmedia":[{"embeddable":true,"href":"https:\/\/www.altominho.tv\/site\/wp-json\/wp\/v2\/media\/122402"}],"wp:attachment":[{"href":"https:\/\/www.altominho.tv\/site\/wp-json\/wp\/v2\/media?parent=122401"}],"wp:term":[{"taxonomy":"category","embeddable":true,"href":"https:\/\/www.altominho.tv\/site\/wp-json\/wp\/v2\/categories?post=122401"},{"taxonomy":"post_tag","embeddable":true,"href":"https:\/\/www.altominho.tv\/site\/wp-json\/wp\/v2\/tags?post=122401"}],"curies":[{"name":"wp","href":"https:\/\/api.w.org\/{rel}","templated":true}]}}