{"id":122370,"date":"2025-08-28T15:09:25","date_gmt":"2025-08-28T14:09:25","guid":{"rendered":"https:\/\/www.altominho.tv\/site\/?p=122370"},"modified":"2025-08-28T15:11:22","modified_gmt":"2025-08-28T14:11:22","slug":"pais-alto-minho-comboio","status":"publish","type":"post","link":"https:\/\/www.altominho.tv\/site\/2025\/08\/28\/pais-alto-minho-comboio\/","title":{"rendered":"Tro\u00e7o espanhol do comboio Celta feito de autocarro em alguns dias de setembro e outubro"},"content":{"rendered":"\n<p>O percurso do comboio internacional Celta em Espanha vai ser feito de autocarro aos fins de semana de setembro e no primeiro de outubro devido a obras em Vigo, segundo informa\u00e7\u00e3o das autoridades espanholas enviada \u00e0 ag\u00eancia Europa Press.<\/p>\n\n\n\n<p>De acordo com informa\u00e7\u00e3o do gestor da infraestutura Adif (equivalente \u00e0 Infraestruturas de Portugal) e do operador Renfe (cong\u00e9nere da CP &#8211; Comboios de Portugal), a circula\u00e7\u00e3o ferrovi\u00e1ria estar\u00e1 suspensa entre as esta\u00e7\u00f5es de Vigo-Guixar e Redondela nos fins de semana de setembro e no primeiro de outubro.<\/p>\n\n\n\n<p>Em causa est\u00e3o obras de melhoria da infraestrutura e, para as contornar, ser\u00e3o utilizados servi\u00e7os rodovi\u00e1rios alternativos.<\/p>\n\n\n\n<p>No caso do servi\u00e7o do comboio internacional Celta, que liga o Porto a Vigo, o percurso entre Vigo e Valen\u00e7a ser\u00e1 feito de autocarro nos seguintes dias e trajetos: no comboio Vigo-Porto das 08h58 (hora espanhola) de s\u00e1bado a segunda-feira, no Porto-Vigo das 08h13 aos s\u00e1bados e domingos, no Vigo-Porto das 19h56 (hora espanhola) aos s\u00e1bados e domingos e no Porto-Vigo das 19h10 de sexta-feira a domingo.<\/p>\n\n\n\n<p>Esta altera\u00e7\u00e3o no servi\u00e7o soma-se ao transbordo obrigat\u00f3rio feito em Viana do Castelo desde 17 de agosto, uma medida &#8220;excecional e tempor\u00e1ria&#8221; para permitir &#8220;garantir a continuidade do servi\u00e7o&#8221;, disse a CP em comunicado no dia 08 de agosto.<\/p>\n\n\n\n<p>Desde 17 de agosto que o trajeto entre Porto-Campanh\u00e3 e Viana do Castelo \u00e9 assegurado por automotoras el\u00e9tricas UTE 2240, mantendo-se as automotoras UTD 592 no percurso Viana do Castelo \u2013 Vigo.<\/p>\n\n\n\n<p>A Renfe garantiu que o comboio internacional Celta, entre o Porto e Vigo, faz um &#8220;transbordo simples&#8221; em Viana do Castelo e continua com os mesmos hor\u00e1rios, adiantando apenas &#8220;motivos operacionais&#8221; como causa para a mudan\u00e7a no servi\u00e7o.<\/p>\n\n\n\n<p>O presidente da C\u00e2mara de Viana do Castelo, Lu\u00eds Nobre (PS), disse que vai vigiar a implementa\u00e7\u00e3o \u201ctempor\u00e1ria\u201d de transbordo no comboio Celta, prevista at\u00e9 \u201cmeados de dezembro\u201d, e reclama investimento na Linha do Minho.<\/p>\n\n\n\n<p>O Eixo Atl\u00e2ntico do Noroeste Peninsular denunciou a &#8220;trai\u00e7\u00e3o&#8221; de fazer altera\u00e7\u00f5es ao comboio internacional Celta em agosto, condenando a &#8220;m\u00e1 gest\u00e3o&#8221; e garantindo que ir\u00e1 fazer tudo para repor os n\u00edveis de servi\u00e7o transfronteiri\u00e7os.<\/p>\n","protected":false},"excerpt":{"rendered":"<p>O percurso do comboio internacional Celta em Espanha vai ser feito de autocarro aos fins de semana de setembro e no primeiro de outubro devido a obras em Vigo, segundo informa\u00e7\u00e3o das autoridades espanholas enviada \u00e0 ag\u00eancia Europa Press. De acordo com informa\u00e7\u00e3o do gestor da infraestutura Adif (equivalente \u00e0 Infraestruturas de Portugal) e do [&hellip;]<\/p>\n","protected":false},"author":13,"featured_media":122371,"comment_status":"closed","ping_status":"closed","sticky":false,"template":"","format":"standard","meta":{"_exactmetrics_skip_tracking":false,"_exactmetrics_sitenote_active":false,"_exactmetrics_sitenote_note":"","_exactmetrics_sitenote_category":0,"footnotes":""},"categories":[73],"tags":[27],"class_list":["post-122370","post","type-post","status-publish","format-standard","has-post-thumbnail","hentry","category-alto-minho","tag-sociedade"],"yoast_head":"<!-- This site is optimized with the Yoast SEO Premium plugin v27.5 (Yoast SEO v27.5) - https:\/\/yoast.com\/product\/yoast-seo-premium-wordpress\/ -->\n<title>Tro\u00e7o espanhol do comboio Celta feito de autocarro em alguns dias de setembro e outubro<\/title>\n<meta name=\"description\" content=\"O tro\u00e7o espanhol do comboio Celta vai ser feito de autocarro em alguns dias de setembro e outubro.\" \/>\n<meta name=\"robots\" content=\"index, follow, max-snippet:-1, max-image-preview:large, max-video-preview:-1\" \/>\n<link rel=\"canonical\" href=\"https:\/\/www.altominho.tv\/site\/2025\/08\/28\/pais-alto-minho-comboio\/\" \/>\n<meta property=\"og:locale\" content=\"pt_PT\" \/>\n<meta property=\"og:type\" content=\"article\" \/>\n<meta property=\"og:title\" content=\"Tro\u00e7o espanhol do comboio Celta feito de autocarro em alguns dias de setembro e outubro\" \/>\n<meta property=\"og:description\" content=\"O tro\u00e7o espanhol do comboio Celta vai ser feito de autocarro em alguns dias de setembro e outubro.\" \/>\n<meta property=\"og:url\" content=\"https:\/\/www.altominho.tv\/site\/2025\/08\/28\/pais-alto-minho-comboio\/\" \/>\n<meta property=\"og:site_name\" content=\"Altominho.tv\" \/>\n<meta property=\"article:publisher\" content=\"https:\/\/www.facebook.com\/altominhotv\" \/>\n<meta property=\"article:published_time\" content=\"2025-08-28T14:09:25+00:00\" \/>\n<meta property=\"article:modified_time\" content=\"2025-08-28T14:11:22+00:00\" \/>\n<meta property=\"og:image\" content=\"https:\/\/www.altominho.tv\/site\/wp-content\/uploads\/2025\/08\/comboio.png\" \/>\n\t<meta property=\"og:image:width\" content=\"1200\" \/>\n\t<meta property=\"og:image:height\" content=\"630\" \/>\n\t<meta property=\"og:image:type\" content=\"image\/png\" \/>\n<meta name=\"author\" content=\"Lusa\" \/>\n<meta name=\"twitter:card\" content=\"summary_large_image\" \/>\n<meta name=\"twitter:creator\" content=\"@altominhoTV\" \/>\n<meta name=\"twitter:site\" content=\"@altominhoTV\" \/>\n<meta name=\"twitter:label1\" content=\"Escrito por\" \/>\n\t<meta name=\"twitter:data1\" content=\"Lusa\" \/>\n\t<meta name=\"twitter:label2\" content=\"Tempo estimado de leitura\" \/>\n\t<meta name=\"twitter:data2\" content=\"3 minutos\" \/>\n<script type=\"application\/ld+json\" class=\"yoast-schema-graph\">{\"@context\":\"https:\\\/\\\/schema.org\",\"@graph\":[{\"@type\":\"Article\",\"@id\":\"https:\\\/\\\/www.altominho.tv\\\/site\\\/2025\\\/08\\\/28\\\/pais-alto-minho-comboio\\\/#article\",\"isPartOf\":{\"@id\":\"https:\\\/\\\/www.altominho.tv\\\/site\\\/2025\\\/08\\\/28\\\/pais-alto-minho-comboio\\\/\"},\"author\":{\"name\":\"Lusa\",\"@id\":\"https:\\\/\\\/www.altominho.tv\\\/site\\\/#\\\/schema\\\/person\\\/63f693da3e1899361cbe955c46f3232e\"},\"headline\":\"Tro\u00e7o espanhol do comboio Celta feito de autocarro em alguns dias de setembro e outubro\",\"datePublished\":\"2025-08-28T14:09:25+00:00\",\"dateModified\":\"2025-08-28T14:11:22+00:00\",\"mainEntityOfPage\":{\"@id\":\"https:\\\/\\\/www.altominho.tv\\\/site\\\/2025\\\/08\\\/28\\\/pais-alto-minho-comboio\\\/\"},\"wordCount\":393,\"image\":{\"@id\":\"https:\\\/\\\/www.altominho.tv\\\/site\\\/2025\\\/08\\\/28\\\/pais-alto-minho-comboio\\\/#primaryimage\"},\"thumbnailUrl\":\"https:\\\/\\\/www.altominho.tv\\\/site\\\/wp-content\\\/uploads\\\/2025\\\/08\\\/comboio.png\",\"keywords\":[\"Sociedade\"],\"articleSection\":[\"Alto Minho\"],\"inLanguage\":\"pt-PT\",\"copyrightYear\":\"2025\",\"copyrightHolder\":{\"@id\":\"https:\\\/\\\/www.altominho.tv\\\/site\\\/#organization\"}},{\"@type\":\"WebPage\",\"@id\":\"https:\\\/\\\/www.altominho.tv\\\/site\\\/2025\\\/08\\\/28\\\/pais-alto-minho-comboio\\\/\",\"url\":\"https:\\\/\\\/www.altominho.tv\\\/site\\\/2025\\\/08\\\/28\\\/pais-alto-minho-comboio\\\/\",\"name\":\"Tro\u00e7o espanhol do comboio Celta feito de autocarro em alguns dias de setembro e outubro\",\"isPartOf\":{\"@id\":\"https:\\\/\\\/www.altominho.tv\\\/site\\\/#website\"},\"primaryImageOfPage\":{\"@id\":\"https:\\\/\\\/www.altominho.tv\\\/site\\\/2025\\\/08\\\/28\\\/pais-alto-minho-comboio\\\/#primaryimage\"},\"image\":{\"@id\":\"https:\\\/\\\/www.altominho.tv\\\/site\\\/2025\\\/08\\\/28\\\/pais-alto-minho-comboio\\\/#primaryimage\"},\"thumbnailUrl\":\"https:\\\/\\\/www.altominho.tv\\\/site\\\/wp-content\\\/uploads\\\/2025\\\/08\\\/comboio.png\",\"datePublished\":\"2025-08-28T14:09:25+00:00\",\"dateModified\":\"2025-08-28T14:11:22+00:00\",\"author\":{\"@id\":\"https:\\\/\\\/www.altominho.tv\\\/site\\\/#\\\/schema\\\/person\\\/63f693da3e1899361cbe955c46f3232e\"},\"description\":\"O tro\u00e7o espanhol do comboio Celta vai ser feito de autocarro em alguns dias de setembro e outubro.\",\"breadcrumb\":{\"@id\":\"https:\\\/\\\/www.altominho.tv\\\/site\\\/2025\\\/08\\\/28\\\/pais-alto-minho-comboio\\\/#breadcrumb\"},\"inLanguage\":\"pt-PT\",\"potentialAction\":[{\"@type\":\"ReadAction\",\"target\":[\"https:\\\/\\\/www.altominho.tv\\\/site\\\/2025\\\/08\\\/28\\\/pais-alto-minho-comboio\\\/\"]}]},{\"@type\":\"ImageObject\",\"inLanguage\":\"pt-PT\",\"@id\":\"https:\\\/\\\/www.altominho.tv\\\/site\\\/2025\\\/08\\\/28\\\/pais-alto-minho-comboio\\\/#primaryimage\",\"url\":\"https:\\\/\\\/www.altominho.tv\\\/site\\\/wp-content\\\/uploads\\\/2025\\\/08\\\/comboio.png\",\"contentUrl\":\"https:\\\/\\\/www.altominho.tv\\\/site\\\/wp-content\\\/uploads\\\/2025\\\/08\\\/comboio.png\",\"width\":1200,\"height\":630},{\"@type\":\"BreadcrumbList\",\"@id\":\"https:\\\/\\\/www.altominho.tv\\\/site\\\/2025\\\/08\\\/28\\\/pais-alto-minho-comboio\\\/#breadcrumb\",\"itemListElement\":[{\"@type\":\"ListItem\",\"position\":1,\"name\":\"In\u00edcio\",\"item\":\"https:\\\/\\\/www.altominho.tv\\\/site\\\/\"},{\"@type\":\"ListItem\",\"position\":2,\"name\":\"Tro\u00e7o espanhol do comboio Celta feito de autocarro em alguns dias de setembro e outubro\"}]},{\"@type\":\"WebSite\",\"@id\":\"https:\\\/\\\/www.altominho.tv\\\/site\\\/#website\",\"url\":\"https:\\\/\\\/www.altominho.tv\\\/site\\\/\",\"name\":\"Altominho.tv\",\"description\":\"A sua regi\u00e3o \u00e0 dist\u00e2ncia de um clique...\",\"potentialAction\":[{\"@type\":\"SearchAction\",\"target\":{\"@type\":\"EntryPoint\",\"urlTemplate\":\"https:\\\/\\\/www.altominho.tv\\\/site\\\/?s={search_term_string}\"},\"query-input\":{\"@type\":\"PropertyValueSpecification\",\"valueRequired\":true,\"valueName\":\"search_term_string\"}}],\"inLanguage\":\"pt-PT\"},{\"@type\":\"Person\",\"@id\":\"https:\\\/\\\/www.altominho.tv\\\/site\\\/#\\\/schema\\\/person\\\/63f693da3e1899361cbe955c46f3232e\",\"name\":\"Lusa\",\"image\":{\"@type\":\"ImageObject\",\"inLanguage\":\"pt-PT\",\"@id\":\"https:\\\/\\\/www.altominho.tv\\\/site\\\/wp-content\\\/uploads\\\/2019\\\/08\\\/LUSA_Logo.gif\",\"url\":\"https:\\\/\\\/www.altominho.tv\\\/site\\\/wp-content\\\/uploads\\\/2019\\\/08\\\/LUSA_Logo.gif\",\"contentUrl\":\"https:\\\/\\\/www.altominho.tv\\\/site\\\/wp-content\\\/uploads\\\/2019\\\/08\\\/LUSA_Logo.gif\",\"caption\":\"Lusa\"},\"sameAs\":[\"http:\\\/\\\/\\\/\\\/www.altominho.tv\\\/site\"],\"url\":\"https:\\\/\\\/www.altominho.tv\\\/site\\\/author\\\/lusa\\\/\"}]}<\/script>\n<!-- \/ Yoast SEO Premium plugin. -->","yoast_head_json":{"title":"Tro\u00e7o espanhol do comboio Celta feito de autocarro em alguns dias de setembro e outubro","description":"O tro\u00e7o espanhol do comboio Celta vai ser feito de autocarro em alguns dias de setembro e outubro.","robots":{"index":"index","follow":"follow","max-snippet":"max-snippet:-1","max-image-preview":"max-image-preview:large","max-video-preview":"max-video-preview:-1"},"canonical":"https:\/\/www.altominho.tv\/site\/2025\/08\/28\/pais-alto-minho-comboio\/","og_locale":"pt_PT","og_type":"article","og_title":"Tro\u00e7o espanhol do comboio Celta feito de autocarro em alguns dias de setembro e outubro","og_description":"O tro\u00e7o espanhol do comboio Celta vai ser feito de autocarro em alguns dias de setembro e outubro.","og_url":"https:\/\/www.altominho.tv\/site\/2025\/08\/28\/pais-alto-minho-comboio\/","og_site_name":"Altominho.tv","article_publisher":"https:\/\/www.facebook.com\/altominhotv","article_published_time":"2025-08-28T14:09:25+00:00","article_modified_time":"2025-08-28T14:11:22+00:00","og_image":[{"width":1200,"height":630,"url":"https:\/\/www.altominho.tv\/site\/wp-content\/uploads\/2025\/08\/comboio.png","type":"image\/png"}],"author":"Lusa","twitter_card":"summary_large_image","twitter_creator":"@altominhoTV","twitter_site":"@altominhoTV","twitter_misc":{"Escrito por":"Lusa","Tempo estimado de leitura":"3 minutos"},"schema":{"@context":"https:\/\/schema.org","@graph":[{"@type":"Article","@id":"https:\/\/www.altominho.tv\/site\/2025\/08\/28\/pais-alto-minho-comboio\/#article","isPartOf":{"@id":"https:\/\/www.altominho.tv\/site\/2025\/08\/28\/pais-alto-minho-comboio\/"},"author":{"name":"Lusa","@id":"https:\/\/www.altominho.tv\/site\/#\/schema\/person\/63f693da3e1899361cbe955c46f3232e"},"headline":"Tro\u00e7o espanhol do comboio Celta feito de autocarro em alguns dias de setembro e outubro","datePublished":"2025-08-28T14:09:25+00:00","dateModified":"2025-08-28T14:11:22+00:00","mainEntityOfPage":{"@id":"https:\/\/www.altominho.tv\/site\/2025\/08\/28\/pais-alto-minho-comboio\/"},"wordCount":393,"image":{"@id":"https:\/\/www.altominho.tv\/site\/2025\/08\/28\/pais-alto-minho-comboio\/#primaryimage"},"thumbnailUrl":"https:\/\/www.altominho.tv\/site\/wp-content\/uploads\/2025\/08\/comboio.png","keywords":["Sociedade"],"articleSection":["Alto Minho"],"inLanguage":"pt-PT","copyrightYear":"2025","copyrightHolder":{"@id":"https:\/\/www.altominho.tv\/site\/#organization"}},{"@type":"WebPage","@id":"https:\/\/www.altominho.tv\/site\/2025\/08\/28\/pais-alto-minho-comboio\/","url":"https:\/\/www.altominho.tv\/site\/2025\/08\/28\/pais-alto-minho-comboio\/","name":"Tro\u00e7o espanhol do comboio Celta feito de autocarro em alguns dias de setembro e outubro","isPartOf":{"@id":"https:\/\/www.altominho.tv\/site\/#website"},"primaryImageOfPage":{"@id":"https:\/\/www.altominho.tv\/site\/2025\/08\/28\/pais-alto-minho-comboio\/#primaryimage"},"image":{"@id":"https:\/\/www.altominho.tv\/site\/2025\/08\/28\/pais-alto-minho-comboio\/#primaryimage"},"thumbnailUrl":"https:\/\/www.altominho.tv\/site\/wp-content\/uploads\/2025\/08\/comboio.png","datePublished":"2025-08-28T14:09:25+00:00","dateModified":"2025-08-28T14:11:22+00:00","author":{"@id":"https:\/\/www.altominho.tv\/site\/#\/schema\/person\/63f693da3e1899361cbe955c46f3232e"},"description":"O tro\u00e7o espanhol do comboio Celta vai ser feito de autocarro em alguns dias de setembro e outubro.","breadcrumb":{"@id":"https:\/\/www.altominho.tv\/site\/2025\/08\/28\/pais-alto-minho-comboio\/#breadcrumb"},"inLanguage":"pt-PT","potentialAction":[{"@type":"ReadAction","target":["https:\/\/www.altominho.tv\/site\/2025\/08\/28\/pais-alto-minho-comboio\/"]}]},{"@type":"ImageObject","inLanguage":"pt-PT","@id":"https:\/\/www.altominho.tv\/site\/2025\/08\/28\/pais-alto-minho-comboio\/#primaryimage","url":"https:\/\/www.altominho.tv\/site\/wp-content\/uploads\/2025\/08\/comboio.png","contentUrl":"https:\/\/www.altominho.tv\/site\/wp-content\/uploads\/2025\/08\/comboio.png","width":1200,"height":630},{"@type":"BreadcrumbList","@id":"https:\/\/www.altominho.tv\/site\/2025\/08\/28\/pais-alto-minho-comboio\/#breadcrumb","itemListElement":[{"@type":"ListItem","position":1,"name":"In\u00edcio","item":"https:\/\/www.altominho.tv\/site\/"},{"@type":"ListItem","position":2,"name":"Tro\u00e7o espanhol do comboio Celta feito de autocarro em alguns dias de setembro e outubro"}]},{"@type":"WebSite","@id":"https:\/\/www.altominho.tv\/site\/#website","url":"https:\/\/www.altominho.tv\/site\/","name":"Altominho.tv","description":"A sua regi\u00e3o \u00e0 dist\u00e2ncia de um clique...","potentialAction":[{"@type":"SearchAction","target":{"@type":"EntryPoint","urlTemplate":"https:\/\/www.altominho.tv\/site\/?s={search_term_string}"},"query-input":{"@type":"PropertyValueSpecification","valueRequired":true,"valueName":"search_term_string"}}],"inLanguage":"pt-PT"},{"@type":"Person","@id":"https:\/\/www.altominho.tv\/site\/#\/schema\/person\/63f693da3e1899361cbe955c46f3232e","name":"Lusa","image":{"@type":"ImageObject","inLanguage":"pt-PT","@id":"https:\/\/www.altominho.tv\/site\/wp-content\/uploads\/2019\/08\/LUSA_Logo.gif","url":"https:\/\/www.altominho.tv\/site\/wp-content\/uploads\/2019\/08\/LUSA_Logo.gif","contentUrl":"https:\/\/www.altominho.tv\/site\/wp-content\/uploads\/2019\/08\/LUSA_Logo.gif","caption":"Lusa"},"sameAs":["http:\/\/\/\/www.altominho.tv\/site"],"url":"https:\/\/www.altominho.tv\/site\/author\/lusa\/"}]}},"_links":{"self":[{"href":"https:\/\/www.altominho.tv\/site\/wp-json\/wp\/v2\/posts\/122370","targetHints":{"allow":["GET"]}}],"collection":[{"href":"https:\/\/www.altominho.tv\/site\/wp-json\/wp\/v2\/posts"}],"about":[{"href":"https:\/\/www.altominho.tv\/site\/wp-json\/wp\/v2\/types\/post"}],"author":[{"embeddable":true,"href":"https:\/\/www.altominho.tv\/site\/wp-json\/wp\/v2\/users\/13"}],"replies":[{"embeddable":true,"href":"https:\/\/www.altominho.tv\/site\/wp-json\/wp\/v2\/comments?post=122370"}],"version-history":[{"count":2,"href":"https:\/\/www.altominho.tv\/site\/wp-json\/wp\/v2\/posts\/122370\/revisions"}],"predecessor-version":[{"id":122373,"href":"https:\/\/www.altominho.tv\/site\/wp-json\/wp\/v2\/posts\/122370\/revisions\/122373"}],"wp:featuredmedia":[{"embeddable":true,"href":"https:\/\/www.altominho.tv\/site\/wp-json\/wp\/v2\/media\/122371"}],"wp:attachment":[{"href":"https:\/\/www.altominho.tv\/site\/wp-json\/wp\/v2\/media?parent=122370"}],"wp:term":[{"taxonomy":"category","embeddable":true,"href":"https:\/\/www.altominho.tv\/site\/wp-json\/wp\/v2\/categories?post=122370"},{"taxonomy":"post_tag","embeddable":true,"href":"https:\/\/www.altominho.tv\/site\/wp-json\/wp\/v2\/tags?post=122370"}],"curies":[{"name":"wp","href":"https:\/\/api.w.org\/{rel}","templated":true}]}}