{"id":122366,"date":"2025-08-28T11:31:33","date_gmt":"2025-08-28T10:31:33","guid":{"rendered":"https:\/\/www.altominho.tv\/site\/?p=122366"},"modified":"2025-08-28T11:31:46","modified_gmt":"2025-08-28T10:31:46","slug":"valenca-motoclube-convivio","status":"publish","type":"post","link":"https:\/\/www.altominho.tv\/site\/2025\/08\/28\/valenca-motoclube-convivio\/","title":{"rendered":"Motoclube de Valen\u00e7a promove 3\u00ba Conv\u00edvio de Motards a 30 e 31 de agosto"},"content":{"rendered":"\n<p>O Motoclube de Valen\u00e7a, vai promover o 3\u00ba Conv\u00edvio de Motards, no pr\u00f3ximo s\u00e1bado e domingo, dia 30 e 31 de agosto.<\/p>\n\n\n\n<p>O evento tem lugar no Campo da Feira de Valen\u00e7a do Minho, e tem entrada livre.<\/p>\n\n\n\n<p>O programa arranca \u00e0s 09h00 de s\u00e1bado. Ao longo do dia h\u00e1 diversas atividades, como jogos tradicionais, freestyle, m\u00fasica, etc.<\/p>\n\n\n\n<p>Para o domingo est\u00e1 previsto um passeio de motards pelo concelho de Valen\u00e7a.<\/p>\n\n\n\n<figure class=\"wp-block-image size-large\"><img loading=\"lazy\" decoding=\"async\" width=\"724\" height=\"1024\" src=\"https:\/\/www.altominho.tv\/site\/wp-content\/uploads\/2025\/08\/536275631_122131397426817641_3191079581199530906_n-724x1024.jpg\" alt=\"\" class=\"wp-image-122367\" srcset=\"https:\/\/www.altominho.tv\/site\/wp-content\/uploads\/2025\/08\/536275631_122131397426817641_3191079581199530906_n-724x1024.jpg 724w, https:\/\/www.altominho.tv\/site\/wp-content\/uploads\/2025\/08\/536275631_122131397426817641_3191079581199530906_n-306x433.jpg 306w, https:\/\/www.altominho.tv\/site\/wp-content\/uploads\/2025\/08\/536275631_122131397426817641_3191079581199530906_n-768x1086.jpg 768w, https:\/\/www.altominho.tv\/site\/wp-content\/uploads\/2025\/08\/536275631_122131397426817641_3191079581199530906_n-1086x1536.jpg 1086w, https:\/\/www.altominho.tv\/site\/wp-content\/uploads\/2025\/08\/536275631_122131397426817641_3191079581199530906_n-370x523.jpg 370w, https:\/\/www.altominho.tv\/site\/wp-content\/uploads\/2025\/08\/536275631_122131397426817641_3191079581199530906_n-270x382.jpg 270w, https:\/\/www.altominho.tv\/site\/wp-content\/uploads\/2025\/08\/536275631_122131397426817641_3191079581199530906_n-570x806.jpg 570w, https:\/\/www.altominho.tv\/site\/wp-content\/uploads\/2025\/08\/536275631_122131397426817641_3191079581199530906_n-740x1047.jpg 740w, https:\/\/www.altominho.tv\/site\/wp-content\/uploads\/2025\/08\/536275631_122131397426817641_3191079581199530906_n.jpg 1448w\" sizes=\"auto, (max-width: 724px) 100vw, 724px\" \/><\/figure>\n","protected":false},"excerpt":{"rendered":"<p>O Motoclube de Valen\u00e7a, vai promover o 3\u00ba Conv\u00edvio de Motards, no pr\u00f3ximo s\u00e1bado e domingo, dia 30 e 31 de agosto. O evento tem lugar no Campo da Feira de Valen\u00e7a do Minho, e tem entrada livre. O programa arranca \u00e0s 09h00 de s\u00e1bado. Ao longo do dia h\u00e1 diversas atividades, como jogos tradicionais, [&hellip;]<\/p>\n","protected":false},"author":7,"featured_media":122368,"comment_status":"closed","ping_status":"closed","sticky":false,"template":"","format":"standard","meta":{"_exactmetrics_skip_tracking":false,"_exactmetrics_sitenote_active":false,"_exactmetrics_sitenote_note":"","_exactmetrics_sitenote_category":0,"footnotes":""},"categories":[13],"tags":[20,24],"class_list":["post-122366","post","type-post","status-publish","format-standard","has-post-thumbnail","hentry","category-valenca","tag-desporto","tag-lazer"],"yoast_head":"<!-- This site is optimized with the Yoast SEO Premium plugin v27.5 (Yoast SEO v27.5) - https:\/\/yoast.com\/product\/yoast-seo-premium-wordpress\/ -->\n<title>Motoclube de Valen\u00e7a promove 3\u00ba Conv\u00edvio de Motards a 30 e 31 de agosto<\/title>\n<meta name=\"description\" content=\"O Motoclube de Valen\u00e7a vai promover o 3\u00ba Conv\u00edvio de Motards a 30 e 31 de agosto.\" \/>\n<meta name=\"robots\" content=\"index, follow, max-snippet:-1, max-image-preview:large, max-video-preview:-1\" \/>\n<link rel=\"canonical\" href=\"https:\/\/www.altominho.tv\/site\/2025\/08\/28\/valenca-motoclube-convivio\/\" \/>\n<meta property=\"og:locale\" content=\"pt_PT\" \/>\n<meta property=\"og:type\" content=\"article\" \/>\n<meta property=\"og:title\" content=\"Motoclube de Valen\u00e7a promove 3\u00ba Conv\u00edvio de Motards a 30 e 31 de agosto\" \/>\n<meta property=\"og:description\" content=\"O Motoclube de Valen\u00e7a vai promover o 3\u00ba Conv\u00edvio de Motards a 30 e 31 de agosto.\" \/>\n<meta property=\"og:url\" content=\"https:\/\/www.altominho.tv\/site\/2025\/08\/28\/valenca-motoclube-convivio\/\" \/>\n<meta property=\"og:site_name\" content=\"Altominho.tv\" \/>\n<meta property=\"article:publisher\" content=\"https:\/\/www.facebook.com\/altominhotv\" \/>\n<meta property=\"article:published_time\" content=\"2025-08-28T10:31:33+00:00\" \/>\n<meta property=\"article:modified_time\" content=\"2025-08-28T10:31:46+00:00\" \/>\n<meta property=\"og:image\" content=\"https:\/\/www.altominho.tv\/site\/wp-content\/uploads\/2025\/08\/convivio-valenca.png\" \/>\n\t<meta property=\"og:image:width\" content=\"1200\" \/>\n\t<meta property=\"og:image:height\" content=\"630\" \/>\n\t<meta property=\"og:image:type\" content=\"image\/png\" \/>\n<meta name=\"author\" content=\"Andreia Cunha\" \/>\n<meta name=\"twitter:card\" content=\"summary_large_image\" \/>\n<meta name=\"twitter:creator\" content=\"@altominhoTV\" \/>\n<meta name=\"twitter:site\" content=\"@altominhoTV\" \/>\n<meta name=\"twitter:label1\" content=\"Escrito por\" \/>\n\t<meta name=\"twitter:data1\" content=\"Andreia Cunha\" \/>\n\t<meta name=\"twitter:label2\" content=\"Tempo estimado de leitura\" \/>\n\t<meta name=\"twitter:data2\" content=\"1 minuto\" \/>\n<script type=\"application\/ld+json\" class=\"yoast-schema-graph\">{\"@context\":\"https:\\\/\\\/schema.org\",\"@graph\":[{\"@type\":\"Article\",\"@id\":\"https:\\\/\\\/www.altominho.tv\\\/site\\\/2025\\\/08\\\/28\\\/valenca-motoclube-convivio\\\/#article\",\"isPartOf\":{\"@id\":\"https:\\\/\\\/www.altominho.tv\\\/site\\\/2025\\\/08\\\/28\\\/valenca-motoclube-convivio\\\/\"},\"author\":{\"name\":\"Andreia Cunha\",\"@id\":\"https:\\\/\\\/www.altominho.tv\\\/site\\\/#\\\/schema\\\/person\\\/a0e4ef6d041f98ca284393d8f1d97153\"},\"headline\":\"Motoclube de Valen\u00e7a promove 3\u00ba Conv\u00edvio de Motards a 30 e 31 de agosto\",\"datePublished\":\"2025-08-28T10:31:33+00:00\",\"dateModified\":\"2025-08-28T10:31:46+00:00\",\"mainEntityOfPage\":{\"@id\":\"https:\\\/\\\/www.altominho.tv\\\/site\\\/2025\\\/08\\\/28\\\/valenca-motoclube-convivio\\\/\"},\"wordCount\":89,\"image\":{\"@id\":\"https:\\\/\\\/www.altominho.tv\\\/site\\\/2025\\\/08\\\/28\\\/valenca-motoclube-convivio\\\/#primaryimage\"},\"thumbnailUrl\":\"https:\\\/\\\/www.altominho.tv\\\/site\\\/wp-content\\\/uploads\\\/2025\\\/08\\\/convivio-valenca.png\",\"keywords\":[\"Desporto\",\"Lazer\"],\"articleSection\":[\"Valen\u00e7a\"],\"inLanguage\":\"pt-PT\",\"copyrightYear\":\"2025\",\"copyrightHolder\":{\"@id\":\"https:\\\/\\\/www.altominho.tv\\\/site\\\/#organization\"}},{\"@type\":\"WebPage\",\"@id\":\"https:\\\/\\\/www.altominho.tv\\\/site\\\/2025\\\/08\\\/28\\\/valenca-motoclube-convivio\\\/\",\"url\":\"https:\\\/\\\/www.altominho.tv\\\/site\\\/2025\\\/08\\\/28\\\/valenca-motoclube-convivio\\\/\",\"name\":\"Motoclube de Valen\u00e7a promove 3\u00ba Conv\u00edvio de Motards a 30 e 31 de agosto\",\"isPartOf\":{\"@id\":\"https:\\\/\\\/www.altominho.tv\\\/site\\\/#website\"},\"primaryImageOfPage\":{\"@id\":\"https:\\\/\\\/www.altominho.tv\\\/site\\\/2025\\\/08\\\/28\\\/valenca-motoclube-convivio\\\/#primaryimage\"},\"image\":{\"@id\":\"https:\\\/\\\/www.altominho.tv\\\/site\\\/2025\\\/08\\\/28\\\/valenca-motoclube-convivio\\\/#primaryimage\"},\"thumbnailUrl\":\"https:\\\/\\\/www.altominho.tv\\\/site\\\/wp-content\\\/uploads\\\/2025\\\/08\\\/convivio-valenca.png\",\"datePublished\":\"2025-08-28T10:31:33+00:00\",\"dateModified\":\"2025-08-28T10:31:46+00:00\",\"author\":{\"@id\":\"https:\\\/\\\/www.altominho.tv\\\/site\\\/#\\\/schema\\\/person\\\/a0e4ef6d041f98ca284393d8f1d97153\"},\"description\":\"O Motoclube de Valen\u00e7a vai promover o 3\u00ba Conv\u00edvio de Motards a 30 e 31 de agosto.\",\"breadcrumb\":{\"@id\":\"https:\\\/\\\/www.altominho.tv\\\/site\\\/2025\\\/08\\\/28\\\/valenca-motoclube-convivio\\\/#breadcrumb\"},\"inLanguage\":\"pt-PT\",\"potentialAction\":[{\"@type\":\"ReadAction\",\"target\":[\"https:\\\/\\\/www.altominho.tv\\\/site\\\/2025\\\/08\\\/28\\\/valenca-motoclube-convivio\\\/\"]}]},{\"@type\":\"ImageObject\",\"inLanguage\":\"pt-PT\",\"@id\":\"https:\\\/\\\/www.altominho.tv\\\/site\\\/2025\\\/08\\\/28\\\/valenca-motoclube-convivio\\\/#primaryimage\",\"url\":\"https:\\\/\\\/www.altominho.tv\\\/site\\\/wp-content\\\/uploads\\\/2025\\\/08\\\/convivio-valenca.png\",\"contentUrl\":\"https:\\\/\\\/www.altominho.tv\\\/site\\\/wp-content\\\/uploads\\\/2025\\\/08\\\/convivio-valenca.png\",\"width\":1200,\"height\":630},{\"@type\":\"BreadcrumbList\",\"@id\":\"https:\\\/\\\/www.altominho.tv\\\/site\\\/2025\\\/08\\\/28\\\/valenca-motoclube-convivio\\\/#breadcrumb\",\"itemListElement\":[{\"@type\":\"ListItem\",\"position\":1,\"name\":\"In\u00edcio\",\"item\":\"https:\\\/\\\/www.altominho.tv\\\/site\\\/\"},{\"@type\":\"ListItem\",\"position\":2,\"name\":\"Motoclube de Valen\u00e7a promove 3\u00ba Conv\u00edvio de Motards a 30 e 31 de agosto\"}]},{\"@type\":\"WebSite\",\"@id\":\"https:\\\/\\\/www.altominho.tv\\\/site\\\/#website\",\"url\":\"https:\\\/\\\/www.altominho.tv\\\/site\\\/\",\"name\":\"Altominho.tv\",\"description\":\"A sua regi\u00e3o \u00e0 dist\u00e2ncia de um clique...\",\"potentialAction\":[{\"@type\":\"SearchAction\",\"target\":{\"@type\":\"EntryPoint\",\"urlTemplate\":\"https:\\\/\\\/www.altominho.tv\\\/site\\\/?s={search_term_string}\"},\"query-input\":{\"@type\":\"PropertyValueSpecification\",\"valueRequired\":true,\"valueName\":\"search_term_string\"}}],\"inLanguage\":\"pt-PT\"},{\"@type\":\"Person\",\"@id\":\"https:\\\/\\\/www.altominho.tv\\\/site\\\/#\\\/schema\\\/person\\\/a0e4ef6d041f98ca284393d8f1d97153\",\"name\":\"Andreia Cunha\",\"image\":{\"@type\":\"ImageObject\",\"inLanguage\":\"pt-PT\",\"@id\":\"https:\\\/\\\/www.altominho.tv\\\/site\\\/wp-content\\\/uploads\\\/2017\\\/11\\\/Andreia_Cunha-1-150x150.jpg\",\"url\":\"https:\\\/\\\/www.altominho.tv\\\/site\\\/wp-content\\\/uploads\\\/2017\\\/11\\\/Andreia_Cunha-1-150x150.jpg\",\"contentUrl\":\"https:\\\/\\\/www.altominho.tv\\\/site\\\/wp-content\\\/uploads\\\/2017\\\/11\\\/Andreia_Cunha-1-150x150.jpg\",\"caption\":\"Andreia Cunha\"},\"url\":\"https:\\\/\\\/www.altominho.tv\\\/site\\\/author\\\/andreiacunha\\\/\"}]}<\/script>\n<!-- \/ Yoast SEO Premium plugin. -->","yoast_head_json":{"title":"Motoclube de Valen\u00e7a promove 3\u00ba Conv\u00edvio de Motards a 30 e 31 de agosto","description":"O Motoclube de Valen\u00e7a vai promover o 3\u00ba Conv\u00edvio de Motards a 30 e 31 de agosto.","robots":{"index":"index","follow":"follow","max-snippet":"max-snippet:-1","max-image-preview":"max-image-preview:large","max-video-preview":"max-video-preview:-1"},"canonical":"https:\/\/www.altominho.tv\/site\/2025\/08\/28\/valenca-motoclube-convivio\/","og_locale":"pt_PT","og_type":"article","og_title":"Motoclube de Valen\u00e7a promove 3\u00ba Conv\u00edvio de Motards a 30 e 31 de agosto","og_description":"O Motoclube de Valen\u00e7a vai promover o 3\u00ba Conv\u00edvio de Motards a 30 e 31 de agosto.","og_url":"https:\/\/www.altominho.tv\/site\/2025\/08\/28\/valenca-motoclube-convivio\/","og_site_name":"Altominho.tv","article_publisher":"https:\/\/www.facebook.com\/altominhotv","article_published_time":"2025-08-28T10:31:33+00:00","article_modified_time":"2025-08-28T10:31:46+00:00","og_image":[{"width":1200,"height":630,"url":"https:\/\/www.altominho.tv\/site\/wp-content\/uploads\/2025\/08\/convivio-valenca.png","type":"image\/png"}],"author":"Andreia Cunha","twitter_card":"summary_large_image","twitter_creator":"@altominhoTV","twitter_site":"@altominhoTV","twitter_misc":{"Escrito por":"Andreia Cunha","Tempo estimado de leitura":"1 minuto"},"schema":{"@context":"https:\/\/schema.org","@graph":[{"@type":"Article","@id":"https:\/\/www.altominho.tv\/site\/2025\/08\/28\/valenca-motoclube-convivio\/#article","isPartOf":{"@id":"https:\/\/www.altominho.tv\/site\/2025\/08\/28\/valenca-motoclube-convivio\/"},"author":{"name":"Andreia Cunha","@id":"https:\/\/www.altominho.tv\/site\/#\/schema\/person\/a0e4ef6d041f98ca284393d8f1d97153"},"headline":"Motoclube de Valen\u00e7a promove 3\u00ba Conv\u00edvio de Motards a 30 e 31 de agosto","datePublished":"2025-08-28T10:31:33+00:00","dateModified":"2025-08-28T10:31:46+00:00","mainEntityOfPage":{"@id":"https:\/\/www.altominho.tv\/site\/2025\/08\/28\/valenca-motoclube-convivio\/"},"wordCount":89,"image":{"@id":"https:\/\/www.altominho.tv\/site\/2025\/08\/28\/valenca-motoclube-convivio\/#primaryimage"},"thumbnailUrl":"https:\/\/www.altominho.tv\/site\/wp-content\/uploads\/2025\/08\/convivio-valenca.png","keywords":["Desporto","Lazer"],"articleSection":["Valen\u00e7a"],"inLanguage":"pt-PT","copyrightYear":"2025","copyrightHolder":{"@id":"https:\/\/www.altominho.tv\/site\/#organization"}},{"@type":"WebPage","@id":"https:\/\/www.altominho.tv\/site\/2025\/08\/28\/valenca-motoclube-convivio\/","url":"https:\/\/www.altominho.tv\/site\/2025\/08\/28\/valenca-motoclube-convivio\/","name":"Motoclube de Valen\u00e7a promove 3\u00ba Conv\u00edvio de Motards a 30 e 31 de agosto","isPartOf":{"@id":"https:\/\/www.altominho.tv\/site\/#website"},"primaryImageOfPage":{"@id":"https:\/\/www.altominho.tv\/site\/2025\/08\/28\/valenca-motoclube-convivio\/#primaryimage"},"image":{"@id":"https:\/\/www.altominho.tv\/site\/2025\/08\/28\/valenca-motoclube-convivio\/#primaryimage"},"thumbnailUrl":"https:\/\/www.altominho.tv\/site\/wp-content\/uploads\/2025\/08\/convivio-valenca.png","datePublished":"2025-08-28T10:31:33+00:00","dateModified":"2025-08-28T10:31:46+00:00","author":{"@id":"https:\/\/www.altominho.tv\/site\/#\/schema\/person\/a0e4ef6d041f98ca284393d8f1d97153"},"description":"O Motoclube de Valen\u00e7a vai promover o 3\u00ba Conv\u00edvio de Motards a 30 e 31 de agosto.","breadcrumb":{"@id":"https:\/\/www.altominho.tv\/site\/2025\/08\/28\/valenca-motoclube-convivio\/#breadcrumb"},"inLanguage":"pt-PT","potentialAction":[{"@type":"ReadAction","target":["https:\/\/www.altominho.tv\/site\/2025\/08\/28\/valenca-motoclube-convivio\/"]}]},{"@type":"ImageObject","inLanguage":"pt-PT","@id":"https:\/\/www.altominho.tv\/site\/2025\/08\/28\/valenca-motoclube-convivio\/#primaryimage","url":"https:\/\/www.altominho.tv\/site\/wp-content\/uploads\/2025\/08\/convivio-valenca.png","contentUrl":"https:\/\/www.altominho.tv\/site\/wp-content\/uploads\/2025\/08\/convivio-valenca.png","width":1200,"height":630},{"@type":"BreadcrumbList","@id":"https:\/\/www.altominho.tv\/site\/2025\/08\/28\/valenca-motoclube-convivio\/#breadcrumb","itemListElement":[{"@type":"ListItem","position":1,"name":"In\u00edcio","item":"https:\/\/www.altominho.tv\/site\/"},{"@type":"ListItem","position":2,"name":"Motoclube de Valen\u00e7a promove 3\u00ba Conv\u00edvio de Motards a 30 e 31 de agosto"}]},{"@type":"WebSite","@id":"https:\/\/www.altominho.tv\/site\/#website","url":"https:\/\/www.altominho.tv\/site\/","name":"Altominho.tv","description":"A sua regi\u00e3o \u00e0 dist\u00e2ncia de um clique...","potentialAction":[{"@type":"SearchAction","target":{"@type":"EntryPoint","urlTemplate":"https:\/\/www.altominho.tv\/site\/?s={search_term_string}"},"query-input":{"@type":"PropertyValueSpecification","valueRequired":true,"valueName":"search_term_string"}}],"inLanguage":"pt-PT"},{"@type":"Person","@id":"https:\/\/www.altominho.tv\/site\/#\/schema\/person\/a0e4ef6d041f98ca284393d8f1d97153","name":"Andreia Cunha","image":{"@type":"ImageObject","inLanguage":"pt-PT","@id":"https:\/\/www.altominho.tv\/site\/wp-content\/uploads\/2017\/11\/Andreia_Cunha-1-150x150.jpg","url":"https:\/\/www.altominho.tv\/site\/wp-content\/uploads\/2017\/11\/Andreia_Cunha-1-150x150.jpg","contentUrl":"https:\/\/www.altominho.tv\/site\/wp-content\/uploads\/2017\/11\/Andreia_Cunha-1-150x150.jpg","caption":"Andreia Cunha"},"url":"https:\/\/www.altominho.tv\/site\/author\/andreiacunha\/"}]}},"_links":{"self":[{"href":"https:\/\/www.altominho.tv\/site\/wp-json\/wp\/v2\/posts\/122366","targetHints":{"allow":["GET"]}}],"collection":[{"href":"https:\/\/www.altominho.tv\/site\/wp-json\/wp\/v2\/posts"}],"about":[{"href":"https:\/\/www.altominho.tv\/site\/wp-json\/wp\/v2\/types\/post"}],"author":[{"embeddable":true,"href":"https:\/\/www.altominho.tv\/site\/wp-json\/wp\/v2\/users\/7"}],"replies":[{"embeddable":true,"href":"https:\/\/www.altominho.tv\/site\/wp-json\/wp\/v2\/comments?post=122366"}],"version-history":[{"count":1,"href":"https:\/\/www.altominho.tv\/site\/wp-json\/wp\/v2\/posts\/122366\/revisions"}],"predecessor-version":[{"id":122369,"href":"https:\/\/www.altominho.tv\/site\/wp-json\/wp\/v2\/posts\/122366\/revisions\/122369"}],"wp:featuredmedia":[{"embeddable":true,"href":"https:\/\/www.altominho.tv\/site\/wp-json\/wp\/v2\/media\/122368"}],"wp:attachment":[{"href":"https:\/\/www.altominho.tv\/site\/wp-json\/wp\/v2\/media?parent=122366"}],"wp:term":[{"taxonomy":"category","embeddable":true,"href":"https:\/\/www.altominho.tv\/site\/wp-json\/wp\/v2\/categories?post=122366"},{"taxonomy":"post_tag","embeddable":true,"href":"https:\/\/www.altominho.tv\/site\/wp-json\/wp\/v2\/tags?post=122366"}],"curies":[{"name":"wp","href":"https:\/\/api.w.org\/{rel}","templated":true}]}}