{"id":122241,"date":"2025-08-25T17:36:47","date_gmt":"2025-08-25T16:36:47","guid":{"rendered":"https:\/\/www.altominho.tv\/site\/?p=122241"},"modified":"2025-08-25T17:39:02","modified_gmt":"2025-08-25T16:39:02","slug":"feira-tradicional-da-portela-de-alvite-decorre-de-29-a-31-de-agosto","status":"publish","type":"post","link":"https:\/\/www.altominho.tv\/site\/2025\/08\/25\/feira-tradicional-da-portela-de-alvite-decorre-de-29-a-31-de-agosto\/","title":{"rendered":"Feira Tradicional da Portela de Alvite decorre de 29 a 31 de agosto"},"content":{"rendered":"<p class=\"p1\">As freguesias de Merufe, em Mon\u00e7\u00e3o, e de Sistelo, em Arcos de Valdevez, promovem, em conjunto, a Feira Tradicional da Portela de Alvite, que se realiza de 29 a 31 de agosto. Esta feira pretende defender as tradi\u00e7\u00f5es e costumes ancestrais e valorizar a identidade rural em \u00e1reas de montanha.<\/p>\n<p class=\"p1\">Realizado no recinto da feira do gado, o certame compreende a feira do garrano e cachena, concurso de gado, corridas de cavalos, encontro de folclore, cantadores ao desafio, tarde de rusgas, atua\u00e7\u00e3o de ranchos folcl\u00f3ricos e concentra\u00e7\u00e3o de grupos de bombos.<\/p>\n<p class=\"p1\">O programa abre no dia 29 de agosto, sexta-feira, pelas 21h00, com atua\u00e7\u00e3o do Grupo T\u00edpico das Pegureiras da Serra D`Anta, de Merufe, e termina no dia 31 de agosto, domingo, com corrida de cavalos, pelas 15h00, e respetiva entrega de pr\u00e9mios.<\/p>\n<p class=\"p1\">No dia 30 de agosto, s\u00e1bado, realiza-se uma chega de bois, com inicio \u00e0s 15h00, seguindo-se o conhecido Augusto Can\u00e1rio e noite de folclore, com a participa\u00e7\u00e3o de grupos dos concelhos de Mon\u00e7\u00e3o e Arcos de Valdevez.<\/p>\n<p class=\"p1\">O espa\u00e7o, que divide os concelhos de Mon\u00e7\u00e3o e Arcos de Valdevez, enche-se de expositores com material agr\u00edcola, tasquinhas com petiscos tradicionais e vinhos da regi\u00e3o.<\/p>\n\n\n<figure class=\"wp-block-image size-large\"><img loading=\"lazy\" decoding=\"async\" width=\"726\" height=\"1024\" src=\"https:\/\/www.altominho.tv\/site\/wp-content\/uploads\/2025\/08\/portela-726x1024.jpeg\" alt=\"\" class=\"wp-image-122243\" srcset=\"https:\/\/www.altominho.tv\/site\/wp-content\/uploads\/2025\/08\/portela-726x1024.jpeg 726w, https:\/\/www.altominho.tv\/site\/wp-content\/uploads\/2025\/08\/portela-307x433.jpeg 307w, https:\/\/www.altominho.tv\/site\/wp-content\/uploads\/2025\/08\/portela-768x1083.jpeg 768w, https:\/\/www.altominho.tv\/site\/wp-content\/uploads\/2025\/08\/portela-1090x1536.jpeg 1090w, https:\/\/www.altominho.tv\/site\/wp-content\/uploads\/2025\/08\/portela-370x522.jpeg 370w, https:\/\/www.altominho.tv\/site\/wp-content\/uploads\/2025\/08\/portela-270x381.jpeg 270w, https:\/\/www.altominho.tv\/site\/wp-content\/uploads\/2025\/08\/portela-570x804.jpeg 570w, https:\/\/www.altominho.tv\/site\/wp-content\/uploads\/2025\/08\/portela-740x1043.jpeg 740w, https:\/\/www.altominho.tv\/site\/wp-content\/uploads\/2025\/08\/portela.jpeg 1179w\" sizes=\"auto, (max-width: 726px) 100vw, 726px\" \/><\/figure>\n","protected":false},"excerpt":{"rendered":"<p>As freguesias de Merufe, em Mon\u00e7\u00e3o, e de Sistelo, em Arcos de Valdevez, promovem, em conjunto, a Feira Tradicional da Portela de Alvite, que se realiza de 29 a 31 de agosto. Esta feira pretende defender as tradi\u00e7\u00f5es e costumes ancestrais e valorizar a identidade rural em \u00e1reas de montanha. Realizado no recinto da feira [&hellip;]<\/p>\n","protected":false},"author":1,"featured_media":122242,"comment_status":"closed","ping_status":"closed","sticky":false,"template":"","format":"standard","meta":{"_exactmetrics_skip_tracking":false,"_exactmetrics_sitenote_active":false,"_exactmetrics_sitenote_note":"","_exactmetrics_sitenote_category":0,"footnotes":""},"categories":[73],"tags":[27],"class_list":["post-122241","post","type-post","status-publish","format-standard","has-post-thumbnail","hentry","category-alto-minho","tag-sociedade"],"yoast_head":"<!-- This site is optimized with the Yoast SEO Premium plugin v27.5 (Yoast SEO v27.5) - https:\/\/yoast.com\/product\/yoast-seo-premium-wordpress\/ -->\n<title>Feira Tradicional da Portela de Alvite decorre de 29 a 31 de agosto<\/title>\n<meta name=\"description\" content=\"As freguesias de Merufe, em Mon\u00e7\u00e3o, e de Sistelo, em Arcos de Valdevez, promovem, em conjunto, a Feira Tradicional da Portela de Alvite, que se realiza de 29 a 31 de agosto.\" \/>\n<meta name=\"robots\" content=\"index, follow, max-snippet:-1, max-image-preview:large, max-video-preview:-1\" \/>\n<link rel=\"canonical\" href=\"https:\/\/www.altominho.tv\/site\/2025\/08\/25\/feira-tradicional-da-portela-de-alvite-decorre-de-29-a-31-de-agosto\/\" \/>\n<meta property=\"og:locale\" content=\"pt_PT\" \/>\n<meta property=\"og:type\" content=\"article\" \/>\n<meta property=\"og:title\" content=\"Feira Tradicional da Portela de Alvite decorre de 29 a 31 de agosto\" \/>\n<meta property=\"og:description\" content=\"As freguesias de Merufe, em Mon\u00e7\u00e3o, e de Sistelo, em Arcos de Valdevez, promovem, em conjunto, a Feira Tradicional da Portela de Alvite, que se realiza de 29 a 31 de agosto.\" \/>\n<meta property=\"og:url\" content=\"https:\/\/www.altominho.tv\/site\/2025\/08\/25\/feira-tradicional-da-portela-de-alvite-decorre-de-29-a-31-de-agosto\/\" \/>\n<meta property=\"og:site_name\" content=\"Altominho.tv\" \/>\n<meta property=\"article:publisher\" content=\"https:\/\/www.facebook.com\/altominhotv\" \/>\n<meta property=\"article:published_time\" content=\"2025-08-25T16:36:47+00:00\" \/>\n<meta property=\"article:modified_time\" content=\"2025-08-25T16:39:02+00:00\" \/>\n<meta property=\"og:image\" content=\"https:\/\/www.altominho.tv\/site\/wp-content\/uploads\/2025\/08\/feira-portela.jpg\" \/>\n\t<meta property=\"og:image:width\" content=\"1200\" \/>\n\t<meta property=\"og:image:height\" content=\"630\" \/>\n\t<meta property=\"og:image:type\" content=\"image\/jpeg\" \/>\n<meta name=\"author\" content=\"Altominho.tv\" \/>\n<meta name=\"twitter:card\" content=\"summary_large_image\" \/>\n<meta name=\"twitter:creator\" content=\"@altominhoTV\" \/>\n<meta name=\"twitter:site\" content=\"@altominhoTV\" \/>\n<meta name=\"twitter:label1\" content=\"Escrito por\" \/>\n\t<meta name=\"twitter:data1\" content=\"Altominho.tv\" \/>\n\t<meta name=\"twitter:label2\" content=\"Tempo estimado de leitura\" \/>\n\t<meta name=\"twitter:data2\" content=\"2 minutos\" \/>\n<script type=\"application\/ld+json\" class=\"yoast-schema-graph\">{\"@context\":\"https:\\\/\\\/schema.org\",\"@graph\":[{\"@type\":\"Article\",\"@id\":\"https:\\\/\\\/www.altominho.tv\\\/site\\\/2025\\\/08\\\/25\\\/feira-tradicional-da-portela-de-alvite-decorre-de-29-a-31-de-agosto\\\/#article\",\"isPartOf\":{\"@id\":\"https:\\\/\\\/www.altominho.tv\\\/site\\\/2025\\\/08\\\/25\\\/feira-tradicional-da-portela-de-alvite-decorre-de-29-a-31-de-agosto\\\/\"},\"author\":{\"name\":\"Altominho.tv\",\"@id\":\"https:\\\/\\\/www.altominho.tv\\\/site\\\/#\\\/schema\\\/person\\\/4e536851627d7914baf3dac752b6af22\"},\"headline\":\"Feira Tradicional da Portela de Alvite decorre de 29 a 31 de agosto\",\"datePublished\":\"2025-08-25T16:36:47+00:00\",\"dateModified\":\"2025-08-25T16:39:02+00:00\",\"mainEntityOfPage\":{\"@id\":\"https:\\\/\\\/www.altominho.tv\\\/site\\\/2025\\\/08\\\/25\\\/feira-tradicional-da-portela-de-alvite-decorre-de-29-a-31-de-agosto\\\/\"},\"wordCount\":219,\"image\":{\"@id\":\"https:\\\/\\\/www.altominho.tv\\\/site\\\/2025\\\/08\\\/25\\\/feira-tradicional-da-portela-de-alvite-decorre-de-29-a-31-de-agosto\\\/#primaryimage\"},\"thumbnailUrl\":\"https:\\\/\\\/www.altominho.tv\\\/site\\\/wp-content\\\/uploads\\\/2025\\\/08\\\/feira-portela.jpg\",\"keywords\":[\"Sociedade\"],\"articleSection\":[\"Alto Minho\"],\"inLanguage\":\"pt-PT\",\"copyrightYear\":\"2025\",\"copyrightHolder\":{\"@id\":\"https:\\\/\\\/www.altominho.tv\\\/site\\\/#organization\"}},{\"@type\":\"WebPage\",\"@id\":\"https:\\\/\\\/www.altominho.tv\\\/site\\\/2025\\\/08\\\/25\\\/feira-tradicional-da-portela-de-alvite-decorre-de-29-a-31-de-agosto\\\/\",\"url\":\"https:\\\/\\\/www.altominho.tv\\\/site\\\/2025\\\/08\\\/25\\\/feira-tradicional-da-portela-de-alvite-decorre-de-29-a-31-de-agosto\\\/\",\"name\":\"Feira Tradicional da Portela de Alvite decorre de 29 a 31 de agosto\",\"isPartOf\":{\"@id\":\"https:\\\/\\\/www.altominho.tv\\\/site\\\/#website\"},\"primaryImageOfPage\":{\"@id\":\"https:\\\/\\\/www.altominho.tv\\\/site\\\/2025\\\/08\\\/25\\\/feira-tradicional-da-portela-de-alvite-decorre-de-29-a-31-de-agosto\\\/#primaryimage\"},\"image\":{\"@id\":\"https:\\\/\\\/www.altominho.tv\\\/site\\\/2025\\\/08\\\/25\\\/feira-tradicional-da-portela-de-alvite-decorre-de-29-a-31-de-agosto\\\/#primaryimage\"},\"thumbnailUrl\":\"https:\\\/\\\/www.altominho.tv\\\/site\\\/wp-content\\\/uploads\\\/2025\\\/08\\\/feira-portela.jpg\",\"datePublished\":\"2025-08-25T16:36:47+00:00\",\"dateModified\":\"2025-08-25T16:39:02+00:00\",\"author\":{\"@id\":\"https:\\\/\\\/www.altominho.tv\\\/site\\\/#\\\/schema\\\/person\\\/4e536851627d7914baf3dac752b6af22\"},\"description\":\"As freguesias de Merufe, em Mon\u00e7\u00e3o, e de Sistelo, em Arcos de Valdevez, promovem, em conjunto, a Feira Tradicional da Portela de Alvite, que se realiza de 29 a 31 de agosto.\",\"breadcrumb\":{\"@id\":\"https:\\\/\\\/www.altominho.tv\\\/site\\\/2025\\\/08\\\/25\\\/feira-tradicional-da-portela-de-alvite-decorre-de-29-a-31-de-agosto\\\/#breadcrumb\"},\"inLanguage\":\"pt-PT\",\"potentialAction\":[{\"@type\":\"ReadAction\",\"target\":[\"https:\\\/\\\/www.altominho.tv\\\/site\\\/2025\\\/08\\\/25\\\/feira-tradicional-da-portela-de-alvite-decorre-de-29-a-31-de-agosto\\\/\"]}]},{\"@type\":\"ImageObject\",\"inLanguage\":\"pt-PT\",\"@id\":\"https:\\\/\\\/www.altominho.tv\\\/site\\\/2025\\\/08\\\/25\\\/feira-tradicional-da-portela-de-alvite-decorre-de-29-a-31-de-agosto\\\/#primaryimage\",\"url\":\"https:\\\/\\\/www.altominho.tv\\\/site\\\/wp-content\\\/uploads\\\/2025\\\/08\\\/feira-portela.jpg\",\"contentUrl\":\"https:\\\/\\\/www.altominho.tv\\\/site\\\/wp-content\\\/uploads\\\/2025\\\/08\\\/feira-portela.jpg\",\"width\":1200,\"height\":630},{\"@type\":\"BreadcrumbList\",\"@id\":\"https:\\\/\\\/www.altominho.tv\\\/site\\\/2025\\\/08\\\/25\\\/feira-tradicional-da-portela-de-alvite-decorre-de-29-a-31-de-agosto\\\/#breadcrumb\",\"itemListElement\":[{\"@type\":\"ListItem\",\"position\":1,\"name\":\"In\u00edcio\",\"item\":\"https:\\\/\\\/www.altominho.tv\\\/site\\\/\"},{\"@type\":\"ListItem\",\"position\":2,\"name\":\"Feira Tradicional da Portela de Alvite decorre de 29 a 31 de agosto\"}]},{\"@type\":\"WebSite\",\"@id\":\"https:\\\/\\\/www.altominho.tv\\\/site\\\/#website\",\"url\":\"https:\\\/\\\/www.altominho.tv\\\/site\\\/\",\"name\":\"Altominho.tv\",\"description\":\"A sua regi\u00e3o \u00e0 dist\u00e2ncia de um clique...\",\"potentialAction\":[{\"@type\":\"SearchAction\",\"target\":{\"@type\":\"EntryPoint\",\"urlTemplate\":\"https:\\\/\\\/www.altominho.tv\\\/site\\\/?s={search_term_string}\"},\"query-input\":{\"@type\":\"PropertyValueSpecification\",\"valueRequired\":true,\"valueName\":\"search_term_string\"}}],\"inLanguage\":\"pt-PT\"},{\"@type\":\"Person\",\"@id\":\"https:\\\/\\\/www.altominho.tv\\\/site\\\/#\\\/schema\\\/person\\\/4e536851627d7914baf3dac752b6af22\",\"name\":\"Altominho.tv\",\"image\":{\"@type\":\"ImageObject\",\"inLanguage\":\"pt-PT\",\"@id\":\"https:\\\/\\\/www.altominho.tv\\\/site\\\/wp-content\\\/uploads\\\/2019\\\/11\\\/Logo_Avatar_2-150x150.jpg\",\"url\":\"https:\\\/\\\/www.altominho.tv\\\/site\\\/wp-content\\\/uploads\\\/2019\\\/11\\\/Logo_Avatar_2-150x150.jpg\",\"contentUrl\":\"https:\\\/\\\/www.altominho.tv\\\/site\\\/wp-content\\\/uploads\\\/2019\\\/11\\\/Logo_Avatar_2-150x150.jpg\",\"caption\":\"Altominho.tv\"},\"url\":\"https:\\\/\\\/www.altominho.tv\\\/site\\\/author\\\/altominhotv-tecnico\\\/\"}]}<\/script>\n<!-- \/ Yoast SEO Premium plugin. -->","yoast_head_json":{"title":"Feira Tradicional da Portela de Alvite decorre de 29 a 31 de agosto","description":"As freguesias de Merufe, em Mon\u00e7\u00e3o, e de Sistelo, em Arcos de Valdevez, promovem, em conjunto, a Feira Tradicional da Portela de Alvite, que se realiza de 29 a 31 de agosto.","robots":{"index":"index","follow":"follow","max-snippet":"max-snippet:-1","max-image-preview":"max-image-preview:large","max-video-preview":"max-video-preview:-1"},"canonical":"https:\/\/www.altominho.tv\/site\/2025\/08\/25\/feira-tradicional-da-portela-de-alvite-decorre-de-29-a-31-de-agosto\/","og_locale":"pt_PT","og_type":"article","og_title":"Feira Tradicional da Portela de Alvite decorre de 29 a 31 de agosto","og_description":"As freguesias de Merufe, em Mon\u00e7\u00e3o, e de Sistelo, em Arcos de Valdevez, promovem, em conjunto, a Feira Tradicional da Portela de Alvite, que se realiza de 29 a 31 de agosto.","og_url":"https:\/\/www.altominho.tv\/site\/2025\/08\/25\/feira-tradicional-da-portela-de-alvite-decorre-de-29-a-31-de-agosto\/","og_site_name":"Altominho.tv","article_publisher":"https:\/\/www.facebook.com\/altominhotv","article_published_time":"2025-08-25T16:36:47+00:00","article_modified_time":"2025-08-25T16:39:02+00:00","og_image":[{"width":1200,"height":630,"url":"https:\/\/www.altominho.tv\/site\/wp-content\/uploads\/2025\/08\/feira-portela.jpg","type":"image\/jpeg"}],"author":"Altominho.tv","twitter_card":"summary_large_image","twitter_creator":"@altominhoTV","twitter_site":"@altominhoTV","twitter_misc":{"Escrito por":"Altominho.tv","Tempo estimado de leitura":"2 minutos"},"schema":{"@context":"https:\/\/schema.org","@graph":[{"@type":"Article","@id":"https:\/\/www.altominho.tv\/site\/2025\/08\/25\/feira-tradicional-da-portela-de-alvite-decorre-de-29-a-31-de-agosto\/#article","isPartOf":{"@id":"https:\/\/www.altominho.tv\/site\/2025\/08\/25\/feira-tradicional-da-portela-de-alvite-decorre-de-29-a-31-de-agosto\/"},"author":{"name":"Altominho.tv","@id":"https:\/\/www.altominho.tv\/site\/#\/schema\/person\/4e536851627d7914baf3dac752b6af22"},"headline":"Feira Tradicional da Portela de Alvite decorre de 29 a 31 de agosto","datePublished":"2025-08-25T16:36:47+00:00","dateModified":"2025-08-25T16:39:02+00:00","mainEntityOfPage":{"@id":"https:\/\/www.altominho.tv\/site\/2025\/08\/25\/feira-tradicional-da-portela-de-alvite-decorre-de-29-a-31-de-agosto\/"},"wordCount":219,"image":{"@id":"https:\/\/www.altominho.tv\/site\/2025\/08\/25\/feira-tradicional-da-portela-de-alvite-decorre-de-29-a-31-de-agosto\/#primaryimage"},"thumbnailUrl":"https:\/\/www.altominho.tv\/site\/wp-content\/uploads\/2025\/08\/feira-portela.jpg","keywords":["Sociedade"],"articleSection":["Alto Minho"],"inLanguage":"pt-PT","copyrightYear":"2025","copyrightHolder":{"@id":"https:\/\/www.altominho.tv\/site\/#organization"}},{"@type":"WebPage","@id":"https:\/\/www.altominho.tv\/site\/2025\/08\/25\/feira-tradicional-da-portela-de-alvite-decorre-de-29-a-31-de-agosto\/","url":"https:\/\/www.altominho.tv\/site\/2025\/08\/25\/feira-tradicional-da-portela-de-alvite-decorre-de-29-a-31-de-agosto\/","name":"Feira Tradicional da Portela de Alvite decorre de 29 a 31 de agosto","isPartOf":{"@id":"https:\/\/www.altominho.tv\/site\/#website"},"primaryImageOfPage":{"@id":"https:\/\/www.altominho.tv\/site\/2025\/08\/25\/feira-tradicional-da-portela-de-alvite-decorre-de-29-a-31-de-agosto\/#primaryimage"},"image":{"@id":"https:\/\/www.altominho.tv\/site\/2025\/08\/25\/feira-tradicional-da-portela-de-alvite-decorre-de-29-a-31-de-agosto\/#primaryimage"},"thumbnailUrl":"https:\/\/www.altominho.tv\/site\/wp-content\/uploads\/2025\/08\/feira-portela.jpg","datePublished":"2025-08-25T16:36:47+00:00","dateModified":"2025-08-25T16:39:02+00:00","author":{"@id":"https:\/\/www.altominho.tv\/site\/#\/schema\/person\/4e536851627d7914baf3dac752b6af22"},"description":"As freguesias de Merufe, em Mon\u00e7\u00e3o, e de Sistelo, em Arcos de Valdevez, promovem, em conjunto, a Feira Tradicional da Portela de Alvite, que se realiza de 29 a 31 de agosto.","breadcrumb":{"@id":"https:\/\/www.altominho.tv\/site\/2025\/08\/25\/feira-tradicional-da-portela-de-alvite-decorre-de-29-a-31-de-agosto\/#breadcrumb"},"inLanguage":"pt-PT","potentialAction":[{"@type":"ReadAction","target":["https:\/\/www.altominho.tv\/site\/2025\/08\/25\/feira-tradicional-da-portela-de-alvite-decorre-de-29-a-31-de-agosto\/"]}]},{"@type":"ImageObject","inLanguage":"pt-PT","@id":"https:\/\/www.altominho.tv\/site\/2025\/08\/25\/feira-tradicional-da-portela-de-alvite-decorre-de-29-a-31-de-agosto\/#primaryimage","url":"https:\/\/www.altominho.tv\/site\/wp-content\/uploads\/2025\/08\/feira-portela.jpg","contentUrl":"https:\/\/www.altominho.tv\/site\/wp-content\/uploads\/2025\/08\/feira-portela.jpg","width":1200,"height":630},{"@type":"BreadcrumbList","@id":"https:\/\/www.altominho.tv\/site\/2025\/08\/25\/feira-tradicional-da-portela-de-alvite-decorre-de-29-a-31-de-agosto\/#breadcrumb","itemListElement":[{"@type":"ListItem","position":1,"name":"In\u00edcio","item":"https:\/\/www.altominho.tv\/site\/"},{"@type":"ListItem","position":2,"name":"Feira Tradicional da Portela de Alvite decorre de 29 a 31 de agosto"}]},{"@type":"WebSite","@id":"https:\/\/www.altominho.tv\/site\/#website","url":"https:\/\/www.altominho.tv\/site\/","name":"Altominho.tv","description":"A sua regi\u00e3o \u00e0 dist\u00e2ncia de um clique...","potentialAction":[{"@type":"SearchAction","target":{"@type":"EntryPoint","urlTemplate":"https:\/\/www.altominho.tv\/site\/?s={search_term_string}"},"query-input":{"@type":"PropertyValueSpecification","valueRequired":true,"valueName":"search_term_string"}}],"inLanguage":"pt-PT"},{"@type":"Person","@id":"https:\/\/www.altominho.tv\/site\/#\/schema\/person\/4e536851627d7914baf3dac752b6af22","name":"Altominho.tv","image":{"@type":"ImageObject","inLanguage":"pt-PT","@id":"https:\/\/www.altominho.tv\/site\/wp-content\/uploads\/2019\/11\/Logo_Avatar_2-150x150.jpg","url":"https:\/\/www.altominho.tv\/site\/wp-content\/uploads\/2019\/11\/Logo_Avatar_2-150x150.jpg","contentUrl":"https:\/\/www.altominho.tv\/site\/wp-content\/uploads\/2019\/11\/Logo_Avatar_2-150x150.jpg","caption":"Altominho.tv"},"url":"https:\/\/www.altominho.tv\/site\/author\/altominhotv-tecnico\/"}]}},"_links":{"self":[{"href":"https:\/\/www.altominho.tv\/site\/wp-json\/wp\/v2\/posts\/122241","targetHints":{"allow":["GET"]}}],"collection":[{"href":"https:\/\/www.altominho.tv\/site\/wp-json\/wp\/v2\/posts"}],"about":[{"href":"https:\/\/www.altominho.tv\/site\/wp-json\/wp\/v2\/types\/post"}],"author":[{"embeddable":true,"href":"https:\/\/www.altominho.tv\/site\/wp-json\/wp\/v2\/users\/1"}],"replies":[{"embeddable":true,"href":"https:\/\/www.altominho.tv\/site\/wp-json\/wp\/v2\/comments?post=122241"}],"version-history":[{"count":1,"href":"https:\/\/www.altominho.tv\/site\/wp-json\/wp\/v2\/posts\/122241\/revisions"}],"predecessor-version":[{"id":122244,"href":"https:\/\/www.altominho.tv\/site\/wp-json\/wp\/v2\/posts\/122241\/revisions\/122244"}],"wp:featuredmedia":[{"embeddable":true,"href":"https:\/\/www.altominho.tv\/site\/wp-json\/wp\/v2\/media\/122242"}],"wp:attachment":[{"href":"https:\/\/www.altominho.tv\/site\/wp-json\/wp\/v2\/media?parent=122241"}],"wp:term":[{"taxonomy":"category","embeddable":true,"href":"https:\/\/www.altominho.tv\/site\/wp-json\/wp\/v2\/categories?post=122241"},{"taxonomy":"post_tag","embeddable":true,"href":"https:\/\/www.altominho.tv\/site\/wp-json\/wp\/v2\/tags?post=122241"}],"curies":[{"name":"wp","href":"https:\/\/api.w.org\/{rel}","templated":true}]}}