{"id":122154,"date":"2025-08-22T13:53:16","date_gmt":"2025-08-22T12:53:16","guid":{"rendered":"https:\/\/www.altominho.tv\/site\/?p=122154"},"modified":"2025-08-22T13:53:20","modified_gmt":"2025-08-22T12:53:20","slug":"shopping-de-viana-pede-desafetacao-de-cinemas-que-para-ja-vao-manter-se-abertos","status":"publish","type":"post","link":"https:\/\/www.altominho.tv\/site\/2025\/08\/22\/shopping-de-viana-pede-desafetacao-de-cinemas-que-para-ja-vao-manter-se-abertos\/","title":{"rendered":"Shopping de Viana pede desafeta\u00e7\u00e3o de cinemas que para j\u00e1 v\u00e3o manter-se abertos"},"content":{"rendered":"<p>A administra\u00e7\u00e3o do Esta\u00e7\u00e3o Viana Shopping, em Viana do Castelo, pediu, em maio, a desafeta\u00e7\u00e3o das quatro salas de cinema do centro comercial, mas, &#8220;de momento&#8221;, o complexo explorado pela Cineplace, que at\u00e9 quer investir mais, continuar\u00e1 a funcionar.<\/p>\n<p>&#8220;Quanto aos cinemas Cineplace Esta\u00e7\u00e3o Viana Shopping, o pedido de desafeta\u00e7\u00e3o foi efetuado pelo propriet\u00e1rio: Esta\u00e7\u00e3o Viana Centro Comercial, SA&#8221;, referiu fonte oficial da Inspe\u00e7\u00e3o-Geral das Atividades Culturais (IGAC) \u00e0 Lusa em 7 de agosto.<\/p>\n<p>De acordo com a IGAC, &#8220;a justifica\u00e7\u00e3o apresentada pela requerente para o pedido assenta no facto de as salas de exibi\u00e7\u00e3o cinematogr\u00e1fica n\u00e3o terem, atualmente, espectadores em n\u00famero suficiente que justifiquem o seu funcionamento&#8221;.<\/p>\n<p>O operador dos cinemas, a empresa Cineplace, questionada pela Lusa na sequ\u00eancia da informa\u00e7\u00e3o remetida pela IGAC, disse que o encerramento dos cinemas &#8220;n\u00e3o tem qualquer fundamento&#8221;, estando at\u00e9 a &#8220;desenvolver planos para investir na moderniza\u00e7\u00e3o do cinema de Viana do Castelo&#8221;.<\/p>\n<p>J\u00e1 fonte oficial da Sonae Sierra, que gere o centro comercial que pediu a desafeta\u00e7\u00e3o das salas, refere que &#8220;de momento, no que respeita aos cinemas estes mant\u00eam a sua opera\u00e7\u00e3o habitual, sem qualquer altera\u00e7\u00e3o&#8221;, mas admite que &#8220;est\u00e1 em constante an\u00e1lise de diferentes oportunidades dentro da gest\u00e3o do seu ativo&#8221;.<\/p>\n<p>O Esta\u00e7\u00e3o Viana Shopping visa &#8220;oferecer um &#8216;tenant mix&#8217; [mistura de inquilinos] equilibrado e melhorar a experi\u00eancia do visitante&#8221;, refere a mesma fonte da Sonae Sierra.<\/p>\n<p>A Lusa questionou posteriormente a Sonae Sierra sobre se, mesmo n\u00e3o havendo altera\u00e7\u00f5es previstas de momento, est\u00e3o previstas nalgum prazo, mas n\u00e3o obteve mais esclarecimentos.<\/p>\n<p>J\u00e1 em informa\u00e7\u00f5es adicionais solicitadas pela Lusa, fonte oficial do Minist\u00e9rio da Cultura revelou que o pedido de desafeta\u00e7\u00e3o foi feito no dia 20 de maio e que &#8220;n\u00e3o se encontra fixado prazo limite para ocorrer&#8221;.<\/p>\n<p>A Lusa pediu ainda mais esclarecimentos \u00e0 IGAC e ao Minist\u00e9rio da Cultura sobre o processo de desafeta\u00e7\u00e3o e aguarda resposta.<\/p>\n<p>Al\u00e9m das quatro salas do Esta\u00e7\u00e3o Viana Shopping, est\u00e3o registadas mais quatro estruturas com dados de bilheteira transmitidos ao Instituto do Cinema e Audiovisual no distrito de Viana do Castelo: o cinema Verde Viana, tamb\u00e9m em Viana do Castelo, o Audit\u00f3rio da Casa das Artes de Arcos de Valdevez, o Cineteatro dos Bombeiros Volunt\u00e1rios de Vila Praia de \u00c2ncora, em Caminha, e o Cineteatro Jo\u00e3o Verde, em Mon\u00e7\u00e3o.<\/p>\n","protected":false},"excerpt":{"rendered":"<p>A administra\u00e7\u00e3o do Esta\u00e7\u00e3o Viana Shopping, em Viana do Castelo, pediu, em maio, a desafeta\u00e7\u00e3o das quatro salas de cinema do centro comercial, mas, &#8220;de momento&#8221;, o complexo explorado pela Cineplace, que at\u00e9 quer investir mais, continuar\u00e1 a funcionar. &#8220;Quanto aos cinemas Cineplace Esta\u00e7\u00e3o Viana Shopping, o pedido de desafeta\u00e7\u00e3o foi efetuado pelo propriet\u00e1rio: Esta\u00e7\u00e3o [&hellip;]<\/p>\n","protected":false},"author":13,"featured_media":122155,"comment_status":"closed","ping_status":"closed","sticky":false,"template":"","format":"standard","meta":{"_exactmetrics_skip_tracking":false,"_exactmetrics_sitenote_active":false,"_exactmetrics_sitenote_note":"","_exactmetrics_sitenote_category":0,"footnotes":""},"categories":[14],"tags":[24],"class_list":["post-122154","post","type-post","status-publish","format-standard","has-post-thumbnail","hentry","category-viana-do-castelo","tag-lazer"],"yoast_head":"<!-- This site is optimized with the Yoast SEO Premium plugin v27.4 (Yoast SEO v27.4) - https:\/\/yoast.com\/product\/yoast-seo-premium-wordpress\/ -->\n<title>Shopping de Viana pede desafeta\u00e7\u00e3o de cinemas que para j\u00e1 v\u00e3o manter-se abertos<\/title>\n<meta name=\"description\" content=\"A administra\u00e7\u00e3o do Esta\u00e7\u00e3o Viana Shopping, em Viana do Castelo, pediu, em maio, a desafeta\u00e7\u00e3o das quatro salas de cinema do centro comercial, mas, &quot;de momento&quot;, o complexo explorado pela Cineplace, que at\u00e9 quer investir mais, continuar\u00e1 a funcionar.\" \/>\n<meta name=\"robots\" content=\"index, follow, max-snippet:-1, max-image-preview:large, max-video-preview:-1\" \/>\n<link rel=\"canonical\" href=\"https:\/\/www.altominho.tv\/site\/2025\/08\/22\/shopping-de-viana-pede-desafetacao-de-cinemas-que-para-ja-vao-manter-se-abertos\/\" \/>\n<meta property=\"og:locale\" content=\"pt_PT\" \/>\n<meta property=\"og:type\" content=\"article\" \/>\n<meta property=\"og:title\" content=\"Shopping de Viana pede desafeta\u00e7\u00e3o de cinemas que para j\u00e1 v\u00e3o manter-se abertos\" \/>\n<meta property=\"og:description\" content=\"A administra\u00e7\u00e3o do Esta\u00e7\u00e3o Viana Shopping, em Viana do Castelo, pediu, em maio, a desafeta\u00e7\u00e3o das quatro salas de cinema do centro comercial, mas, &quot;de momento&quot;, o complexo explorado pela Cineplace, que at\u00e9 quer investir mais, continuar\u00e1 a funcionar.\" \/>\n<meta property=\"og:url\" content=\"https:\/\/www.altominho.tv\/site\/2025\/08\/22\/shopping-de-viana-pede-desafetacao-de-cinemas-que-para-ja-vao-manter-se-abertos\/\" \/>\n<meta property=\"og:site_name\" content=\"Altominho.tv\" \/>\n<meta property=\"article:publisher\" content=\"https:\/\/www.facebook.com\/altominhotv\" \/>\n<meta property=\"article:published_time\" content=\"2025-08-22T12:53:16+00:00\" \/>\n<meta property=\"article:modified_time\" content=\"2025-08-22T12:53:20+00:00\" \/>\n<meta property=\"og:image\" content=\"https:\/\/www.altominho.tv\/site\/wp-content\/uploads\/2025\/08\/shopping-viana.jpg\" \/>\n\t<meta property=\"og:image:width\" content=\"1200\" \/>\n\t<meta property=\"og:image:height\" content=\"630\" \/>\n\t<meta property=\"og:image:type\" content=\"image\/jpeg\" \/>\n<meta name=\"author\" content=\"Lusa\" \/>\n<meta name=\"twitter:card\" content=\"summary_large_image\" \/>\n<meta name=\"twitter:creator\" content=\"@altominhoTV\" \/>\n<meta name=\"twitter:site\" content=\"@altominhoTV\" \/>\n<meta name=\"twitter:label1\" content=\"Escrito por\" \/>\n\t<meta name=\"twitter:data1\" content=\"Lusa\" \/>\n\t<meta name=\"twitter:label2\" content=\"Tempo estimado de leitura\" \/>\n\t<meta name=\"twitter:data2\" content=\"3 minutos\" \/>\n<script type=\"application\/ld+json\" class=\"yoast-schema-graph\">{\"@context\":\"https:\\\/\\\/schema.org\",\"@graph\":[{\"@type\":\"Article\",\"@id\":\"https:\\\/\\\/www.altominho.tv\\\/site\\\/2025\\\/08\\\/22\\\/shopping-de-viana-pede-desafetacao-de-cinemas-que-para-ja-vao-manter-se-abertos\\\/#article\",\"isPartOf\":{\"@id\":\"https:\\\/\\\/www.altominho.tv\\\/site\\\/2025\\\/08\\\/22\\\/shopping-de-viana-pede-desafetacao-de-cinemas-que-para-ja-vao-manter-se-abertos\\\/\"},\"author\":{\"name\":\"Lusa\",\"@id\":\"https:\\\/\\\/www.altominho.tv\\\/site\\\/#\\\/schema\\\/person\\\/63f693da3e1899361cbe955c46f3232e\"},\"headline\":\"Shopping de Viana pede desafeta\u00e7\u00e3o de cinemas que para j\u00e1 v\u00e3o manter-se abertos\",\"datePublished\":\"2025-08-22T12:53:16+00:00\",\"dateModified\":\"2025-08-22T12:53:20+00:00\",\"mainEntityOfPage\":{\"@id\":\"https:\\\/\\\/www.altominho.tv\\\/site\\\/2025\\\/08\\\/22\\\/shopping-de-viana-pede-desafetacao-de-cinemas-que-para-ja-vao-manter-se-abertos\\\/\"},\"wordCount\":431,\"image\":{\"@id\":\"https:\\\/\\\/www.altominho.tv\\\/site\\\/2025\\\/08\\\/22\\\/shopping-de-viana-pede-desafetacao-de-cinemas-que-para-ja-vao-manter-se-abertos\\\/#primaryimage\"},\"thumbnailUrl\":\"https:\\\/\\\/www.altominho.tv\\\/site\\\/wp-content\\\/uploads\\\/2025\\\/08\\\/shopping-viana.jpg\",\"keywords\":[\"Lazer\"],\"articleSection\":[\"Viana do Castelo\"],\"inLanguage\":\"pt-PT\",\"copyrightYear\":\"2025\",\"copyrightHolder\":{\"@id\":\"https:\\\/\\\/www.altominho.tv\\\/site\\\/#organization\"}},{\"@type\":\"WebPage\",\"@id\":\"https:\\\/\\\/www.altominho.tv\\\/site\\\/2025\\\/08\\\/22\\\/shopping-de-viana-pede-desafetacao-de-cinemas-que-para-ja-vao-manter-se-abertos\\\/\",\"url\":\"https:\\\/\\\/www.altominho.tv\\\/site\\\/2025\\\/08\\\/22\\\/shopping-de-viana-pede-desafetacao-de-cinemas-que-para-ja-vao-manter-se-abertos\\\/\",\"name\":\"Shopping de Viana pede desafeta\u00e7\u00e3o de cinemas que para j\u00e1 v\u00e3o manter-se abertos\",\"isPartOf\":{\"@id\":\"https:\\\/\\\/www.altominho.tv\\\/site\\\/#website\"},\"primaryImageOfPage\":{\"@id\":\"https:\\\/\\\/www.altominho.tv\\\/site\\\/2025\\\/08\\\/22\\\/shopping-de-viana-pede-desafetacao-de-cinemas-que-para-ja-vao-manter-se-abertos\\\/#primaryimage\"},\"image\":{\"@id\":\"https:\\\/\\\/www.altominho.tv\\\/site\\\/2025\\\/08\\\/22\\\/shopping-de-viana-pede-desafetacao-de-cinemas-que-para-ja-vao-manter-se-abertos\\\/#primaryimage\"},\"thumbnailUrl\":\"https:\\\/\\\/www.altominho.tv\\\/site\\\/wp-content\\\/uploads\\\/2025\\\/08\\\/shopping-viana.jpg\",\"datePublished\":\"2025-08-22T12:53:16+00:00\",\"dateModified\":\"2025-08-22T12:53:20+00:00\",\"author\":{\"@id\":\"https:\\\/\\\/www.altominho.tv\\\/site\\\/#\\\/schema\\\/person\\\/63f693da3e1899361cbe955c46f3232e\"},\"description\":\"A administra\u00e7\u00e3o do Esta\u00e7\u00e3o Viana Shopping, em Viana do Castelo, pediu, em maio, a desafeta\u00e7\u00e3o das quatro salas de cinema do centro comercial, mas, \\\"de momento\\\", o complexo explorado pela Cineplace, que at\u00e9 quer investir mais, continuar\u00e1 a funcionar.\",\"breadcrumb\":{\"@id\":\"https:\\\/\\\/www.altominho.tv\\\/site\\\/2025\\\/08\\\/22\\\/shopping-de-viana-pede-desafetacao-de-cinemas-que-para-ja-vao-manter-se-abertos\\\/#breadcrumb\"},\"inLanguage\":\"pt-PT\",\"potentialAction\":[{\"@type\":\"ReadAction\",\"target\":[\"https:\\\/\\\/www.altominho.tv\\\/site\\\/2025\\\/08\\\/22\\\/shopping-de-viana-pede-desafetacao-de-cinemas-que-para-ja-vao-manter-se-abertos\\\/\"]}]},{\"@type\":\"ImageObject\",\"inLanguage\":\"pt-PT\",\"@id\":\"https:\\\/\\\/www.altominho.tv\\\/site\\\/2025\\\/08\\\/22\\\/shopping-de-viana-pede-desafetacao-de-cinemas-que-para-ja-vao-manter-se-abertos\\\/#primaryimage\",\"url\":\"https:\\\/\\\/www.altominho.tv\\\/site\\\/wp-content\\\/uploads\\\/2025\\\/08\\\/shopping-viana.jpg\",\"contentUrl\":\"https:\\\/\\\/www.altominho.tv\\\/site\\\/wp-content\\\/uploads\\\/2025\\\/08\\\/shopping-viana.jpg\",\"width\":1200,\"height\":630},{\"@type\":\"BreadcrumbList\",\"@id\":\"https:\\\/\\\/www.altominho.tv\\\/site\\\/2025\\\/08\\\/22\\\/shopping-de-viana-pede-desafetacao-de-cinemas-que-para-ja-vao-manter-se-abertos\\\/#breadcrumb\",\"itemListElement\":[{\"@type\":\"ListItem\",\"position\":1,\"name\":\"In\u00edcio\",\"item\":\"https:\\\/\\\/www.altominho.tv\\\/site\\\/\"},{\"@type\":\"ListItem\",\"position\":2,\"name\":\"Shopping de Viana pede desafeta\u00e7\u00e3o de cinemas que para j\u00e1 v\u00e3o manter-se abertos\"}]},{\"@type\":\"WebSite\",\"@id\":\"https:\\\/\\\/www.altominho.tv\\\/site\\\/#website\",\"url\":\"https:\\\/\\\/www.altominho.tv\\\/site\\\/\",\"name\":\"Altominho.tv\",\"description\":\"A sua regi\u00e3o \u00e0 dist\u00e2ncia de um clique...\",\"potentialAction\":[{\"@type\":\"SearchAction\",\"target\":{\"@type\":\"EntryPoint\",\"urlTemplate\":\"https:\\\/\\\/www.altominho.tv\\\/site\\\/?s={search_term_string}\"},\"query-input\":{\"@type\":\"PropertyValueSpecification\",\"valueRequired\":true,\"valueName\":\"search_term_string\"}}],\"inLanguage\":\"pt-PT\"},{\"@type\":\"Person\",\"@id\":\"https:\\\/\\\/www.altominho.tv\\\/site\\\/#\\\/schema\\\/person\\\/63f693da3e1899361cbe955c46f3232e\",\"name\":\"Lusa\",\"image\":{\"@type\":\"ImageObject\",\"inLanguage\":\"pt-PT\",\"@id\":\"https:\\\/\\\/www.altominho.tv\\\/site\\\/wp-content\\\/uploads\\\/2019\\\/08\\\/LUSA_Logo.gif\",\"url\":\"https:\\\/\\\/www.altominho.tv\\\/site\\\/wp-content\\\/uploads\\\/2019\\\/08\\\/LUSA_Logo.gif\",\"contentUrl\":\"https:\\\/\\\/www.altominho.tv\\\/site\\\/wp-content\\\/uploads\\\/2019\\\/08\\\/LUSA_Logo.gif\",\"caption\":\"Lusa\"},\"sameAs\":[\"http:\\\/\\\/\\\/\\\/www.altominho.tv\\\/site\"],\"url\":\"https:\\\/\\\/www.altominho.tv\\\/site\\\/author\\\/lusa\\\/\"}]}<\/script>\n<!-- \/ Yoast SEO Premium plugin. -->","yoast_head_json":{"title":"Shopping de Viana pede desafeta\u00e7\u00e3o de cinemas que para j\u00e1 v\u00e3o manter-se abertos","description":"A administra\u00e7\u00e3o do Esta\u00e7\u00e3o Viana Shopping, em Viana do Castelo, pediu, em maio, a desafeta\u00e7\u00e3o das quatro salas de cinema do centro comercial, mas, \"de momento\", o complexo explorado pela Cineplace, que at\u00e9 quer investir mais, continuar\u00e1 a funcionar.","robots":{"index":"index","follow":"follow","max-snippet":"max-snippet:-1","max-image-preview":"max-image-preview:large","max-video-preview":"max-video-preview:-1"},"canonical":"https:\/\/www.altominho.tv\/site\/2025\/08\/22\/shopping-de-viana-pede-desafetacao-de-cinemas-que-para-ja-vao-manter-se-abertos\/","og_locale":"pt_PT","og_type":"article","og_title":"Shopping de Viana pede desafeta\u00e7\u00e3o de cinemas que para j\u00e1 v\u00e3o manter-se abertos","og_description":"A administra\u00e7\u00e3o do Esta\u00e7\u00e3o Viana Shopping, em Viana do Castelo, pediu, em maio, a desafeta\u00e7\u00e3o das quatro salas de cinema do centro comercial, mas, \"de momento\", o complexo explorado pela Cineplace, que at\u00e9 quer investir mais, continuar\u00e1 a funcionar.","og_url":"https:\/\/www.altominho.tv\/site\/2025\/08\/22\/shopping-de-viana-pede-desafetacao-de-cinemas-que-para-ja-vao-manter-se-abertos\/","og_site_name":"Altominho.tv","article_publisher":"https:\/\/www.facebook.com\/altominhotv","article_published_time":"2025-08-22T12:53:16+00:00","article_modified_time":"2025-08-22T12:53:20+00:00","og_image":[{"width":1200,"height":630,"url":"https:\/\/www.altominho.tv\/site\/wp-content\/uploads\/2025\/08\/shopping-viana.jpg","type":"image\/jpeg"}],"author":"Lusa","twitter_card":"summary_large_image","twitter_creator":"@altominhoTV","twitter_site":"@altominhoTV","twitter_misc":{"Escrito por":"Lusa","Tempo estimado de leitura":"3 minutos"},"schema":{"@context":"https:\/\/schema.org","@graph":[{"@type":"Article","@id":"https:\/\/www.altominho.tv\/site\/2025\/08\/22\/shopping-de-viana-pede-desafetacao-de-cinemas-que-para-ja-vao-manter-se-abertos\/#article","isPartOf":{"@id":"https:\/\/www.altominho.tv\/site\/2025\/08\/22\/shopping-de-viana-pede-desafetacao-de-cinemas-que-para-ja-vao-manter-se-abertos\/"},"author":{"name":"Lusa","@id":"https:\/\/www.altominho.tv\/site\/#\/schema\/person\/63f693da3e1899361cbe955c46f3232e"},"headline":"Shopping de Viana pede desafeta\u00e7\u00e3o de cinemas que para j\u00e1 v\u00e3o manter-se abertos","datePublished":"2025-08-22T12:53:16+00:00","dateModified":"2025-08-22T12:53:20+00:00","mainEntityOfPage":{"@id":"https:\/\/www.altominho.tv\/site\/2025\/08\/22\/shopping-de-viana-pede-desafetacao-de-cinemas-que-para-ja-vao-manter-se-abertos\/"},"wordCount":431,"image":{"@id":"https:\/\/www.altominho.tv\/site\/2025\/08\/22\/shopping-de-viana-pede-desafetacao-de-cinemas-que-para-ja-vao-manter-se-abertos\/#primaryimage"},"thumbnailUrl":"https:\/\/www.altominho.tv\/site\/wp-content\/uploads\/2025\/08\/shopping-viana.jpg","keywords":["Lazer"],"articleSection":["Viana do Castelo"],"inLanguage":"pt-PT","copyrightYear":"2025","copyrightHolder":{"@id":"https:\/\/www.altominho.tv\/site\/#organization"}},{"@type":"WebPage","@id":"https:\/\/www.altominho.tv\/site\/2025\/08\/22\/shopping-de-viana-pede-desafetacao-de-cinemas-que-para-ja-vao-manter-se-abertos\/","url":"https:\/\/www.altominho.tv\/site\/2025\/08\/22\/shopping-de-viana-pede-desafetacao-de-cinemas-que-para-ja-vao-manter-se-abertos\/","name":"Shopping de Viana pede desafeta\u00e7\u00e3o de cinemas que para j\u00e1 v\u00e3o manter-se abertos","isPartOf":{"@id":"https:\/\/www.altominho.tv\/site\/#website"},"primaryImageOfPage":{"@id":"https:\/\/www.altominho.tv\/site\/2025\/08\/22\/shopping-de-viana-pede-desafetacao-de-cinemas-que-para-ja-vao-manter-se-abertos\/#primaryimage"},"image":{"@id":"https:\/\/www.altominho.tv\/site\/2025\/08\/22\/shopping-de-viana-pede-desafetacao-de-cinemas-que-para-ja-vao-manter-se-abertos\/#primaryimage"},"thumbnailUrl":"https:\/\/www.altominho.tv\/site\/wp-content\/uploads\/2025\/08\/shopping-viana.jpg","datePublished":"2025-08-22T12:53:16+00:00","dateModified":"2025-08-22T12:53:20+00:00","author":{"@id":"https:\/\/www.altominho.tv\/site\/#\/schema\/person\/63f693da3e1899361cbe955c46f3232e"},"description":"A administra\u00e7\u00e3o do Esta\u00e7\u00e3o Viana Shopping, em Viana do Castelo, pediu, em maio, a desafeta\u00e7\u00e3o das quatro salas de cinema do centro comercial, mas, \"de momento\", o complexo explorado pela Cineplace, que at\u00e9 quer investir mais, continuar\u00e1 a funcionar.","breadcrumb":{"@id":"https:\/\/www.altominho.tv\/site\/2025\/08\/22\/shopping-de-viana-pede-desafetacao-de-cinemas-que-para-ja-vao-manter-se-abertos\/#breadcrumb"},"inLanguage":"pt-PT","potentialAction":[{"@type":"ReadAction","target":["https:\/\/www.altominho.tv\/site\/2025\/08\/22\/shopping-de-viana-pede-desafetacao-de-cinemas-que-para-ja-vao-manter-se-abertos\/"]}]},{"@type":"ImageObject","inLanguage":"pt-PT","@id":"https:\/\/www.altominho.tv\/site\/2025\/08\/22\/shopping-de-viana-pede-desafetacao-de-cinemas-que-para-ja-vao-manter-se-abertos\/#primaryimage","url":"https:\/\/www.altominho.tv\/site\/wp-content\/uploads\/2025\/08\/shopping-viana.jpg","contentUrl":"https:\/\/www.altominho.tv\/site\/wp-content\/uploads\/2025\/08\/shopping-viana.jpg","width":1200,"height":630},{"@type":"BreadcrumbList","@id":"https:\/\/www.altominho.tv\/site\/2025\/08\/22\/shopping-de-viana-pede-desafetacao-de-cinemas-que-para-ja-vao-manter-se-abertos\/#breadcrumb","itemListElement":[{"@type":"ListItem","position":1,"name":"In\u00edcio","item":"https:\/\/www.altominho.tv\/site\/"},{"@type":"ListItem","position":2,"name":"Shopping de Viana pede desafeta\u00e7\u00e3o de cinemas que para j\u00e1 v\u00e3o manter-se abertos"}]},{"@type":"WebSite","@id":"https:\/\/www.altominho.tv\/site\/#website","url":"https:\/\/www.altominho.tv\/site\/","name":"Altominho.tv","description":"A sua regi\u00e3o \u00e0 dist\u00e2ncia de um clique...","potentialAction":[{"@type":"SearchAction","target":{"@type":"EntryPoint","urlTemplate":"https:\/\/www.altominho.tv\/site\/?s={search_term_string}"},"query-input":{"@type":"PropertyValueSpecification","valueRequired":true,"valueName":"search_term_string"}}],"inLanguage":"pt-PT"},{"@type":"Person","@id":"https:\/\/www.altominho.tv\/site\/#\/schema\/person\/63f693da3e1899361cbe955c46f3232e","name":"Lusa","image":{"@type":"ImageObject","inLanguage":"pt-PT","@id":"https:\/\/www.altominho.tv\/site\/wp-content\/uploads\/2019\/08\/LUSA_Logo.gif","url":"https:\/\/www.altominho.tv\/site\/wp-content\/uploads\/2019\/08\/LUSA_Logo.gif","contentUrl":"https:\/\/www.altominho.tv\/site\/wp-content\/uploads\/2019\/08\/LUSA_Logo.gif","caption":"Lusa"},"sameAs":["http:\/\/\/\/www.altominho.tv\/site"],"url":"https:\/\/www.altominho.tv\/site\/author\/lusa\/"}]}},"_links":{"self":[{"href":"https:\/\/www.altominho.tv\/site\/wp-json\/wp\/v2\/posts\/122154","targetHints":{"allow":["GET"]}}],"collection":[{"href":"https:\/\/www.altominho.tv\/site\/wp-json\/wp\/v2\/posts"}],"about":[{"href":"https:\/\/www.altominho.tv\/site\/wp-json\/wp\/v2\/types\/post"}],"author":[{"embeddable":true,"href":"https:\/\/www.altominho.tv\/site\/wp-json\/wp\/v2\/users\/13"}],"replies":[{"embeddable":true,"href":"https:\/\/www.altominho.tv\/site\/wp-json\/wp\/v2\/comments?post=122154"}],"version-history":[{"count":1,"href":"https:\/\/www.altominho.tv\/site\/wp-json\/wp\/v2\/posts\/122154\/revisions"}],"predecessor-version":[{"id":122156,"href":"https:\/\/www.altominho.tv\/site\/wp-json\/wp\/v2\/posts\/122154\/revisions\/122156"}],"wp:featuredmedia":[{"embeddable":true,"href":"https:\/\/www.altominho.tv\/site\/wp-json\/wp\/v2\/media\/122155"}],"wp:attachment":[{"href":"https:\/\/www.altominho.tv\/site\/wp-json\/wp\/v2\/media?parent=122154"}],"wp:term":[{"taxonomy":"category","embeddable":true,"href":"https:\/\/www.altominho.tv\/site\/wp-json\/wp\/v2\/categories?post=122154"},{"taxonomy":"post_tag","embeddable":true,"href":"https:\/\/www.altominho.tv\/site\/wp-json\/wp\/v2\/tags?post=122154"}],"curies":[{"name":"wp","href":"https:\/\/api.w.org\/{rel}","templated":true}]}}