{"id":122116,"date":"2025-08-21T11:53:12","date_gmt":"2025-08-21T10:53:12","guid":{"rendered":"https:\/\/www.altominho.tv\/site\/?p=122116"},"modified":"2025-08-21T11:53:16","modified_gmt":"2025-08-21T10:53:16","slug":"festival-900-anos-de-foral-arranca-amanha-em-ponte-de-lima-com-resistencia-e-gipsy-kings","status":"publish","type":"post","link":"https:\/\/www.altominho.tv\/site\/2025\/08\/21\/festival-900-anos-de-foral-arranca-amanha-em-ponte-de-lima-com-resistencia-e-gipsy-kings\/","title":{"rendered":"Festival \u201c900 Anos de Foral\u201d arranca amanh\u00e3 em Ponte de Lima com Resist\u00eancia e Gipsy Kings"},"content":{"rendered":"<p data-start=\"216\" data-end=\"490\">O Munic\u00edpio de Ponte de Lima promove, nos dias 22 e 23 de agosto, o Festival \u201c900 Anos de Foral\u201d, no Areal do rio Lima. O evento, integrado nas comemora\u00e7\u00f5es da outorga do foral \u00e0 vila pela Rainha D. Teresa em 1125, arranca amanh\u00e3, \u00e0s 21h30, com o concerto dos Resist\u00eancia. A entrada \u00e9 livre.<\/p>\n<p data-start=\"492\" data-end=\"776\">A banda portuguesa, formada nos anos 90 por m\u00fasicos como Pedro Ayres Magalh\u00e3es, Tim e Miguel \u00c2ngelo, sobe ao palco para abrir o cartaz. Segue-se, \u00e0s 23h30, a atua\u00e7\u00e3o dos Gipsy Kings by Diego Baliardo, que regressam a Portugal com temas emblem\u00e1ticos como Bambol\u00e9o e Djobi, Djoba.<\/p>\n<p data-start=\"778\" data-end=\"1063\">No dia seguinte, 23 de agosto, o programa prossegue com B\u00e1rbara Bandeira, \u00e0s 21h30, e Gabriel, O Pensador, \u00e0s 23h30.<\/p>\n<p data-start=\"778\" data-end=\"1063\">O festival insere-se nas celebra\u00e7\u00f5es dos 900 anos do Foral de Ponte de Lima, que se prolongam at\u00e9 mar\u00e7o de 2026 e refor\u00e7am a vila como destino cultural de refer\u00eancia.<\/p>\n","protected":false},"excerpt":{"rendered":"<p>O Munic\u00edpio de Ponte de Lima promove, nos dias 22 e 23 de agosto, o Festival \u201c900 Anos de Foral\u201d, no Areal do rio Lima. O evento, integrado nas comemora\u00e7\u00f5es da outorga do foral \u00e0 vila pela Rainha D. Teresa em 1125, arranca amanh\u00e3, \u00e0s 21h30, com o concerto dos Resist\u00eancia. A entrada \u00e9 livre. [&hellip;]<\/p>\n","protected":false},"author":1,"featured_media":122117,"comment_status":"closed","ping_status":"closed","sticky":false,"template":"","format":"standard","meta":{"_exactmetrics_skip_tracking":false,"_exactmetrics_sitenote_active":false,"_exactmetrics_sitenote_note":"","_exactmetrics_sitenote_category":0,"footnotes":""},"categories":[12],"tags":[24],"class_list":["post-122116","post","type-post","status-publish","format-standard","has-post-thumbnail","hentry","category-ponte-de-lima","tag-lazer"],"yoast_head":"<!-- This site is optimized with the Yoast SEO Premium plugin v27.4 (Yoast SEO v27.4) - https:\/\/yoast.com\/product\/yoast-seo-premium-wordpress\/ -->\n<title>Festival \u201c900 Anos de Foral\u201d arranca amanh\u00e3 em Ponte de Lima com Resist\u00eancia e Gipsy Kings<\/title>\n<meta name=\"description\" content=\"O Munic\u00edpio de Ponte de Lima promove, nos dias 22 e 23 de agosto, o Festival \u201c900 Anos de Foral\u201d, no Areal do rio Lima. O evento, integrado nas comemora\u00e7\u00f5es da outorga do foral \u00e0 vila pela Rainha D. Teresa em 1125, arranca amanh\u00e3, \u00e0s 21h30, com o concerto dos Resist\u00eancia.\" \/>\n<meta name=\"robots\" content=\"index, follow, max-snippet:-1, max-image-preview:large, max-video-preview:-1\" \/>\n<link rel=\"canonical\" href=\"https:\/\/www.altominho.tv\/site\/2025\/08\/21\/festival-900-anos-de-foral-arranca-amanha-em-ponte-de-lima-com-resistencia-e-gipsy-kings\/\" \/>\n<meta property=\"og:locale\" content=\"pt_PT\" \/>\n<meta property=\"og:type\" content=\"article\" \/>\n<meta property=\"og:title\" content=\"Festival \u201c900 Anos de Foral\u201d arranca amanh\u00e3 em Ponte de Lima com Resist\u00eancia e Gipsy Kings\" \/>\n<meta property=\"og:description\" content=\"O Munic\u00edpio de Ponte de Lima promove, nos dias 22 e 23 de agosto, o Festival \u201c900 Anos de Foral\u201d, no Areal do rio Lima. O evento, integrado nas comemora\u00e7\u00f5es da outorga do foral \u00e0 vila pela Rainha D. Teresa em 1125, arranca amanh\u00e3, \u00e0s 21h30, com o concerto dos Resist\u00eancia.\" \/>\n<meta property=\"og:url\" content=\"https:\/\/www.altominho.tv\/site\/2025\/08\/21\/festival-900-anos-de-foral-arranca-amanha-em-ponte-de-lima-com-resistencia-e-gipsy-kings\/\" \/>\n<meta property=\"og:site_name\" content=\"Altominho.tv\" \/>\n<meta property=\"article:publisher\" content=\"https:\/\/www.facebook.com\/altominhotv\" \/>\n<meta property=\"article:published_time\" content=\"2025-08-21T10:53:12+00:00\" \/>\n<meta property=\"article:modified_time\" content=\"2025-08-21T10:53:16+00:00\" \/>\n<meta property=\"og:image\" content=\"https:\/\/www.altominho.tv\/site\/wp-content\/uploads\/2025\/08\/festival-900-anos.jpg\" \/>\n\t<meta property=\"og:image:width\" content=\"1200\" \/>\n\t<meta property=\"og:image:height\" content=\"630\" \/>\n\t<meta property=\"og:image:type\" content=\"image\/jpeg\" \/>\n<meta name=\"author\" content=\"Altominho.tv\" \/>\n<meta name=\"twitter:card\" content=\"summary_large_image\" \/>\n<meta name=\"twitter:creator\" content=\"@altominhoTV\" \/>\n<meta name=\"twitter:site\" content=\"@altominhoTV\" \/>\n<meta name=\"twitter:label1\" content=\"Escrito por\" \/>\n\t<meta name=\"twitter:data1\" content=\"Altominho.tv\" \/>\n\t<meta name=\"twitter:label2\" content=\"Tempo estimado de leitura\" \/>\n\t<meta name=\"twitter:data2\" content=\"2 minutos\" \/>\n<script type=\"application\/ld+json\" class=\"yoast-schema-graph\">{\"@context\":\"https:\\\/\\\/schema.org\",\"@graph\":[{\"@type\":\"Article\",\"@id\":\"https:\\\/\\\/www.altominho.tv\\\/site\\\/2025\\\/08\\\/21\\\/festival-900-anos-de-foral-arranca-amanha-em-ponte-de-lima-com-resistencia-e-gipsy-kings\\\/#article\",\"isPartOf\":{\"@id\":\"https:\\\/\\\/www.altominho.tv\\\/site\\\/2025\\\/08\\\/21\\\/festival-900-anos-de-foral-arranca-amanha-em-ponte-de-lima-com-resistencia-e-gipsy-kings\\\/\"},\"author\":{\"name\":\"Altominho.tv\",\"@id\":\"https:\\\/\\\/www.altominho.tv\\\/site\\\/#\\\/schema\\\/person\\\/4e536851627d7914baf3dac752b6af22\"},\"headline\":\"Festival \u201c900 Anos de Foral\u201d arranca amanh\u00e3 em Ponte de Lima com Resist\u00eancia e Gipsy Kings\",\"datePublished\":\"2025-08-21T10:53:12+00:00\",\"dateModified\":\"2025-08-21T10:53:16+00:00\",\"mainEntityOfPage\":{\"@id\":\"https:\\\/\\\/www.altominho.tv\\\/site\\\/2025\\\/08\\\/21\\\/festival-900-anos-de-foral-arranca-amanha-em-ponte-de-lima-com-resistencia-e-gipsy-kings\\\/\"},\"wordCount\":171,\"image\":{\"@id\":\"https:\\\/\\\/www.altominho.tv\\\/site\\\/2025\\\/08\\\/21\\\/festival-900-anos-de-foral-arranca-amanha-em-ponte-de-lima-com-resistencia-e-gipsy-kings\\\/#primaryimage\"},\"thumbnailUrl\":\"https:\\\/\\\/www.altominho.tv\\\/site\\\/wp-content\\\/uploads\\\/2025\\\/08\\\/festival-900-anos.jpg\",\"keywords\":[\"Lazer\"],\"articleSection\":[\"Ponte de Lima\"],\"inLanguage\":\"pt-PT\",\"copyrightYear\":\"2025\",\"copyrightHolder\":{\"@id\":\"https:\\\/\\\/www.altominho.tv\\\/site\\\/#organization\"}},{\"@type\":\"WebPage\",\"@id\":\"https:\\\/\\\/www.altominho.tv\\\/site\\\/2025\\\/08\\\/21\\\/festival-900-anos-de-foral-arranca-amanha-em-ponte-de-lima-com-resistencia-e-gipsy-kings\\\/\",\"url\":\"https:\\\/\\\/www.altominho.tv\\\/site\\\/2025\\\/08\\\/21\\\/festival-900-anos-de-foral-arranca-amanha-em-ponte-de-lima-com-resistencia-e-gipsy-kings\\\/\",\"name\":\"Festival \u201c900 Anos de Foral\u201d arranca amanh\u00e3 em Ponte de Lima com Resist\u00eancia e Gipsy Kings\",\"isPartOf\":{\"@id\":\"https:\\\/\\\/www.altominho.tv\\\/site\\\/#website\"},\"primaryImageOfPage\":{\"@id\":\"https:\\\/\\\/www.altominho.tv\\\/site\\\/2025\\\/08\\\/21\\\/festival-900-anos-de-foral-arranca-amanha-em-ponte-de-lima-com-resistencia-e-gipsy-kings\\\/#primaryimage\"},\"image\":{\"@id\":\"https:\\\/\\\/www.altominho.tv\\\/site\\\/2025\\\/08\\\/21\\\/festival-900-anos-de-foral-arranca-amanha-em-ponte-de-lima-com-resistencia-e-gipsy-kings\\\/#primaryimage\"},\"thumbnailUrl\":\"https:\\\/\\\/www.altominho.tv\\\/site\\\/wp-content\\\/uploads\\\/2025\\\/08\\\/festival-900-anos.jpg\",\"datePublished\":\"2025-08-21T10:53:12+00:00\",\"dateModified\":\"2025-08-21T10:53:16+00:00\",\"author\":{\"@id\":\"https:\\\/\\\/www.altominho.tv\\\/site\\\/#\\\/schema\\\/person\\\/4e536851627d7914baf3dac752b6af22\"},\"description\":\"O Munic\u00edpio de Ponte de Lima promove, nos dias 22 e 23 de agosto, o Festival \u201c900 Anos de Foral\u201d, no Areal do rio Lima. O evento, integrado nas comemora\u00e7\u00f5es da outorga do foral \u00e0 vila pela Rainha D. Teresa em 1125, arranca amanh\u00e3, \u00e0s 21h30, com o concerto dos Resist\u00eancia.\",\"breadcrumb\":{\"@id\":\"https:\\\/\\\/www.altominho.tv\\\/site\\\/2025\\\/08\\\/21\\\/festival-900-anos-de-foral-arranca-amanha-em-ponte-de-lima-com-resistencia-e-gipsy-kings\\\/#breadcrumb\"},\"inLanguage\":\"pt-PT\",\"potentialAction\":[{\"@type\":\"ReadAction\",\"target\":[\"https:\\\/\\\/www.altominho.tv\\\/site\\\/2025\\\/08\\\/21\\\/festival-900-anos-de-foral-arranca-amanha-em-ponte-de-lima-com-resistencia-e-gipsy-kings\\\/\"]}]},{\"@type\":\"ImageObject\",\"inLanguage\":\"pt-PT\",\"@id\":\"https:\\\/\\\/www.altominho.tv\\\/site\\\/2025\\\/08\\\/21\\\/festival-900-anos-de-foral-arranca-amanha-em-ponte-de-lima-com-resistencia-e-gipsy-kings\\\/#primaryimage\",\"url\":\"https:\\\/\\\/www.altominho.tv\\\/site\\\/wp-content\\\/uploads\\\/2025\\\/08\\\/festival-900-anos.jpg\",\"contentUrl\":\"https:\\\/\\\/www.altominho.tv\\\/site\\\/wp-content\\\/uploads\\\/2025\\\/08\\\/festival-900-anos.jpg\",\"width\":1200,\"height\":630},{\"@type\":\"BreadcrumbList\",\"@id\":\"https:\\\/\\\/www.altominho.tv\\\/site\\\/2025\\\/08\\\/21\\\/festival-900-anos-de-foral-arranca-amanha-em-ponte-de-lima-com-resistencia-e-gipsy-kings\\\/#breadcrumb\",\"itemListElement\":[{\"@type\":\"ListItem\",\"position\":1,\"name\":\"In\u00edcio\",\"item\":\"https:\\\/\\\/www.altominho.tv\\\/site\\\/\"},{\"@type\":\"ListItem\",\"position\":2,\"name\":\"Festival \u201c900 Anos de Foral\u201d arranca amanh\u00e3 em Ponte de Lima com Resist\u00eancia e Gipsy Kings\"}]},{\"@type\":\"WebSite\",\"@id\":\"https:\\\/\\\/www.altominho.tv\\\/site\\\/#website\",\"url\":\"https:\\\/\\\/www.altominho.tv\\\/site\\\/\",\"name\":\"Altominho.tv\",\"description\":\"A sua regi\u00e3o \u00e0 dist\u00e2ncia de um clique...\",\"potentialAction\":[{\"@type\":\"SearchAction\",\"target\":{\"@type\":\"EntryPoint\",\"urlTemplate\":\"https:\\\/\\\/www.altominho.tv\\\/site\\\/?s={search_term_string}\"},\"query-input\":{\"@type\":\"PropertyValueSpecification\",\"valueRequired\":true,\"valueName\":\"search_term_string\"}}],\"inLanguage\":\"pt-PT\"},{\"@type\":\"Person\",\"@id\":\"https:\\\/\\\/www.altominho.tv\\\/site\\\/#\\\/schema\\\/person\\\/4e536851627d7914baf3dac752b6af22\",\"name\":\"Altominho.tv\",\"image\":{\"@type\":\"ImageObject\",\"inLanguage\":\"pt-PT\",\"@id\":\"https:\\\/\\\/www.altominho.tv\\\/site\\\/wp-content\\\/uploads\\\/2019\\\/11\\\/Logo_Avatar_2-150x150.jpg\",\"url\":\"https:\\\/\\\/www.altominho.tv\\\/site\\\/wp-content\\\/uploads\\\/2019\\\/11\\\/Logo_Avatar_2-150x150.jpg\",\"contentUrl\":\"https:\\\/\\\/www.altominho.tv\\\/site\\\/wp-content\\\/uploads\\\/2019\\\/11\\\/Logo_Avatar_2-150x150.jpg\",\"caption\":\"Altominho.tv\"},\"url\":\"https:\\\/\\\/www.altominho.tv\\\/site\\\/author\\\/altominhotv-tecnico\\\/\"}]}<\/script>\n<!-- \/ Yoast SEO Premium plugin. -->","yoast_head_json":{"title":"Festival \u201c900 Anos de Foral\u201d arranca amanh\u00e3 em Ponte de Lima com Resist\u00eancia e Gipsy Kings","description":"O Munic\u00edpio de Ponte de Lima promove, nos dias 22 e 23 de agosto, o Festival \u201c900 Anos de Foral\u201d, no Areal do rio Lima. O evento, integrado nas comemora\u00e7\u00f5es da outorga do foral \u00e0 vila pela Rainha D. Teresa em 1125, arranca amanh\u00e3, \u00e0s 21h30, com o concerto dos Resist\u00eancia.","robots":{"index":"index","follow":"follow","max-snippet":"max-snippet:-1","max-image-preview":"max-image-preview:large","max-video-preview":"max-video-preview:-1"},"canonical":"https:\/\/www.altominho.tv\/site\/2025\/08\/21\/festival-900-anos-de-foral-arranca-amanha-em-ponte-de-lima-com-resistencia-e-gipsy-kings\/","og_locale":"pt_PT","og_type":"article","og_title":"Festival \u201c900 Anos de Foral\u201d arranca amanh\u00e3 em Ponte de Lima com Resist\u00eancia e Gipsy Kings","og_description":"O Munic\u00edpio de Ponte de Lima promove, nos dias 22 e 23 de agosto, o Festival \u201c900 Anos de Foral\u201d, no Areal do rio Lima. O evento, integrado nas comemora\u00e7\u00f5es da outorga do foral \u00e0 vila pela Rainha D. Teresa em 1125, arranca amanh\u00e3, \u00e0s 21h30, com o concerto dos Resist\u00eancia.","og_url":"https:\/\/www.altominho.tv\/site\/2025\/08\/21\/festival-900-anos-de-foral-arranca-amanha-em-ponte-de-lima-com-resistencia-e-gipsy-kings\/","og_site_name":"Altominho.tv","article_publisher":"https:\/\/www.facebook.com\/altominhotv","article_published_time":"2025-08-21T10:53:12+00:00","article_modified_time":"2025-08-21T10:53:16+00:00","og_image":[{"width":1200,"height":630,"url":"https:\/\/www.altominho.tv\/site\/wp-content\/uploads\/2025\/08\/festival-900-anos.jpg","type":"image\/jpeg"}],"author":"Altominho.tv","twitter_card":"summary_large_image","twitter_creator":"@altominhoTV","twitter_site":"@altominhoTV","twitter_misc":{"Escrito por":"Altominho.tv","Tempo estimado de leitura":"2 minutos"},"schema":{"@context":"https:\/\/schema.org","@graph":[{"@type":"Article","@id":"https:\/\/www.altominho.tv\/site\/2025\/08\/21\/festival-900-anos-de-foral-arranca-amanha-em-ponte-de-lima-com-resistencia-e-gipsy-kings\/#article","isPartOf":{"@id":"https:\/\/www.altominho.tv\/site\/2025\/08\/21\/festival-900-anos-de-foral-arranca-amanha-em-ponte-de-lima-com-resistencia-e-gipsy-kings\/"},"author":{"name":"Altominho.tv","@id":"https:\/\/www.altominho.tv\/site\/#\/schema\/person\/4e536851627d7914baf3dac752b6af22"},"headline":"Festival \u201c900 Anos de Foral\u201d arranca amanh\u00e3 em Ponte de Lima com Resist\u00eancia e Gipsy Kings","datePublished":"2025-08-21T10:53:12+00:00","dateModified":"2025-08-21T10:53:16+00:00","mainEntityOfPage":{"@id":"https:\/\/www.altominho.tv\/site\/2025\/08\/21\/festival-900-anos-de-foral-arranca-amanha-em-ponte-de-lima-com-resistencia-e-gipsy-kings\/"},"wordCount":171,"image":{"@id":"https:\/\/www.altominho.tv\/site\/2025\/08\/21\/festival-900-anos-de-foral-arranca-amanha-em-ponte-de-lima-com-resistencia-e-gipsy-kings\/#primaryimage"},"thumbnailUrl":"https:\/\/www.altominho.tv\/site\/wp-content\/uploads\/2025\/08\/festival-900-anos.jpg","keywords":["Lazer"],"articleSection":["Ponte de Lima"],"inLanguage":"pt-PT","copyrightYear":"2025","copyrightHolder":{"@id":"https:\/\/www.altominho.tv\/site\/#organization"}},{"@type":"WebPage","@id":"https:\/\/www.altominho.tv\/site\/2025\/08\/21\/festival-900-anos-de-foral-arranca-amanha-em-ponte-de-lima-com-resistencia-e-gipsy-kings\/","url":"https:\/\/www.altominho.tv\/site\/2025\/08\/21\/festival-900-anos-de-foral-arranca-amanha-em-ponte-de-lima-com-resistencia-e-gipsy-kings\/","name":"Festival \u201c900 Anos de Foral\u201d arranca amanh\u00e3 em Ponte de Lima com Resist\u00eancia e Gipsy Kings","isPartOf":{"@id":"https:\/\/www.altominho.tv\/site\/#website"},"primaryImageOfPage":{"@id":"https:\/\/www.altominho.tv\/site\/2025\/08\/21\/festival-900-anos-de-foral-arranca-amanha-em-ponte-de-lima-com-resistencia-e-gipsy-kings\/#primaryimage"},"image":{"@id":"https:\/\/www.altominho.tv\/site\/2025\/08\/21\/festival-900-anos-de-foral-arranca-amanha-em-ponte-de-lima-com-resistencia-e-gipsy-kings\/#primaryimage"},"thumbnailUrl":"https:\/\/www.altominho.tv\/site\/wp-content\/uploads\/2025\/08\/festival-900-anos.jpg","datePublished":"2025-08-21T10:53:12+00:00","dateModified":"2025-08-21T10:53:16+00:00","author":{"@id":"https:\/\/www.altominho.tv\/site\/#\/schema\/person\/4e536851627d7914baf3dac752b6af22"},"description":"O Munic\u00edpio de Ponte de Lima promove, nos dias 22 e 23 de agosto, o Festival \u201c900 Anos de Foral\u201d, no Areal do rio Lima. O evento, integrado nas comemora\u00e7\u00f5es da outorga do foral \u00e0 vila pela Rainha D. Teresa em 1125, arranca amanh\u00e3, \u00e0s 21h30, com o concerto dos Resist\u00eancia.","breadcrumb":{"@id":"https:\/\/www.altominho.tv\/site\/2025\/08\/21\/festival-900-anos-de-foral-arranca-amanha-em-ponte-de-lima-com-resistencia-e-gipsy-kings\/#breadcrumb"},"inLanguage":"pt-PT","potentialAction":[{"@type":"ReadAction","target":["https:\/\/www.altominho.tv\/site\/2025\/08\/21\/festival-900-anos-de-foral-arranca-amanha-em-ponte-de-lima-com-resistencia-e-gipsy-kings\/"]}]},{"@type":"ImageObject","inLanguage":"pt-PT","@id":"https:\/\/www.altominho.tv\/site\/2025\/08\/21\/festival-900-anos-de-foral-arranca-amanha-em-ponte-de-lima-com-resistencia-e-gipsy-kings\/#primaryimage","url":"https:\/\/www.altominho.tv\/site\/wp-content\/uploads\/2025\/08\/festival-900-anos.jpg","contentUrl":"https:\/\/www.altominho.tv\/site\/wp-content\/uploads\/2025\/08\/festival-900-anos.jpg","width":1200,"height":630},{"@type":"BreadcrumbList","@id":"https:\/\/www.altominho.tv\/site\/2025\/08\/21\/festival-900-anos-de-foral-arranca-amanha-em-ponte-de-lima-com-resistencia-e-gipsy-kings\/#breadcrumb","itemListElement":[{"@type":"ListItem","position":1,"name":"In\u00edcio","item":"https:\/\/www.altominho.tv\/site\/"},{"@type":"ListItem","position":2,"name":"Festival \u201c900 Anos de Foral\u201d arranca amanh\u00e3 em Ponte de Lima com Resist\u00eancia e Gipsy Kings"}]},{"@type":"WebSite","@id":"https:\/\/www.altominho.tv\/site\/#website","url":"https:\/\/www.altominho.tv\/site\/","name":"Altominho.tv","description":"A sua regi\u00e3o \u00e0 dist\u00e2ncia de um clique...","potentialAction":[{"@type":"SearchAction","target":{"@type":"EntryPoint","urlTemplate":"https:\/\/www.altominho.tv\/site\/?s={search_term_string}"},"query-input":{"@type":"PropertyValueSpecification","valueRequired":true,"valueName":"search_term_string"}}],"inLanguage":"pt-PT"},{"@type":"Person","@id":"https:\/\/www.altominho.tv\/site\/#\/schema\/person\/4e536851627d7914baf3dac752b6af22","name":"Altominho.tv","image":{"@type":"ImageObject","inLanguage":"pt-PT","@id":"https:\/\/www.altominho.tv\/site\/wp-content\/uploads\/2019\/11\/Logo_Avatar_2-150x150.jpg","url":"https:\/\/www.altominho.tv\/site\/wp-content\/uploads\/2019\/11\/Logo_Avatar_2-150x150.jpg","contentUrl":"https:\/\/www.altominho.tv\/site\/wp-content\/uploads\/2019\/11\/Logo_Avatar_2-150x150.jpg","caption":"Altominho.tv"},"url":"https:\/\/www.altominho.tv\/site\/author\/altominhotv-tecnico\/"}]}},"_links":{"self":[{"href":"https:\/\/www.altominho.tv\/site\/wp-json\/wp\/v2\/posts\/122116","targetHints":{"allow":["GET"]}}],"collection":[{"href":"https:\/\/www.altominho.tv\/site\/wp-json\/wp\/v2\/posts"}],"about":[{"href":"https:\/\/www.altominho.tv\/site\/wp-json\/wp\/v2\/types\/post"}],"author":[{"embeddable":true,"href":"https:\/\/www.altominho.tv\/site\/wp-json\/wp\/v2\/users\/1"}],"replies":[{"embeddable":true,"href":"https:\/\/www.altominho.tv\/site\/wp-json\/wp\/v2\/comments?post=122116"}],"version-history":[{"count":1,"href":"https:\/\/www.altominho.tv\/site\/wp-json\/wp\/v2\/posts\/122116\/revisions"}],"predecessor-version":[{"id":122118,"href":"https:\/\/www.altominho.tv\/site\/wp-json\/wp\/v2\/posts\/122116\/revisions\/122118"}],"wp:featuredmedia":[{"embeddable":true,"href":"https:\/\/www.altominho.tv\/site\/wp-json\/wp\/v2\/media\/122117"}],"wp:attachment":[{"href":"https:\/\/www.altominho.tv\/site\/wp-json\/wp\/v2\/media?parent=122116"}],"wp:term":[{"taxonomy":"category","embeddable":true,"href":"https:\/\/www.altominho.tv\/site\/wp-json\/wp\/v2\/categories?post=122116"},{"taxonomy":"post_tag","embeddable":true,"href":"https:\/\/www.altominho.tv\/site\/wp-json\/wp\/v2\/tags?post=122116"}],"curies":[{"name":"wp","href":"https:\/\/api.w.org\/{rel}","templated":true}]}}