{"id":122109,"date":"2025-08-21T10:39:14","date_gmt":"2025-08-21T09:39:14","guid":{"rendered":"https:\/\/www.altominho.tv\/site\/?p=122109"},"modified":"2025-08-21T10:41:45","modified_gmt":"2025-08-21T09:41:45","slug":"bombeiros-voluntarios-de-arcos-de-valdevez-novos-elementos","status":"publish","type":"post","link":"https:\/\/www.altominho.tv\/site\/2025\/08\/21\/bombeiros-voluntarios-de-arcos-de-valdevez-novos-elementos\/","title":{"rendered":"Associa\u00e7\u00e3o Humanit\u00e1ria dos Bombeiros Volunt\u00e1rios de Arcos de Valdevez recebe 11 novos elementos\u00a0"},"content":{"rendered":"<p class=\"p1\">A Associa\u00e7\u00e3o Humanit\u00e1ria dos Bombeiros Volunt\u00e1rios de Arcos de Valdevez anunciou a integra\u00e7\u00e3o de 11 novos bombeiros no seu corpo ativo.<\/p>\n<p class=\"p1\">\u201cAp\u00f3s 10 meses de rigorosa forma\u00e7\u00e3o e instru\u00e7\u00e3o inicial, estes elementos est\u00e3o agora preparados para assumir, com responsabilidade e dedica\u00e7\u00e3o, a nobre miss\u00e3o de servir a comunidade arcuense\u201d, refere a associa\u00e7\u00e3o nas redes sociais.<\/p>\n<p class=\"p1\">A incorpora\u00e7\u00e3o destes bombeiros representa um refor\u00e7o significativo na capacidade de resposta, consolidando os valores de disciplina, solidariedade e esp\u00edrito de miss\u00e3o que norteiam a institui\u00e7\u00e3o.<\/p>\n<p class=\"p1\">A associa\u00e7\u00e3o deseja \u201ca todos os novos bombeiros um percurso marcado pela honra de vestir esta farda e pela lealdade \u00e0 grande fam\u00edlia que \u00e9 a AHBVAV\u201d.<\/p>\n","protected":false},"excerpt":{"rendered":"<p>A Associa\u00e7\u00e3o Humanit\u00e1ria dos Bombeiros Volunt\u00e1rios de Arcos de Valdevez anunciou a integra\u00e7\u00e3o de 11 novos bombeiros no seu corpo ativo. \u201cAp\u00f3s 10 meses de rigorosa forma\u00e7\u00e3o e instru\u00e7\u00e3o inicial, estes elementos est\u00e3o agora preparados para assumir, com responsabilidade e dedica\u00e7\u00e3o, a nobre miss\u00e3o de servir a comunidade arcuense\u201d, refere a associa\u00e7\u00e3o nas redes sociais. [&hellip;]<\/p>\n","protected":false},"author":1,"featured_media":122110,"comment_status":"closed","ping_status":"closed","sticky":false,"template":"","format":"standard","meta":{"_exactmetrics_skip_tracking":false,"_exactmetrics_sitenote_active":false,"_exactmetrics_sitenote_note":"","_exactmetrics_sitenote_category":0,"footnotes":""},"categories":[2],"tags":[27],"class_list":["post-122109","post","type-post","status-publish","format-standard","has-post-thumbnail","hentry","category-arcos-de-valdevez","tag-sociedade"],"yoast_head":"<!-- This site is optimized with the Yoast SEO Premium plugin v27.4 (Yoast SEO v27.4) - https:\/\/yoast.com\/product\/yoast-seo-premium-wordpress\/ -->\n<title>Associa\u00e7\u00e3o Humanit\u00e1ria dos Bombeiros Volunt\u00e1rios de Arcos de Valdevez recebe 11 novos elementos\u00a0<\/title>\n<meta name=\"description\" content=\"A Associa\u00e7\u00e3o Humanit\u00e1ria dos Bombeiros Volunt\u00e1rios de Arcos de Valdevez anunciou a integra\u00e7\u00e3o de 11 novos bombeiros no seu Corpo Ativo.\" \/>\n<meta name=\"robots\" content=\"index, follow, max-snippet:-1, max-image-preview:large, max-video-preview:-1\" \/>\n<link rel=\"canonical\" href=\"https:\/\/www.altominho.tv\/site\/2025\/08\/21\/bombeiros-voluntarios-de-arcos-de-valdevez-novos-elementos\/\" \/>\n<meta property=\"og:locale\" content=\"pt_PT\" \/>\n<meta property=\"og:type\" content=\"article\" \/>\n<meta property=\"og:title\" content=\"Associa\u00e7\u00e3o Humanit\u00e1ria dos Bombeiros Volunt\u00e1rios de Arcos de Valdevez recebe 11 novos elementos\u00a0\" \/>\n<meta property=\"og:description\" content=\"A Associa\u00e7\u00e3o Humanit\u00e1ria dos Bombeiros Volunt\u00e1rios de Arcos de Valdevez anunciou a integra\u00e7\u00e3o de 11 novos bombeiros no seu Corpo Ativo.\" \/>\n<meta property=\"og:url\" content=\"https:\/\/www.altominho.tv\/site\/2025\/08\/21\/bombeiros-voluntarios-de-arcos-de-valdevez-novos-elementos\/\" \/>\n<meta property=\"og:site_name\" content=\"Altominho.tv\" \/>\n<meta property=\"article:publisher\" content=\"https:\/\/www.facebook.com\/altominhotv\" \/>\n<meta property=\"article:published_time\" content=\"2025-08-21T09:39:14+00:00\" \/>\n<meta property=\"article:modified_time\" content=\"2025-08-21T09:41:45+00:00\" \/>\n<meta property=\"og:image\" content=\"https:\/\/www.altominho.tv\/site\/wp-content\/uploads\/2025\/08\/bombeiros-arcos.jpg\" \/>\n\t<meta property=\"og:image:width\" content=\"1200\" \/>\n\t<meta property=\"og:image:height\" content=\"630\" \/>\n\t<meta property=\"og:image:type\" content=\"image\/jpeg\" \/>\n<meta name=\"author\" content=\"Altominho.tv\" \/>\n<meta name=\"twitter:card\" content=\"summary_large_image\" \/>\n<meta name=\"twitter:creator\" content=\"@altominhoTV\" \/>\n<meta name=\"twitter:site\" content=\"@altominhoTV\" \/>\n<meta name=\"twitter:label1\" content=\"Escrito por\" \/>\n\t<meta name=\"twitter:data1\" content=\"Altominho.tv\" \/>\n\t<meta name=\"twitter:label2\" content=\"Tempo estimado de leitura\" \/>\n\t<meta name=\"twitter:data2\" content=\"1 minuto\" \/>\n<script type=\"application\/ld+json\" class=\"yoast-schema-graph\">{\"@context\":\"https:\\\/\\\/schema.org\",\"@graph\":[{\"@type\":\"Article\",\"@id\":\"https:\\\/\\\/www.altominho.tv\\\/site\\\/2025\\\/08\\\/21\\\/bombeiros-voluntarios-de-arcos-de-valdevez-novos-elementos\\\/#article\",\"isPartOf\":{\"@id\":\"https:\\\/\\\/www.altominho.tv\\\/site\\\/2025\\\/08\\\/21\\\/bombeiros-voluntarios-de-arcos-de-valdevez-novos-elementos\\\/\"},\"author\":{\"name\":\"Altominho.tv\",\"@id\":\"https:\\\/\\\/www.altominho.tv\\\/site\\\/#\\\/schema\\\/person\\\/4e536851627d7914baf3dac752b6af22\"},\"headline\":\"Associa\u00e7\u00e3o Humanit\u00e1ria dos Bombeiros Volunt\u00e1rios de Arcos de Valdevez recebe 11 novos elementos\u00a0\",\"datePublished\":\"2025-08-21T09:39:14+00:00\",\"dateModified\":\"2025-08-21T09:41:45+00:00\",\"mainEntityOfPage\":{\"@id\":\"https:\\\/\\\/www.altominho.tv\\\/site\\\/2025\\\/08\\\/21\\\/bombeiros-voluntarios-de-arcos-de-valdevez-novos-elementos\\\/\"},\"wordCount\":137,\"image\":{\"@id\":\"https:\\\/\\\/www.altominho.tv\\\/site\\\/2025\\\/08\\\/21\\\/bombeiros-voluntarios-de-arcos-de-valdevez-novos-elementos\\\/#primaryimage\"},\"thumbnailUrl\":\"https:\\\/\\\/www.altominho.tv\\\/site\\\/wp-content\\\/uploads\\\/2025\\\/08\\\/bombeiros-arcos.jpg\",\"keywords\":[\"Sociedade\"],\"articleSection\":[\"Arcos de Valdevez\"],\"inLanguage\":\"pt-PT\",\"copyrightYear\":\"2025\",\"copyrightHolder\":{\"@id\":\"https:\\\/\\\/www.altominho.tv\\\/site\\\/#organization\"}},{\"@type\":\"WebPage\",\"@id\":\"https:\\\/\\\/www.altominho.tv\\\/site\\\/2025\\\/08\\\/21\\\/bombeiros-voluntarios-de-arcos-de-valdevez-novos-elementos\\\/\",\"url\":\"https:\\\/\\\/www.altominho.tv\\\/site\\\/2025\\\/08\\\/21\\\/bombeiros-voluntarios-de-arcos-de-valdevez-novos-elementos\\\/\",\"name\":\"Associa\u00e7\u00e3o Humanit\u00e1ria dos Bombeiros Volunt\u00e1rios de Arcos de Valdevez recebe 11 novos elementos\u00a0\",\"isPartOf\":{\"@id\":\"https:\\\/\\\/www.altominho.tv\\\/site\\\/#website\"},\"primaryImageOfPage\":{\"@id\":\"https:\\\/\\\/www.altominho.tv\\\/site\\\/2025\\\/08\\\/21\\\/bombeiros-voluntarios-de-arcos-de-valdevez-novos-elementos\\\/#primaryimage\"},\"image\":{\"@id\":\"https:\\\/\\\/www.altominho.tv\\\/site\\\/2025\\\/08\\\/21\\\/bombeiros-voluntarios-de-arcos-de-valdevez-novos-elementos\\\/#primaryimage\"},\"thumbnailUrl\":\"https:\\\/\\\/www.altominho.tv\\\/site\\\/wp-content\\\/uploads\\\/2025\\\/08\\\/bombeiros-arcos.jpg\",\"datePublished\":\"2025-08-21T09:39:14+00:00\",\"dateModified\":\"2025-08-21T09:41:45+00:00\",\"author\":{\"@id\":\"https:\\\/\\\/www.altominho.tv\\\/site\\\/#\\\/schema\\\/person\\\/4e536851627d7914baf3dac752b6af22\"},\"description\":\"A Associa\u00e7\u00e3o Humanit\u00e1ria dos Bombeiros Volunt\u00e1rios de Arcos de Valdevez anunciou a integra\u00e7\u00e3o de 11 novos bombeiros no seu Corpo Ativo.\",\"breadcrumb\":{\"@id\":\"https:\\\/\\\/www.altominho.tv\\\/site\\\/2025\\\/08\\\/21\\\/bombeiros-voluntarios-de-arcos-de-valdevez-novos-elementos\\\/#breadcrumb\"},\"inLanguage\":\"pt-PT\",\"potentialAction\":[{\"@type\":\"ReadAction\",\"target\":[\"https:\\\/\\\/www.altominho.tv\\\/site\\\/2025\\\/08\\\/21\\\/bombeiros-voluntarios-de-arcos-de-valdevez-novos-elementos\\\/\"]}]},{\"@type\":\"ImageObject\",\"inLanguage\":\"pt-PT\",\"@id\":\"https:\\\/\\\/www.altominho.tv\\\/site\\\/2025\\\/08\\\/21\\\/bombeiros-voluntarios-de-arcos-de-valdevez-novos-elementos\\\/#primaryimage\",\"url\":\"https:\\\/\\\/www.altominho.tv\\\/site\\\/wp-content\\\/uploads\\\/2025\\\/08\\\/bombeiros-arcos.jpg\",\"contentUrl\":\"https:\\\/\\\/www.altominho.tv\\\/site\\\/wp-content\\\/uploads\\\/2025\\\/08\\\/bombeiros-arcos.jpg\",\"width\":1200,\"height\":630},{\"@type\":\"BreadcrumbList\",\"@id\":\"https:\\\/\\\/www.altominho.tv\\\/site\\\/2025\\\/08\\\/21\\\/bombeiros-voluntarios-de-arcos-de-valdevez-novos-elementos\\\/#breadcrumb\",\"itemListElement\":[{\"@type\":\"ListItem\",\"position\":1,\"name\":\"In\u00edcio\",\"item\":\"https:\\\/\\\/www.altominho.tv\\\/site\\\/\"},{\"@type\":\"ListItem\",\"position\":2,\"name\":\"Associa\u00e7\u00e3o Humanit\u00e1ria dos Bombeiros Volunt\u00e1rios de Arcos de Valdevez recebe 11 novos elementos\u00a0\"}]},{\"@type\":\"WebSite\",\"@id\":\"https:\\\/\\\/www.altominho.tv\\\/site\\\/#website\",\"url\":\"https:\\\/\\\/www.altominho.tv\\\/site\\\/\",\"name\":\"Altominho.tv\",\"description\":\"A sua regi\u00e3o \u00e0 dist\u00e2ncia de um clique...\",\"potentialAction\":[{\"@type\":\"SearchAction\",\"target\":{\"@type\":\"EntryPoint\",\"urlTemplate\":\"https:\\\/\\\/www.altominho.tv\\\/site\\\/?s={search_term_string}\"},\"query-input\":{\"@type\":\"PropertyValueSpecification\",\"valueRequired\":true,\"valueName\":\"search_term_string\"}}],\"inLanguage\":\"pt-PT\"},{\"@type\":\"Person\",\"@id\":\"https:\\\/\\\/www.altominho.tv\\\/site\\\/#\\\/schema\\\/person\\\/4e536851627d7914baf3dac752b6af22\",\"name\":\"Altominho.tv\",\"image\":{\"@type\":\"ImageObject\",\"inLanguage\":\"pt-PT\",\"@id\":\"https:\\\/\\\/www.altominho.tv\\\/site\\\/wp-content\\\/uploads\\\/2019\\\/11\\\/Logo_Avatar_2-150x150.jpg\",\"url\":\"https:\\\/\\\/www.altominho.tv\\\/site\\\/wp-content\\\/uploads\\\/2019\\\/11\\\/Logo_Avatar_2-150x150.jpg\",\"contentUrl\":\"https:\\\/\\\/www.altominho.tv\\\/site\\\/wp-content\\\/uploads\\\/2019\\\/11\\\/Logo_Avatar_2-150x150.jpg\",\"caption\":\"Altominho.tv\"},\"url\":\"https:\\\/\\\/www.altominho.tv\\\/site\\\/author\\\/altominhotv-tecnico\\\/\"}]}<\/script>\n<!-- \/ Yoast SEO Premium plugin. -->","yoast_head_json":{"title":"Associa\u00e7\u00e3o Humanit\u00e1ria dos Bombeiros Volunt\u00e1rios de Arcos de Valdevez recebe 11 novos elementos\u00a0","description":"A Associa\u00e7\u00e3o Humanit\u00e1ria dos Bombeiros Volunt\u00e1rios de Arcos de Valdevez anunciou a integra\u00e7\u00e3o de 11 novos bombeiros no seu Corpo Ativo.","robots":{"index":"index","follow":"follow","max-snippet":"max-snippet:-1","max-image-preview":"max-image-preview:large","max-video-preview":"max-video-preview:-1"},"canonical":"https:\/\/www.altominho.tv\/site\/2025\/08\/21\/bombeiros-voluntarios-de-arcos-de-valdevez-novos-elementos\/","og_locale":"pt_PT","og_type":"article","og_title":"Associa\u00e7\u00e3o Humanit\u00e1ria dos Bombeiros Volunt\u00e1rios de Arcos de Valdevez recebe 11 novos elementos\u00a0","og_description":"A Associa\u00e7\u00e3o Humanit\u00e1ria dos Bombeiros Volunt\u00e1rios de Arcos de Valdevez anunciou a integra\u00e7\u00e3o de 11 novos bombeiros no seu Corpo Ativo.","og_url":"https:\/\/www.altominho.tv\/site\/2025\/08\/21\/bombeiros-voluntarios-de-arcos-de-valdevez-novos-elementos\/","og_site_name":"Altominho.tv","article_publisher":"https:\/\/www.facebook.com\/altominhotv","article_published_time":"2025-08-21T09:39:14+00:00","article_modified_time":"2025-08-21T09:41:45+00:00","og_image":[{"width":1200,"height":630,"url":"https:\/\/www.altominho.tv\/site\/wp-content\/uploads\/2025\/08\/bombeiros-arcos.jpg","type":"image\/jpeg"}],"author":"Altominho.tv","twitter_card":"summary_large_image","twitter_creator":"@altominhoTV","twitter_site":"@altominhoTV","twitter_misc":{"Escrito por":"Altominho.tv","Tempo estimado de leitura":"1 minuto"},"schema":{"@context":"https:\/\/schema.org","@graph":[{"@type":"Article","@id":"https:\/\/www.altominho.tv\/site\/2025\/08\/21\/bombeiros-voluntarios-de-arcos-de-valdevez-novos-elementos\/#article","isPartOf":{"@id":"https:\/\/www.altominho.tv\/site\/2025\/08\/21\/bombeiros-voluntarios-de-arcos-de-valdevez-novos-elementos\/"},"author":{"name":"Altominho.tv","@id":"https:\/\/www.altominho.tv\/site\/#\/schema\/person\/4e536851627d7914baf3dac752b6af22"},"headline":"Associa\u00e7\u00e3o Humanit\u00e1ria dos Bombeiros Volunt\u00e1rios de Arcos de Valdevez recebe 11 novos elementos\u00a0","datePublished":"2025-08-21T09:39:14+00:00","dateModified":"2025-08-21T09:41:45+00:00","mainEntityOfPage":{"@id":"https:\/\/www.altominho.tv\/site\/2025\/08\/21\/bombeiros-voluntarios-de-arcos-de-valdevez-novos-elementos\/"},"wordCount":137,"image":{"@id":"https:\/\/www.altominho.tv\/site\/2025\/08\/21\/bombeiros-voluntarios-de-arcos-de-valdevez-novos-elementos\/#primaryimage"},"thumbnailUrl":"https:\/\/www.altominho.tv\/site\/wp-content\/uploads\/2025\/08\/bombeiros-arcos.jpg","keywords":["Sociedade"],"articleSection":["Arcos de Valdevez"],"inLanguage":"pt-PT","copyrightYear":"2025","copyrightHolder":{"@id":"https:\/\/www.altominho.tv\/site\/#organization"}},{"@type":"WebPage","@id":"https:\/\/www.altominho.tv\/site\/2025\/08\/21\/bombeiros-voluntarios-de-arcos-de-valdevez-novos-elementos\/","url":"https:\/\/www.altominho.tv\/site\/2025\/08\/21\/bombeiros-voluntarios-de-arcos-de-valdevez-novos-elementos\/","name":"Associa\u00e7\u00e3o Humanit\u00e1ria dos Bombeiros Volunt\u00e1rios de Arcos de Valdevez recebe 11 novos elementos\u00a0","isPartOf":{"@id":"https:\/\/www.altominho.tv\/site\/#website"},"primaryImageOfPage":{"@id":"https:\/\/www.altominho.tv\/site\/2025\/08\/21\/bombeiros-voluntarios-de-arcos-de-valdevez-novos-elementos\/#primaryimage"},"image":{"@id":"https:\/\/www.altominho.tv\/site\/2025\/08\/21\/bombeiros-voluntarios-de-arcos-de-valdevez-novos-elementos\/#primaryimage"},"thumbnailUrl":"https:\/\/www.altominho.tv\/site\/wp-content\/uploads\/2025\/08\/bombeiros-arcos.jpg","datePublished":"2025-08-21T09:39:14+00:00","dateModified":"2025-08-21T09:41:45+00:00","author":{"@id":"https:\/\/www.altominho.tv\/site\/#\/schema\/person\/4e536851627d7914baf3dac752b6af22"},"description":"A Associa\u00e7\u00e3o Humanit\u00e1ria dos Bombeiros Volunt\u00e1rios de Arcos de Valdevez anunciou a integra\u00e7\u00e3o de 11 novos bombeiros no seu Corpo Ativo.","breadcrumb":{"@id":"https:\/\/www.altominho.tv\/site\/2025\/08\/21\/bombeiros-voluntarios-de-arcos-de-valdevez-novos-elementos\/#breadcrumb"},"inLanguage":"pt-PT","potentialAction":[{"@type":"ReadAction","target":["https:\/\/www.altominho.tv\/site\/2025\/08\/21\/bombeiros-voluntarios-de-arcos-de-valdevez-novos-elementos\/"]}]},{"@type":"ImageObject","inLanguage":"pt-PT","@id":"https:\/\/www.altominho.tv\/site\/2025\/08\/21\/bombeiros-voluntarios-de-arcos-de-valdevez-novos-elementos\/#primaryimage","url":"https:\/\/www.altominho.tv\/site\/wp-content\/uploads\/2025\/08\/bombeiros-arcos.jpg","contentUrl":"https:\/\/www.altominho.tv\/site\/wp-content\/uploads\/2025\/08\/bombeiros-arcos.jpg","width":1200,"height":630},{"@type":"BreadcrumbList","@id":"https:\/\/www.altominho.tv\/site\/2025\/08\/21\/bombeiros-voluntarios-de-arcos-de-valdevez-novos-elementos\/#breadcrumb","itemListElement":[{"@type":"ListItem","position":1,"name":"In\u00edcio","item":"https:\/\/www.altominho.tv\/site\/"},{"@type":"ListItem","position":2,"name":"Associa\u00e7\u00e3o Humanit\u00e1ria dos Bombeiros Volunt\u00e1rios de Arcos de Valdevez recebe 11 novos elementos\u00a0"}]},{"@type":"WebSite","@id":"https:\/\/www.altominho.tv\/site\/#website","url":"https:\/\/www.altominho.tv\/site\/","name":"Altominho.tv","description":"A sua regi\u00e3o \u00e0 dist\u00e2ncia de um clique...","potentialAction":[{"@type":"SearchAction","target":{"@type":"EntryPoint","urlTemplate":"https:\/\/www.altominho.tv\/site\/?s={search_term_string}"},"query-input":{"@type":"PropertyValueSpecification","valueRequired":true,"valueName":"search_term_string"}}],"inLanguage":"pt-PT"},{"@type":"Person","@id":"https:\/\/www.altominho.tv\/site\/#\/schema\/person\/4e536851627d7914baf3dac752b6af22","name":"Altominho.tv","image":{"@type":"ImageObject","inLanguage":"pt-PT","@id":"https:\/\/www.altominho.tv\/site\/wp-content\/uploads\/2019\/11\/Logo_Avatar_2-150x150.jpg","url":"https:\/\/www.altominho.tv\/site\/wp-content\/uploads\/2019\/11\/Logo_Avatar_2-150x150.jpg","contentUrl":"https:\/\/www.altominho.tv\/site\/wp-content\/uploads\/2019\/11\/Logo_Avatar_2-150x150.jpg","caption":"Altominho.tv"},"url":"https:\/\/www.altominho.tv\/site\/author\/altominhotv-tecnico\/"}]}},"_links":{"self":[{"href":"https:\/\/www.altominho.tv\/site\/wp-json\/wp\/v2\/posts\/122109","targetHints":{"allow":["GET"]}}],"collection":[{"href":"https:\/\/www.altominho.tv\/site\/wp-json\/wp\/v2\/posts"}],"about":[{"href":"https:\/\/www.altominho.tv\/site\/wp-json\/wp\/v2\/types\/post"}],"author":[{"embeddable":true,"href":"https:\/\/www.altominho.tv\/site\/wp-json\/wp\/v2\/users\/1"}],"replies":[{"embeddable":true,"href":"https:\/\/www.altominho.tv\/site\/wp-json\/wp\/v2\/comments?post=122109"}],"version-history":[{"count":2,"href":"https:\/\/www.altominho.tv\/site\/wp-json\/wp\/v2\/posts\/122109\/revisions"}],"predecessor-version":[{"id":122112,"href":"https:\/\/www.altominho.tv\/site\/wp-json\/wp\/v2\/posts\/122109\/revisions\/122112"}],"wp:featuredmedia":[{"embeddable":true,"href":"https:\/\/www.altominho.tv\/site\/wp-json\/wp\/v2\/media\/122110"}],"wp:attachment":[{"href":"https:\/\/www.altominho.tv\/site\/wp-json\/wp\/v2\/media?parent=122109"}],"wp:term":[{"taxonomy":"category","embeddable":true,"href":"https:\/\/www.altominho.tv\/site\/wp-json\/wp\/v2\/categories?post=122109"},{"taxonomy":"post_tag","embeddable":true,"href":"https:\/\/www.altominho.tv\/site\/wp-json\/wp\/v2\/tags?post=122109"}],"curies":[{"name":"wp","href":"https:\/\/api.w.org\/{rel}","templated":true}]}}