{"id":122079,"date":"2025-08-19T09:48:35","date_gmt":"2025-08-19T08:48:35","guid":{"rendered":"https:\/\/www.altominho.tv\/site\/?p=122079"},"modified":"2025-08-19T09:48:40","modified_gmt":"2025-08-19T08:48:40","slug":"cp-transporta-mais-de-100-milhoes-de-passageiros-em-seis-meses","status":"publish","type":"post","link":"https:\/\/www.altominho.tv\/site\/2025\/08\/19\/cp-transporta-mais-de-100-milhoes-de-passageiros-em-seis-meses\/","title":{"rendered":"CP transporta mais de 100 milh\u00f5es de passageiros em seis meses"},"content":{"rendered":"<p data-start=\"178\" data-end=\"460\">A CP \u2013 Comboios de Portugal transportou, nos primeiros seis meses de 2025, mais de 100 milh\u00f5es de passageiros, o que representa um aumento de 9,3% em rela\u00e7\u00e3o ao mesmo per\u00edodo do ano passado. Ao todo, viajaram de comboio mais 7 milh\u00f5es de pessoas face ao primeiro semestre de 2024.<\/p>\n<p data-start=\"462\" data-end=\"707\">De acordo com a empresa, o crescimento foi transversal \u00e0 maioria dos servi\u00e7os, com destaque para o servi\u00e7o Regional, que registou o maior incremento: mais 15,3 milh\u00f5es de passageiros, o que corresponde a uma subida de 133% em termos hom\u00f3logos.<\/p>\n<p data-start=\"709\" data-end=\"1020\">Tamb\u00e9m os urbanos de Coimbra viram a procura aumentar em 84%, enquanto os Intercidades cresceram 48%. Em termos absolutos, os urbanos de Lisboa continuam a liderar, com cerca de 68 milh\u00f5es de passageiros transportados no primeiro semestre deste ano. J\u00e1 o Alfa Pendular mant\u00e9m a sua posi\u00e7\u00e3o est\u00e1vel no mercado.<\/p>\n<p data-start=\"1022\" data-end=\"1151\">Os n\u00fameros, segundo a CP, confirmam \u201ca atratividade do comboio como uma solu\u00e7\u00e3o de transporte segura, sustent\u00e1vel e acess\u00edvel\u201d.<\/p>\n","protected":false},"excerpt":{"rendered":"<p>A CP \u2013 Comboios de Portugal transportou, nos primeiros seis meses de 2025, mais de 100 milh\u00f5es de passageiros, o que representa um aumento de 9,3% em rela\u00e7\u00e3o ao mesmo per\u00edodo do ano passado. Ao todo, viajaram de comboio mais 7 milh\u00f5es de pessoas face ao primeiro semestre de 2024. De acordo com a empresa, [&hellip;]<\/p>\n","protected":false},"author":1,"featured_media":122080,"comment_status":"closed","ping_status":"closed","sticky":false,"template":"","format":"standard","meta":{"_exactmetrics_skip_tracking":false,"_exactmetrics_sitenote_active":false,"_exactmetrics_sitenote_note":"","_exactmetrics_sitenote_category":0,"footnotes":""},"categories":[56325],"tags":[21],"class_list":["post-122079","post","type-post","status-publish","format-standard","has-post-thumbnail","hentry","category-pais","tag-economia"],"yoast_head":"<!-- This site is optimized with the Yoast SEO Premium plugin v27.5 (Yoast SEO v27.5) - https:\/\/yoast.com\/product\/yoast-seo-premium-wordpress\/ -->\n<title>CP transporta mais de 100 milh\u00f5es de passageiros em seis meses<\/title>\n<meta name=\"description\" content=\"A CP \u2013 Comboios de Portugal transportou, nos primeiros seis meses de 2025, mais de 100 milh\u00f5es de passageiros, o que representa um aumento de 9,3% em rela\u00e7\u00e3o ao mesmo per\u00edodo do ano passado.\" \/>\n<meta name=\"robots\" content=\"index, follow, max-snippet:-1, max-image-preview:large, max-video-preview:-1\" \/>\n<link rel=\"canonical\" href=\"https:\/\/www.altominho.tv\/site\/2025\/08\/19\/cp-transporta-mais-de-100-milhoes-de-passageiros-em-seis-meses\/\" \/>\n<meta property=\"og:locale\" content=\"pt_PT\" \/>\n<meta property=\"og:type\" content=\"article\" \/>\n<meta property=\"og:title\" content=\"CP transporta mais de 100 milh\u00f5es de passageiros em seis meses\" \/>\n<meta property=\"og:description\" content=\"A CP \u2013 Comboios de Portugal transportou, nos primeiros seis meses de 2025, mais de 100 milh\u00f5es de passageiros, o que representa um aumento de 9,3% em rela\u00e7\u00e3o ao mesmo per\u00edodo do ano passado.\" \/>\n<meta property=\"og:url\" content=\"https:\/\/www.altominho.tv\/site\/2025\/08\/19\/cp-transporta-mais-de-100-milhoes-de-passageiros-em-seis-meses\/\" \/>\n<meta property=\"og:site_name\" content=\"Altominho.tv\" \/>\n<meta property=\"article:publisher\" content=\"https:\/\/www.facebook.com\/altominhotv\" \/>\n<meta property=\"article:published_time\" content=\"2025-08-19T08:48:35+00:00\" \/>\n<meta property=\"article:modified_time\" content=\"2025-08-19T08:48:40+00:00\" \/>\n<meta property=\"og:image\" content=\"https:\/\/www.altominho.tv\/site\/wp-content\/uploads\/2025\/08\/cp.jpg\" \/>\n\t<meta property=\"og:image:width\" content=\"1200\" \/>\n\t<meta property=\"og:image:height\" content=\"630\" \/>\n\t<meta property=\"og:image:type\" content=\"image\/jpeg\" \/>\n<meta name=\"author\" content=\"Altominho.tv\" \/>\n<meta name=\"twitter:card\" content=\"summary_large_image\" \/>\n<meta name=\"twitter:creator\" content=\"@altominhoTV\" \/>\n<meta name=\"twitter:site\" content=\"@altominhoTV\" \/>\n<meta name=\"twitter:label1\" content=\"Escrito por\" \/>\n\t<meta name=\"twitter:data1\" content=\"Altominho.tv\" \/>\n\t<meta name=\"twitter:label2\" content=\"Tempo estimado de leitura\" \/>\n\t<meta name=\"twitter:data2\" content=\"2 minutos\" \/>\n<script type=\"application\/ld+json\" class=\"yoast-schema-graph\">{\"@context\":\"https:\\\/\\\/schema.org\",\"@graph\":[{\"@type\":\"Article\",\"@id\":\"https:\\\/\\\/www.altominho.tv\\\/site\\\/2025\\\/08\\\/19\\\/cp-transporta-mais-de-100-milhoes-de-passageiros-em-seis-meses\\\/#article\",\"isPartOf\":{\"@id\":\"https:\\\/\\\/www.altominho.tv\\\/site\\\/2025\\\/08\\\/19\\\/cp-transporta-mais-de-100-milhoes-de-passageiros-em-seis-meses\\\/\"},\"author\":{\"name\":\"Altominho.tv\",\"@id\":\"https:\\\/\\\/www.altominho.tv\\\/site\\\/#\\\/schema\\\/person\\\/4e536851627d7914baf3dac752b6af22\"},\"headline\":\"CP transporta mais de 100 milh\u00f5es de passageiros em seis meses\",\"datePublished\":\"2025-08-19T08:48:35+00:00\",\"dateModified\":\"2025-08-19T08:48:40+00:00\",\"mainEntityOfPage\":{\"@id\":\"https:\\\/\\\/www.altominho.tv\\\/site\\\/2025\\\/08\\\/19\\\/cp-transporta-mais-de-100-milhoes-de-passageiros-em-seis-meses\\\/\"},\"wordCount\":175,\"image\":{\"@id\":\"https:\\\/\\\/www.altominho.tv\\\/site\\\/2025\\\/08\\\/19\\\/cp-transporta-mais-de-100-milhoes-de-passageiros-em-seis-meses\\\/#primaryimage\"},\"thumbnailUrl\":\"https:\\\/\\\/www.altominho.tv\\\/site\\\/wp-content\\\/uploads\\\/2025\\\/08\\\/cp.jpg\",\"keywords\":[\"Economia\"],\"articleSection\":[\"Pa\u00eds\"],\"inLanguage\":\"pt-PT\",\"copyrightYear\":\"2025\",\"copyrightHolder\":{\"@id\":\"https:\\\/\\\/www.altominho.tv\\\/site\\\/#organization\"}},{\"@type\":\"WebPage\",\"@id\":\"https:\\\/\\\/www.altominho.tv\\\/site\\\/2025\\\/08\\\/19\\\/cp-transporta-mais-de-100-milhoes-de-passageiros-em-seis-meses\\\/\",\"url\":\"https:\\\/\\\/www.altominho.tv\\\/site\\\/2025\\\/08\\\/19\\\/cp-transporta-mais-de-100-milhoes-de-passageiros-em-seis-meses\\\/\",\"name\":\"CP transporta mais de 100 milh\u00f5es de passageiros em seis meses\",\"isPartOf\":{\"@id\":\"https:\\\/\\\/www.altominho.tv\\\/site\\\/#website\"},\"primaryImageOfPage\":{\"@id\":\"https:\\\/\\\/www.altominho.tv\\\/site\\\/2025\\\/08\\\/19\\\/cp-transporta-mais-de-100-milhoes-de-passageiros-em-seis-meses\\\/#primaryimage\"},\"image\":{\"@id\":\"https:\\\/\\\/www.altominho.tv\\\/site\\\/2025\\\/08\\\/19\\\/cp-transporta-mais-de-100-milhoes-de-passageiros-em-seis-meses\\\/#primaryimage\"},\"thumbnailUrl\":\"https:\\\/\\\/www.altominho.tv\\\/site\\\/wp-content\\\/uploads\\\/2025\\\/08\\\/cp.jpg\",\"datePublished\":\"2025-08-19T08:48:35+00:00\",\"dateModified\":\"2025-08-19T08:48:40+00:00\",\"author\":{\"@id\":\"https:\\\/\\\/www.altominho.tv\\\/site\\\/#\\\/schema\\\/person\\\/4e536851627d7914baf3dac752b6af22\"},\"description\":\"A CP \u2013 Comboios de Portugal transportou, nos primeiros seis meses de 2025, mais de 100 milh\u00f5es de passageiros, o que representa um aumento de 9,3% em rela\u00e7\u00e3o ao mesmo per\u00edodo do ano passado.\",\"breadcrumb\":{\"@id\":\"https:\\\/\\\/www.altominho.tv\\\/site\\\/2025\\\/08\\\/19\\\/cp-transporta-mais-de-100-milhoes-de-passageiros-em-seis-meses\\\/#breadcrumb\"},\"inLanguage\":\"pt-PT\",\"potentialAction\":[{\"@type\":\"ReadAction\",\"target\":[\"https:\\\/\\\/www.altominho.tv\\\/site\\\/2025\\\/08\\\/19\\\/cp-transporta-mais-de-100-milhoes-de-passageiros-em-seis-meses\\\/\"]}]},{\"@type\":\"ImageObject\",\"inLanguage\":\"pt-PT\",\"@id\":\"https:\\\/\\\/www.altominho.tv\\\/site\\\/2025\\\/08\\\/19\\\/cp-transporta-mais-de-100-milhoes-de-passageiros-em-seis-meses\\\/#primaryimage\",\"url\":\"https:\\\/\\\/www.altominho.tv\\\/site\\\/wp-content\\\/uploads\\\/2025\\\/08\\\/cp.jpg\",\"contentUrl\":\"https:\\\/\\\/www.altominho.tv\\\/site\\\/wp-content\\\/uploads\\\/2025\\\/08\\\/cp.jpg\",\"width\":1200,\"height\":630},{\"@type\":\"BreadcrumbList\",\"@id\":\"https:\\\/\\\/www.altominho.tv\\\/site\\\/2025\\\/08\\\/19\\\/cp-transporta-mais-de-100-milhoes-de-passageiros-em-seis-meses\\\/#breadcrumb\",\"itemListElement\":[{\"@type\":\"ListItem\",\"position\":1,\"name\":\"In\u00edcio\",\"item\":\"https:\\\/\\\/www.altominho.tv\\\/site\\\/\"},{\"@type\":\"ListItem\",\"position\":2,\"name\":\"CP transporta mais de 100 milh\u00f5es de passageiros em seis meses\"}]},{\"@type\":\"WebSite\",\"@id\":\"https:\\\/\\\/www.altominho.tv\\\/site\\\/#website\",\"url\":\"https:\\\/\\\/www.altominho.tv\\\/site\\\/\",\"name\":\"Altominho.tv\",\"description\":\"A sua regi\u00e3o \u00e0 dist\u00e2ncia de um clique...\",\"potentialAction\":[{\"@type\":\"SearchAction\",\"target\":{\"@type\":\"EntryPoint\",\"urlTemplate\":\"https:\\\/\\\/www.altominho.tv\\\/site\\\/?s={search_term_string}\"},\"query-input\":{\"@type\":\"PropertyValueSpecification\",\"valueRequired\":true,\"valueName\":\"search_term_string\"}}],\"inLanguage\":\"pt-PT\"},{\"@type\":\"Person\",\"@id\":\"https:\\\/\\\/www.altominho.tv\\\/site\\\/#\\\/schema\\\/person\\\/4e536851627d7914baf3dac752b6af22\",\"name\":\"Altominho.tv\",\"image\":{\"@type\":\"ImageObject\",\"inLanguage\":\"pt-PT\",\"@id\":\"https:\\\/\\\/www.altominho.tv\\\/site\\\/wp-content\\\/uploads\\\/2019\\\/11\\\/Logo_Avatar_2-150x150.jpg\",\"url\":\"https:\\\/\\\/www.altominho.tv\\\/site\\\/wp-content\\\/uploads\\\/2019\\\/11\\\/Logo_Avatar_2-150x150.jpg\",\"contentUrl\":\"https:\\\/\\\/www.altominho.tv\\\/site\\\/wp-content\\\/uploads\\\/2019\\\/11\\\/Logo_Avatar_2-150x150.jpg\",\"caption\":\"Altominho.tv\"},\"url\":\"https:\\\/\\\/www.altominho.tv\\\/site\\\/author\\\/altominhotv-tecnico\\\/\"}]}<\/script>\n<!-- \/ Yoast SEO Premium plugin. -->","yoast_head_json":{"title":"CP transporta mais de 100 milh\u00f5es de passageiros em seis meses","description":"A CP \u2013 Comboios de Portugal transportou, nos primeiros seis meses de 2025, mais de 100 milh\u00f5es de passageiros, o que representa um aumento de 9,3% em rela\u00e7\u00e3o ao mesmo per\u00edodo do ano passado.","robots":{"index":"index","follow":"follow","max-snippet":"max-snippet:-1","max-image-preview":"max-image-preview:large","max-video-preview":"max-video-preview:-1"},"canonical":"https:\/\/www.altominho.tv\/site\/2025\/08\/19\/cp-transporta-mais-de-100-milhoes-de-passageiros-em-seis-meses\/","og_locale":"pt_PT","og_type":"article","og_title":"CP transporta mais de 100 milh\u00f5es de passageiros em seis meses","og_description":"A CP \u2013 Comboios de Portugal transportou, nos primeiros seis meses de 2025, mais de 100 milh\u00f5es de passageiros, o que representa um aumento de 9,3% em rela\u00e7\u00e3o ao mesmo per\u00edodo do ano passado.","og_url":"https:\/\/www.altominho.tv\/site\/2025\/08\/19\/cp-transporta-mais-de-100-milhoes-de-passageiros-em-seis-meses\/","og_site_name":"Altominho.tv","article_publisher":"https:\/\/www.facebook.com\/altominhotv","article_published_time":"2025-08-19T08:48:35+00:00","article_modified_time":"2025-08-19T08:48:40+00:00","og_image":[{"width":1200,"height":630,"url":"https:\/\/www.altominho.tv\/site\/wp-content\/uploads\/2025\/08\/cp.jpg","type":"image\/jpeg"}],"author":"Altominho.tv","twitter_card":"summary_large_image","twitter_creator":"@altominhoTV","twitter_site":"@altominhoTV","twitter_misc":{"Escrito por":"Altominho.tv","Tempo estimado de leitura":"2 minutos"},"schema":{"@context":"https:\/\/schema.org","@graph":[{"@type":"Article","@id":"https:\/\/www.altominho.tv\/site\/2025\/08\/19\/cp-transporta-mais-de-100-milhoes-de-passageiros-em-seis-meses\/#article","isPartOf":{"@id":"https:\/\/www.altominho.tv\/site\/2025\/08\/19\/cp-transporta-mais-de-100-milhoes-de-passageiros-em-seis-meses\/"},"author":{"name":"Altominho.tv","@id":"https:\/\/www.altominho.tv\/site\/#\/schema\/person\/4e536851627d7914baf3dac752b6af22"},"headline":"CP transporta mais de 100 milh\u00f5es de passageiros em seis meses","datePublished":"2025-08-19T08:48:35+00:00","dateModified":"2025-08-19T08:48:40+00:00","mainEntityOfPage":{"@id":"https:\/\/www.altominho.tv\/site\/2025\/08\/19\/cp-transporta-mais-de-100-milhoes-de-passageiros-em-seis-meses\/"},"wordCount":175,"image":{"@id":"https:\/\/www.altominho.tv\/site\/2025\/08\/19\/cp-transporta-mais-de-100-milhoes-de-passageiros-em-seis-meses\/#primaryimage"},"thumbnailUrl":"https:\/\/www.altominho.tv\/site\/wp-content\/uploads\/2025\/08\/cp.jpg","keywords":["Economia"],"articleSection":["Pa\u00eds"],"inLanguage":"pt-PT","copyrightYear":"2025","copyrightHolder":{"@id":"https:\/\/www.altominho.tv\/site\/#organization"}},{"@type":"WebPage","@id":"https:\/\/www.altominho.tv\/site\/2025\/08\/19\/cp-transporta-mais-de-100-milhoes-de-passageiros-em-seis-meses\/","url":"https:\/\/www.altominho.tv\/site\/2025\/08\/19\/cp-transporta-mais-de-100-milhoes-de-passageiros-em-seis-meses\/","name":"CP transporta mais de 100 milh\u00f5es de passageiros em seis meses","isPartOf":{"@id":"https:\/\/www.altominho.tv\/site\/#website"},"primaryImageOfPage":{"@id":"https:\/\/www.altominho.tv\/site\/2025\/08\/19\/cp-transporta-mais-de-100-milhoes-de-passageiros-em-seis-meses\/#primaryimage"},"image":{"@id":"https:\/\/www.altominho.tv\/site\/2025\/08\/19\/cp-transporta-mais-de-100-milhoes-de-passageiros-em-seis-meses\/#primaryimage"},"thumbnailUrl":"https:\/\/www.altominho.tv\/site\/wp-content\/uploads\/2025\/08\/cp.jpg","datePublished":"2025-08-19T08:48:35+00:00","dateModified":"2025-08-19T08:48:40+00:00","author":{"@id":"https:\/\/www.altominho.tv\/site\/#\/schema\/person\/4e536851627d7914baf3dac752b6af22"},"description":"A CP \u2013 Comboios de Portugal transportou, nos primeiros seis meses de 2025, mais de 100 milh\u00f5es de passageiros, o que representa um aumento de 9,3% em rela\u00e7\u00e3o ao mesmo per\u00edodo do ano passado.","breadcrumb":{"@id":"https:\/\/www.altominho.tv\/site\/2025\/08\/19\/cp-transporta-mais-de-100-milhoes-de-passageiros-em-seis-meses\/#breadcrumb"},"inLanguage":"pt-PT","potentialAction":[{"@type":"ReadAction","target":["https:\/\/www.altominho.tv\/site\/2025\/08\/19\/cp-transporta-mais-de-100-milhoes-de-passageiros-em-seis-meses\/"]}]},{"@type":"ImageObject","inLanguage":"pt-PT","@id":"https:\/\/www.altominho.tv\/site\/2025\/08\/19\/cp-transporta-mais-de-100-milhoes-de-passageiros-em-seis-meses\/#primaryimage","url":"https:\/\/www.altominho.tv\/site\/wp-content\/uploads\/2025\/08\/cp.jpg","contentUrl":"https:\/\/www.altominho.tv\/site\/wp-content\/uploads\/2025\/08\/cp.jpg","width":1200,"height":630},{"@type":"BreadcrumbList","@id":"https:\/\/www.altominho.tv\/site\/2025\/08\/19\/cp-transporta-mais-de-100-milhoes-de-passageiros-em-seis-meses\/#breadcrumb","itemListElement":[{"@type":"ListItem","position":1,"name":"In\u00edcio","item":"https:\/\/www.altominho.tv\/site\/"},{"@type":"ListItem","position":2,"name":"CP transporta mais de 100 milh\u00f5es de passageiros em seis meses"}]},{"@type":"WebSite","@id":"https:\/\/www.altominho.tv\/site\/#website","url":"https:\/\/www.altominho.tv\/site\/","name":"Altominho.tv","description":"A sua regi\u00e3o \u00e0 dist\u00e2ncia de um clique...","potentialAction":[{"@type":"SearchAction","target":{"@type":"EntryPoint","urlTemplate":"https:\/\/www.altominho.tv\/site\/?s={search_term_string}"},"query-input":{"@type":"PropertyValueSpecification","valueRequired":true,"valueName":"search_term_string"}}],"inLanguage":"pt-PT"},{"@type":"Person","@id":"https:\/\/www.altominho.tv\/site\/#\/schema\/person\/4e536851627d7914baf3dac752b6af22","name":"Altominho.tv","image":{"@type":"ImageObject","inLanguage":"pt-PT","@id":"https:\/\/www.altominho.tv\/site\/wp-content\/uploads\/2019\/11\/Logo_Avatar_2-150x150.jpg","url":"https:\/\/www.altominho.tv\/site\/wp-content\/uploads\/2019\/11\/Logo_Avatar_2-150x150.jpg","contentUrl":"https:\/\/www.altominho.tv\/site\/wp-content\/uploads\/2019\/11\/Logo_Avatar_2-150x150.jpg","caption":"Altominho.tv"},"url":"https:\/\/www.altominho.tv\/site\/author\/altominhotv-tecnico\/"}]}},"_links":{"self":[{"href":"https:\/\/www.altominho.tv\/site\/wp-json\/wp\/v2\/posts\/122079","targetHints":{"allow":["GET"]}}],"collection":[{"href":"https:\/\/www.altominho.tv\/site\/wp-json\/wp\/v2\/posts"}],"about":[{"href":"https:\/\/www.altominho.tv\/site\/wp-json\/wp\/v2\/types\/post"}],"author":[{"embeddable":true,"href":"https:\/\/www.altominho.tv\/site\/wp-json\/wp\/v2\/users\/1"}],"replies":[{"embeddable":true,"href":"https:\/\/www.altominho.tv\/site\/wp-json\/wp\/v2\/comments?post=122079"}],"version-history":[{"count":1,"href":"https:\/\/www.altominho.tv\/site\/wp-json\/wp\/v2\/posts\/122079\/revisions"}],"predecessor-version":[{"id":122081,"href":"https:\/\/www.altominho.tv\/site\/wp-json\/wp\/v2\/posts\/122079\/revisions\/122081"}],"wp:featuredmedia":[{"embeddable":true,"href":"https:\/\/www.altominho.tv\/site\/wp-json\/wp\/v2\/media\/122080"}],"wp:attachment":[{"href":"https:\/\/www.altominho.tv\/site\/wp-json\/wp\/v2\/media?parent=122079"}],"wp:term":[{"taxonomy":"category","embeddable":true,"href":"https:\/\/www.altominho.tv\/site\/wp-json\/wp\/v2\/categories?post=122079"},{"taxonomy":"post_tag","embeddable":true,"href":"https:\/\/www.altominho.tv\/site\/wp-json\/wp\/v2\/tags?post=122079"}],"curies":[{"name":"wp","href":"https:\/\/api.w.org\/{rel}","templated":true}]}}