{"id":122062,"date":"2025-08-18T14:28:47","date_gmt":"2025-08-18T13:28:47","guid":{"rendered":"https:\/\/www.altominho.tv\/site\/?p=122062"},"modified":"2025-08-18T14:28:49","modified_gmt":"2025-08-18T13:28:49","slug":"ordem-dos-advogados-cria-bolsa-de-advogados-voluntarios","status":"publish","type":"post","link":"https:\/\/www.altominho.tv\/site\/2025\/08\/18\/ordem-dos-advogados-cria-bolsa-de-advogados-voluntarios\/","title":{"rendered":"Ordem dos Advogados cria Bolsa de Advogados Volunt\u00e1rios para apoiar v\u00edtimas dos inc\u00eandios"},"content":{"rendered":"\n<p>A Ordem dos Advogados (OA) anunciou a cria\u00e7\u00e3o de uma Bolsa de Advogados Volunt\u00e1rios destinada a prestar apoio jur\u00eddico gratuito a cidad\u00e3os e empresas mais gravemente afetados pelos inc\u00eandios rurais que t\u00eam devastado v\u00e1rias regi\u00f5es do pa\u00eds.<\/p>\n\n\n\n<p>O baston\u00e1rio destacou a import\u00e2ncia desta medida, sublinhando que \u201cas perdas sofridas transcendem os danos materiais e comprometem gravemente o acesso a direitos e garantias fundamentais\u201d. Nesse sentido, frisou que \u201co apoio jur\u00eddico constitui um instrumento essencial e inadi\u00e1vel para auxiliar os cidad\u00e3os e empresas neste momento de extraordin\u00e1ria vulnerabilidade\u201d.<\/p>\n\n\n\n<p>A Bolsa de Advogados Volunt\u00e1rios ir\u00e1 assegurar acompanhamento personalizado em v\u00e1rias frentes, incluindo quest\u00f5es relacionadas com seguros e indemniza\u00e7\u00f5es, bem como o apoio nos complexos procedimentos administrativos necess\u00e1rios para o acesso a apoios p\u00fablicos.<\/p>\n\n\n\n<p>A Ordem dos Advogados j\u00e1 remeteu of\u00edcios ao Minist\u00e9rio da Administra\u00e7\u00e3o Interna (MAI) e \u00e0 Associa\u00e7\u00e3o Nacional de Munic\u00edpios Portugueses (ANMP), reafirmando a sua disponibilidade para colaborar com as entidades p\u00fablicas.<\/p>\n\n\n\n<p> \u201cComprometemo-nos a assegurar que nenhum cidad\u00e3o ou empresa permane\u00e7a privado de assist\u00eancia jur\u00eddica qualificada num momento de tamanha fragilidade social e econ\u00f3mica\u201d, acrescenta a institui\u00e7\u00e3o.<\/p>\n","protected":false},"excerpt":{"rendered":"<p>A Ordem dos Advogados (OA) anunciou a cria\u00e7\u00e3o de uma Bolsa de Advogados Volunt\u00e1rios destinada a prestar apoio jur\u00eddico gratuito a cidad\u00e3os e empresas mais gravemente afetados pelos inc\u00eandios rurais que t\u00eam devastado v\u00e1rias regi\u00f5es do pa\u00eds. O baston\u00e1rio destacou a import\u00e2ncia desta medida, sublinhando que \u201cas perdas sofridas transcendem os danos materiais e comprometem [&hellip;]<\/p>\n","protected":false},"author":1,"featured_media":121822,"comment_status":"closed","ping_status":"closed","sticky":false,"template":"","format":"standard","meta":{"_exactmetrics_skip_tracking":false,"_exactmetrics_sitenote_active":false,"_exactmetrics_sitenote_note":"","_exactmetrics_sitenote_category":0,"footnotes":""},"categories":[56325],"tags":[27],"class_list":["post-122062","post","type-post","status-publish","format-standard","has-post-thumbnail","hentry","category-pais","tag-sociedade"],"yoast_head":"<!-- This site is optimized with the Yoast SEO Premium plugin v27.5 (Yoast SEO v27.5) - https:\/\/yoast.com\/product\/yoast-seo-premium-wordpress\/ -->\n<title>Ordem dos Advogados cria Bolsa de Advogados Volunt\u00e1rios para apoiar v\u00edtimas dos inc\u00eandios<\/title>\n<meta name=\"description\" content=\"A Ordem dos Advogados (OA) anunciou a cria\u00e7\u00e3o de uma Bolsa de Advogados Volunt\u00e1rios destinada a prestar apoio jur\u00eddico gratuito a cidad\u00e3os e empresas mais gravemente afetados pelos inc\u00eandios rurais que t\u00eam devastado v\u00e1rias regi\u00f5es do pa\u00eds.\" \/>\n<meta name=\"robots\" content=\"index, follow, max-snippet:-1, max-image-preview:large, max-video-preview:-1\" \/>\n<link rel=\"canonical\" href=\"https:\/\/www.altominho.tv\/site\/2025\/08\/18\/ordem-dos-advogados-cria-bolsa-de-advogados-voluntarios\/\" \/>\n<meta property=\"og:locale\" content=\"pt_PT\" \/>\n<meta property=\"og:type\" content=\"article\" \/>\n<meta property=\"og:title\" content=\"Ordem dos Advogados cria Bolsa de Advogados Volunt\u00e1rios para apoiar v\u00edtimas dos inc\u00eandios\" \/>\n<meta property=\"og:description\" content=\"A Ordem dos Advogados (OA) anunciou a cria\u00e7\u00e3o de uma Bolsa de Advogados Volunt\u00e1rios destinada a prestar apoio jur\u00eddico gratuito a cidad\u00e3os e empresas mais gravemente afetados pelos inc\u00eandios rurais que t\u00eam devastado v\u00e1rias regi\u00f5es do pa\u00eds.\" \/>\n<meta property=\"og:url\" content=\"https:\/\/www.altominho.tv\/site\/2025\/08\/18\/ordem-dos-advogados-cria-bolsa-de-advogados-voluntarios\/\" \/>\n<meta property=\"og:site_name\" content=\"Altominho.tv\" \/>\n<meta property=\"article:publisher\" content=\"https:\/\/www.facebook.com\/altominhotv\" \/>\n<meta property=\"article:published_time\" content=\"2025-08-18T13:28:47+00:00\" \/>\n<meta property=\"article:modified_time\" content=\"2025-08-18T13:28:49+00:00\" \/>\n<meta property=\"og:image\" content=\"https:\/\/www.altominho.tv\/site\/wp-content\/uploads\/2025\/08\/incendio-peneda-geres.jpg\" \/>\n\t<meta property=\"og:image:width\" content=\"1200\" \/>\n\t<meta property=\"og:image:height\" content=\"630\" \/>\n\t<meta property=\"og:image:type\" content=\"image\/jpeg\" \/>\n<meta name=\"author\" content=\"Altominho.tv\" \/>\n<meta name=\"twitter:card\" content=\"summary_large_image\" \/>\n<meta name=\"twitter:creator\" content=\"@altominhoTV\" \/>\n<meta name=\"twitter:site\" content=\"@altominhoTV\" \/>\n<meta name=\"twitter:label1\" content=\"Escrito por\" \/>\n\t<meta name=\"twitter:data1\" content=\"Altominho.tv\" \/>\n\t<meta name=\"twitter:label2\" content=\"Tempo estimado de leitura\" \/>\n\t<meta name=\"twitter:data2\" content=\"2 minutos\" \/>\n<script type=\"application\/ld+json\" class=\"yoast-schema-graph\">{\"@context\":\"https:\\\/\\\/schema.org\",\"@graph\":[{\"@type\":\"Article\",\"@id\":\"https:\\\/\\\/www.altominho.tv\\\/site\\\/2025\\\/08\\\/18\\\/ordem-dos-advogados-cria-bolsa-de-advogados-voluntarios\\\/#article\",\"isPartOf\":{\"@id\":\"https:\\\/\\\/www.altominho.tv\\\/site\\\/2025\\\/08\\\/18\\\/ordem-dos-advogados-cria-bolsa-de-advogados-voluntarios\\\/\"},\"author\":{\"name\":\"Altominho.tv\",\"@id\":\"https:\\\/\\\/www.altominho.tv\\\/site\\\/#\\\/schema\\\/person\\\/4e536851627d7914baf3dac752b6af22\"},\"headline\":\"Ordem dos Advogados cria Bolsa de Advogados Volunt\u00e1rios para apoiar v\u00edtimas dos inc\u00eandios\",\"datePublished\":\"2025-08-18T13:28:47+00:00\",\"dateModified\":\"2025-08-18T13:28:49+00:00\",\"mainEntityOfPage\":{\"@id\":\"https:\\\/\\\/www.altominho.tv\\\/site\\\/2025\\\/08\\\/18\\\/ordem-dos-advogados-cria-bolsa-de-advogados-voluntarios\\\/\"},\"wordCount\":225,\"image\":{\"@id\":\"https:\\\/\\\/www.altominho.tv\\\/site\\\/2025\\\/08\\\/18\\\/ordem-dos-advogados-cria-bolsa-de-advogados-voluntarios\\\/#primaryimage\"},\"thumbnailUrl\":\"https:\\\/\\\/www.altominho.tv\\\/site\\\/wp-content\\\/uploads\\\/2025\\\/08\\\/incendio-peneda-geres.jpg\",\"keywords\":[\"Sociedade\"],\"articleSection\":[\"Pa\u00eds\"],\"inLanguage\":\"pt-PT\",\"copyrightYear\":\"2025\",\"copyrightHolder\":{\"@id\":\"https:\\\/\\\/www.altominho.tv\\\/site\\\/#organization\"}},{\"@type\":\"WebPage\",\"@id\":\"https:\\\/\\\/www.altominho.tv\\\/site\\\/2025\\\/08\\\/18\\\/ordem-dos-advogados-cria-bolsa-de-advogados-voluntarios\\\/\",\"url\":\"https:\\\/\\\/www.altominho.tv\\\/site\\\/2025\\\/08\\\/18\\\/ordem-dos-advogados-cria-bolsa-de-advogados-voluntarios\\\/\",\"name\":\"Ordem dos Advogados cria Bolsa de Advogados Volunt\u00e1rios para apoiar v\u00edtimas dos inc\u00eandios\",\"isPartOf\":{\"@id\":\"https:\\\/\\\/www.altominho.tv\\\/site\\\/#website\"},\"primaryImageOfPage\":{\"@id\":\"https:\\\/\\\/www.altominho.tv\\\/site\\\/2025\\\/08\\\/18\\\/ordem-dos-advogados-cria-bolsa-de-advogados-voluntarios\\\/#primaryimage\"},\"image\":{\"@id\":\"https:\\\/\\\/www.altominho.tv\\\/site\\\/2025\\\/08\\\/18\\\/ordem-dos-advogados-cria-bolsa-de-advogados-voluntarios\\\/#primaryimage\"},\"thumbnailUrl\":\"https:\\\/\\\/www.altominho.tv\\\/site\\\/wp-content\\\/uploads\\\/2025\\\/08\\\/incendio-peneda-geres.jpg\",\"datePublished\":\"2025-08-18T13:28:47+00:00\",\"dateModified\":\"2025-08-18T13:28:49+00:00\",\"author\":{\"@id\":\"https:\\\/\\\/www.altominho.tv\\\/site\\\/#\\\/schema\\\/person\\\/4e536851627d7914baf3dac752b6af22\"},\"description\":\"A Ordem dos Advogados (OA) anunciou a cria\u00e7\u00e3o de uma Bolsa de Advogados Volunt\u00e1rios destinada a prestar apoio jur\u00eddico gratuito a cidad\u00e3os e empresas mais gravemente afetados pelos inc\u00eandios rurais que t\u00eam devastado v\u00e1rias regi\u00f5es do pa\u00eds.\",\"breadcrumb\":{\"@id\":\"https:\\\/\\\/www.altominho.tv\\\/site\\\/2025\\\/08\\\/18\\\/ordem-dos-advogados-cria-bolsa-de-advogados-voluntarios\\\/#breadcrumb\"},\"inLanguage\":\"pt-PT\",\"potentialAction\":[{\"@type\":\"ReadAction\",\"target\":[\"https:\\\/\\\/www.altominho.tv\\\/site\\\/2025\\\/08\\\/18\\\/ordem-dos-advogados-cria-bolsa-de-advogados-voluntarios\\\/\"]}]},{\"@type\":\"ImageObject\",\"inLanguage\":\"pt-PT\",\"@id\":\"https:\\\/\\\/www.altominho.tv\\\/site\\\/2025\\\/08\\\/18\\\/ordem-dos-advogados-cria-bolsa-de-advogados-voluntarios\\\/#primaryimage\",\"url\":\"https:\\\/\\\/www.altominho.tv\\\/site\\\/wp-content\\\/uploads\\\/2025\\\/08\\\/incendio-peneda-geres.jpg\",\"contentUrl\":\"https:\\\/\\\/www.altominho.tv\\\/site\\\/wp-content\\\/uploads\\\/2025\\\/08\\\/incendio-peneda-geres.jpg\",\"width\":1200,\"height\":630},{\"@type\":\"BreadcrumbList\",\"@id\":\"https:\\\/\\\/www.altominho.tv\\\/site\\\/2025\\\/08\\\/18\\\/ordem-dos-advogados-cria-bolsa-de-advogados-voluntarios\\\/#breadcrumb\",\"itemListElement\":[{\"@type\":\"ListItem\",\"position\":1,\"name\":\"In\u00edcio\",\"item\":\"https:\\\/\\\/www.altominho.tv\\\/site\\\/\"},{\"@type\":\"ListItem\",\"position\":2,\"name\":\"Ordem dos Advogados cria Bolsa de Advogados Volunt\u00e1rios para apoiar v\u00edtimas dos inc\u00eandios\"}]},{\"@type\":\"WebSite\",\"@id\":\"https:\\\/\\\/www.altominho.tv\\\/site\\\/#website\",\"url\":\"https:\\\/\\\/www.altominho.tv\\\/site\\\/\",\"name\":\"Altominho.tv\",\"description\":\"A sua regi\u00e3o \u00e0 dist\u00e2ncia de um clique...\",\"potentialAction\":[{\"@type\":\"SearchAction\",\"target\":{\"@type\":\"EntryPoint\",\"urlTemplate\":\"https:\\\/\\\/www.altominho.tv\\\/site\\\/?s={search_term_string}\"},\"query-input\":{\"@type\":\"PropertyValueSpecification\",\"valueRequired\":true,\"valueName\":\"search_term_string\"}}],\"inLanguage\":\"pt-PT\"},{\"@type\":\"Person\",\"@id\":\"https:\\\/\\\/www.altominho.tv\\\/site\\\/#\\\/schema\\\/person\\\/4e536851627d7914baf3dac752b6af22\",\"name\":\"Altominho.tv\",\"image\":{\"@type\":\"ImageObject\",\"inLanguage\":\"pt-PT\",\"@id\":\"https:\\\/\\\/www.altominho.tv\\\/site\\\/wp-content\\\/uploads\\\/2019\\\/11\\\/Logo_Avatar_2-150x150.jpg\",\"url\":\"https:\\\/\\\/www.altominho.tv\\\/site\\\/wp-content\\\/uploads\\\/2019\\\/11\\\/Logo_Avatar_2-150x150.jpg\",\"contentUrl\":\"https:\\\/\\\/www.altominho.tv\\\/site\\\/wp-content\\\/uploads\\\/2019\\\/11\\\/Logo_Avatar_2-150x150.jpg\",\"caption\":\"Altominho.tv\"},\"url\":\"https:\\\/\\\/www.altominho.tv\\\/site\\\/author\\\/altominhotv-tecnico\\\/\"}]}<\/script>\n<!-- \/ Yoast SEO Premium plugin. -->","yoast_head_json":{"title":"Ordem dos Advogados cria Bolsa de Advogados Volunt\u00e1rios para apoiar v\u00edtimas dos inc\u00eandios","description":"A Ordem dos Advogados (OA) anunciou a cria\u00e7\u00e3o de uma Bolsa de Advogados Volunt\u00e1rios destinada a prestar apoio jur\u00eddico gratuito a cidad\u00e3os e empresas mais gravemente afetados pelos inc\u00eandios rurais que t\u00eam devastado v\u00e1rias regi\u00f5es do pa\u00eds.","robots":{"index":"index","follow":"follow","max-snippet":"max-snippet:-1","max-image-preview":"max-image-preview:large","max-video-preview":"max-video-preview:-1"},"canonical":"https:\/\/www.altominho.tv\/site\/2025\/08\/18\/ordem-dos-advogados-cria-bolsa-de-advogados-voluntarios\/","og_locale":"pt_PT","og_type":"article","og_title":"Ordem dos Advogados cria Bolsa de Advogados Volunt\u00e1rios para apoiar v\u00edtimas dos inc\u00eandios","og_description":"A Ordem dos Advogados (OA) anunciou a cria\u00e7\u00e3o de uma Bolsa de Advogados Volunt\u00e1rios destinada a prestar apoio jur\u00eddico gratuito a cidad\u00e3os e empresas mais gravemente afetados pelos inc\u00eandios rurais que t\u00eam devastado v\u00e1rias regi\u00f5es do pa\u00eds.","og_url":"https:\/\/www.altominho.tv\/site\/2025\/08\/18\/ordem-dos-advogados-cria-bolsa-de-advogados-voluntarios\/","og_site_name":"Altominho.tv","article_publisher":"https:\/\/www.facebook.com\/altominhotv","article_published_time":"2025-08-18T13:28:47+00:00","article_modified_time":"2025-08-18T13:28:49+00:00","og_image":[{"width":1200,"height":630,"url":"https:\/\/www.altominho.tv\/site\/wp-content\/uploads\/2025\/08\/incendio-peneda-geres.jpg","type":"image\/jpeg"}],"author":"Altominho.tv","twitter_card":"summary_large_image","twitter_creator":"@altominhoTV","twitter_site":"@altominhoTV","twitter_misc":{"Escrito por":"Altominho.tv","Tempo estimado de leitura":"2 minutos"},"schema":{"@context":"https:\/\/schema.org","@graph":[{"@type":"Article","@id":"https:\/\/www.altominho.tv\/site\/2025\/08\/18\/ordem-dos-advogados-cria-bolsa-de-advogados-voluntarios\/#article","isPartOf":{"@id":"https:\/\/www.altominho.tv\/site\/2025\/08\/18\/ordem-dos-advogados-cria-bolsa-de-advogados-voluntarios\/"},"author":{"name":"Altominho.tv","@id":"https:\/\/www.altominho.tv\/site\/#\/schema\/person\/4e536851627d7914baf3dac752b6af22"},"headline":"Ordem dos Advogados cria Bolsa de Advogados Volunt\u00e1rios para apoiar v\u00edtimas dos inc\u00eandios","datePublished":"2025-08-18T13:28:47+00:00","dateModified":"2025-08-18T13:28:49+00:00","mainEntityOfPage":{"@id":"https:\/\/www.altominho.tv\/site\/2025\/08\/18\/ordem-dos-advogados-cria-bolsa-de-advogados-voluntarios\/"},"wordCount":225,"image":{"@id":"https:\/\/www.altominho.tv\/site\/2025\/08\/18\/ordem-dos-advogados-cria-bolsa-de-advogados-voluntarios\/#primaryimage"},"thumbnailUrl":"https:\/\/www.altominho.tv\/site\/wp-content\/uploads\/2025\/08\/incendio-peneda-geres.jpg","keywords":["Sociedade"],"articleSection":["Pa\u00eds"],"inLanguage":"pt-PT","copyrightYear":"2025","copyrightHolder":{"@id":"https:\/\/www.altominho.tv\/site\/#organization"}},{"@type":"WebPage","@id":"https:\/\/www.altominho.tv\/site\/2025\/08\/18\/ordem-dos-advogados-cria-bolsa-de-advogados-voluntarios\/","url":"https:\/\/www.altominho.tv\/site\/2025\/08\/18\/ordem-dos-advogados-cria-bolsa-de-advogados-voluntarios\/","name":"Ordem dos Advogados cria Bolsa de Advogados Volunt\u00e1rios para apoiar v\u00edtimas dos inc\u00eandios","isPartOf":{"@id":"https:\/\/www.altominho.tv\/site\/#website"},"primaryImageOfPage":{"@id":"https:\/\/www.altominho.tv\/site\/2025\/08\/18\/ordem-dos-advogados-cria-bolsa-de-advogados-voluntarios\/#primaryimage"},"image":{"@id":"https:\/\/www.altominho.tv\/site\/2025\/08\/18\/ordem-dos-advogados-cria-bolsa-de-advogados-voluntarios\/#primaryimage"},"thumbnailUrl":"https:\/\/www.altominho.tv\/site\/wp-content\/uploads\/2025\/08\/incendio-peneda-geres.jpg","datePublished":"2025-08-18T13:28:47+00:00","dateModified":"2025-08-18T13:28:49+00:00","author":{"@id":"https:\/\/www.altominho.tv\/site\/#\/schema\/person\/4e536851627d7914baf3dac752b6af22"},"description":"A Ordem dos Advogados (OA) anunciou a cria\u00e7\u00e3o de uma Bolsa de Advogados Volunt\u00e1rios destinada a prestar apoio jur\u00eddico gratuito a cidad\u00e3os e empresas mais gravemente afetados pelos inc\u00eandios rurais que t\u00eam devastado v\u00e1rias regi\u00f5es do pa\u00eds.","breadcrumb":{"@id":"https:\/\/www.altominho.tv\/site\/2025\/08\/18\/ordem-dos-advogados-cria-bolsa-de-advogados-voluntarios\/#breadcrumb"},"inLanguage":"pt-PT","potentialAction":[{"@type":"ReadAction","target":["https:\/\/www.altominho.tv\/site\/2025\/08\/18\/ordem-dos-advogados-cria-bolsa-de-advogados-voluntarios\/"]}]},{"@type":"ImageObject","inLanguage":"pt-PT","@id":"https:\/\/www.altominho.tv\/site\/2025\/08\/18\/ordem-dos-advogados-cria-bolsa-de-advogados-voluntarios\/#primaryimage","url":"https:\/\/www.altominho.tv\/site\/wp-content\/uploads\/2025\/08\/incendio-peneda-geres.jpg","contentUrl":"https:\/\/www.altominho.tv\/site\/wp-content\/uploads\/2025\/08\/incendio-peneda-geres.jpg","width":1200,"height":630},{"@type":"BreadcrumbList","@id":"https:\/\/www.altominho.tv\/site\/2025\/08\/18\/ordem-dos-advogados-cria-bolsa-de-advogados-voluntarios\/#breadcrumb","itemListElement":[{"@type":"ListItem","position":1,"name":"In\u00edcio","item":"https:\/\/www.altominho.tv\/site\/"},{"@type":"ListItem","position":2,"name":"Ordem dos Advogados cria Bolsa de Advogados Volunt\u00e1rios para apoiar v\u00edtimas dos inc\u00eandios"}]},{"@type":"WebSite","@id":"https:\/\/www.altominho.tv\/site\/#website","url":"https:\/\/www.altominho.tv\/site\/","name":"Altominho.tv","description":"A sua regi\u00e3o \u00e0 dist\u00e2ncia de um clique...","potentialAction":[{"@type":"SearchAction","target":{"@type":"EntryPoint","urlTemplate":"https:\/\/www.altominho.tv\/site\/?s={search_term_string}"},"query-input":{"@type":"PropertyValueSpecification","valueRequired":true,"valueName":"search_term_string"}}],"inLanguage":"pt-PT"},{"@type":"Person","@id":"https:\/\/www.altominho.tv\/site\/#\/schema\/person\/4e536851627d7914baf3dac752b6af22","name":"Altominho.tv","image":{"@type":"ImageObject","inLanguage":"pt-PT","@id":"https:\/\/www.altominho.tv\/site\/wp-content\/uploads\/2019\/11\/Logo_Avatar_2-150x150.jpg","url":"https:\/\/www.altominho.tv\/site\/wp-content\/uploads\/2019\/11\/Logo_Avatar_2-150x150.jpg","contentUrl":"https:\/\/www.altominho.tv\/site\/wp-content\/uploads\/2019\/11\/Logo_Avatar_2-150x150.jpg","caption":"Altominho.tv"},"url":"https:\/\/www.altominho.tv\/site\/author\/altominhotv-tecnico\/"}]}},"_links":{"self":[{"href":"https:\/\/www.altominho.tv\/site\/wp-json\/wp\/v2\/posts\/122062","targetHints":{"allow":["GET"]}}],"collection":[{"href":"https:\/\/www.altominho.tv\/site\/wp-json\/wp\/v2\/posts"}],"about":[{"href":"https:\/\/www.altominho.tv\/site\/wp-json\/wp\/v2\/types\/post"}],"author":[{"embeddable":true,"href":"https:\/\/www.altominho.tv\/site\/wp-json\/wp\/v2\/users\/1"}],"replies":[{"embeddable":true,"href":"https:\/\/www.altominho.tv\/site\/wp-json\/wp\/v2\/comments?post=122062"}],"version-history":[{"count":1,"href":"https:\/\/www.altominho.tv\/site\/wp-json\/wp\/v2\/posts\/122062\/revisions"}],"predecessor-version":[{"id":122065,"href":"https:\/\/www.altominho.tv\/site\/wp-json\/wp\/v2\/posts\/122062\/revisions\/122065"}],"wp:featuredmedia":[{"embeddable":true,"href":"https:\/\/www.altominho.tv\/site\/wp-json\/wp\/v2\/media\/121822"}],"wp:attachment":[{"href":"https:\/\/www.altominho.tv\/site\/wp-json\/wp\/v2\/media?parent=122062"}],"wp:term":[{"taxonomy":"category","embeddable":true,"href":"https:\/\/www.altominho.tv\/site\/wp-json\/wp\/v2\/categories?post=122062"},{"taxonomy":"post_tag","embeddable":true,"href":"https:\/\/www.altominho.tv\/site\/wp-json\/wp\/v2\/tags?post=122062"}],"curies":[{"name":"wp","href":"https:\/\/api.w.org\/{rel}","templated":true}]}}