{"id":122056,"date":"2025-08-18T11:30:19","date_gmt":"2025-08-18T10:30:19","guid":{"rendered":"https:\/\/www.altominho.tv\/site\/?p=122056"},"modified":"2025-08-18T11:30:22","modified_gmt":"2025-08-18T10:30:22","slug":"ca-vilar-de-mouros-arranca-esta-quarta-feira","status":"publish","type":"post","link":"https:\/\/www.altominho.tv\/site\/2025\/08\/18\/ca-vilar-de-mouros-arranca-esta-quarta-feira\/","title":{"rendered":"CA Vilar de Mouros arranca esta quarta-feira"},"content":{"rendered":"\n<p>O Festival CA Vilar de Mouros arranca esta quarta-feira, dia 20 de agosto, e prolonga-se at\u00e9 s\u00e1bado, dia 23 de agosto. A ic\u00f3nica aldeia minhota acolhe e d\u00e1 nome \u00e0quele que \u00e9 o mais antigo dos festivais de m\u00fasica na Pen\u00ednsula Ib\u00e9rica, e que ano ap\u00f3s ano tem vindo a revitalizar a rela\u00e7\u00e3o da regi\u00e3o com a cultura.<\/p>\n\n\n\n<p>The Godfathers, Triggerfinger, Cavaliers of Fun e DJ Izzy juntam-se aos j\u00e1 anunciados Papa Roach, Sex Pistols feat. Frank Carter, James, Da Weasel, The Kooks, Refused, I Prevail, The Stranglers, The Damned, The Ting Tings, Palaye Royale, Hybrid Theory, Stereo MC\u2019s, Starsailor, Girlband!, Altered Images e Girl Scout. <\/p>\n\n\n\n<p>Nos \u00faltimos nomes revelados est\u00e1 tamb\u00e9m a banda Dubaquito, uma banda do concelho de Caminha, que foi selecionada para atuar na abertura do festival.<\/p>\n\n\n\n<p>A \u00faltima noite do festival termina com Da Weasel, que escolheram o CA Vilar de Mouros para um dos tr\u00eas concertos que ir\u00e3o dar este ano.<\/p>\n\n\n\n<p>O Festival CA Vilar de Mouros celebra este ano 60 anos de exist\u00eancia.<\/p>\n\n\n\n<figure class=\"wp-block-image size-large\"><img loading=\"lazy\" decoding=\"async\" width=\"1024\" height=\"1024\" src=\"https:\/\/www.altominho.tv\/site\/wp-content\/uploads\/2025\/08\/mw-1080-1024x1024.webp\" alt=\"\" class=\"wp-image-122057\" srcset=\"https:\/\/www.altominho.tv\/site\/wp-content\/uploads\/2025\/08\/mw-1080-1024x1024.webp 1024w, https:\/\/www.altominho.tv\/site\/wp-content\/uploads\/2025\/08\/mw-1080-433x433.webp 433w, https:\/\/www.altominho.tv\/site\/wp-content\/uploads\/2025\/08\/mw-1080-150x150.webp 150w, https:\/\/www.altominho.tv\/site\/wp-content\/uploads\/2025\/08\/mw-1080-768x768.webp 768w, https:\/\/www.altominho.tv\/site\/wp-content\/uploads\/2025\/08\/mw-1080-370x370.webp 370w, https:\/\/www.altominho.tv\/site\/wp-content\/uploads\/2025\/08\/mw-1080-270x270.webp 270w, https:\/\/www.altominho.tv\/site\/wp-content\/uploads\/2025\/08\/mw-1080-570x570.webp 570w, https:\/\/www.altominho.tv\/site\/wp-content\/uploads\/2025\/08\/mw-1080-740x740.webp 740w, https:\/\/www.altominho.tv\/site\/wp-content\/uploads\/2025\/08\/mw-1080.webp 1080w\" sizes=\"auto, (max-width: 1024px) 100vw, 1024px\" \/><\/figure>\n","protected":false},"excerpt":{"rendered":"<p>O Festival CA Vilar de Mouros arranca esta quarta-feira, dia 20 de agosto, e prolonga-se at\u00e9 s\u00e1bado, dia 23 de agosto. A ic\u00f3nica aldeia minhota acolhe e d\u00e1 nome \u00e0quele que \u00e9 o mais antigo dos festivais de m\u00fasica na Pen\u00ednsula Ib\u00e9rica, e que ano ap\u00f3s ano tem vindo a revitalizar a rela\u00e7\u00e3o da regi\u00e3o [&hellip;]<\/p>\n","protected":false},"author":1,"featured_media":122059,"comment_status":"closed","ping_status":"closed","sticky":false,"template":"","format":"standard","meta":{"_exactmetrics_skip_tracking":false,"_exactmetrics_sitenote_active":false,"_exactmetrics_sitenote_note":"","_exactmetrics_sitenote_category":0,"footnotes":""},"categories":[7],"tags":[24],"class_list":["post-122056","post","type-post","status-publish","format-standard","has-post-thumbnail","hentry","category-caminha","tag-lazer"],"yoast_head":"<!-- This site is optimized with the Yoast SEO Premium plugin v27.5 (Yoast SEO v27.5) - https:\/\/yoast.com\/product\/yoast-seo-premium-wordpress\/ -->\n<title>CA Vilar de Mouros arranca esta quarta-feira<\/title>\n<meta name=\"description\" content=\"O Festival CA Vilar de Mouros arranca esta quarta-feira, dia 20 de agosto, e prolonga-se at\u00e9 s\u00e1bado, dia 23 de agosto.\" \/>\n<meta name=\"robots\" content=\"index, follow, max-snippet:-1, max-image-preview:large, max-video-preview:-1\" \/>\n<link rel=\"canonical\" href=\"https:\/\/www.altominho.tv\/site\/2025\/08\/18\/ca-vilar-de-mouros-arranca-esta-quarta-feira\/\" \/>\n<meta property=\"og:locale\" content=\"pt_PT\" \/>\n<meta property=\"og:type\" content=\"article\" \/>\n<meta property=\"og:title\" content=\"CA Vilar de Mouros arranca esta quarta-feira\" \/>\n<meta property=\"og:description\" content=\"O Festival CA Vilar de Mouros arranca esta quarta-feira, dia 20 de agosto, e prolonga-se at\u00e9 s\u00e1bado, dia 23 de agosto.\" \/>\n<meta property=\"og:url\" content=\"https:\/\/www.altominho.tv\/site\/2025\/08\/18\/ca-vilar-de-mouros-arranca-esta-quarta-feira\/\" \/>\n<meta property=\"og:site_name\" content=\"Altominho.tv\" \/>\n<meta property=\"article:publisher\" content=\"https:\/\/www.facebook.com\/altominhotv\" \/>\n<meta property=\"article:published_time\" content=\"2025-08-18T10:30:19+00:00\" \/>\n<meta property=\"article:modified_time\" content=\"2025-08-18T10:30:22+00:00\" \/>\n<meta property=\"og:image\" content=\"https:\/\/www.altominho.tv\/site\/wp-content\/uploads\/2025\/08\/vilar-de-mouros.jpg\" \/>\n\t<meta property=\"og:image:width\" content=\"1200\" \/>\n\t<meta property=\"og:image:height\" content=\"630\" \/>\n\t<meta property=\"og:image:type\" content=\"image\/jpeg\" \/>\n<meta name=\"author\" content=\"Altominho.tv\" \/>\n<meta name=\"twitter:card\" content=\"summary_large_image\" \/>\n<meta name=\"twitter:creator\" content=\"@altominhoTV\" \/>\n<meta name=\"twitter:site\" content=\"@altominhoTV\" \/>\n<meta name=\"twitter:label1\" content=\"Escrito por\" \/>\n\t<meta name=\"twitter:data1\" content=\"Altominho.tv\" \/>\n\t<meta name=\"twitter:label2\" content=\"Tempo estimado de leitura\" \/>\n\t<meta name=\"twitter:data2\" content=\"2 minutos\" \/>\n<script type=\"application\/ld+json\" class=\"yoast-schema-graph\">{\"@context\":\"https:\\\/\\\/schema.org\",\"@graph\":[{\"@type\":\"Article\",\"@id\":\"https:\\\/\\\/www.altominho.tv\\\/site\\\/2025\\\/08\\\/18\\\/ca-vilar-de-mouros-arranca-esta-quarta-feira\\\/#article\",\"isPartOf\":{\"@id\":\"https:\\\/\\\/www.altominho.tv\\\/site\\\/2025\\\/08\\\/18\\\/ca-vilar-de-mouros-arranca-esta-quarta-feira\\\/\"},\"author\":{\"name\":\"Altominho.tv\",\"@id\":\"https:\\\/\\\/www.altominho.tv\\\/site\\\/#\\\/schema\\\/person\\\/4e536851627d7914baf3dac752b6af22\"},\"headline\":\"CA Vilar de Mouros arranca esta quarta-feira\",\"datePublished\":\"2025-08-18T10:30:19+00:00\",\"dateModified\":\"2025-08-18T10:30:22+00:00\",\"mainEntityOfPage\":{\"@id\":\"https:\\\/\\\/www.altominho.tv\\\/site\\\/2025\\\/08\\\/18\\\/ca-vilar-de-mouros-arranca-esta-quarta-feira\\\/\"},\"wordCount\":185,\"image\":{\"@id\":\"https:\\\/\\\/www.altominho.tv\\\/site\\\/2025\\\/08\\\/18\\\/ca-vilar-de-mouros-arranca-esta-quarta-feira\\\/#primaryimage\"},\"thumbnailUrl\":\"https:\\\/\\\/www.altominho.tv\\\/site\\\/wp-content\\\/uploads\\\/2025\\\/08\\\/vilar-de-mouros.jpg\",\"keywords\":[\"Lazer\"],\"articleSection\":[\"Caminha\"],\"inLanguage\":\"pt-PT\",\"copyrightYear\":\"2025\",\"copyrightHolder\":{\"@id\":\"https:\\\/\\\/www.altominho.tv\\\/site\\\/#organization\"}},{\"@type\":\"WebPage\",\"@id\":\"https:\\\/\\\/www.altominho.tv\\\/site\\\/2025\\\/08\\\/18\\\/ca-vilar-de-mouros-arranca-esta-quarta-feira\\\/\",\"url\":\"https:\\\/\\\/www.altominho.tv\\\/site\\\/2025\\\/08\\\/18\\\/ca-vilar-de-mouros-arranca-esta-quarta-feira\\\/\",\"name\":\"CA Vilar de Mouros arranca esta quarta-feira\",\"isPartOf\":{\"@id\":\"https:\\\/\\\/www.altominho.tv\\\/site\\\/#website\"},\"primaryImageOfPage\":{\"@id\":\"https:\\\/\\\/www.altominho.tv\\\/site\\\/2025\\\/08\\\/18\\\/ca-vilar-de-mouros-arranca-esta-quarta-feira\\\/#primaryimage\"},\"image\":{\"@id\":\"https:\\\/\\\/www.altominho.tv\\\/site\\\/2025\\\/08\\\/18\\\/ca-vilar-de-mouros-arranca-esta-quarta-feira\\\/#primaryimage\"},\"thumbnailUrl\":\"https:\\\/\\\/www.altominho.tv\\\/site\\\/wp-content\\\/uploads\\\/2025\\\/08\\\/vilar-de-mouros.jpg\",\"datePublished\":\"2025-08-18T10:30:19+00:00\",\"dateModified\":\"2025-08-18T10:30:22+00:00\",\"author\":{\"@id\":\"https:\\\/\\\/www.altominho.tv\\\/site\\\/#\\\/schema\\\/person\\\/4e536851627d7914baf3dac752b6af22\"},\"description\":\"O Festival CA Vilar de Mouros arranca esta quarta-feira, dia 20 de agosto, e prolonga-se at\u00e9 s\u00e1bado, dia 23 de agosto.\",\"breadcrumb\":{\"@id\":\"https:\\\/\\\/www.altominho.tv\\\/site\\\/2025\\\/08\\\/18\\\/ca-vilar-de-mouros-arranca-esta-quarta-feira\\\/#breadcrumb\"},\"inLanguage\":\"pt-PT\",\"potentialAction\":[{\"@type\":\"ReadAction\",\"target\":[\"https:\\\/\\\/www.altominho.tv\\\/site\\\/2025\\\/08\\\/18\\\/ca-vilar-de-mouros-arranca-esta-quarta-feira\\\/\"]}]},{\"@type\":\"ImageObject\",\"inLanguage\":\"pt-PT\",\"@id\":\"https:\\\/\\\/www.altominho.tv\\\/site\\\/2025\\\/08\\\/18\\\/ca-vilar-de-mouros-arranca-esta-quarta-feira\\\/#primaryimage\",\"url\":\"https:\\\/\\\/www.altominho.tv\\\/site\\\/wp-content\\\/uploads\\\/2025\\\/08\\\/vilar-de-mouros.jpg\",\"contentUrl\":\"https:\\\/\\\/www.altominho.tv\\\/site\\\/wp-content\\\/uploads\\\/2025\\\/08\\\/vilar-de-mouros.jpg\",\"width\":1200,\"height\":630},{\"@type\":\"BreadcrumbList\",\"@id\":\"https:\\\/\\\/www.altominho.tv\\\/site\\\/2025\\\/08\\\/18\\\/ca-vilar-de-mouros-arranca-esta-quarta-feira\\\/#breadcrumb\",\"itemListElement\":[{\"@type\":\"ListItem\",\"position\":1,\"name\":\"In\u00edcio\",\"item\":\"https:\\\/\\\/www.altominho.tv\\\/site\\\/\"},{\"@type\":\"ListItem\",\"position\":2,\"name\":\"CA Vilar de Mouros arranca esta quarta-feira\"}]},{\"@type\":\"WebSite\",\"@id\":\"https:\\\/\\\/www.altominho.tv\\\/site\\\/#website\",\"url\":\"https:\\\/\\\/www.altominho.tv\\\/site\\\/\",\"name\":\"Altominho.tv\",\"description\":\"A sua regi\u00e3o \u00e0 dist\u00e2ncia de um clique...\",\"potentialAction\":[{\"@type\":\"SearchAction\",\"target\":{\"@type\":\"EntryPoint\",\"urlTemplate\":\"https:\\\/\\\/www.altominho.tv\\\/site\\\/?s={search_term_string}\"},\"query-input\":{\"@type\":\"PropertyValueSpecification\",\"valueRequired\":true,\"valueName\":\"search_term_string\"}}],\"inLanguage\":\"pt-PT\"},{\"@type\":\"Person\",\"@id\":\"https:\\\/\\\/www.altominho.tv\\\/site\\\/#\\\/schema\\\/person\\\/4e536851627d7914baf3dac752b6af22\",\"name\":\"Altominho.tv\",\"image\":{\"@type\":\"ImageObject\",\"inLanguage\":\"pt-PT\",\"@id\":\"https:\\\/\\\/www.altominho.tv\\\/site\\\/wp-content\\\/uploads\\\/2019\\\/11\\\/Logo_Avatar_2-150x150.jpg\",\"url\":\"https:\\\/\\\/www.altominho.tv\\\/site\\\/wp-content\\\/uploads\\\/2019\\\/11\\\/Logo_Avatar_2-150x150.jpg\",\"contentUrl\":\"https:\\\/\\\/www.altominho.tv\\\/site\\\/wp-content\\\/uploads\\\/2019\\\/11\\\/Logo_Avatar_2-150x150.jpg\",\"caption\":\"Altominho.tv\"},\"url\":\"https:\\\/\\\/www.altominho.tv\\\/site\\\/author\\\/altominhotv-tecnico\\\/\"}]}<\/script>\n<!-- \/ Yoast SEO Premium plugin. -->","yoast_head_json":{"title":"CA Vilar de Mouros arranca esta quarta-feira","description":"O Festival CA Vilar de Mouros arranca esta quarta-feira, dia 20 de agosto, e prolonga-se at\u00e9 s\u00e1bado, dia 23 de agosto.","robots":{"index":"index","follow":"follow","max-snippet":"max-snippet:-1","max-image-preview":"max-image-preview:large","max-video-preview":"max-video-preview:-1"},"canonical":"https:\/\/www.altominho.tv\/site\/2025\/08\/18\/ca-vilar-de-mouros-arranca-esta-quarta-feira\/","og_locale":"pt_PT","og_type":"article","og_title":"CA Vilar de Mouros arranca esta quarta-feira","og_description":"O Festival CA Vilar de Mouros arranca esta quarta-feira, dia 20 de agosto, e prolonga-se at\u00e9 s\u00e1bado, dia 23 de agosto.","og_url":"https:\/\/www.altominho.tv\/site\/2025\/08\/18\/ca-vilar-de-mouros-arranca-esta-quarta-feira\/","og_site_name":"Altominho.tv","article_publisher":"https:\/\/www.facebook.com\/altominhotv","article_published_time":"2025-08-18T10:30:19+00:00","article_modified_time":"2025-08-18T10:30:22+00:00","og_image":[{"width":1200,"height":630,"url":"https:\/\/www.altominho.tv\/site\/wp-content\/uploads\/2025\/08\/vilar-de-mouros.jpg","type":"image\/jpeg"}],"author":"Altominho.tv","twitter_card":"summary_large_image","twitter_creator":"@altominhoTV","twitter_site":"@altominhoTV","twitter_misc":{"Escrito por":"Altominho.tv","Tempo estimado de leitura":"2 minutos"},"schema":{"@context":"https:\/\/schema.org","@graph":[{"@type":"Article","@id":"https:\/\/www.altominho.tv\/site\/2025\/08\/18\/ca-vilar-de-mouros-arranca-esta-quarta-feira\/#article","isPartOf":{"@id":"https:\/\/www.altominho.tv\/site\/2025\/08\/18\/ca-vilar-de-mouros-arranca-esta-quarta-feira\/"},"author":{"name":"Altominho.tv","@id":"https:\/\/www.altominho.tv\/site\/#\/schema\/person\/4e536851627d7914baf3dac752b6af22"},"headline":"CA Vilar de Mouros arranca esta quarta-feira","datePublished":"2025-08-18T10:30:19+00:00","dateModified":"2025-08-18T10:30:22+00:00","mainEntityOfPage":{"@id":"https:\/\/www.altominho.tv\/site\/2025\/08\/18\/ca-vilar-de-mouros-arranca-esta-quarta-feira\/"},"wordCount":185,"image":{"@id":"https:\/\/www.altominho.tv\/site\/2025\/08\/18\/ca-vilar-de-mouros-arranca-esta-quarta-feira\/#primaryimage"},"thumbnailUrl":"https:\/\/www.altominho.tv\/site\/wp-content\/uploads\/2025\/08\/vilar-de-mouros.jpg","keywords":["Lazer"],"articleSection":["Caminha"],"inLanguage":"pt-PT","copyrightYear":"2025","copyrightHolder":{"@id":"https:\/\/www.altominho.tv\/site\/#organization"}},{"@type":"WebPage","@id":"https:\/\/www.altominho.tv\/site\/2025\/08\/18\/ca-vilar-de-mouros-arranca-esta-quarta-feira\/","url":"https:\/\/www.altominho.tv\/site\/2025\/08\/18\/ca-vilar-de-mouros-arranca-esta-quarta-feira\/","name":"CA Vilar de Mouros arranca esta quarta-feira","isPartOf":{"@id":"https:\/\/www.altominho.tv\/site\/#website"},"primaryImageOfPage":{"@id":"https:\/\/www.altominho.tv\/site\/2025\/08\/18\/ca-vilar-de-mouros-arranca-esta-quarta-feira\/#primaryimage"},"image":{"@id":"https:\/\/www.altominho.tv\/site\/2025\/08\/18\/ca-vilar-de-mouros-arranca-esta-quarta-feira\/#primaryimage"},"thumbnailUrl":"https:\/\/www.altominho.tv\/site\/wp-content\/uploads\/2025\/08\/vilar-de-mouros.jpg","datePublished":"2025-08-18T10:30:19+00:00","dateModified":"2025-08-18T10:30:22+00:00","author":{"@id":"https:\/\/www.altominho.tv\/site\/#\/schema\/person\/4e536851627d7914baf3dac752b6af22"},"description":"O Festival CA Vilar de Mouros arranca esta quarta-feira, dia 20 de agosto, e prolonga-se at\u00e9 s\u00e1bado, dia 23 de agosto.","breadcrumb":{"@id":"https:\/\/www.altominho.tv\/site\/2025\/08\/18\/ca-vilar-de-mouros-arranca-esta-quarta-feira\/#breadcrumb"},"inLanguage":"pt-PT","potentialAction":[{"@type":"ReadAction","target":["https:\/\/www.altominho.tv\/site\/2025\/08\/18\/ca-vilar-de-mouros-arranca-esta-quarta-feira\/"]}]},{"@type":"ImageObject","inLanguage":"pt-PT","@id":"https:\/\/www.altominho.tv\/site\/2025\/08\/18\/ca-vilar-de-mouros-arranca-esta-quarta-feira\/#primaryimage","url":"https:\/\/www.altominho.tv\/site\/wp-content\/uploads\/2025\/08\/vilar-de-mouros.jpg","contentUrl":"https:\/\/www.altominho.tv\/site\/wp-content\/uploads\/2025\/08\/vilar-de-mouros.jpg","width":1200,"height":630},{"@type":"BreadcrumbList","@id":"https:\/\/www.altominho.tv\/site\/2025\/08\/18\/ca-vilar-de-mouros-arranca-esta-quarta-feira\/#breadcrumb","itemListElement":[{"@type":"ListItem","position":1,"name":"In\u00edcio","item":"https:\/\/www.altominho.tv\/site\/"},{"@type":"ListItem","position":2,"name":"CA Vilar de Mouros arranca esta quarta-feira"}]},{"@type":"WebSite","@id":"https:\/\/www.altominho.tv\/site\/#website","url":"https:\/\/www.altominho.tv\/site\/","name":"Altominho.tv","description":"A sua regi\u00e3o \u00e0 dist\u00e2ncia de um clique...","potentialAction":[{"@type":"SearchAction","target":{"@type":"EntryPoint","urlTemplate":"https:\/\/www.altominho.tv\/site\/?s={search_term_string}"},"query-input":{"@type":"PropertyValueSpecification","valueRequired":true,"valueName":"search_term_string"}}],"inLanguage":"pt-PT"},{"@type":"Person","@id":"https:\/\/www.altominho.tv\/site\/#\/schema\/person\/4e536851627d7914baf3dac752b6af22","name":"Altominho.tv","image":{"@type":"ImageObject","inLanguage":"pt-PT","@id":"https:\/\/www.altominho.tv\/site\/wp-content\/uploads\/2019\/11\/Logo_Avatar_2-150x150.jpg","url":"https:\/\/www.altominho.tv\/site\/wp-content\/uploads\/2019\/11\/Logo_Avatar_2-150x150.jpg","contentUrl":"https:\/\/www.altominho.tv\/site\/wp-content\/uploads\/2019\/11\/Logo_Avatar_2-150x150.jpg","caption":"Altominho.tv"},"url":"https:\/\/www.altominho.tv\/site\/author\/altominhotv-tecnico\/"}]}},"_links":{"self":[{"href":"https:\/\/www.altominho.tv\/site\/wp-json\/wp\/v2\/posts\/122056","targetHints":{"allow":["GET"]}}],"collection":[{"href":"https:\/\/www.altominho.tv\/site\/wp-json\/wp\/v2\/posts"}],"about":[{"href":"https:\/\/www.altominho.tv\/site\/wp-json\/wp\/v2\/types\/post"}],"author":[{"embeddable":true,"href":"https:\/\/www.altominho.tv\/site\/wp-json\/wp\/v2\/users\/1"}],"replies":[{"embeddable":true,"href":"https:\/\/www.altominho.tv\/site\/wp-json\/wp\/v2\/comments?post=122056"}],"version-history":[{"count":1,"href":"https:\/\/www.altominho.tv\/site\/wp-json\/wp\/v2\/posts\/122056\/revisions"}],"predecessor-version":[{"id":122060,"href":"https:\/\/www.altominho.tv\/site\/wp-json\/wp\/v2\/posts\/122056\/revisions\/122060"}],"wp:featuredmedia":[{"embeddable":true,"href":"https:\/\/www.altominho.tv\/site\/wp-json\/wp\/v2\/media\/122059"}],"wp:attachment":[{"href":"https:\/\/www.altominho.tv\/site\/wp-json\/wp\/v2\/media?parent=122056"}],"wp:term":[{"taxonomy":"category","embeddable":true,"href":"https:\/\/www.altominho.tv\/site\/wp-json\/wp\/v2\/categories?post=122056"},{"taxonomy":"post_tag","embeddable":true,"href":"https:\/\/www.altominho.tv\/site\/wp-json\/wp\/v2\/tags?post=122056"}],"curies":[{"name":"wp","href":"https:\/\/api.w.org\/{rel}","templated":true}]}}