{"id":122043,"date":"2025-08-17T20:33:48","date_gmt":"2025-08-17T19:33:48","guid":{"rendered":"https:\/\/www.altominho.tv\/site\/?p=122043"},"modified":"2025-08-17T20:34:52","modified_gmt":"2025-08-17T19:34:52","slug":"homem-morre-em-caminha","status":"publish","type":"post","link":"https:\/\/www.altominho.tv\/site\/2025\/08\/17\/homem-morre-em-caminha\/","title":{"rendered":"Homem morre em Caminha depois de entrar em dificuldades no rio Minho"},"content":{"rendered":"<p>Um homem morreu hoje junto ao cais de S. Sebasti\u00e3o, em Seixas, no concelho de Caminha, depois de entrar em dificuldades na \u00e1gua no tro\u00e7o internacional do rio Minho, indicou a Autoridade Mar\u00edtima Nacional em comunicado.<\/p>\n<p>O alerta, para seis pessoas em dificuldades no tro\u00e7o internacional do rio Minho, foi recebido pouco depois das 16h00, tendo sido &#8220;ativados de imediato&#8221; meios para o local, incluindo Pol\u00edcia Mar\u00edtima, bombeiros e Viatura M\u00e9dica de Emerg\u00eancia e Reanima\u00e7\u00e3o.<\/p>\n<p>Quando chegaram os meios, as pessoas j\u00e1 tinham sido retiradas da \u00e1gua e transportadas para a margem do rio, &#8220;com o apoio de uma embarca\u00e7\u00e3o que se encontrava nas proximidades&#8221;.<\/p>\n<p>Uma das pessoas, um espanhol de 54 anos, estava em paragem cardiorrespirat\u00f3ria, tendo as manobras de reanima\u00e7\u00e3o sido infrut\u00edferas.<\/p>\n","protected":false},"excerpt":{"rendered":"<p>Um homem morreu hoje junto ao cais de S. Sebasti\u00e3o, em Seixas, no concelho de Caminha, depois de entrar em dificuldades na \u00e1gua no tro\u00e7o internacional do rio Minho, indicou a Autoridade Mar\u00edtima Nacional em comunicado. O alerta, para seis pessoas em dificuldades no tro\u00e7o internacional do rio Minho, foi recebido pouco depois das 16h00, [&hellip;]<\/p>\n","protected":false},"author":13,"featured_media":119897,"comment_status":"closed","ping_status":"closed","sticky":false,"template":"","format":"standard","meta":{"_exactmetrics_skip_tracking":false,"_exactmetrics_sitenote_active":false,"_exactmetrics_sitenote_note":"","_exactmetrics_sitenote_category":0,"footnotes":""},"categories":[7],"tags":[27],"class_list":["post-122043","post","type-post","status-publish","format-standard","has-post-thumbnail","hentry","category-caminha","tag-sociedade"],"yoast_head":"<!-- This site is optimized with the Yoast SEO Premium plugin v27.5 (Yoast SEO v27.5) - https:\/\/yoast.com\/product\/yoast-seo-premium-wordpress\/ -->\n<title>Homem morre em Caminha depois de entrar em dificuldades no rio Minho<\/title>\n<meta name=\"description\" content=\"Um homem morreu hoje junto ao cais de S. Sebasti\u00e3o, em Seixas, no concelho de Caminha, depois de entrar em dificuldades na \u00e1gua no tro\u00e7o internacional do rio Minho, indicou a Autoridade Mar\u00edtima Nacional em comunicado.\" \/>\n<meta name=\"robots\" content=\"index, follow, max-snippet:-1, max-image-preview:large, max-video-preview:-1\" \/>\n<link rel=\"canonical\" href=\"https:\/\/www.altominho.tv\/site\/2025\/08\/17\/homem-morre-em-caminha\/\" \/>\n<meta property=\"og:locale\" content=\"pt_PT\" \/>\n<meta property=\"og:type\" content=\"article\" \/>\n<meta property=\"og:title\" content=\"Homem morre em Caminha depois de entrar em dificuldades no rio Minho\" \/>\n<meta property=\"og:description\" content=\"Um homem morreu hoje junto ao cais de S. Sebasti\u00e3o, em Seixas, no concelho de Caminha, depois de entrar em dificuldades na \u00e1gua no tro\u00e7o internacional do rio Minho, indicou a Autoridade Mar\u00edtima Nacional em comunicado.\" \/>\n<meta property=\"og:url\" content=\"https:\/\/www.altominho.tv\/site\/2025\/08\/17\/homem-morre-em-caminha\/\" \/>\n<meta property=\"og:site_name\" content=\"Altominho.tv\" \/>\n<meta property=\"article:publisher\" content=\"https:\/\/www.facebook.com\/altominhotv\" \/>\n<meta property=\"article:published_time\" content=\"2025-08-17T19:33:48+00:00\" \/>\n<meta property=\"article:modified_time\" content=\"2025-08-17T19:34:52+00:00\" \/>\n<meta property=\"og:image\" content=\"https:\/\/www.altominho.tv\/site\/wp-content\/uploads\/2025\/06\/INEM.jpg\" \/>\n\t<meta property=\"og:image:width\" content=\"1200\" \/>\n\t<meta property=\"og:image:height\" content=\"630\" \/>\n\t<meta property=\"og:image:type\" content=\"image\/jpeg\" \/>\n<meta name=\"author\" content=\"Lusa\" \/>\n<meta name=\"twitter:card\" content=\"summary_large_image\" \/>\n<meta name=\"twitter:creator\" content=\"@altominhoTV\" \/>\n<meta name=\"twitter:site\" content=\"@altominhoTV\" \/>\n<meta name=\"twitter:label1\" content=\"Escrito por\" \/>\n\t<meta name=\"twitter:data1\" content=\"Lusa\" \/>\n\t<meta name=\"twitter:label2\" content=\"Tempo estimado de leitura\" \/>\n\t<meta name=\"twitter:data2\" content=\"1 minuto\" \/>\n<script type=\"application\/ld+json\" class=\"yoast-schema-graph\">{\"@context\":\"https:\\\/\\\/schema.org\",\"@graph\":[{\"@type\":\"Article\",\"@id\":\"https:\\\/\\\/www.altominho.tv\\\/site\\\/2025\\\/08\\\/17\\\/homem-morre-em-caminha\\\/#article\",\"isPartOf\":{\"@id\":\"https:\\\/\\\/www.altominho.tv\\\/site\\\/2025\\\/08\\\/17\\\/homem-morre-em-caminha\\\/\"},\"author\":{\"name\":\"Lusa\",\"@id\":\"https:\\\/\\\/www.altominho.tv\\\/site\\\/#\\\/schema\\\/person\\\/63f693da3e1899361cbe955c46f3232e\"},\"headline\":\"Homem morre em Caminha depois de entrar em dificuldades no rio Minho\",\"datePublished\":\"2025-08-17T19:33:48+00:00\",\"dateModified\":\"2025-08-17T19:34:52+00:00\",\"mainEntityOfPage\":{\"@id\":\"https:\\\/\\\/www.altominho.tv\\\/site\\\/2025\\\/08\\\/17\\\/homem-morre-em-caminha\\\/\"},\"wordCount\":148,\"image\":{\"@id\":\"https:\\\/\\\/www.altominho.tv\\\/site\\\/2025\\\/08\\\/17\\\/homem-morre-em-caminha\\\/#primaryimage\"},\"thumbnailUrl\":\"https:\\\/\\\/www.altominho.tv\\\/site\\\/wp-content\\\/uploads\\\/2025\\\/06\\\/INEM.jpg\",\"keywords\":[\"Sociedade\"],\"articleSection\":[\"Caminha\"],\"inLanguage\":\"pt-PT\",\"copyrightYear\":\"2025\",\"copyrightHolder\":{\"@id\":\"https:\\\/\\\/www.altominho.tv\\\/site\\\/#organization\"}},{\"@type\":\"WebPage\",\"@id\":\"https:\\\/\\\/www.altominho.tv\\\/site\\\/2025\\\/08\\\/17\\\/homem-morre-em-caminha\\\/\",\"url\":\"https:\\\/\\\/www.altominho.tv\\\/site\\\/2025\\\/08\\\/17\\\/homem-morre-em-caminha\\\/\",\"name\":\"Homem morre em Caminha depois de entrar em dificuldades no rio Minho\",\"isPartOf\":{\"@id\":\"https:\\\/\\\/www.altominho.tv\\\/site\\\/#website\"},\"primaryImageOfPage\":{\"@id\":\"https:\\\/\\\/www.altominho.tv\\\/site\\\/2025\\\/08\\\/17\\\/homem-morre-em-caminha\\\/#primaryimage\"},\"image\":{\"@id\":\"https:\\\/\\\/www.altominho.tv\\\/site\\\/2025\\\/08\\\/17\\\/homem-morre-em-caminha\\\/#primaryimage\"},\"thumbnailUrl\":\"https:\\\/\\\/www.altominho.tv\\\/site\\\/wp-content\\\/uploads\\\/2025\\\/06\\\/INEM.jpg\",\"datePublished\":\"2025-08-17T19:33:48+00:00\",\"dateModified\":\"2025-08-17T19:34:52+00:00\",\"author\":{\"@id\":\"https:\\\/\\\/www.altominho.tv\\\/site\\\/#\\\/schema\\\/person\\\/63f693da3e1899361cbe955c46f3232e\"},\"description\":\"Um homem morreu hoje junto ao cais de S. Sebasti\u00e3o, em Seixas, no concelho de Caminha, depois de entrar em dificuldades na \u00e1gua no tro\u00e7o internacional do rio Minho, indicou a Autoridade Mar\u00edtima Nacional em comunicado.\",\"breadcrumb\":{\"@id\":\"https:\\\/\\\/www.altominho.tv\\\/site\\\/2025\\\/08\\\/17\\\/homem-morre-em-caminha\\\/#breadcrumb\"},\"inLanguage\":\"pt-PT\",\"potentialAction\":[{\"@type\":\"ReadAction\",\"target\":[\"https:\\\/\\\/www.altominho.tv\\\/site\\\/2025\\\/08\\\/17\\\/homem-morre-em-caminha\\\/\"]}]},{\"@type\":\"ImageObject\",\"inLanguage\":\"pt-PT\",\"@id\":\"https:\\\/\\\/www.altominho.tv\\\/site\\\/2025\\\/08\\\/17\\\/homem-morre-em-caminha\\\/#primaryimage\",\"url\":\"https:\\\/\\\/www.altominho.tv\\\/site\\\/wp-content\\\/uploads\\\/2025\\\/06\\\/INEM.jpg\",\"contentUrl\":\"https:\\\/\\\/www.altominho.tv\\\/site\\\/wp-content\\\/uploads\\\/2025\\\/06\\\/INEM.jpg\",\"width\":1200,\"height\":630},{\"@type\":\"BreadcrumbList\",\"@id\":\"https:\\\/\\\/www.altominho.tv\\\/site\\\/2025\\\/08\\\/17\\\/homem-morre-em-caminha\\\/#breadcrumb\",\"itemListElement\":[{\"@type\":\"ListItem\",\"position\":1,\"name\":\"In\u00edcio\",\"item\":\"https:\\\/\\\/www.altominho.tv\\\/site\\\/\"},{\"@type\":\"ListItem\",\"position\":2,\"name\":\"Homem morre em Caminha depois de entrar em dificuldades no rio Minho\"}]},{\"@type\":\"WebSite\",\"@id\":\"https:\\\/\\\/www.altominho.tv\\\/site\\\/#website\",\"url\":\"https:\\\/\\\/www.altominho.tv\\\/site\\\/\",\"name\":\"Altominho.tv\",\"description\":\"A sua regi\u00e3o \u00e0 dist\u00e2ncia de um clique...\",\"potentialAction\":[{\"@type\":\"SearchAction\",\"target\":{\"@type\":\"EntryPoint\",\"urlTemplate\":\"https:\\\/\\\/www.altominho.tv\\\/site\\\/?s={search_term_string}\"},\"query-input\":{\"@type\":\"PropertyValueSpecification\",\"valueRequired\":true,\"valueName\":\"search_term_string\"}}],\"inLanguage\":\"pt-PT\"},{\"@type\":\"Person\",\"@id\":\"https:\\\/\\\/www.altominho.tv\\\/site\\\/#\\\/schema\\\/person\\\/63f693da3e1899361cbe955c46f3232e\",\"name\":\"Lusa\",\"image\":{\"@type\":\"ImageObject\",\"inLanguage\":\"pt-PT\",\"@id\":\"https:\\\/\\\/www.altominho.tv\\\/site\\\/wp-content\\\/uploads\\\/2019\\\/08\\\/LUSA_Logo.gif\",\"url\":\"https:\\\/\\\/www.altominho.tv\\\/site\\\/wp-content\\\/uploads\\\/2019\\\/08\\\/LUSA_Logo.gif\",\"contentUrl\":\"https:\\\/\\\/www.altominho.tv\\\/site\\\/wp-content\\\/uploads\\\/2019\\\/08\\\/LUSA_Logo.gif\",\"caption\":\"Lusa\"},\"sameAs\":[\"http:\\\/\\\/\\\/\\\/www.altominho.tv\\\/site\"],\"url\":\"https:\\\/\\\/www.altominho.tv\\\/site\\\/author\\\/lusa\\\/\"}]}<\/script>\n<!-- \/ Yoast SEO Premium plugin. -->","yoast_head_json":{"title":"Homem morre em Caminha depois de entrar em dificuldades no rio Minho","description":"Um homem morreu hoje junto ao cais de S. Sebasti\u00e3o, em Seixas, no concelho de Caminha, depois de entrar em dificuldades na \u00e1gua no tro\u00e7o internacional do rio Minho, indicou a Autoridade Mar\u00edtima Nacional em comunicado.","robots":{"index":"index","follow":"follow","max-snippet":"max-snippet:-1","max-image-preview":"max-image-preview:large","max-video-preview":"max-video-preview:-1"},"canonical":"https:\/\/www.altominho.tv\/site\/2025\/08\/17\/homem-morre-em-caminha\/","og_locale":"pt_PT","og_type":"article","og_title":"Homem morre em Caminha depois de entrar em dificuldades no rio Minho","og_description":"Um homem morreu hoje junto ao cais de S. Sebasti\u00e3o, em Seixas, no concelho de Caminha, depois de entrar em dificuldades na \u00e1gua no tro\u00e7o internacional do rio Minho, indicou a Autoridade Mar\u00edtima Nacional em comunicado.","og_url":"https:\/\/www.altominho.tv\/site\/2025\/08\/17\/homem-morre-em-caminha\/","og_site_name":"Altominho.tv","article_publisher":"https:\/\/www.facebook.com\/altominhotv","article_published_time":"2025-08-17T19:33:48+00:00","article_modified_time":"2025-08-17T19:34:52+00:00","og_image":[{"width":1200,"height":630,"url":"https:\/\/www.altominho.tv\/site\/wp-content\/uploads\/2025\/06\/INEM.jpg","type":"image\/jpeg"}],"author":"Lusa","twitter_card":"summary_large_image","twitter_creator":"@altominhoTV","twitter_site":"@altominhoTV","twitter_misc":{"Escrito por":"Lusa","Tempo estimado de leitura":"1 minuto"},"schema":{"@context":"https:\/\/schema.org","@graph":[{"@type":"Article","@id":"https:\/\/www.altominho.tv\/site\/2025\/08\/17\/homem-morre-em-caminha\/#article","isPartOf":{"@id":"https:\/\/www.altominho.tv\/site\/2025\/08\/17\/homem-morre-em-caminha\/"},"author":{"name":"Lusa","@id":"https:\/\/www.altominho.tv\/site\/#\/schema\/person\/63f693da3e1899361cbe955c46f3232e"},"headline":"Homem morre em Caminha depois de entrar em dificuldades no rio Minho","datePublished":"2025-08-17T19:33:48+00:00","dateModified":"2025-08-17T19:34:52+00:00","mainEntityOfPage":{"@id":"https:\/\/www.altominho.tv\/site\/2025\/08\/17\/homem-morre-em-caminha\/"},"wordCount":148,"image":{"@id":"https:\/\/www.altominho.tv\/site\/2025\/08\/17\/homem-morre-em-caminha\/#primaryimage"},"thumbnailUrl":"https:\/\/www.altominho.tv\/site\/wp-content\/uploads\/2025\/06\/INEM.jpg","keywords":["Sociedade"],"articleSection":["Caminha"],"inLanguage":"pt-PT","copyrightYear":"2025","copyrightHolder":{"@id":"https:\/\/www.altominho.tv\/site\/#organization"}},{"@type":"WebPage","@id":"https:\/\/www.altominho.tv\/site\/2025\/08\/17\/homem-morre-em-caminha\/","url":"https:\/\/www.altominho.tv\/site\/2025\/08\/17\/homem-morre-em-caminha\/","name":"Homem morre em Caminha depois de entrar em dificuldades no rio Minho","isPartOf":{"@id":"https:\/\/www.altominho.tv\/site\/#website"},"primaryImageOfPage":{"@id":"https:\/\/www.altominho.tv\/site\/2025\/08\/17\/homem-morre-em-caminha\/#primaryimage"},"image":{"@id":"https:\/\/www.altominho.tv\/site\/2025\/08\/17\/homem-morre-em-caminha\/#primaryimage"},"thumbnailUrl":"https:\/\/www.altominho.tv\/site\/wp-content\/uploads\/2025\/06\/INEM.jpg","datePublished":"2025-08-17T19:33:48+00:00","dateModified":"2025-08-17T19:34:52+00:00","author":{"@id":"https:\/\/www.altominho.tv\/site\/#\/schema\/person\/63f693da3e1899361cbe955c46f3232e"},"description":"Um homem morreu hoje junto ao cais de S. Sebasti\u00e3o, em Seixas, no concelho de Caminha, depois de entrar em dificuldades na \u00e1gua no tro\u00e7o internacional do rio Minho, indicou a Autoridade Mar\u00edtima Nacional em comunicado.","breadcrumb":{"@id":"https:\/\/www.altominho.tv\/site\/2025\/08\/17\/homem-morre-em-caminha\/#breadcrumb"},"inLanguage":"pt-PT","potentialAction":[{"@type":"ReadAction","target":["https:\/\/www.altominho.tv\/site\/2025\/08\/17\/homem-morre-em-caminha\/"]}]},{"@type":"ImageObject","inLanguage":"pt-PT","@id":"https:\/\/www.altominho.tv\/site\/2025\/08\/17\/homem-morre-em-caminha\/#primaryimage","url":"https:\/\/www.altominho.tv\/site\/wp-content\/uploads\/2025\/06\/INEM.jpg","contentUrl":"https:\/\/www.altominho.tv\/site\/wp-content\/uploads\/2025\/06\/INEM.jpg","width":1200,"height":630},{"@type":"BreadcrumbList","@id":"https:\/\/www.altominho.tv\/site\/2025\/08\/17\/homem-morre-em-caminha\/#breadcrumb","itemListElement":[{"@type":"ListItem","position":1,"name":"In\u00edcio","item":"https:\/\/www.altominho.tv\/site\/"},{"@type":"ListItem","position":2,"name":"Homem morre em Caminha depois de entrar em dificuldades no rio Minho"}]},{"@type":"WebSite","@id":"https:\/\/www.altominho.tv\/site\/#website","url":"https:\/\/www.altominho.tv\/site\/","name":"Altominho.tv","description":"A sua regi\u00e3o \u00e0 dist\u00e2ncia de um clique...","potentialAction":[{"@type":"SearchAction","target":{"@type":"EntryPoint","urlTemplate":"https:\/\/www.altominho.tv\/site\/?s={search_term_string}"},"query-input":{"@type":"PropertyValueSpecification","valueRequired":true,"valueName":"search_term_string"}}],"inLanguage":"pt-PT"},{"@type":"Person","@id":"https:\/\/www.altominho.tv\/site\/#\/schema\/person\/63f693da3e1899361cbe955c46f3232e","name":"Lusa","image":{"@type":"ImageObject","inLanguage":"pt-PT","@id":"https:\/\/www.altominho.tv\/site\/wp-content\/uploads\/2019\/08\/LUSA_Logo.gif","url":"https:\/\/www.altominho.tv\/site\/wp-content\/uploads\/2019\/08\/LUSA_Logo.gif","contentUrl":"https:\/\/www.altominho.tv\/site\/wp-content\/uploads\/2019\/08\/LUSA_Logo.gif","caption":"Lusa"},"sameAs":["http:\/\/\/\/www.altominho.tv\/site"],"url":"https:\/\/www.altominho.tv\/site\/author\/lusa\/"}]}},"_links":{"self":[{"href":"https:\/\/www.altominho.tv\/site\/wp-json\/wp\/v2\/posts\/122043","targetHints":{"allow":["GET"]}}],"collection":[{"href":"https:\/\/www.altominho.tv\/site\/wp-json\/wp\/v2\/posts"}],"about":[{"href":"https:\/\/www.altominho.tv\/site\/wp-json\/wp\/v2\/types\/post"}],"author":[{"embeddable":true,"href":"https:\/\/www.altominho.tv\/site\/wp-json\/wp\/v2\/users\/13"}],"replies":[{"embeddable":true,"href":"https:\/\/www.altominho.tv\/site\/wp-json\/wp\/v2\/comments?post=122043"}],"version-history":[{"count":2,"href":"https:\/\/www.altominho.tv\/site\/wp-json\/wp\/v2\/posts\/122043\/revisions"}],"predecessor-version":[{"id":122045,"href":"https:\/\/www.altominho.tv\/site\/wp-json\/wp\/v2\/posts\/122043\/revisions\/122045"}],"wp:featuredmedia":[{"embeddable":true,"href":"https:\/\/www.altominho.tv\/site\/wp-json\/wp\/v2\/media\/119897"}],"wp:attachment":[{"href":"https:\/\/www.altominho.tv\/site\/wp-json\/wp\/v2\/media?parent=122043"}],"wp:term":[{"taxonomy":"category","embeddable":true,"href":"https:\/\/www.altominho.tv\/site\/wp-json\/wp\/v2\/categories?post=122043"},{"taxonomy":"post_tag","embeddable":true,"href":"https:\/\/www.altominho.tv\/site\/wp-json\/wp\/v2\/tags?post=122043"}],"curies":[{"name":"wp","href":"https:\/\/api.w.org\/{rel}","templated":true}]}}