{"id":122031,"date":"2025-08-16T16:10:52","date_gmt":"2025-08-16T15:10:52","guid":{"rendered":"https:\/\/www.altominho.tv\/site\/?p=122031"},"modified":"2025-08-16T16:10:54","modified_gmt":"2025-08-16T15:10:54","slug":"vodafone-paredes-de-coura-regressa-de-12-a-15-de-agosto-de-2026","status":"publish","type":"post","link":"https:\/\/www.altominho.tv\/site\/2025\/08\/16\/vodafone-paredes-de-coura-regressa-de-12-a-15-de-agosto-de-2026\/","title":{"rendered":"Vodafone Paredes de Coura regressa de 12 a 15 de agosto de 2026"},"content":{"rendered":"<p class=\"p1\">O festival Vodafone Paredes de Coura regressa em 2026 para a sua 32\u00aa edi\u00e7\u00e3o, que ir\u00e1 decorrer de 12 a 15 de agosto. O an\u00fancio foi feito este s\u00e1bado pela organiza\u00e7\u00e3o do evento.<\/p>\n<p class=\"p1\">A edi\u00e7\u00e3o deste ano foi considera uma das melhores de sempre, com um cartaz recheado de grandes nomes como Vampire Weekend, Franz Ferdinand, Air, King Krule, Lola Young, Mk. Gee, Portugal. The Man, Sharon Van Etten e Zaho de Sagazan.<\/p>\n<p class=\"p1\">O festival de Paredes de Coura aconteceu pela primeira vez em 1993 por iniciativa de um grupo de amigos, do qual faz parte o atual presidente da c\u00e2mara de Paredes de Coura, que queria organizar um evento dedicado ao rock independente.<\/p>\n","protected":false},"excerpt":{"rendered":"<p>O festival Vodafone Paredes de Coura regressa em 2026 para a sua 32\u00aa edi\u00e7\u00e3o, que ir\u00e1 decorrer de 12 a 15 de agosto. O an\u00fancio foi feito este s\u00e1bado pela organiza\u00e7\u00e3o do evento. A edi\u00e7\u00e3o deste ano foi considera uma das melhores de sempre, com um cartaz recheado de grandes nomes como Vampire Weekend, Franz [&hellip;]<\/p>\n","protected":false},"author":1,"featured_media":121958,"comment_status":"closed","ping_status":"closed","sticky":false,"template":"","format":"standard","meta":{"_exactmetrics_skip_tracking":false,"_exactmetrics_sitenote_active":false,"_exactmetrics_sitenote_note":"","_exactmetrics_sitenote_category":0,"footnotes":""},"categories":[10],"tags":[19,27],"class_list":["post-122031","post","type-post","status-publish","format-standard","has-post-thumbnail","hentry","category-paredes-de-coura","tag-cultura","tag-sociedade"],"yoast_head":"<!-- This site is optimized with the Yoast SEO Premium plugin v27.4 (Yoast SEO v27.4) - https:\/\/yoast.com\/product\/yoast-seo-premium-wordpress\/ -->\n<title>Vodafone Paredes de Coura regressa de 12 a 15 de agosto de 2026<\/title>\n<meta name=\"description\" content=\"O festival Vodafone Paredes de Coura regressa em 2026 para a sua 32\u00aa edi\u00e7\u00e3o, que ir\u00e1 decorrer de 12 a 15 de agosto. O an\u00fancio foi feito este s\u00e1bado pela organiza\u00e7\u00e3o do evento.\" \/>\n<meta name=\"robots\" content=\"index, follow, max-snippet:-1, max-image-preview:large, max-video-preview:-1\" \/>\n<link rel=\"canonical\" href=\"https:\/\/www.altominho.tv\/site\/2025\/08\/16\/vodafone-paredes-de-coura-regressa-de-12-a-15-de-agosto-de-2026\/\" \/>\n<meta property=\"og:locale\" content=\"pt_PT\" \/>\n<meta property=\"og:type\" content=\"article\" \/>\n<meta property=\"og:title\" content=\"Vodafone Paredes de Coura regressa de 12 a 15 de agosto de 2026\" \/>\n<meta property=\"og:description\" content=\"O festival Vodafone Paredes de Coura regressa em 2026 para a sua 32\u00aa edi\u00e7\u00e3o, que ir\u00e1 decorrer de 12 a 15 de agosto. O an\u00fancio foi feito este s\u00e1bado pela organiza\u00e7\u00e3o do evento.\" \/>\n<meta property=\"og:url\" content=\"https:\/\/www.altominho.tv\/site\/2025\/08\/16\/vodafone-paredes-de-coura-regressa-de-12-a-15-de-agosto-de-2026\/\" \/>\n<meta property=\"og:site_name\" content=\"Altominho.tv\" \/>\n<meta property=\"article:publisher\" content=\"https:\/\/www.facebook.com\/altominhotv\" \/>\n<meta property=\"article:published_time\" content=\"2025-08-16T15:10:52+00:00\" \/>\n<meta property=\"article:modified_time\" content=\"2025-08-16T15:10:54+00:00\" \/>\n<meta property=\"og:image\" content=\"https:\/\/www.altominho.tv\/site\/wp-content\/uploads\/2025\/08\/festival-paredes-de-coura.jpg\" \/>\n\t<meta property=\"og:image:width\" content=\"1200\" \/>\n\t<meta property=\"og:image:height\" content=\"630\" \/>\n\t<meta property=\"og:image:type\" content=\"image\/jpeg\" \/>\n<meta name=\"author\" content=\"Altominho.tv\" \/>\n<meta name=\"twitter:card\" content=\"summary_large_image\" \/>\n<meta name=\"twitter:creator\" content=\"@altominhoTV\" \/>\n<meta name=\"twitter:site\" content=\"@altominhoTV\" \/>\n<meta name=\"twitter:label1\" content=\"Escrito por\" \/>\n\t<meta name=\"twitter:data1\" content=\"Altominho.tv\" \/>\n\t<meta name=\"twitter:label2\" content=\"Tempo estimado de leitura\" \/>\n\t<meta name=\"twitter:data2\" content=\"1 minuto\" \/>\n<script type=\"application\/ld+json\" class=\"yoast-schema-graph\">{\"@context\":\"https:\\\/\\\/schema.org\",\"@graph\":[{\"@type\":\"Article\",\"@id\":\"https:\\\/\\\/www.altominho.tv\\\/site\\\/2025\\\/08\\\/16\\\/vodafone-paredes-de-coura-regressa-de-12-a-15-de-agosto-de-2026\\\/#article\",\"isPartOf\":{\"@id\":\"https:\\\/\\\/www.altominho.tv\\\/site\\\/2025\\\/08\\\/16\\\/vodafone-paredes-de-coura-regressa-de-12-a-15-de-agosto-de-2026\\\/\"},\"author\":{\"name\":\"Altominho.tv\",\"@id\":\"https:\\\/\\\/www.altominho.tv\\\/site\\\/#\\\/schema\\\/person\\\/4e536851627d7914baf3dac752b6af22\"},\"headline\":\"Vodafone Paredes de Coura regressa de 12 a 15 de agosto de 2026\",\"datePublished\":\"2025-08-16T15:10:52+00:00\",\"dateModified\":\"2025-08-16T15:10:54+00:00\",\"mainEntityOfPage\":{\"@id\":\"https:\\\/\\\/www.altominho.tv\\\/site\\\/2025\\\/08\\\/16\\\/vodafone-paredes-de-coura-regressa-de-12-a-15-de-agosto-de-2026\\\/\"},\"wordCount\":125,\"image\":{\"@id\":\"https:\\\/\\\/www.altominho.tv\\\/site\\\/2025\\\/08\\\/16\\\/vodafone-paredes-de-coura-regressa-de-12-a-15-de-agosto-de-2026\\\/#primaryimage\"},\"thumbnailUrl\":\"https:\\\/\\\/www.altominho.tv\\\/site\\\/wp-content\\\/uploads\\\/2025\\\/08\\\/festival-paredes-de-coura.jpg\",\"keywords\":[\"Cultura\",\"Sociedade\"],\"articleSection\":[\"Paredes de Coura\"],\"inLanguage\":\"pt-PT\",\"copyrightYear\":\"2025\",\"copyrightHolder\":{\"@id\":\"https:\\\/\\\/www.altominho.tv\\\/site\\\/#organization\"}},{\"@type\":\"WebPage\",\"@id\":\"https:\\\/\\\/www.altominho.tv\\\/site\\\/2025\\\/08\\\/16\\\/vodafone-paredes-de-coura-regressa-de-12-a-15-de-agosto-de-2026\\\/\",\"url\":\"https:\\\/\\\/www.altominho.tv\\\/site\\\/2025\\\/08\\\/16\\\/vodafone-paredes-de-coura-regressa-de-12-a-15-de-agosto-de-2026\\\/\",\"name\":\"Vodafone Paredes de Coura regressa de 12 a 15 de agosto de 2026\",\"isPartOf\":{\"@id\":\"https:\\\/\\\/www.altominho.tv\\\/site\\\/#website\"},\"primaryImageOfPage\":{\"@id\":\"https:\\\/\\\/www.altominho.tv\\\/site\\\/2025\\\/08\\\/16\\\/vodafone-paredes-de-coura-regressa-de-12-a-15-de-agosto-de-2026\\\/#primaryimage\"},\"image\":{\"@id\":\"https:\\\/\\\/www.altominho.tv\\\/site\\\/2025\\\/08\\\/16\\\/vodafone-paredes-de-coura-regressa-de-12-a-15-de-agosto-de-2026\\\/#primaryimage\"},\"thumbnailUrl\":\"https:\\\/\\\/www.altominho.tv\\\/site\\\/wp-content\\\/uploads\\\/2025\\\/08\\\/festival-paredes-de-coura.jpg\",\"datePublished\":\"2025-08-16T15:10:52+00:00\",\"dateModified\":\"2025-08-16T15:10:54+00:00\",\"author\":{\"@id\":\"https:\\\/\\\/www.altominho.tv\\\/site\\\/#\\\/schema\\\/person\\\/4e536851627d7914baf3dac752b6af22\"},\"description\":\"O festival Vodafone Paredes de Coura regressa em 2026 para a sua 32\u00aa edi\u00e7\u00e3o, que ir\u00e1 decorrer de 12 a 15 de agosto. O an\u00fancio foi feito este s\u00e1bado pela organiza\u00e7\u00e3o do evento.\",\"breadcrumb\":{\"@id\":\"https:\\\/\\\/www.altominho.tv\\\/site\\\/2025\\\/08\\\/16\\\/vodafone-paredes-de-coura-regressa-de-12-a-15-de-agosto-de-2026\\\/#breadcrumb\"},\"inLanguage\":\"pt-PT\",\"potentialAction\":[{\"@type\":\"ReadAction\",\"target\":[\"https:\\\/\\\/www.altominho.tv\\\/site\\\/2025\\\/08\\\/16\\\/vodafone-paredes-de-coura-regressa-de-12-a-15-de-agosto-de-2026\\\/\"]}]},{\"@type\":\"ImageObject\",\"inLanguage\":\"pt-PT\",\"@id\":\"https:\\\/\\\/www.altominho.tv\\\/site\\\/2025\\\/08\\\/16\\\/vodafone-paredes-de-coura-regressa-de-12-a-15-de-agosto-de-2026\\\/#primaryimage\",\"url\":\"https:\\\/\\\/www.altominho.tv\\\/site\\\/wp-content\\\/uploads\\\/2025\\\/08\\\/festival-paredes-de-coura.jpg\",\"contentUrl\":\"https:\\\/\\\/www.altominho.tv\\\/site\\\/wp-content\\\/uploads\\\/2025\\\/08\\\/festival-paredes-de-coura.jpg\",\"width\":1200,\"height\":630},{\"@type\":\"BreadcrumbList\",\"@id\":\"https:\\\/\\\/www.altominho.tv\\\/site\\\/2025\\\/08\\\/16\\\/vodafone-paredes-de-coura-regressa-de-12-a-15-de-agosto-de-2026\\\/#breadcrumb\",\"itemListElement\":[{\"@type\":\"ListItem\",\"position\":1,\"name\":\"In\u00edcio\",\"item\":\"https:\\\/\\\/www.altominho.tv\\\/site\\\/\"},{\"@type\":\"ListItem\",\"position\":2,\"name\":\"Vodafone Paredes de Coura regressa de 12 a 15 de agosto de 2026\"}]},{\"@type\":\"WebSite\",\"@id\":\"https:\\\/\\\/www.altominho.tv\\\/site\\\/#website\",\"url\":\"https:\\\/\\\/www.altominho.tv\\\/site\\\/\",\"name\":\"Altominho.tv\",\"description\":\"A sua regi\u00e3o \u00e0 dist\u00e2ncia de um clique...\",\"potentialAction\":[{\"@type\":\"SearchAction\",\"target\":{\"@type\":\"EntryPoint\",\"urlTemplate\":\"https:\\\/\\\/www.altominho.tv\\\/site\\\/?s={search_term_string}\"},\"query-input\":{\"@type\":\"PropertyValueSpecification\",\"valueRequired\":true,\"valueName\":\"search_term_string\"}}],\"inLanguage\":\"pt-PT\"},{\"@type\":\"Person\",\"@id\":\"https:\\\/\\\/www.altominho.tv\\\/site\\\/#\\\/schema\\\/person\\\/4e536851627d7914baf3dac752b6af22\",\"name\":\"Altominho.tv\",\"image\":{\"@type\":\"ImageObject\",\"inLanguage\":\"pt-PT\",\"@id\":\"https:\\\/\\\/www.altominho.tv\\\/site\\\/wp-content\\\/uploads\\\/2019\\\/11\\\/Logo_Avatar_2-150x150.jpg\",\"url\":\"https:\\\/\\\/www.altominho.tv\\\/site\\\/wp-content\\\/uploads\\\/2019\\\/11\\\/Logo_Avatar_2-150x150.jpg\",\"contentUrl\":\"https:\\\/\\\/www.altominho.tv\\\/site\\\/wp-content\\\/uploads\\\/2019\\\/11\\\/Logo_Avatar_2-150x150.jpg\",\"caption\":\"Altominho.tv\"},\"url\":\"https:\\\/\\\/www.altominho.tv\\\/site\\\/author\\\/altominhotv-tecnico\\\/\"}]}<\/script>\n<!-- \/ Yoast SEO Premium plugin. -->","yoast_head_json":{"title":"Vodafone Paredes de Coura regressa de 12 a 15 de agosto de 2026","description":"O festival Vodafone Paredes de Coura regressa em 2026 para a sua 32\u00aa edi\u00e7\u00e3o, que ir\u00e1 decorrer de 12 a 15 de agosto. O an\u00fancio foi feito este s\u00e1bado pela organiza\u00e7\u00e3o do evento.","robots":{"index":"index","follow":"follow","max-snippet":"max-snippet:-1","max-image-preview":"max-image-preview:large","max-video-preview":"max-video-preview:-1"},"canonical":"https:\/\/www.altominho.tv\/site\/2025\/08\/16\/vodafone-paredes-de-coura-regressa-de-12-a-15-de-agosto-de-2026\/","og_locale":"pt_PT","og_type":"article","og_title":"Vodafone Paredes de Coura regressa de 12 a 15 de agosto de 2026","og_description":"O festival Vodafone Paredes de Coura regressa em 2026 para a sua 32\u00aa edi\u00e7\u00e3o, que ir\u00e1 decorrer de 12 a 15 de agosto. O an\u00fancio foi feito este s\u00e1bado pela organiza\u00e7\u00e3o do evento.","og_url":"https:\/\/www.altominho.tv\/site\/2025\/08\/16\/vodafone-paredes-de-coura-regressa-de-12-a-15-de-agosto-de-2026\/","og_site_name":"Altominho.tv","article_publisher":"https:\/\/www.facebook.com\/altominhotv","article_published_time":"2025-08-16T15:10:52+00:00","article_modified_time":"2025-08-16T15:10:54+00:00","og_image":[{"width":1200,"height":630,"url":"https:\/\/www.altominho.tv\/site\/wp-content\/uploads\/2025\/08\/festival-paredes-de-coura.jpg","type":"image\/jpeg"}],"author":"Altominho.tv","twitter_card":"summary_large_image","twitter_creator":"@altominhoTV","twitter_site":"@altominhoTV","twitter_misc":{"Escrito por":"Altominho.tv","Tempo estimado de leitura":"1 minuto"},"schema":{"@context":"https:\/\/schema.org","@graph":[{"@type":"Article","@id":"https:\/\/www.altominho.tv\/site\/2025\/08\/16\/vodafone-paredes-de-coura-regressa-de-12-a-15-de-agosto-de-2026\/#article","isPartOf":{"@id":"https:\/\/www.altominho.tv\/site\/2025\/08\/16\/vodafone-paredes-de-coura-regressa-de-12-a-15-de-agosto-de-2026\/"},"author":{"name":"Altominho.tv","@id":"https:\/\/www.altominho.tv\/site\/#\/schema\/person\/4e536851627d7914baf3dac752b6af22"},"headline":"Vodafone Paredes de Coura regressa de 12 a 15 de agosto de 2026","datePublished":"2025-08-16T15:10:52+00:00","dateModified":"2025-08-16T15:10:54+00:00","mainEntityOfPage":{"@id":"https:\/\/www.altominho.tv\/site\/2025\/08\/16\/vodafone-paredes-de-coura-regressa-de-12-a-15-de-agosto-de-2026\/"},"wordCount":125,"image":{"@id":"https:\/\/www.altominho.tv\/site\/2025\/08\/16\/vodafone-paredes-de-coura-regressa-de-12-a-15-de-agosto-de-2026\/#primaryimage"},"thumbnailUrl":"https:\/\/www.altominho.tv\/site\/wp-content\/uploads\/2025\/08\/festival-paredes-de-coura.jpg","keywords":["Cultura","Sociedade"],"articleSection":["Paredes de Coura"],"inLanguage":"pt-PT","copyrightYear":"2025","copyrightHolder":{"@id":"https:\/\/www.altominho.tv\/site\/#organization"}},{"@type":"WebPage","@id":"https:\/\/www.altominho.tv\/site\/2025\/08\/16\/vodafone-paredes-de-coura-regressa-de-12-a-15-de-agosto-de-2026\/","url":"https:\/\/www.altominho.tv\/site\/2025\/08\/16\/vodafone-paredes-de-coura-regressa-de-12-a-15-de-agosto-de-2026\/","name":"Vodafone Paredes de Coura regressa de 12 a 15 de agosto de 2026","isPartOf":{"@id":"https:\/\/www.altominho.tv\/site\/#website"},"primaryImageOfPage":{"@id":"https:\/\/www.altominho.tv\/site\/2025\/08\/16\/vodafone-paredes-de-coura-regressa-de-12-a-15-de-agosto-de-2026\/#primaryimage"},"image":{"@id":"https:\/\/www.altominho.tv\/site\/2025\/08\/16\/vodafone-paredes-de-coura-regressa-de-12-a-15-de-agosto-de-2026\/#primaryimage"},"thumbnailUrl":"https:\/\/www.altominho.tv\/site\/wp-content\/uploads\/2025\/08\/festival-paredes-de-coura.jpg","datePublished":"2025-08-16T15:10:52+00:00","dateModified":"2025-08-16T15:10:54+00:00","author":{"@id":"https:\/\/www.altominho.tv\/site\/#\/schema\/person\/4e536851627d7914baf3dac752b6af22"},"description":"O festival Vodafone Paredes de Coura regressa em 2026 para a sua 32\u00aa edi\u00e7\u00e3o, que ir\u00e1 decorrer de 12 a 15 de agosto. O an\u00fancio foi feito este s\u00e1bado pela organiza\u00e7\u00e3o do evento.","breadcrumb":{"@id":"https:\/\/www.altominho.tv\/site\/2025\/08\/16\/vodafone-paredes-de-coura-regressa-de-12-a-15-de-agosto-de-2026\/#breadcrumb"},"inLanguage":"pt-PT","potentialAction":[{"@type":"ReadAction","target":["https:\/\/www.altominho.tv\/site\/2025\/08\/16\/vodafone-paredes-de-coura-regressa-de-12-a-15-de-agosto-de-2026\/"]}]},{"@type":"ImageObject","inLanguage":"pt-PT","@id":"https:\/\/www.altominho.tv\/site\/2025\/08\/16\/vodafone-paredes-de-coura-regressa-de-12-a-15-de-agosto-de-2026\/#primaryimage","url":"https:\/\/www.altominho.tv\/site\/wp-content\/uploads\/2025\/08\/festival-paredes-de-coura.jpg","contentUrl":"https:\/\/www.altominho.tv\/site\/wp-content\/uploads\/2025\/08\/festival-paredes-de-coura.jpg","width":1200,"height":630},{"@type":"BreadcrumbList","@id":"https:\/\/www.altominho.tv\/site\/2025\/08\/16\/vodafone-paredes-de-coura-regressa-de-12-a-15-de-agosto-de-2026\/#breadcrumb","itemListElement":[{"@type":"ListItem","position":1,"name":"In\u00edcio","item":"https:\/\/www.altominho.tv\/site\/"},{"@type":"ListItem","position":2,"name":"Vodafone Paredes de Coura regressa de 12 a 15 de agosto de 2026"}]},{"@type":"WebSite","@id":"https:\/\/www.altominho.tv\/site\/#website","url":"https:\/\/www.altominho.tv\/site\/","name":"Altominho.tv","description":"A sua regi\u00e3o \u00e0 dist\u00e2ncia de um clique...","potentialAction":[{"@type":"SearchAction","target":{"@type":"EntryPoint","urlTemplate":"https:\/\/www.altominho.tv\/site\/?s={search_term_string}"},"query-input":{"@type":"PropertyValueSpecification","valueRequired":true,"valueName":"search_term_string"}}],"inLanguage":"pt-PT"},{"@type":"Person","@id":"https:\/\/www.altominho.tv\/site\/#\/schema\/person\/4e536851627d7914baf3dac752b6af22","name":"Altominho.tv","image":{"@type":"ImageObject","inLanguage":"pt-PT","@id":"https:\/\/www.altominho.tv\/site\/wp-content\/uploads\/2019\/11\/Logo_Avatar_2-150x150.jpg","url":"https:\/\/www.altominho.tv\/site\/wp-content\/uploads\/2019\/11\/Logo_Avatar_2-150x150.jpg","contentUrl":"https:\/\/www.altominho.tv\/site\/wp-content\/uploads\/2019\/11\/Logo_Avatar_2-150x150.jpg","caption":"Altominho.tv"},"url":"https:\/\/www.altominho.tv\/site\/author\/altominhotv-tecnico\/"}]}},"_links":{"self":[{"href":"https:\/\/www.altominho.tv\/site\/wp-json\/wp\/v2\/posts\/122031","targetHints":{"allow":["GET"]}}],"collection":[{"href":"https:\/\/www.altominho.tv\/site\/wp-json\/wp\/v2\/posts"}],"about":[{"href":"https:\/\/www.altominho.tv\/site\/wp-json\/wp\/v2\/types\/post"}],"author":[{"embeddable":true,"href":"https:\/\/www.altominho.tv\/site\/wp-json\/wp\/v2\/users\/1"}],"replies":[{"embeddable":true,"href":"https:\/\/www.altominho.tv\/site\/wp-json\/wp\/v2\/comments?post=122031"}],"version-history":[{"count":1,"href":"https:\/\/www.altominho.tv\/site\/wp-json\/wp\/v2\/posts\/122031\/revisions"}],"predecessor-version":[{"id":122032,"href":"https:\/\/www.altominho.tv\/site\/wp-json\/wp\/v2\/posts\/122031\/revisions\/122032"}],"wp:featuredmedia":[{"embeddable":true,"href":"https:\/\/www.altominho.tv\/site\/wp-json\/wp\/v2\/media\/121958"}],"wp:attachment":[{"href":"https:\/\/www.altominho.tv\/site\/wp-json\/wp\/v2\/media?parent=122031"}],"wp:term":[{"taxonomy":"category","embeddable":true,"href":"https:\/\/www.altominho.tv\/site\/wp-json\/wp\/v2\/categories?post=122031"},{"taxonomy":"post_tag","embeddable":true,"href":"https:\/\/www.altominho.tv\/site\/wp-json\/wp\/v2\/tags?post=122031"}],"curies":[{"name":"wp","href":"https:\/\/api.w.org\/{rel}","templated":true}]}}