{"id":121998,"date":"2025-08-14T12:18:00","date_gmt":"2025-08-14T11:18:00","guid":{"rendered":"https:\/\/www.altominho.tv\/site\/?p=121998"},"modified":"2025-08-14T12:21:33","modified_gmt":"2025-08-14T11:21:33","slug":"exposicao-500-anos-de-camoes","status":"publish","type":"post","link":"https:\/\/www.altominho.tv\/site\/2025\/08\/14\/exposicao-500-anos-de-camoes\/","title":{"rendered":"Exposi\u00e7\u00e3o\u00a0\u201c500 anos de Cam\u00f5es: a camoniana da Funda\u00e7\u00e3o da Casa de Bragan\u00e7a\u201d patente at\u00e9 30 de setembro"},"content":{"rendered":"<p class=\"p1\">At\u00e9 30 de setembro est\u00e1 patente na Sala dos Presidentes, no edif\u00edcio dos Pa\u00e7os do Concelho, em Caminha, a exposi\u00e7\u00e3o \u201c500 anos de Cam\u00f5es: a camoniana da Funda\u00e7\u00e3o da Casa de Bragan\u00e7a\u201d. A mostra foi inaugurada ontem, no \u00e2mbito da V Feira do Livro Luso Galaica da Ribeira Minho, que decorre at\u00e9 hoje, e integra as comemora\u00e7\u00f5es dos 500 anos autor dos Lus\u00edadas.<\/p>\n<p class=\"p1\">O concelho de Caminha torna-se assim no terceiro local a n\u00edvel nacional onde a mostra pode ser vista, depois de Vila Vi\u00e7osa (Vila onde se encontra a sede da Casa de Bragan\u00e7a) e Sintra.<\/p>\n<p class=\"p1\">Nos Pa\u00e7os do Concelho de Caminha podem agora ser admiradas v\u00e1rias publica\u00e7\u00f5es muito antigas de Lu\u00eds de Cam\u00f5es, com destaque para edi\u00e7\u00f5es de \u201cOs Lus\u00edadas\u201d, al\u00e9m de outros documentos e obras.<\/p>\n<p class=\"p1\">Sobre a exposi\u00e7\u00e3o, explica-se que \u201cao longo dos seus 92 anos de exist\u00eancia, a Funda\u00e7\u00e3o da Casa de Bragan\u00e7a tem mantido o esp\u00edrito que subjaz \u00e0 cria\u00e7\u00e3o da biblioteca do \u00faltimo rei de Portugal, D. Manuel II, atrav\u00e9s de uma pol\u00edtica de incorpora\u00e7\u00f5es de obras que complementam a riqu\u00edssima cole\u00e7\u00e3o do monarca e que se encontra \u00e0 guarda da Funda\u00e7\u00e3o. A camoniana de D. Manuel II, cuja import\u00e2ncia e raridade pode, em parte, ser apreciada nesta exposi\u00e7\u00e3o, tem vindo a ser enriquecida, fruto dessa pol\u00edtica de incorpora\u00e7\u00f5es. A exposi\u00e7\u00e3o que agora se inaugura e que se insere nas celebra\u00e7\u00f5es dos 500 anos do nascimento de Lu\u00eds de Cam\u00f5es, d\u00e1 a conhecer algumas das mais marcantes edi\u00e7\u00f5es da sua obra, assim como pretende assinalar, tamb\u00e9m, a evolu\u00e7\u00e3o da iconografia relacionada com o poeta maior da l\u00edngua portuguesa\u201d.<\/p>\n<p class=\"p1\">A V Feira do Livro Luso Galaica da Ribeira Minho resulta de uma parceria que re\u00fane as c\u00e2maras municipais de Caminha, A Guarda e O Rosal, a Uni\u00e3o de Freguesias de Caminha Matriz e Vilarelho e o Jornal Caminha 2000.<\/p>\n\n\n<p><\/p>\n","protected":false},"excerpt":{"rendered":"<p>At\u00e9 30 de setembro est\u00e1 patente na Sala dos Presidentes, no edif\u00edcio dos Pa\u00e7os do Concelho, em Caminha, a exposi\u00e7\u00e3o \u201c500 anos de Cam\u00f5es: a camoniana da Funda\u00e7\u00e3o da Casa de Bragan\u00e7a\u201d. A mostra foi inaugurada ontem, no \u00e2mbito da V Feira do Livro Luso Galaica da Ribeira Minho, que decorre at\u00e9 hoje, e integra [&hellip;]<\/p>\n","protected":false},"author":1,"featured_media":121999,"comment_status":"closed","ping_status":"closed","sticky":false,"template":"","format":"standard","meta":{"_exactmetrics_skip_tracking":false,"_exactmetrics_sitenote_active":false,"_exactmetrics_sitenote_note":"","_exactmetrics_sitenote_category":0,"footnotes":""},"categories":[7],"tags":[19],"class_list":["post-121998","post","type-post","status-publish","format-standard","has-post-thumbnail","hentry","category-caminha","tag-cultura"],"yoast_head":"<!-- This site is optimized with the Yoast SEO Premium plugin v27.5 (Yoast SEO v27.5) - https:\/\/yoast.com\/product\/yoast-seo-premium-wordpress\/ -->\n<title>Exposi\u00e7\u00e3o\u00a0\u201c500 anos de Cam\u00f5es: a camoniana da Funda\u00e7\u00e3o da Casa de Bragan\u00e7a\u201d patente at\u00e9 30 de setembro<\/title>\n<meta name=\"description\" content=\"At\u00e9 30 de setembro est\u00e1 patente na Sala dos Presidentes, no edif\u00edcio dos Pa\u00e7os do Concelho, em Caminha, a exposi\u00e7\u00e3o \u201c500 anos de Cam\u00f5es: a camoniana da Funda\u00e7\u00e3o da Casa de Bragan\u00e7a\u201d\" \/>\n<meta name=\"robots\" content=\"index, follow, max-snippet:-1, max-image-preview:large, max-video-preview:-1\" \/>\n<link rel=\"canonical\" href=\"https:\/\/www.altominho.tv\/site\/2025\/08\/14\/exposicao-500-anos-de-camoes\/\" \/>\n<meta property=\"og:locale\" content=\"pt_PT\" \/>\n<meta property=\"og:type\" content=\"article\" \/>\n<meta property=\"og:title\" content=\"Exposi\u00e7\u00e3o\u00a0\u201c500 anos de Cam\u00f5es: a camoniana da Funda\u00e7\u00e3o da Casa de Bragan\u00e7a\u201d patente at\u00e9 30 de setembro\" \/>\n<meta property=\"og:description\" content=\"At\u00e9 30 de setembro est\u00e1 patente na Sala dos Presidentes, no edif\u00edcio dos Pa\u00e7os do Concelho, em Caminha, a exposi\u00e7\u00e3o \u201c500 anos de Cam\u00f5es: a camoniana da Funda\u00e7\u00e3o da Casa de Bragan\u00e7a\u201d\" \/>\n<meta property=\"og:url\" content=\"https:\/\/www.altominho.tv\/site\/2025\/08\/14\/exposicao-500-anos-de-camoes\/\" \/>\n<meta property=\"og:site_name\" content=\"Altominho.tv\" \/>\n<meta property=\"article:publisher\" content=\"https:\/\/www.facebook.com\/altominhotv\" \/>\n<meta property=\"article:published_time\" content=\"2025-08-14T11:18:00+00:00\" \/>\n<meta property=\"article:modified_time\" content=\"2025-08-14T11:21:33+00:00\" \/>\n<meta property=\"og:image\" content=\"https:\/\/www.altominho.tv\/site\/wp-content\/uploads\/2025\/08\/Exposicao-500-anos-de-Camoes.jpg\" \/>\n\t<meta property=\"og:image:width\" content=\"1200\" \/>\n\t<meta property=\"og:image:height\" content=\"630\" \/>\n\t<meta property=\"og:image:type\" content=\"image\/jpeg\" \/>\n<meta name=\"author\" content=\"Altominho.tv\" \/>\n<meta name=\"twitter:card\" content=\"summary_large_image\" \/>\n<meta name=\"twitter:creator\" content=\"@altominhoTV\" \/>\n<meta name=\"twitter:site\" content=\"@altominhoTV\" \/>\n<meta name=\"twitter:label1\" content=\"Escrito por\" \/>\n\t<meta name=\"twitter:data1\" content=\"Altominho.tv\" \/>\n\t<meta name=\"twitter:label2\" content=\"Tempo estimado de leitura\" \/>\n\t<meta name=\"twitter:data2\" content=\"2 minutos\" \/>\n<script type=\"application\/ld+json\" class=\"yoast-schema-graph\">{\"@context\":\"https:\\\/\\\/schema.org\",\"@graph\":[{\"@type\":\"Article\",\"@id\":\"https:\\\/\\\/www.altominho.tv\\\/site\\\/2025\\\/08\\\/14\\\/exposicao-500-anos-de-camoes\\\/#article\",\"isPartOf\":{\"@id\":\"https:\\\/\\\/www.altominho.tv\\\/site\\\/2025\\\/08\\\/14\\\/exposicao-500-anos-de-camoes\\\/\"},\"author\":{\"name\":\"Altominho.tv\",\"@id\":\"https:\\\/\\\/www.altominho.tv\\\/site\\\/#\\\/schema\\\/person\\\/4e536851627d7914baf3dac752b6af22\"},\"headline\":\"Exposi\u00e7\u00e3o\u00a0\u201c500 anos de Cam\u00f5es: a camoniana da Funda\u00e7\u00e3o da Casa de Bragan\u00e7a\u201d patente at\u00e9 30 de setembro\",\"datePublished\":\"2025-08-14T11:18:00+00:00\",\"dateModified\":\"2025-08-14T11:21:33+00:00\",\"mainEntityOfPage\":{\"@id\":\"https:\\\/\\\/www.altominho.tv\\\/site\\\/2025\\\/08\\\/14\\\/exposicao-500-anos-de-camoes\\\/\"},\"wordCount\":362,\"image\":{\"@id\":\"https:\\\/\\\/www.altominho.tv\\\/site\\\/2025\\\/08\\\/14\\\/exposicao-500-anos-de-camoes\\\/#primaryimage\"},\"thumbnailUrl\":\"https:\\\/\\\/www.altominho.tv\\\/site\\\/wp-content\\\/uploads\\\/2025\\\/08\\\/Exposicao-500-anos-de-Camoes.jpg\",\"keywords\":[\"Cultura\"],\"articleSection\":[\"Caminha\"],\"inLanguage\":\"pt-PT\",\"copyrightYear\":\"2025\",\"copyrightHolder\":{\"@id\":\"https:\\\/\\\/www.altominho.tv\\\/site\\\/#organization\"}},{\"@type\":\"WebPage\",\"@id\":\"https:\\\/\\\/www.altominho.tv\\\/site\\\/2025\\\/08\\\/14\\\/exposicao-500-anos-de-camoes\\\/\",\"url\":\"https:\\\/\\\/www.altominho.tv\\\/site\\\/2025\\\/08\\\/14\\\/exposicao-500-anos-de-camoes\\\/\",\"name\":\"Exposi\u00e7\u00e3o\u00a0\u201c500 anos de Cam\u00f5es: a camoniana da Funda\u00e7\u00e3o da Casa de Bragan\u00e7a\u201d patente at\u00e9 30 de setembro\",\"isPartOf\":{\"@id\":\"https:\\\/\\\/www.altominho.tv\\\/site\\\/#website\"},\"primaryImageOfPage\":{\"@id\":\"https:\\\/\\\/www.altominho.tv\\\/site\\\/2025\\\/08\\\/14\\\/exposicao-500-anos-de-camoes\\\/#primaryimage\"},\"image\":{\"@id\":\"https:\\\/\\\/www.altominho.tv\\\/site\\\/2025\\\/08\\\/14\\\/exposicao-500-anos-de-camoes\\\/#primaryimage\"},\"thumbnailUrl\":\"https:\\\/\\\/www.altominho.tv\\\/site\\\/wp-content\\\/uploads\\\/2025\\\/08\\\/Exposicao-500-anos-de-Camoes.jpg\",\"datePublished\":\"2025-08-14T11:18:00+00:00\",\"dateModified\":\"2025-08-14T11:21:33+00:00\",\"author\":{\"@id\":\"https:\\\/\\\/www.altominho.tv\\\/site\\\/#\\\/schema\\\/person\\\/4e536851627d7914baf3dac752b6af22\"},\"description\":\"At\u00e9 30 de setembro est\u00e1 patente na Sala dos Presidentes, no edif\u00edcio dos Pa\u00e7os do Concelho, em Caminha, a exposi\u00e7\u00e3o \u201c500 anos de Cam\u00f5es: a camoniana da Funda\u00e7\u00e3o da Casa de Bragan\u00e7a\u201d\",\"breadcrumb\":{\"@id\":\"https:\\\/\\\/www.altominho.tv\\\/site\\\/2025\\\/08\\\/14\\\/exposicao-500-anos-de-camoes\\\/#breadcrumb\"},\"inLanguage\":\"pt-PT\",\"potentialAction\":[{\"@type\":\"ReadAction\",\"target\":[\"https:\\\/\\\/www.altominho.tv\\\/site\\\/2025\\\/08\\\/14\\\/exposicao-500-anos-de-camoes\\\/\"]}]},{\"@type\":\"ImageObject\",\"inLanguage\":\"pt-PT\",\"@id\":\"https:\\\/\\\/www.altominho.tv\\\/site\\\/2025\\\/08\\\/14\\\/exposicao-500-anos-de-camoes\\\/#primaryimage\",\"url\":\"https:\\\/\\\/www.altominho.tv\\\/site\\\/wp-content\\\/uploads\\\/2025\\\/08\\\/Exposicao-500-anos-de-Camoes.jpg\",\"contentUrl\":\"https:\\\/\\\/www.altominho.tv\\\/site\\\/wp-content\\\/uploads\\\/2025\\\/08\\\/Exposicao-500-anos-de-Camoes.jpg\",\"width\":1200,\"height\":630},{\"@type\":\"BreadcrumbList\",\"@id\":\"https:\\\/\\\/www.altominho.tv\\\/site\\\/2025\\\/08\\\/14\\\/exposicao-500-anos-de-camoes\\\/#breadcrumb\",\"itemListElement\":[{\"@type\":\"ListItem\",\"position\":1,\"name\":\"In\u00edcio\",\"item\":\"https:\\\/\\\/www.altominho.tv\\\/site\\\/\"},{\"@type\":\"ListItem\",\"position\":2,\"name\":\"Exposi\u00e7\u00e3o\u00a0\u201c500 anos de Cam\u00f5es: a camoniana da Funda\u00e7\u00e3o da Casa de Bragan\u00e7a\u201d patente at\u00e9 30 de setembro\"}]},{\"@type\":\"WebSite\",\"@id\":\"https:\\\/\\\/www.altominho.tv\\\/site\\\/#website\",\"url\":\"https:\\\/\\\/www.altominho.tv\\\/site\\\/\",\"name\":\"Altominho.tv\",\"description\":\"A sua regi\u00e3o \u00e0 dist\u00e2ncia de um clique...\",\"potentialAction\":[{\"@type\":\"SearchAction\",\"target\":{\"@type\":\"EntryPoint\",\"urlTemplate\":\"https:\\\/\\\/www.altominho.tv\\\/site\\\/?s={search_term_string}\"},\"query-input\":{\"@type\":\"PropertyValueSpecification\",\"valueRequired\":true,\"valueName\":\"search_term_string\"}}],\"inLanguage\":\"pt-PT\"},{\"@type\":\"Person\",\"@id\":\"https:\\\/\\\/www.altominho.tv\\\/site\\\/#\\\/schema\\\/person\\\/4e536851627d7914baf3dac752b6af22\",\"name\":\"Altominho.tv\",\"image\":{\"@type\":\"ImageObject\",\"inLanguage\":\"pt-PT\",\"@id\":\"https:\\\/\\\/www.altominho.tv\\\/site\\\/wp-content\\\/uploads\\\/2019\\\/11\\\/Logo_Avatar_2-150x150.jpg\",\"url\":\"https:\\\/\\\/www.altominho.tv\\\/site\\\/wp-content\\\/uploads\\\/2019\\\/11\\\/Logo_Avatar_2-150x150.jpg\",\"contentUrl\":\"https:\\\/\\\/www.altominho.tv\\\/site\\\/wp-content\\\/uploads\\\/2019\\\/11\\\/Logo_Avatar_2-150x150.jpg\",\"caption\":\"Altominho.tv\"},\"url\":\"https:\\\/\\\/www.altominho.tv\\\/site\\\/author\\\/altominhotv-tecnico\\\/\"}]}<\/script>\n<!-- \/ Yoast SEO Premium plugin. -->","yoast_head_json":{"title":"Exposi\u00e7\u00e3o\u00a0\u201c500 anos de Cam\u00f5es: a camoniana da Funda\u00e7\u00e3o da Casa de Bragan\u00e7a\u201d patente at\u00e9 30 de setembro","description":"At\u00e9 30 de setembro est\u00e1 patente na Sala dos Presidentes, no edif\u00edcio dos Pa\u00e7os do Concelho, em Caminha, a exposi\u00e7\u00e3o \u201c500 anos de Cam\u00f5es: a camoniana da Funda\u00e7\u00e3o da Casa de Bragan\u00e7a\u201d","robots":{"index":"index","follow":"follow","max-snippet":"max-snippet:-1","max-image-preview":"max-image-preview:large","max-video-preview":"max-video-preview:-1"},"canonical":"https:\/\/www.altominho.tv\/site\/2025\/08\/14\/exposicao-500-anos-de-camoes\/","og_locale":"pt_PT","og_type":"article","og_title":"Exposi\u00e7\u00e3o\u00a0\u201c500 anos de Cam\u00f5es: a camoniana da Funda\u00e7\u00e3o da Casa de Bragan\u00e7a\u201d patente at\u00e9 30 de setembro","og_description":"At\u00e9 30 de setembro est\u00e1 patente na Sala dos Presidentes, no edif\u00edcio dos Pa\u00e7os do Concelho, em Caminha, a exposi\u00e7\u00e3o \u201c500 anos de Cam\u00f5es: a camoniana da Funda\u00e7\u00e3o da Casa de Bragan\u00e7a\u201d","og_url":"https:\/\/www.altominho.tv\/site\/2025\/08\/14\/exposicao-500-anos-de-camoes\/","og_site_name":"Altominho.tv","article_publisher":"https:\/\/www.facebook.com\/altominhotv","article_published_time":"2025-08-14T11:18:00+00:00","article_modified_time":"2025-08-14T11:21:33+00:00","og_image":[{"width":1200,"height":630,"url":"https:\/\/www.altominho.tv\/site\/wp-content\/uploads\/2025\/08\/Exposicao-500-anos-de-Camoes.jpg","type":"image\/jpeg"}],"author":"Altominho.tv","twitter_card":"summary_large_image","twitter_creator":"@altominhoTV","twitter_site":"@altominhoTV","twitter_misc":{"Escrito por":"Altominho.tv","Tempo estimado de leitura":"2 minutos"},"schema":{"@context":"https:\/\/schema.org","@graph":[{"@type":"Article","@id":"https:\/\/www.altominho.tv\/site\/2025\/08\/14\/exposicao-500-anos-de-camoes\/#article","isPartOf":{"@id":"https:\/\/www.altominho.tv\/site\/2025\/08\/14\/exposicao-500-anos-de-camoes\/"},"author":{"name":"Altominho.tv","@id":"https:\/\/www.altominho.tv\/site\/#\/schema\/person\/4e536851627d7914baf3dac752b6af22"},"headline":"Exposi\u00e7\u00e3o\u00a0\u201c500 anos de Cam\u00f5es: a camoniana da Funda\u00e7\u00e3o da Casa de Bragan\u00e7a\u201d patente at\u00e9 30 de setembro","datePublished":"2025-08-14T11:18:00+00:00","dateModified":"2025-08-14T11:21:33+00:00","mainEntityOfPage":{"@id":"https:\/\/www.altominho.tv\/site\/2025\/08\/14\/exposicao-500-anos-de-camoes\/"},"wordCount":362,"image":{"@id":"https:\/\/www.altominho.tv\/site\/2025\/08\/14\/exposicao-500-anos-de-camoes\/#primaryimage"},"thumbnailUrl":"https:\/\/www.altominho.tv\/site\/wp-content\/uploads\/2025\/08\/Exposicao-500-anos-de-Camoes.jpg","keywords":["Cultura"],"articleSection":["Caminha"],"inLanguage":"pt-PT","copyrightYear":"2025","copyrightHolder":{"@id":"https:\/\/www.altominho.tv\/site\/#organization"}},{"@type":"WebPage","@id":"https:\/\/www.altominho.tv\/site\/2025\/08\/14\/exposicao-500-anos-de-camoes\/","url":"https:\/\/www.altominho.tv\/site\/2025\/08\/14\/exposicao-500-anos-de-camoes\/","name":"Exposi\u00e7\u00e3o\u00a0\u201c500 anos de Cam\u00f5es: a camoniana da Funda\u00e7\u00e3o da Casa de Bragan\u00e7a\u201d patente at\u00e9 30 de setembro","isPartOf":{"@id":"https:\/\/www.altominho.tv\/site\/#website"},"primaryImageOfPage":{"@id":"https:\/\/www.altominho.tv\/site\/2025\/08\/14\/exposicao-500-anos-de-camoes\/#primaryimage"},"image":{"@id":"https:\/\/www.altominho.tv\/site\/2025\/08\/14\/exposicao-500-anos-de-camoes\/#primaryimage"},"thumbnailUrl":"https:\/\/www.altominho.tv\/site\/wp-content\/uploads\/2025\/08\/Exposicao-500-anos-de-Camoes.jpg","datePublished":"2025-08-14T11:18:00+00:00","dateModified":"2025-08-14T11:21:33+00:00","author":{"@id":"https:\/\/www.altominho.tv\/site\/#\/schema\/person\/4e536851627d7914baf3dac752b6af22"},"description":"At\u00e9 30 de setembro est\u00e1 patente na Sala dos Presidentes, no edif\u00edcio dos Pa\u00e7os do Concelho, em Caminha, a exposi\u00e7\u00e3o \u201c500 anos de Cam\u00f5es: a camoniana da Funda\u00e7\u00e3o da Casa de Bragan\u00e7a\u201d","breadcrumb":{"@id":"https:\/\/www.altominho.tv\/site\/2025\/08\/14\/exposicao-500-anos-de-camoes\/#breadcrumb"},"inLanguage":"pt-PT","potentialAction":[{"@type":"ReadAction","target":["https:\/\/www.altominho.tv\/site\/2025\/08\/14\/exposicao-500-anos-de-camoes\/"]}]},{"@type":"ImageObject","inLanguage":"pt-PT","@id":"https:\/\/www.altominho.tv\/site\/2025\/08\/14\/exposicao-500-anos-de-camoes\/#primaryimage","url":"https:\/\/www.altominho.tv\/site\/wp-content\/uploads\/2025\/08\/Exposicao-500-anos-de-Camoes.jpg","contentUrl":"https:\/\/www.altominho.tv\/site\/wp-content\/uploads\/2025\/08\/Exposicao-500-anos-de-Camoes.jpg","width":1200,"height":630},{"@type":"BreadcrumbList","@id":"https:\/\/www.altominho.tv\/site\/2025\/08\/14\/exposicao-500-anos-de-camoes\/#breadcrumb","itemListElement":[{"@type":"ListItem","position":1,"name":"In\u00edcio","item":"https:\/\/www.altominho.tv\/site\/"},{"@type":"ListItem","position":2,"name":"Exposi\u00e7\u00e3o\u00a0\u201c500 anos de Cam\u00f5es: a camoniana da Funda\u00e7\u00e3o da Casa de Bragan\u00e7a\u201d patente at\u00e9 30 de setembro"}]},{"@type":"WebSite","@id":"https:\/\/www.altominho.tv\/site\/#website","url":"https:\/\/www.altominho.tv\/site\/","name":"Altominho.tv","description":"A sua regi\u00e3o \u00e0 dist\u00e2ncia de um clique...","potentialAction":[{"@type":"SearchAction","target":{"@type":"EntryPoint","urlTemplate":"https:\/\/www.altominho.tv\/site\/?s={search_term_string}"},"query-input":{"@type":"PropertyValueSpecification","valueRequired":true,"valueName":"search_term_string"}}],"inLanguage":"pt-PT"},{"@type":"Person","@id":"https:\/\/www.altominho.tv\/site\/#\/schema\/person\/4e536851627d7914baf3dac752b6af22","name":"Altominho.tv","image":{"@type":"ImageObject","inLanguage":"pt-PT","@id":"https:\/\/www.altominho.tv\/site\/wp-content\/uploads\/2019\/11\/Logo_Avatar_2-150x150.jpg","url":"https:\/\/www.altominho.tv\/site\/wp-content\/uploads\/2019\/11\/Logo_Avatar_2-150x150.jpg","contentUrl":"https:\/\/www.altominho.tv\/site\/wp-content\/uploads\/2019\/11\/Logo_Avatar_2-150x150.jpg","caption":"Altominho.tv"},"url":"https:\/\/www.altominho.tv\/site\/author\/altominhotv-tecnico\/"}]}},"_links":{"self":[{"href":"https:\/\/www.altominho.tv\/site\/wp-json\/wp\/v2\/posts\/121998","targetHints":{"allow":["GET"]}}],"collection":[{"href":"https:\/\/www.altominho.tv\/site\/wp-json\/wp\/v2\/posts"}],"about":[{"href":"https:\/\/www.altominho.tv\/site\/wp-json\/wp\/v2\/types\/post"}],"author":[{"embeddable":true,"href":"https:\/\/www.altominho.tv\/site\/wp-json\/wp\/v2\/users\/1"}],"replies":[{"embeddable":true,"href":"https:\/\/www.altominho.tv\/site\/wp-json\/wp\/v2\/comments?post=121998"}],"version-history":[{"count":2,"href":"https:\/\/www.altominho.tv\/site\/wp-json\/wp\/v2\/posts\/121998\/revisions"}],"predecessor-version":[{"id":122001,"href":"https:\/\/www.altominho.tv\/site\/wp-json\/wp\/v2\/posts\/121998\/revisions\/122001"}],"wp:featuredmedia":[{"embeddable":true,"href":"https:\/\/www.altominho.tv\/site\/wp-json\/wp\/v2\/media\/121999"}],"wp:attachment":[{"href":"https:\/\/www.altominho.tv\/site\/wp-json\/wp\/v2\/media?parent=121998"}],"wp:term":[{"taxonomy":"category","embeddable":true,"href":"https:\/\/www.altominho.tv\/site\/wp-json\/wp\/v2\/categories?post=121998"},{"taxonomy":"post_tag","embeddable":true,"href":"https:\/\/www.altominho.tv\/site\/wp-json\/wp\/v2\/tags?post=121998"}],"curies":[{"name":"wp","href":"https:\/\/api.w.org\/{rel}","templated":true}]}}