{"id":121971,"date":"2025-08-13T14:43:28","date_gmt":"2025-08-13T13:43:28","guid":{"rendered":"https:\/\/www.altominho.tv\/site\/?p=121971"},"modified":"2025-08-13T14:43:36","modified_gmt":"2025-08-13T13:43:36","slug":"presidente-da-camara-recebe-futebolista-luso-descendente-do-fc-famalicao","status":"publish","type":"post","link":"https:\/\/www.altominho.tv\/site\/2025\/08\/13\/presidente-da-camara-recebe-futebolista-luso-descendente-do-fc-famalicao\/","title":{"rendered":"Presidente da C\u00e2mara recebe futebolista luso-descendente do FC Famalic\u00e3o"},"content":{"rendered":"<p data-start=\"181\" data-end=\"443\">O presidente da C\u00e2mara Municipal de Arcos de Valdevez, Oleg\u00e1rio Gon\u00e7alves, recebeu esta semana, nos Pa\u00e7os do Concelho, o futebolista luso-descendente Mathias de Amorim, m\u00e9dio do Futebol Clube de Famalic\u00e3o, cuja fam\u00edlia \u00e9 origin\u00e1ria da freguesia de Sabadim.<\/p>\n<p data-start=\"181\" data-end=\"443\">Atualmente na sua segunda \u00e9poca em Portugal, Mathias iniciou a forma\u00e7\u00e3o no clube franc\u00eas Girondins de Bord\u00e9us e transferiu-se para o FC Famalic\u00e3o no in\u00edcio da temporada 2024\/25.<\/p>\n<p data-start=\"181\" data-end=\"443\">Reconhecido pela criatividade e vis\u00e3o de jogo, destacou-se como uma das revela\u00e7\u00f5es da Liga Portugal Betclic, o que lhe valeu a chamada \u00e0 Sele\u00e7\u00e3o Nacional Sub-21, com a qual participou no Campeonato da Europa de 2025. O atleta j\u00e1 tinha representado Portugal nos escal\u00f5es de sub-17 e sub-18.<\/p>\n<p data-start=\"916\" data-end=\"1093\">A autarquia manifestou satisfa\u00e7\u00e3o pelo percurso do jogador, sublinhando o orgulho em ver um jovem com ra\u00edzes no concelho alcan\u00e7ar proje\u00e7\u00e3o no futebol nacional e internacional.<\/p>\n","protected":false},"excerpt":{"rendered":"<p>O presidente da C\u00e2mara Municipal de Arcos de Valdevez, Oleg\u00e1rio Gon\u00e7alves, recebeu esta semana, nos Pa\u00e7os do Concelho, o futebolista luso-descendente Mathias de Amorim, m\u00e9dio do Futebol Clube de Famalic\u00e3o, cuja fam\u00edlia \u00e9 origin\u00e1ria da freguesia de Sabadim. Atualmente na sua segunda \u00e9poca em Portugal, Mathias iniciou a forma\u00e7\u00e3o no clube franc\u00eas Girondins de Bord\u00e9us [&hellip;]<\/p>\n","protected":false},"author":1,"featured_media":121972,"comment_status":"closed","ping_status":"closed","sticky":false,"template":"","format":"standard","meta":{"_exactmetrics_skip_tracking":false,"_exactmetrics_sitenote_active":false,"_exactmetrics_sitenote_note":"","_exactmetrics_sitenote_category":0,"footnotes":""},"categories":[2],"tags":[20],"class_list":["post-121971","post","type-post","status-publish","format-standard","has-post-thumbnail","hentry","category-arcos-de-valdevez","tag-desporto"],"yoast_head":"<!-- This site is optimized with the Yoast SEO Premium plugin v27.4 (Yoast SEO v27.4) - https:\/\/yoast.com\/product\/yoast-seo-premium-wordpress\/ -->\n<title>Presidente da C\u00e2mara recebe futebolista luso-descendente do FC Famalic\u00e3o<\/title>\n<meta name=\"description\" content=\"O presidente da C\u00e2mara Municipal de Arcos de Valdevez, Oleg\u00e1rio Gon\u00e7alves, recebeu o futebolista luso-descendente Mathias de Amorim, m\u00e9dio do Futebol Clube de Famalic\u00e3o, cuja fam\u00edlia \u00e9 origin\u00e1ria da freguesia de Sabadim.\" \/>\n<meta name=\"robots\" content=\"index, follow, max-snippet:-1, max-image-preview:large, max-video-preview:-1\" \/>\n<link rel=\"canonical\" href=\"https:\/\/www.altominho.tv\/site\/2025\/08\/13\/presidente-da-camara-recebe-futebolista-luso-descendente-do-fc-famalicao\/\" \/>\n<meta property=\"og:locale\" content=\"pt_PT\" \/>\n<meta property=\"og:type\" content=\"article\" \/>\n<meta property=\"og:title\" content=\"Presidente da C\u00e2mara recebe futebolista luso-descendente do FC Famalic\u00e3o\" \/>\n<meta property=\"og:description\" content=\"O presidente da C\u00e2mara Municipal de Arcos de Valdevez, Oleg\u00e1rio Gon\u00e7alves, recebeu o futebolista luso-descendente Mathias de Amorim, m\u00e9dio do Futebol Clube de Famalic\u00e3o, cuja fam\u00edlia \u00e9 origin\u00e1ria da freguesia de Sabadim.\" \/>\n<meta property=\"og:url\" content=\"https:\/\/www.altominho.tv\/site\/2025\/08\/13\/presidente-da-camara-recebe-futebolista-luso-descendente-do-fc-famalicao\/\" \/>\n<meta property=\"og:site_name\" content=\"Altominho.tv\" \/>\n<meta property=\"article:publisher\" content=\"https:\/\/www.facebook.com\/altominhotv\" \/>\n<meta property=\"article:published_time\" content=\"2025-08-13T13:43:28+00:00\" \/>\n<meta property=\"article:modified_time\" content=\"2025-08-13T13:43:36+00:00\" \/>\n<meta property=\"og:image\" content=\"https:\/\/www.altominho.tv\/site\/wp-content\/uploads\/2025\/08\/Mathias.jpg\" \/>\n\t<meta property=\"og:image:width\" content=\"1200\" \/>\n\t<meta property=\"og:image:height\" content=\"630\" \/>\n\t<meta property=\"og:image:type\" content=\"image\/jpeg\" \/>\n<meta name=\"author\" content=\"Altominho.tv\" \/>\n<meta name=\"twitter:card\" content=\"summary_large_image\" \/>\n<meta name=\"twitter:creator\" content=\"@altominhoTV\" \/>\n<meta name=\"twitter:site\" content=\"@altominhoTV\" \/>\n<meta name=\"twitter:label1\" content=\"Escrito por\" \/>\n\t<meta name=\"twitter:data1\" content=\"Altominho.tv\" \/>\n\t<meta name=\"twitter:label2\" content=\"Tempo estimado de leitura\" \/>\n\t<meta name=\"twitter:data2\" content=\"1 minuto\" \/>\n<script type=\"application\/ld+json\" class=\"yoast-schema-graph\">{\"@context\":\"https:\\\/\\\/schema.org\",\"@graph\":[{\"@type\":\"Article\",\"@id\":\"https:\\\/\\\/www.altominho.tv\\\/site\\\/2025\\\/08\\\/13\\\/presidente-da-camara-recebe-futebolista-luso-descendente-do-fc-famalicao\\\/#article\",\"isPartOf\":{\"@id\":\"https:\\\/\\\/www.altominho.tv\\\/site\\\/2025\\\/08\\\/13\\\/presidente-da-camara-recebe-futebolista-luso-descendente-do-fc-famalicao\\\/\"},\"author\":{\"name\":\"Altominho.tv\",\"@id\":\"https:\\\/\\\/www.altominho.tv\\\/site\\\/#\\\/schema\\\/person\\\/4e536851627d7914baf3dac752b6af22\"},\"headline\":\"Presidente da C\u00e2mara recebe futebolista luso-descendente do FC Famalic\u00e3o\",\"datePublished\":\"2025-08-13T13:43:28+00:00\",\"dateModified\":\"2025-08-13T13:43:36+00:00\",\"mainEntityOfPage\":{\"@id\":\"https:\\\/\\\/www.altominho.tv\\\/site\\\/2025\\\/08\\\/13\\\/presidente-da-camara-recebe-futebolista-luso-descendente-do-fc-famalicao\\\/\"},\"wordCount\":168,\"image\":{\"@id\":\"https:\\\/\\\/www.altominho.tv\\\/site\\\/2025\\\/08\\\/13\\\/presidente-da-camara-recebe-futebolista-luso-descendente-do-fc-famalicao\\\/#primaryimage\"},\"thumbnailUrl\":\"https:\\\/\\\/www.altominho.tv\\\/site\\\/wp-content\\\/uploads\\\/2025\\\/08\\\/Mathias.jpg\",\"keywords\":[\"Desporto\"],\"articleSection\":[\"Arcos de Valdevez\"],\"inLanguage\":\"pt-PT\",\"copyrightYear\":\"2025\",\"copyrightHolder\":{\"@id\":\"https:\\\/\\\/www.altominho.tv\\\/site\\\/#organization\"}},{\"@type\":\"WebPage\",\"@id\":\"https:\\\/\\\/www.altominho.tv\\\/site\\\/2025\\\/08\\\/13\\\/presidente-da-camara-recebe-futebolista-luso-descendente-do-fc-famalicao\\\/\",\"url\":\"https:\\\/\\\/www.altominho.tv\\\/site\\\/2025\\\/08\\\/13\\\/presidente-da-camara-recebe-futebolista-luso-descendente-do-fc-famalicao\\\/\",\"name\":\"Presidente da C\u00e2mara recebe futebolista luso-descendente do FC Famalic\u00e3o\",\"isPartOf\":{\"@id\":\"https:\\\/\\\/www.altominho.tv\\\/site\\\/#website\"},\"primaryImageOfPage\":{\"@id\":\"https:\\\/\\\/www.altominho.tv\\\/site\\\/2025\\\/08\\\/13\\\/presidente-da-camara-recebe-futebolista-luso-descendente-do-fc-famalicao\\\/#primaryimage\"},\"image\":{\"@id\":\"https:\\\/\\\/www.altominho.tv\\\/site\\\/2025\\\/08\\\/13\\\/presidente-da-camara-recebe-futebolista-luso-descendente-do-fc-famalicao\\\/#primaryimage\"},\"thumbnailUrl\":\"https:\\\/\\\/www.altominho.tv\\\/site\\\/wp-content\\\/uploads\\\/2025\\\/08\\\/Mathias.jpg\",\"datePublished\":\"2025-08-13T13:43:28+00:00\",\"dateModified\":\"2025-08-13T13:43:36+00:00\",\"author\":{\"@id\":\"https:\\\/\\\/www.altominho.tv\\\/site\\\/#\\\/schema\\\/person\\\/4e536851627d7914baf3dac752b6af22\"},\"description\":\"O presidente da C\u00e2mara Municipal de Arcos de Valdevez, Oleg\u00e1rio Gon\u00e7alves, recebeu o futebolista luso-descendente Mathias de Amorim, m\u00e9dio do Futebol Clube de Famalic\u00e3o, cuja fam\u00edlia \u00e9 origin\u00e1ria da freguesia de Sabadim.\",\"breadcrumb\":{\"@id\":\"https:\\\/\\\/www.altominho.tv\\\/site\\\/2025\\\/08\\\/13\\\/presidente-da-camara-recebe-futebolista-luso-descendente-do-fc-famalicao\\\/#breadcrumb\"},\"inLanguage\":\"pt-PT\",\"potentialAction\":[{\"@type\":\"ReadAction\",\"target\":[\"https:\\\/\\\/www.altominho.tv\\\/site\\\/2025\\\/08\\\/13\\\/presidente-da-camara-recebe-futebolista-luso-descendente-do-fc-famalicao\\\/\"]}]},{\"@type\":\"ImageObject\",\"inLanguage\":\"pt-PT\",\"@id\":\"https:\\\/\\\/www.altominho.tv\\\/site\\\/2025\\\/08\\\/13\\\/presidente-da-camara-recebe-futebolista-luso-descendente-do-fc-famalicao\\\/#primaryimage\",\"url\":\"https:\\\/\\\/www.altominho.tv\\\/site\\\/wp-content\\\/uploads\\\/2025\\\/08\\\/Mathias.jpg\",\"contentUrl\":\"https:\\\/\\\/www.altominho.tv\\\/site\\\/wp-content\\\/uploads\\\/2025\\\/08\\\/Mathias.jpg\",\"width\":1200,\"height\":630},{\"@type\":\"BreadcrumbList\",\"@id\":\"https:\\\/\\\/www.altominho.tv\\\/site\\\/2025\\\/08\\\/13\\\/presidente-da-camara-recebe-futebolista-luso-descendente-do-fc-famalicao\\\/#breadcrumb\",\"itemListElement\":[{\"@type\":\"ListItem\",\"position\":1,\"name\":\"In\u00edcio\",\"item\":\"https:\\\/\\\/www.altominho.tv\\\/site\\\/\"},{\"@type\":\"ListItem\",\"position\":2,\"name\":\"Presidente da C\u00e2mara recebe futebolista luso-descendente do FC Famalic\u00e3o\"}]},{\"@type\":\"WebSite\",\"@id\":\"https:\\\/\\\/www.altominho.tv\\\/site\\\/#website\",\"url\":\"https:\\\/\\\/www.altominho.tv\\\/site\\\/\",\"name\":\"Altominho.tv\",\"description\":\"A sua regi\u00e3o \u00e0 dist\u00e2ncia de um clique...\",\"potentialAction\":[{\"@type\":\"SearchAction\",\"target\":{\"@type\":\"EntryPoint\",\"urlTemplate\":\"https:\\\/\\\/www.altominho.tv\\\/site\\\/?s={search_term_string}\"},\"query-input\":{\"@type\":\"PropertyValueSpecification\",\"valueRequired\":true,\"valueName\":\"search_term_string\"}}],\"inLanguage\":\"pt-PT\"},{\"@type\":\"Person\",\"@id\":\"https:\\\/\\\/www.altominho.tv\\\/site\\\/#\\\/schema\\\/person\\\/4e536851627d7914baf3dac752b6af22\",\"name\":\"Altominho.tv\",\"image\":{\"@type\":\"ImageObject\",\"inLanguage\":\"pt-PT\",\"@id\":\"https:\\\/\\\/www.altominho.tv\\\/site\\\/wp-content\\\/uploads\\\/2019\\\/11\\\/Logo_Avatar_2-150x150.jpg\",\"url\":\"https:\\\/\\\/www.altominho.tv\\\/site\\\/wp-content\\\/uploads\\\/2019\\\/11\\\/Logo_Avatar_2-150x150.jpg\",\"contentUrl\":\"https:\\\/\\\/www.altominho.tv\\\/site\\\/wp-content\\\/uploads\\\/2019\\\/11\\\/Logo_Avatar_2-150x150.jpg\",\"caption\":\"Altominho.tv\"},\"url\":\"https:\\\/\\\/www.altominho.tv\\\/site\\\/author\\\/altominhotv-tecnico\\\/\"}]}<\/script>\n<!-- \/ Yoast SEO Premium plugin. -->","yoast_head_json":{"title":"Presidente da C\u00e2mara recebe futebolista luso-descendente do FC Famalic\u00e3o","description":"O presidente da C\u00e2mara Municipal de Arcos de Valdevez, Oleg\u00e1rio Gon\u00e7alves, recebeu o futebolista luso-descendente Mathias de Amorim, m\u00e9dio do Futebol Clube de Famalic\u00e3o, cuja fam\u00edlia \u00e9 origin\u00e1ria da freguesia de Sabadim.","robots":{"index":"index","follow":"follow","max-snippet":"max-snippet:-1","max-image-preview":"max-image-preview:large","max-video-preview":"max-video-preview:-1"},"canonical":"https:\/\/www.altominho.tv\/site\/2025\/08\/13\/presidente-da-camara-recebe-futebolista-luso-descendente-do-fc-famalicao\/","og_locale":"pt_PT","og_type":"article","og_title":"Presidente da C\u00e2mara recebe futebolista luso-descendente do FC Famalic\u00e3o","og_description":"O presidente da C\u00e2mara Municipal de Arcos de Valdevez, Oleg\u00e1rio Gon\u00e7alves, recebeu o futebolista luso-descendente Mathias de Amorim, m\u00e9dio do Futebol Clube de Famalic\u00e3o, cuja fam\u00edlia \u00e9 origin\u00e1ria da freguesia de Sabadim.","og_url":"https:\/\/www.altominho.tv\/site\/2025\/08\/13\/presidente-da-camara-recebe-futebolista-luso-descendente-do-fc-famalicao\/","og_site_name":"Altominho.tv","article_publisher":"https:\/\/www.facebook.com\/altominhotv","article_published_time":"2025-08-13T13:43:28+00:00","article_modified_time":"2025-08-13T13:43:36+00:00","og_image":[{"width":1200,"height":630,"url":"https:\/\/www.altominho.tv\/site\/wp-content\/uploads\/2025\/08\/Mathias.jpg","type":"image\/jpeg"}],"author":"Altominho.tv","twitter_card":"summary_large_image","twitter_creator":"@altominhoTV","twitter_site":"@altominhoTV","twitter_misc":{"Escrito por":"Altominho.tv","Tempo estimado de leitura":"1 minuto"},"schema":{"@context":"https:\/\/schema.org","@graph":[{"@type":"Article","@id":"https:\/\/www.altominho.tv\/site\/2025\/08\/13\/presidente-da-camara-recebe-futebolista-luso-descendente-do-fc-famalicao\/#article","isPartOf":{"@id":"https:\/\/www.altominho.tv\/site\/2025\/08\/13\/presidente-da-camara-recebe-futebolista-luso-descendente-do-fc-famalicao\/"},"author":{"name":"Altominho.tv","@id":"https:\/\/www.altominho.tv\/site\/#\/schema\/person\/4e536851627d7914baf3dac752b6af22"},"headline":"Presidente da C\u00e2mara recebe futebolista luso-descendente do FC Famalic\u00e3o","datePublished":"2025-08-13T13:43:28+00:00","dateModified":"2025-08-13T13:43:36+00:00","mainEntityOfPage":{"@id":"https:\/\/www.altominho.tv\/site\/2025\/08\/13\/presidente-da-camara-recebe-futebolista-luso-descendente-do-fc-famalicao\/"},"wordCount":168,"image":{"@id":"https:\/\/www.altominho.tv\/site\/2025\/08\/13\/presidente-da-camara-recebe-futebolista-luso-descendente-do-fc-famalicao\/#primaryimage"},"thumbnailUrl":"https:\/\/www.altominho.tv\/site\/wp-content\/uploads\/2025\/08\/Mathias.jpg","keywords":["Desporto"],"articleSection":["Arcos de Valdevez"],"inLanguage":"pt-PT","copyrightYear":"2025","copyrightHolder":{"@id":"https:\/\/www.altominho.tv\/site\/#organization"}},{"@type":"WebPage","@id":"https:\/\/www.altominho.tv\/site\/2025\/08\/13\/presidente-da-camara-recebe-futebolista-luso-descendente-do-fc-famalicao\/","url":"https:\/\/www.altominho.tv\/site\/2025\/08\/13\/presidente-da-camara-recebe-futebolista-luso-descendente-do-fc-famalicao\/","name":"Presidente da C\u00e2mara recebe futebolista luso-descendente do FC Famalic\u00e3o","isPartOf":{"@id":"https:\/\/www.altominho.tv\/site\/#website"},"primaryImageOfPage":{"@id":"https:\/\/www.altominho.tv\/site\/2025\/08\/13\/presidente-da-camara-recebe-futebolista-luso-descendente-do-fc-famalicao\/#primaryimage"},"image":{"@id":"https:\/\/www.altominho.tv\/site\/2025\/08\/13\/presidente-da-camara-recebe-futebolista-luso-descendente-do-fc-famalicao\/#primaryimage"},"thumbnailUrl":"https:\/\/www.altominho.tv\/site\/wp-content\/uploads\/2025\/08\/Mathias.jpg","datePublished":"2025-08-13T13:43:28+00:00","dateModified":"2025-08-13T13:43:36+00:00","author":{"@id":"https:\/\/www.altominho.tv\/site\/#\/schema\/person\/4e536851627d7914baf3dac752b6af22"},"description":"O presidente da C\u00e2mara Municipal de Arcos de Valdevez, Oleg\u00e1rio Gon\u00e7alves, recebeu o futebolista luso-descendente Mathias de Amorim, m\u00e9dio do Futebol Clube de Famalic\u00e3o, cuja fam\u00edlia \u00e9 origin\u00e1ria da freguesia de Sabadim.","breadcrumb":{"@id":"https:\/\/www.altominho.tv\/site\/2025\/08\/13\/presidente-da-camara-recebe-futebolista-luso-descendente-do-fc-famalicao\/#breadcrumb"},"inLanguage":"pt-PT","potentialAction":[{"@type":"ReadAction","target":["https:\/\/www.altominho.tv\/site\/2025\/08\/13\/presidente-da-camara-recebe-futebolista-luso-descendente-do-fc-famalicao\/"]}]},{"@type":"ImageObject","inLanguage":"pt-PT","@id":"https:\/\/www.altominho.tv\/site\/2025\/08\/13\/presidente-da-camara-recebe-futebolista-luso-descendente-do-fc-famalicao\/#primaryimage","url":"https:\/\/www.altominho.tv\/site\/wp-content\/uploads\/2025\/08\/Mathias.jpg","contentUrl":"https:\/\/www.altominho.tv\/site\/wp-content\/uploads\/2025\/08\/Mathias.jpg","width":1200,"height":630},{"@type":"BreadcrumbList","@id":"https:\/\/www.altominho.tv\/site\/2025\/08\/13\/presidente-da-camara-recebe-futebolista-luso-descendente-do-fc-famalicao\/#breadcrumb","itemListElement":[{"@type":"ListItem","position":1,"name":"In\u00edcio","item":"https:\/\/www.altominho.tv\/site\/"},{"@type":"ListItem","position":2,"name":"Presidente da C\u00e2mara recebe futebolista luso-descendente do FC Famalic\u00e3o"}]},{"@type":"WebSite","@id":"https:\/\/www.altominho.tv\/site\/#website","url":"https:\/\/www.altominho.tv\/site\/","name":"Altominho.tv","description":"A sua regi\u00e3o \u00e0 dist\u00e2ncia de um clique...","potentialAction":[{"@type":"SearchAction","target":{"@type":"EntryPoint","urlTemplate":"https:\/\/www.altominho.tv\/site\/?s={search_term_string}"},"query-input":{"@type":"PropertyValueSpecification","valueRequired":true,"valueName":"search_term_string"}}],"inLanguage":"pt-PT"},{"@type":"Person","@id":"https:\/\/www.altominho.tv\/site\/#\/schema\/person\/4e536851627d7914baf3dac752b6af22","name":"Altominho.tv","image":{"@type":"ImageObject","inLanguage":"pt-PT","@id":"https:\/\/www.altominho.tv\/site\/wp-content\/uploads\/2019\/11\/Logo_Avatar_2-150x150.jpg","url":"https:\/\/www.altominho.tv\/site\/wp-content\/uploads\/2019\/11\/Logo_Avatar_2-150x150.jpg","contentUrl":"https:\/\/www.altominho.tv\/site\/wp-content\/uploads\/2019\/11\/Logo_Avatar_2-150x150.jpg","caption":"Altominho.tv"},"url":"https:\/\/www.altominho.tv\/site\/author\/altominhotv-tecnico\/"}]}},"_links":{"self":[{"href":"https:\/\/www.altominho.tv\/site\/wp-json\/wp\/v2\/posts\/121971","targetHints":{"allow":["GET"]}}],"collection":[{"href":"https:\/\/www.altominho.tv\/site\/wp-json\/wp\/v2\/posts"}],"about":[{"href":"https:\/\/www.altominho.tv\/site\/wp-json\/wp\/v2\/types\/post"}],"author":[{"embeddable":true,"href":"https:\/\/www.altominho.tv\/site\/wp-json\/wp\/v2\/users\/1"}],"replies":[{"embeddable":true,"href":"https:\/\/www.altominho.tv\/site\/wp-json\/wp\/v2\/comments?post=121971"}],"version-history":[{"count":1,"href":"https:\/\/www.altominho.tv\/site\/wp-json\/wp\/v2\/posts\/121971\/revisions"}],"predecessor-version":[{"id":121973,"href":"https:\/\/www.altominho.tv\/site\/wp-json\/wp\/v2\/posts\/121971\/revisions\/121973"}],"wp:featuredmedia":[{"embeddable":true,"href":"https:\/\/www.altominho.tv\/site\/wp-json\/wp\/v2\/media\/121972"}],"wp:attachment":[{"href":"https:\/\/www.altominho.tv\/site\/wp-json\/wp\/v2\/media?parent=121971"}],"wp:term":[{"taxonomy":"category","embeddable":true,"href":"https:\/\/www.altominho.tv\/site\/wp-json\/wp\/v2\/categories?post=121971"},{"taxonomy":"post_tag","embeddable":true,"href":"https:\/\/www.altominho.tv\/site\/wp-json\/wp\/v2\/tags?post=121971"}],"curies":[{"name":"wp","href":"https:\/\/api.w.org\/{rel}","templated":true}]}}