{"id":121968,"date":"2025-08-13T12:07:46","date_gmt":"2025-08-13T11:07:46","guid":{"rendered":"https:\/\/www.altominho.tv\/site\/?p=121968"},"modified":"2025-08-13T12:08:28","modified_gmt":"2025-08-13T11:08:28","slug":"barco-desaparecido-ha-30-anos-em-exposicao-na-v-feira-do-livro-luso-galaica-da-ribeira-minho","status":"publish","type":"post","link":"https:\/\/www.altominho.tv\/site\/2025\/08\/13\/barco-desaparecido-ha-30-anos-em-exposicao-na-v-feira-do-livro-luso-galaica-da-ribeira-minho\/","title":{"rendered":"Barco desaparecido h\u00e1 30 anos em exposi\u00e7\u00e3o na V Feira do Livro Luso Galaica da Ribeira Minho"},"content":{"rendered":"<p data-start=\"180\" data-end=\"341\">A V Feira do Livro Luso Galaica da Ribeira Minho, em Caminha, decorre at\u00e9 amanh\u00e3, quinta-feira, com um programa que inclui literatura, patrim\u00f3nio e exposi\u00e7\u00f5es.<\/p>\n<p data-start=\"343\" data-end=\"679\">O destaque de hoje \u00e9 a inaugura\u00e7\u00e3o da mostra \u201c500 anos de Cam\u00f5es: a Camoniana da Funda\u00e7\u00e3o da Casa de Bragan\u00e7a\u201d, patente na Sala dos Presidentes, nos Pa\u00e7os do Concelho. A exposi\u00e7\u00e3o apresenta edi\u00e7\u00f5es marcantes da obra de Lu\u00eds de Cam\u00f5es e a evolu\u00e7\u00e3o da sua iconografia, no \u00e2mbito das comemora\u00e7\u00f5es dos 500 anos do nascimento do poeta.<\/p>\n<p data-start=\"681\" data-end=\"1098\">Outro ponto de interesse \u00e9 a exibi\u00e7\u00e3o de uma r\u00e9plica do hist\u00f3rico Barco de Vilar de Mouros, desaparecido h\u00e1 cerca de 30 anos, reconstru\u00eddo pelos trabalhadores da C\u00e2mara Municipal de Caminha com acompanhamento do Grupo de Estudo e Preserva\u00e7\u00e3o do Patrim\u00f3nio Vilarmourense (GEPPAV). A embarca\u00e7\u00e3o, usada no passado para pesca, agricultura e lazer no Rio Coura, encontra-se exposta nas arcadas dos Pa\u00e7os do Concelho.<\/p>\n<p data-start=\"1100\" data-end=\"1398\">A r\u00e9plica foi feita com base nos planos deixados por Ot\u00e1vio Lixa Filgueiras, especialista em embarca\u00e7\u00f5es tradicionais portuguesas, e dever\u00e1, segundo protocolo assinado entre a C\u00e2mara Municipal, a Junta de Freguesia de Vilar de Mouros e a Capitania de Caminha, voltar a navegar nos meses de ver\u00e3o.<\/p>\n<p data-start=\"1400\" data-end=\"1750\">O certame resulta de uma parceria entre as c\u00e2maras municipais de Caminha, A Guarda e O Rosal, a Uni\u00e3o de Freguesias de Caminha Matriz e Vilarelho e o jornal <em data-start=\"1557\" data-end=\"1571\">Caminha@2000<\/em>.<\/p>\n<p data-start=\"1400\" data-end=\"1750\">Ao longo da programa\u00e7\u00e3o, houve tamb\u00e9m espa\u00e7o para palestras, como a de Paulo Torres Bento sobre o patrim\u00f3nio fluvial local, e momentos culturais, incluindo recitais de poesia.<\/p>\n","protected":false},"excerpt":{"rendered":"<p>A V Feira do Livro Luso Galaica da Ribeira Minho, em Caminha, decorre at\u00e9 amanh\u00e3, quinta-feira, com um programa que inclui literatura, patrim\u00f3nio e exposi\u00e7\u00f5es. O destaque de hoje \u00e9 a inaugura\u00e7\u00e3o da mostra \u201c500 anos de Cam\u00f5es: a Camoniana da Funda\u00e7\u00e3o da Casa de Bragan\u00e7a\u201d, patente na Sala dos Presidentes, nos Pa\u00e7os do Concelho. [&hellip;]<\/p>\n","protected":false},"author":1,"featured_media":121969,"comment_status":"closed","ping_status":"closed","sticky":false,"template":"","format":"standard","meta":{"_exactmetrics_skip_tracking":false,"_exactmetrics_sitenote_active":false,"_exactmetrics_sitenote_note":"","_exactmetrics_sitenote_category":0,"footnotes":""},"categories":[7],"tags":[19],"class_list":["post-121968","post","type-post","status-publish","format-standard","has-post-thumbnail","hentry","category-caminha","tag-cultura"],"yoast_head":"<!-- This site is optimized with the Yoast SEO Premium plugin v27.5 (Yoast SEO v27.5) - https:\/\/yoast.com\/product\/yoast-seo-premium-wordpress\/ -->\n<title>Barco desaparecido h\u00e1 30 anos em exposi\u00e7\u00e3o na V Feira do Livro Luso Galaica da Ribeira Minho<\/title>\n<meta name=\"description\" content=\"A V Feira do Livro Luso Galaica da Ribeira Minho, em Caminha, decorre at\u00e9 amanh\u00e3, quinta-feira, com um programa que inclui literatura, patrim\u00f3nio e exposi\u00e7\u00f5es.\" \/>\n<meta name=\"robots\" content=\"index, follow, max-snippet:-1, max-image-preview:large, max-video-preview:-1\" \/>\n<link rel=\"canonical\" href=\"https:\/\/www.altominho.tv\/site\/2025\/08\/13\/barco-desaparecido-ha-30-anos-em-exposicao-na-v-feira-do-livro-luso-galaica-da-ribeira-minho\/\" \/>\n<meta property=\"og:locale\" content=\"pt_PT\" \/>\n<meta property=\"og:type\" content=\"article\" \/>\n<meta property=\"og:title\" content=\"Barco desaparecido h\u00e1 30 anos em exposi\u00e7\u00e3o na V Feira do Livro Luso Galaica da Ribeira Minho\" \/>\n<meta property=\"og:description\" content=\"A V Feira do Livro Luso Galaica da Ribeira Minho, em Caminha, decorre at\u00e9 amanh\u00e3, quinta-feira, com um programa que inclui literatura, patrim\u00f3nio e exposi\u00e7\u00f5es.\" \/>\n<meta property=\"og:url\" content=\"https:\/\/www.altominho.tv\/site\/2025\/08\/13\/barco-desaparecido-ha-30-anos-em-exposicao-na-v-feira-do-livro-luso-galaica-da-ribeira-minho\/\" \/>\n<meta property=\"og:site_name\" content=\"Altominho.tv\" \/>\n<meta property=\"article:publisher\" content=\"https:\/\/www.facebook.com\/altominhotv\" \/>\n<meta property=\"article:published_time\" content=\"2025-08-13T11:07:46+00:00\" \/>\n<meta property=\"article:modified_time\" content=\"2025-08-13T11:08:28+00:00\" \/>\n<meta property=\"og:image\" content=\"https:\/\/www.altominho.tv\/site\/wp-content\/uploads\/2025\/08\/feiralivrolusogalaica.jpg\" \/>\n\t<meta property=\"og:image:width\" content=\"1200\" \/>\n\t<meta property=\"og:image:height\" content=\"630\" \/>\n\t<meta property=\"og:image:type\" content=\"image\/jpeg\" \/>\n<meta name=\"author\" content=\"Altominho.tv\" \/>\n<meta name=\"twitter:card\" content=\"summary_large_image\" \/>\n<meta name=\"twitter:creator\" content=\"@altominhoTV\" \/>\n<meta name=\"twitter:site\" content=\"@altominhoTV\" \/>\n<meta name=\"twitter:label1\" content=\"Escrito por\" \/>\n\t<meta name=\"twitter:data1\" content=\"Altominho.tv\" \/>\n\t<meta name=\"twitter:label2\" content=\"Tempo estimado de leitura\" \/>\n\t<meta name=\"twitter:data2\" content=\"2 minutos\" \/>\n<script type=\"application\/ld+json\" class=\"yoast-schema-graph\">{\"@context\":\"https:\\\/\\\/schema.org\",\"@graph\":[{\"@type\":\"Article\",\"@id\":\"https:\\\/\\\/www.altominho.tv\\\/site\\\/2025\\\/08\\\/13\\\/barco-desaparecido-ha-30-anos-em-exposicao-na-v-feira-do-livro-luso-galaica-da-ribeira-minho\\\/#article\",\"isPartOf\":{\"@id\":\"https:\\\/\\\/www.altominho.tv\\\/site\\\/2025\\\/08\\\/13\\\/barco-desaparecido-ha-30-anos-em-exposicao-na-v-feira-do-livro-luso-galaica-da-ribeira-minho\\\/\"},\"author\":{\"name\":\"Altominho.tv\",\"@id\":\"https:\\\/\\\/www.altominho.tv\\\/site\\\/#\\\/schema\\\/person\\\/4e536851627d7914baf3dac752b6af22\"},\"headline\":\"Barco desaparecido h\u00e1 30 anos em exposi\u00e7\u00e3o na V Feira do Livro Luso Galaica da Ribeira Minho\",\"datePublished\":\"2025-08-13T11:07:46+00:00\",\"dateModified\":\"2025-08-13T11:08:28+00:00\",\"mainEntityOfPage\":{\"@id\":\"https:\\\/\\\/www.altominho.tv\\\/site\\\/2025\\\/08\\\/13\\\/barco-desaparecido-ha-30-anos-em-exposicao-na-v-feira-do-livro-luso-galaica-da-ribeira-minho\\\/\"},\"wordCount\":296,\"image\":{\"@id\":\"https:\\\/\\\/www.altominho.tv\\\/site\\\/2025\\\/08\\\/13\\\/barco-desaparecido-ha-30-anos-em-exposicao-na-v-feira-do-livro-luso-galaica-da-ribeira-minho\\\/#primaryimage\"},\"thumbnailUrl\":\"https:\\\/\\\/www.altominho.tv\\\/site\\\/wp-content\\\/uploads\\\/2025\\\/08\\\/feiralivrolusogalaica.jpg\",\"keywords\":[\"Cultura\"],\"articleSection\":[\"Caminha\"],\"inLanguage\":\"pt-PT\",\"copyrightYear\":\"2025\",\"copyrightHolder\":{\"@id\":\"https:\\\/\\\/www.altominho.tv\\\/site\\\/#organization\"}},{\"@type\":\"WebPage\",\"@id\":\"https:\\\/\\\/www.altominho.tv\\\/site\\\/2025\\\/08\\\/13\\\/barco-desaparecido-ha-30-anos-em-exposicao-na-v-feira-do-livro-luso-galaica-da-ribeira-minho\\\/\",\"url\":\"https:\\\/\\\/www.altominho.tv\\\/site\\\/2025\\\/08\\\/13\\\/barco-desaparecido-ha-30-anos-em-exposicao-na-v-feira-do-livro-luso-galaica-da-ribeira-minho\\\/\",\"name\":\"Barco desaparecido h\u00e1 30 anos em exposi\u00e7\u00e3o na V Feira do Livro Luso Galaica da Ribeira Minho\",\"isPartOf\":{\"@id\":\"https:\\\/\\\/www.altominho.tv\\\/site\\\/#website\"},\"primaryImageOfPage\":{\"@id\":\"https:\\\/\\\/www.altominho.tv\\\/site\\\/2025\\\/08\\\/13\\\/barco-desaparecido-ha-30-anos-em-exposicao-na-v-feira-do-livro-luso-galaica-da-ribeira-minho\\\/#primaryimage\"},\"image\":{\"@id\":\"https:\\\/\\\/www.altominho.tv\\\/site\\\/2025\\\/08\\\/13\\\/barco-desaparecido-ha-30-anos-em-exposicao-na-v-feira-do-livro-luso-galaica-da-ribeira-minho\\\/#primaryimage\"},\"thumbnailUrl\":\"https:\\\/\\\/www.altominho.tv\\\/site\\\/wp-content\\\/uploads\\\/2025\\\/08\\\/feiralivrolusogalaica.jpg\",\"datePublished\":\"2025-08-13T11:07:46+00:00\",\"dateModified\":\"2025-08-13T11:08:28+00:00\",\"author\":{\"@id\":\"https:\\\/\\\/www.altominho.tv\\\/site\\\/#\\\/schema\\\/person\\\/4e536851627d7914baf3dac752b6af22\"},\"description\":\"A V Feira do Livro Luso Galaica da Ribeira Minho, em Caminha, decorre at\u00e9 amanh\u00e3, quinta-feira, com um programa que inclui literatura, patrim\u00f3nio e exposi\u00e7\u00f5es.\",\"breadcrumb\":{\"@id\":\"https:\\\/\\\/www.altominho.tv\\\/site\\\/2025\\\/08\\\/13\\\/barco-desaparecido-ha-30-anos-em-exposicao-na-v-feira-do-livro-luso-galaica-da-ribeira-minho\\\/#breadcrumb\"},\"inLanguage\":\"pt-PT\",\"potentialAction\":[{\"@type\":\"ReadAction\",\"target\":[\"https:\\\/\\\/www.altominho.tv\\\/site\\\/2025\\\/08\\\/13\\\/barco-desaparecido-ha-30-anos-em-exposicao-na-v-feira-do-livro-luso-galaica-da-ribeira-minho\\\/\"]}]},{\"@type\":\"ImageObject\",\"inLanguage\":\"pt-PT\",\"@id\":\"https:\\\/\\\/www.altominho.tv\\\/site\\\/2025\\\/08\\\/13\\\/barco-desaparecido-ha-30-anos-em-exposicao-na-v-feira-do-livro-luso-galaica-da-ribeira-minho\\\/#primaryimage\",\"url\":\"https:\\\/\\\/www.altominho.tv\\\/site\\\/wp-content\\\/uploads\\\/2025\\\/08\\\/feiralivrolusogalaica.jpg\",\"contentUrl\":\"https:\\\/\\\/www.altominho.tv\\\/site\\\/wp-content\\\/uploads\\\/2025\\\/08\\\/feiralivrolusogalaica.jpg\",\"width\":1200,\"height\":630},{\"@type\":\"BreadcrumbList\",\"@id\":\"https:\\\/\\\/www.altominho.tv\\\/site\\\/2025\\\/08\\\/13\\\/barco-desaparecido-ha-30-anos-em-exposicao-na-v-feira-do-livro-luso-galaica-da-ribeira-minho\\\/#breadcrumb\",\"itemListElement\":[{\"@type\":\"ListItem\",\"position\":1,\"name\":\"In\u00edcio\",\"item\":\"https:\\\/\\\/www.altominho.tv\\\/site\\\/\"},{\"@type\":\"ListItem\",\"position\":2,\"name\":\"Barco desaparecido h\u00e1 30 anos em exposi\u00e7\u00e3o na V Feira do Livro Luso Galaica da Ribeira Minho\"}]},{\"@type\":\"WebSite\",\"@id\":\"https:\\\/\\\/www.altominho.tv\\\/site\\\/#website\",\"url\":\"https:\\\/\\\/www.altominho.tv\\\/site\\\/\",\"name\":\"Altominho.tv\",\"description\":\"A sua regi\u00e3o \u00e0 dist\u00e2ncia de um clique...\",\"potentialAction\":[{\"@type\":\"SearchAction\",\"target\":{\"@type\":\"EntryPoint\",\"urlTemplate\":\"https:\\\/\\\/www.altominho.tv\\\/site\\\/?s={search_term_string}\"},\"query-input\":{\"@type\":\"PropertyValueSpecification\",\"valueRequired\":true,\"valueName\":\"search_term_string\"}}],\"inLanguage\":\"pt-PT\"},{\"@type\":\"Person\",\"@id\":\"https:\\\/\\\/www.altominho.tv\\\/site\\\/#\\\/schema\\\/person\\\/4e536851627d7914baf3dac752b6af22\",\"name\":\"Altominho.tv\",\"image\":{\"@type\":\"ImageObject\",\"inLanguage\":\"pt-PT\",\"@id\":\"https:\\\/\\\/www.altominho.tv\\\/site\\\/wp-content\\\/uploads\\\/2019\\\/11\\\/Logo_Avatar_2-150x150.jpg\",\"url\":\"https:\\\/\\\/www.altominho.tv\\\/site\\\/wp-content\\\/uploads\\\/2019\\\/11\\\/Logo_Avatar_2-150x150.jpg\",\"contentUrl\":\"https:\\\/\\\/www.altominho.tv\\\/site\\\/wp-content\\\/uploads\\\/2019\\\/11\\\/Logo_Avatar_2-150x150.jpg\",\"caption\":\"Altominho.tv\"},\"url\":\"https:\\\/\\\/www.altominho.tv\\\/site\\\/author\\\/altominhotv-tecnico\\\/\"}]}<\/script>\n<!-- \/ Yoast SEO Premium plugin. -->","yoast_head_json":{"title":"Barco desaparecido h\u00e1 30 anos em exposi\u00e7\u00e3o na V Feira do Livro Luso Galaica da Ribeira Minho","description":"A V Feira do Livro Luso Galaica da Ribeira Minho, em Caminha, decorre at\u00e9 amanh\u00e3, quinta-feira, com um programa que inclui literatura, patrim\u00f3nio e exposi\u00e7\u00f5es.","robots":{"index":"index","follow":"follow","max-snippet":"max-snippet:-1","max-image-preview":"max-image-preview:large","max-video-preview":"max-video-preview:-1"},"canonical":"https:\/\/www.altominho.tv\/site\/2025\/08\/13\/barco-desaparecido-ha-30-anos-em-exposicao-na-v-feira-do-livro-luso-galaica-da-ribeira-minho\/","og_locale":"pt_PT","og_type":"article","og_title":"Barco desaparecido h\u00e1 30 anos em exposi\u00e7\u00e3o na V Feira do Livro Luso Galaica da Ribeira Minho","og_description":"A V Feira do Livro Luso Galaica da Ribeira Minho, em Caminha, decorre at\u00e9 amanh\u00e3, quinta-feira, com um programa que inclui literatura, patrim\u00f3nio e exposi\u00e7\u00f5es.","og_url":"https:\/\/www.altominho.tv\/site\/2025\/08\/13\/barco-desaparecido-ha-30-anos-em-exposicao-na-v-feira-do-livro-luso-galaica-da-ribeira-minho\/","og_site_name":"Altominho.tv","article_publisher":"https:\/\/www.facebook.com\/altominhotv","article_published_time":"2025-08-13T11:07:46+00:00","article_modified_time":"2025-08-13T11:08:28+00:00","og_image":[{"width":1200,"height":630,"url":"https:\/\/www.altominho.tv\/site\/wp-content\/uploads\/2025\/08\/feiralivrolusogalaica.jpg","type":"image\/jpeg"}],"author":"Altominho.tv","twitter_card":"summary_large_image","twitter_creator":"@altominhoTV","twitter_site":"@altominhoTV","twitter_misc":{"Escrito por":"Altominho.tv","Tempo estimado de leitura":"2 minutos"},"schema":{"@context":"https:\/\/schema.org","@graph":[{"@type":"Article","@id":"https:\/\/www.altominho.tv\/site\/2025\/08\/13\/barco-desaparecido-ha-30-anos-em-exposicao-na-v-feira-do-livro-luso-galaica-da-ribeira-minho\/#article","isPartOf":{"@id":"https:\/\/www.altominho.tv\/site\/2025\/08\/13\/barco-desaparecido-ha-30-anos-em-exposicao-na-v-feira-do-livro-luso-galaica-da-ribeira-minho\/"},"author":{"name":"Altominho.tv","@id":"https:\/\/www.altominho.tv\/site\/#\/schema\/person\/4e536851627d7914baf3dac752b6af22"},"headline":"Barco desaparecido h\u00e1 30 anos em exposi\u00e7\u00e3o na V Feira do Livro Luso Galaica da Ribeira Minho","datePublished":"2025-08-13T11:07:46+00:00","dateModified":"2025-08-13T11:08:28+00:00","mainEntityOfPage":{"@id":"https:\/\/www.altominho.tv\/site\/2025\/08\/13\/barco-desaparecido-ha-30-anos-em-exposicao-na-v-feira-do-livro-luso-galaica-da-ribeira-minho\/"},"wordCount":296,"image":{"@id":"https:\/\/www.altominho.tv\/site\/2025\/08\/13\/barco-desaparecido-ha-30-anos-em-exposicao-na-v-feira-do-livro-luso-galaica-da-ribeira-minho\/#primaryimage"},"thumbnailUrl":"https:\/\/www.altominho.tv\/site\/wp-content\/uploads\/2025\/08\/feiralivrolusogalaica.jpg","keywords":["Cultura"],"articleSection":["Caminha"],"inLanguage":"pt-PT","copyrightYear":"2025","copyrightHolder":{"@id":"https:\/\/www.altominho.tv\/site\/#organization"}},{"@type":"WebPage","@id":"https:\/\/www.altominho.tv\/site\/2025\/08\/13\/barco-desaparecido-ha-30-anos-em-exposicao-na-v-feira-do-livro-luso-galaica-da-ribeira-minho\/","url":"https:\/\/www.altominho.tv\/site\/2025\/08\/13\/barco-desaparecido-ha-30-anos-em-exposicao-na-v-feira-do-livro-luso-galaica-da-ribeira-minho\/","name":"Barco desaparecido h\u00e1 30 anos em exposi\u00e7\u00e3o na V Feira do Livro Luso Galaica da Ribeira Minho","isPartOf":{"@id":"https:\/\/www.altominho.tv\/site\/#website"},"primaryImageOfPage":{"@id":"https:\/\/www.altominho.tv\/site\/2025\/08\/13\/barco-desaparecido-ha-30-anos-em-exposicao-na-v-feira-do-livro-luso-galaica-da-ribeira-minho\/#primaryimage"},"image":{"@id":"https:\/\/www.altominho.tv\/site\/2025\/08\/13\/barco-desaparecido-ha-30-anos-em-exposicao-na-v-feira-do-livro-luso-galaica-da-ribeira-minho\/#primaryimage"},"thumbnailUrl":"https:\/\/www.altominho.tv\/site\/wp-content\/uploads\/2025\/08\/feiralivrolusogalaica.jpg","datePublished":"2025-08-13T11:07:46+00:00","dateModified":"2025-08-13T11:08:28+00:00","author":{"@id":"https:\/\/www.altominho.tv\/site\/#\/schema\/person\/4e536851627d7914baf3dac752b6af22"},"description":"A V Feira do Livro Luso Galaica da Ribeira Minho, em Caminha, decorre at\u00e9 amanh\u00e3, quinta-feira, com um programa que inclui literatura, patrim\u00f3nio e exposi\u00e7\u00f5es.","breadcrumb":{"@id":"https:\/\/www.altominho.tv\/site\/2025\/08\/13\/barco-desaparecido-ha-30-anos-em-exposicao-na-v-feira-do-livro-luso-galaica-da-ribeira-minho\/#breadcrumb"},"inLanguage":"pt-PT","potentialAction":[{"@type":"ReadAction","target":["https:\/\/www.altominho.tv\/site\/2025\/08\/13\/barco-desaparecido-ha-30-anos-em-exposicao-na-v-feira-do-livro-luso-galaica-da-ribeira-minho\/"]}]},{"@type":"ImageObject","inLanguage":"pt-PT","@id":"https:\/\/www.altominho.tv\/site\/2025\/08\/13\/barco-desaparecido-ha-30-anos-em-exposicao-na-v-feira-do-livro-luso-galaica-da-ribeira-minho\/#primaryimage","url":"https:\/\/www.altominho.tv\/site\/wp-content\/uploads\/2025\/08\/feiralivrolusogalaica.jpg","contentUrl":"https:\/\/www.altominho.tv\/site\/wp-content\/uploads\/2025\/08\/feiralivrolusogalaica.jpg","width":1200,"height":630},{"@type":"BreadcrumbList","@id":"https:\/\/www.altominho.tv\/site\/2025\/08\/13\/barco-desaparecido-ha-30-anos-em-exposicao-na-v-feira-do-livro-luso-galaica-da-ribeira-minho\/#breadcrumb","itemListElement":[{"@type":"ListItem","position":1,"name":"In\u00edcio","item":"https:\/\/www.altominho.tv\/site\/"},{"@type":"ListItem","position":2,"name":"Barco desaparecido h\u00e1 30 anos em exposi\u00e7\u00e3o na V Feira do Livro Luso Galaica da Ribeira Minho"}]},{"@type":"WebSite","@id":"https:\/\/www.altominho.tv\/site\/#website","url":"https:\/\/www.altominho.tv\/site\/","name":"Altominho.tv","description":"A sua regi\u00e3o \u00e0 dist\u00e2ncia de um clique...","potentialAction":[{"@type":"SearchAction","target":{"@type":"EntryPoint","urlTemplate":"https:\/\/www.altominho.tv\/site\/?s={search_term_string}"},"query-input":{"@type":"PropertyValueSpecification","valueRequired":true,"valueName":"search_term_string"}}],"inLanguage":"pt-PT"},{"@type":"Person","@id":"https:\/\/www.altominho.tv\/site\/#\/schema\/person\/4e536851627d7914baf3dac752b6af22","name":"Altominho.tv","image":{"@type":"ImageObject","inLanguage":"pt-PT","@id":"https:\/\/www.altominho.tv\/site\/wp-content\/uploads\/2019\/11\/Logo_Avatar_2-150x150.jpg","url":"https:\/\/www.altominho.tv\/site\/wp-content\/uploads\/2019\/11\/Logo_Avatar_2-150x150.jpg","contentUrl":"https:\/\/www.altominho.tv\/site\/wp-content\/uploads\/2019\/11\/Logo_Avatar_2-150x150.jpg","caption":"Altominho.tv"},"url":"https:\/\/www.altominho.tv\/site\/author\/altominhotv-tecnico\/"}]}},"_links":{"self":[{"href":"https:\/\/www.altominho.tv\/site\/wp-json\/wp\/v2\/posts\/121968","targetHints":{"allow":["GET"]}}],"collection":[{"href":"https:\/\/www.altominho.tv\/site\/wp-json\/wp\/v2\/posts"}],"about":[{"href":"https:\/\/www.altominho.tv\/site\/wp-json\/wp\/v2\/types\/post"}],"author":[{"embeddable":true,"href":"https:\/\/www.altominho.tv\/site\/wp-json\/wp\/v2\/users\/1"}],"replies":[{"embeddable":true,"href":"https:\/\/www.altominho.tv\/site\/wp-json\/wp\/v2\/comments?post=121968"}],"version-history":[{"count":1,"href":"https:\/\/www.altominho.tv\/site\/wp-json\/wp\/v2\/posts\/121968\/revisions"}],"predecessor-version":[{"id":121970,"href":"https:\/\/www.altominho.tv\/site\/wp-json\/wp\/v2\/posts\/121968\/revisions\/121970"}],"wp:featuredmedia":[{"embeddable":true,"href":"https:\/\/www.altominho.tv\/site\/wp-json\/wp\/v2\/media\/121969"}],"wp:attachment":[{"href":"https:\/\/www.altominho.tv\/site\/wp-json\/wp\/v2\/media?parent=121968"}],"wp:term":[{"taxonomy":"category","embeddable":true,"href":"https:\/\/www.altominho.tv\/site\/wp-json\/wp\/v2\/categories?post=121968"},{"taxonomy":"post_tag","embeddable":true,"href":"https:\/\/www.altominho.tv\/site\/wp-json\/wp\/v2\/tags?post=121968"}],"curies":[{"name":"wp","href":"https:\/\/api.w.org\/{rel}","templated":true}]}}