{"id":121962,"date":"2025-08-13T09:53:13","date_gmt":"2025-08-13T08:53:13","guid":{"rendered":"https:\/\/www.altominho.tv\/site\/?p=121962"},"modified":"2025-08-13T09:53:15","modified_gmt":"2025-08-13T08:53:15","slug":"ponte-da-barca-lanca-versao-digital-do-cartao-jovem-municipal-com-novos-beneficios","status":"publish","type":"post","link":"https:\/\/www.altominho.tv\/site\/2025\/08\/13\/ponte-da-barca-lanca-versao-digital-do-cartao-jovem-municipal-com-novos-beneficios\/","title":{"rendered":"Ponte da Barca lan\u00e7a vers\u00e3o digital do Cart\u00e3o Jovem Municipal com novos benef\u00edcios"},"content":{"rendered":"<p data-start=\"180\" data-end=\"380\">O Munic\u00edpio de Ponte da Barca apresentou ontem a nova vers\u00e3o do Cart\u00e3o Jovem Municipal, numa sess\u00e3o integrada no evento \u201cBarca Jovem\u201d, que assinalou o Dia Internacional da Juventude.<\/p>\n<p data-start=\"382\" data-end=\"763\">A nova edi\u00e7\u00e3o do cart\u00e3o, desenvolvida em parceria com a Movijovem, apresenta uma imagem renovada e formato totalmente digital, visando uma utiliza\u00e7\u00e3o mais pr\u00e1tica, moderna e sustent\u00e1vel. Entre as novidades, destaca-se a possibilidade de usufruir de descontos no com\u00e9rcio local, em colabora\u00e7\u00e3o com a ACIAB \u2013 Associa\u00e7\u00e3o Comercial e Industrial de Arcos de Valdevez e Ponte da Barca.<\/p>\n<p data-start=\"765\" data-end=\"1328\">O cart\u00e3o destina-se a jovens entre os 12 e os 29 anos, residentes no concelho, e mant\u00e9m benef\u00edcios como descontos de 10% nos complexos desportivos municipais e em atividades promovidas ou apoiadas pela autarquia. No dom\u00ednio dos servi\u00e7os municipais, contempla isen\u00e7\u00e3o das tarifas de lixo e saneamento para habita\u00e7\u00e3o permanente, redu\u00e7\u00f5es nos ramais de liga\u00e7\u00e3o \u00e0 rede de \u00e1gua e saneamento, nas taxas de utiliza\u00e7\u00e3o das piscinas e no licenciamento de obras para habita\u00e7\u00e3o pr\u00f3pria permanente, al\u00e9m de desconto na fatura de consumo de \u00e1gua para residentes permanentes.<\/p>\n<p data-start=\"1330\" data-end=\"1606\">Segundo o presidente da c\u00e2mara, Augusto Marinho, o cart\u00e3o \u00e9 \u201cum compromisso com os nossos jovens, para que possam usufruir de mais oportunidades no seu territ\u00f3rio e sentir-se parte ativa da vida local\u201d, sublinhando tamb\u00e9m a aposta na inova\u00e7\u00e3o com a digitaliza\u00e7\u00e3o do servi\u00e7o.<\/p>\n<p data-start=\"1608\" data-end=\"1850\">A ades\u00e3o ao Cart\u00e3o Jovem Municipal pode ser feita online, no site da autarquia, ou presencialmente nos servi\u00e7os municipais. Os comerciantes locais interessados em aderir \u00e0 rede de benef\u00edcios tamb\u00e9m se podem inscrever atrav\u00e9s do mesmo canal.<\/p>\n","protected":false},"excerpt":{"rendered":"<p>O Munic\u00edpio de Ponte da Barca apresentou ontem a nova vers\u00e3o do Cart\u00e3o Jovem Municipal, numa sess\u00e3o integrada no evento \u201cBarca Jovem\u201d, que assinalou o Dia Internacional da Juventude. A nova edi\u00e7\u00e3o do cart\u00e3o, desenvolvida em parceria com a Movijovem, apresenta uma imagem renovada e formato totalmente digital, visando uma utiliza\u00e7\u00e3o mais pr\u00e1tica, moderna e [&hellip;]<\/p>\n","protected":false},"author":1,"featured_media":121963,"comment_status":"closed","ping_status":"closed","sticky":false,"template":"","format":"standard","meta":{"_exactmetrics_skip_tracking":false,"_exactmetrics_sitenote_active":false,"_exactmetrics_sitenote_note":"","_exactmetrics_sitenote_category":0,"footnotes":""},"categories":[11],"tags":[27],"class_list":["post-121962","post","type-post","status-publish","format-standard","has-post-thumbnail","hentry","category-ponte-da-barca","tag-sociedade"],"yoast_head":"<!-- This site is optimized with the Yoast SEO Premium plugin v27.5 (Yoast SEO v27.5) - https:\/\/yoast.com\/product\/yoast-seo-premium-wordpress\/ -->\n<title>Ponte da Barca lan\u00e7a vers\u00e3o digital do Cart\u00e3o Jovem Municipal com novos benef\u00edcios<\/title>\n<meta name=\"description\" content=\"O Munic\u00edpio de Ponte da Barca apresento ontem a nova vers\u00e3o do Cart\u00e3o Jovem Municipal, numa sess\u00e3o integrada no evento \u201cBarca Jovem\u201d, que assinalou o Dia Internacional da Juventude.\" \/>\n<meta name=\"robots\" content=\"index, follow, max-snippet:-1, max-image-preview:large, max-video-preview:-1\" \/>\n<link rel=\"canonical\" href=\"https:\/\/www.altominho.tv\/site\/2025\/08\/13\/ponte-da-barca-lanca-versao-digital-do-cartao-jovem-municipal-com-novos-beneficios\/\" \/>\n<meta property=\"og:locale\" content=\"pt_PT\" \/>\n<meta property=\"og:type\" content=\"article\" \/>\n<meta property=\"og:title\" content=\"Ponte da Barca lan\u00e7a vers\u00e3o digital do Cart\u00e3o Jovem Municipal com novos benef\u00edcios\" \/>\n<meta property=\"og:description\" content=\"O Munic\u00edpio de Ponte da Barca apresento ontem a nova vers\u00e3o do Cart\u00e3o Jovem Municipal, numa sess\u00e3o integrada no evento \u201cBarca Jovem\u201d, que assinalou o Dia Internacional da Juventude.\" \/>\n<meta property=\"og:url\" content=\"https:\/\/www.altominho.tv\/site\/2025\/08\/13\/ponte-da-barca-lanca-versao-digital-do-cartao-jovem-municipal-com-novos-beneficios\/\" \/>\n<meta property=\"og:site_name\" content=\"Altominho.tv\" \/>\n<meta property=\"article:publisher\" content=\"https:\/\/www.facebook.com\/altominhotv\" \/>\n<meta property=\"article:published_time\" content=\"2025-08-13T08:53:13+00:00\" \/>\n<meta property=\"article:modified_time\" content=\"2025-08-13T08:53:15+00:00\" \/>\n<meta property=\"og:image\" content=\"https:\/\/www.altominho.tv\/site\/wp-content\/uploads\/2025\/08\/barca-jovem.jpg\" \/>\n\t<meta property=\"og:image:width\" content=\"1200\" \/>\n\t<meta property=\"og:image:height\" content=\"630\" \/>\n\t<meta property=\"og:image:type\" content=\"image\/jpeg\" \/>\n<meta name=\"author\" content=\"Altominho.tv\" \/>\n<meta name=\"twitter:card\" content=\"summary_large_image\" \/>\n<meta name=\"twitter:creator\" content=\"@altominhoTV\" \/>\n<meta name=\"twitter:site\" content=\"@altominhoTV\" \/>\n<meta name=\"twitter:label1\" content=\"Escrito por\" \/>\n\t<meta name=\"twitter:data1\" content=\"Altominho.tv\" \/>\n\t<meta name=\"twitter:label2\" content=\"Tempo estimado de leitura\" \/>\n\t<meta name=\"twitter:data2\" content=\"2 minutos\" \/>\n<script type=\"application\/ld+json\" class=\"yoast-schema-graph\">{\"@context\":\"https:\\\/\\\/schema.org\",\"@graph\":[{\"@type\":\"Article\",\"@id\":\"https:\\\/\\\/www.altominho.tv\\\/site\\\/2025\\\/08\\\/13\\\/ponte-da-barca-lanca-versao-digital-do-cartao-jovem-municipal-com-novos-beneficios\\\/#article\",\"isPartOf\":{\"@id\":\"https:\\\/\\\/www.altominho.tv\\\/site\\\/2025\\\/08\\\/13\\\/ponte-da-barca-lanca-versao-digital-do-cartao-jovem-municipal-com-novos-beneficios\\\/\"},\"author\":{\"name\":\"Altominho.tv\",\"@id\":\"https:\\\/\\\/www.altominho.tv\\\/site\\\/#\\\/schema\\\/person\\\/4e536851627d7914baf3dac752b6af22\"},\"headline\":\"Ponte da Barca lan\u00e7a vers\u00e3o digital do Cart\u00e3o Jovem Municipal com novos benef\u00edcios\",\"datePublished\":\"2025-08-13T08:53:13+00:00\",\"dateModified\":\"2025-08-13T08:53:15+00:00\",\"mainEntityOfPage\":{\"@id\":\"https:\\\/\\\/www.altominho.tv\\\/site\\\/2025\\\/08\\\/13\\\/ponte-da-barca-lanca-versao-digital-do-cartao-jovem-municipal-com-novos-beneficios\\\/\"},\"wordCount\":304,\"image\":{\"@id\":\"https:\\\/\\\/www.altominho.tv\\\/site\\\/2025\\\/08\\\/13\\\/ponte-da-barca-lanca-versao-digital-do-cartao-jovem-municipal-com-novos-beneficios\\\/#primaryimage\"},\"thumbnailUrl\":\"https:\\\/\\\/www.altominho.tv\\\/site\\\/wp-content\\\/uploads\\\/2025\\\/08\\\/barca-jovem.jpg\",\"keywords\":[\"Sociedade\"],\"articleSection\":[\"Ponte da Barca\"],\"inLanguage\":\"pt-PT\",\"copyrightYear\":\"2025\",\"copyrightHolder\":{\"@id\":\"https:\\\/\\\/www.altominho.tv\\\/site\\\/#organization\"}},{\"@type\":\"WebPage\",\"@id\":\"https:\\\/\\\/www.altominho.tv\\\/site\\\/2025\\\/08\\\/13\\\/ponte-da-barca-lanca-versao-digital-do-cartao-jovem-municipal-com-novos-beneficios\\\/\",\"url\":\"https:\\\/\\\/www.altominho.tv\\\/site\\\/2025\\\/08\\\/13\\\/ponte-da-barca-lanca-versao-digital-do-cartao-jovem-municipal-com-novos-beneficios\\\/\",\"name\":\"Ponte da Barca lan\u00e7a vers\u00e3o digital do Cart\u00e3o Jovem Municipal com novos benef\u00edcios\",\"isPartOf\":{\"@id\":\"https:\\\/\\\/www.altominho.tv\\\/site\\\/#website\"},\"primaryImageOfPage\":{\"@id\":\"https:\\\/\\\/www.altominho.tv\\\/site\\\/2025\\\/08\\\/13\\\/ponte-da-barca-lanca-versao-digital-do-cartao-jovem-municipal-com-novos-beneficios\\\/#primaryimage\"},\"image\":{\"@id\":\"https:\\\/\\\/www.altominho.tv\\\/site\\\/2025\\\/08\\\/13\\\/ponte-da-barca-lanca-versao-digital-do-cartao-jovem-municipal-com-novos-beneficios\\\/#primaryimage\"},\"thumbnailUrl\":\"https:\\\/\\\/www.altominho.tv\\\/site\\\/wp-content\\\/uploads\\\/2025\\\/08\\\/barca-jovem.jpg\",\"datePublished\":\"2025-08-13T08:53:13+00:00\",\"dateModified\":\"2025-08-13T08:53:15+00:00\",\"author\":{\"@id\":\"https:\\\/\\\/www.altominho.tv\\\/site\\\/#\\\/schema\\\/person\\\/4e536851627d7914baf3dac752b6af22\"},\"description\":\"O Munic\u00edpio de Ponte da Barca apresento ontem a nova vers\u00e3o do Cart\u00e3o Jovem Municipal, numa sess\u00e3o integrada no evento \u201cBarca Jovem\u201d, que assinalou o Dia Internacional da Juventude.\",\"breadcrumb\":{\"@id\":\"https:\\\/\\\/www.altominho.tv\\\/site\\\/2025\\\/08\\\/13\\\/ponte-da-barca-lanca-versao-digital-do-cartao-jovem-municipal-com-novos-beneficios\\\/#breadcrumb\"},\"inLanguage\":\"pt-PT\",\"potentialAction\":[{\"@type\":\"ReadAction\",\"target\":[\"https:\\\/\\\/www.altominho.tv\\\/site\\\/2025\\\/08\\\/13\\\/ponte-da-barca-lanca-versao-digital-do-cartao-jovem-municipal-com-novos-beneficios\\\/\"]}]},{\"@type\":\"ImageObject\",\"inLanguage\":\"pt-PT\",\"@id\":\"https:\\\/\\\/www.altominho.tv\\\/site\\\/2025\\\/08\\\/13\\\/ponte-da-barca-lanca-versao-digital-do-cartao-jovem-municipal-com-novos-beneficios\\\/#primaryimage\",\"url\":\"https:\\\/\\\/www.altominho.tv\\\/site\\\/wp-content\\\/uploads\\\/2025\\\/08\\\/barca-jovem.jpg\",\"contentUrl\":\"https:\\\/\\\/www.altominho.tv\\\/site\\\/wp-content\\\/uploads\\\/2025\\\/08\\\/barca-jovem.jpg\",\"width\":1200,\"height\":630},{\"@type\":\"BreadcrumbList\",\"@id\":\"https:\\\/\\\/www.altominho.tv\\\/site\\\/2025\\\/08\\\/13\\\/ponte-da-barca-lanca-versao-digital-do-cartao-jovem-municipal-com-novos-beneficios\\\/#breadcrumb\",\"itemListElement\":[{\"@type\":\"ListItem\",\"position\":1,\"name\":\"In\u00edcio\",\"item\":\"https:\\\/\\\/www.altominho.tv\\\/site\\\/\"},{\"@type\":\"ListItem\",\"position\":2,\"name\":\"Ponte da Barca lan\u00e7a vers\u00e3o digital do Cart\u00e3o Jovem Municipal com novos benef\u00edcios\"}]},{\"@type\":\"WebSite\",\"@id\":\"https:\\\/\\\/www.altominho.tv\\\/site\\\/#website\",\"url\":\"https:\\\/\\\/www.altominho.tv\\\/site\\\/\",\"name\":\"Altominho.tv\",\"description\":\"A sua regi\u00e3o \u00e0 dist\u00e2ncia de um clique...\",\"potentialAction\":[{\"@type\":\"SearchAction\",\"target\":{\"@type\":\"EntryPoint\",\"urlTemplate\":\"https:\\\/\\\/www.altominho.tv\\\/site\\\/?s={search_term_string}\"},\"query-input\":{\"@type\":\"PropertyValueSpecification\",\"valueRequired\":true,\"valueName\":\"search_term_string\"}}],\"inLanguage\":\"pt-PT\"},{\"@type\":\"Person\",\"@id\":\"https:\\\/\\\/www.altominho.tv\\\/site\\\/#\\\/schema\\\/person\\\/4e536851627d7914baf3dac752b6af22\",\"name\":\"Altominho.tv\",\"image\":{\"@type\":\"ImageObject\",\"inLanguage\":\"pt-PT\",\"@id\":\"https:\\\/\\\/www.altominho.tv\\\/site\\\/wp-content\\\/uploads\\\/2019\\\/11\\\/Logo_Avatar_2-150x150.jpg\",\"url\":\"https:\\\/\\\/www.altominho.tv\\\/site\\\/wp-content\\\/uploads\\\/2019\\\/11\\\/Logo_Avatar_2-150x150.jpg\",\"contentUrl\":\"https:\\\/\\\/www.altominho.tv\\\/site\\\/wp-content\\\/uploads\\\/2019\\\/11\\\/Logo_Avatar_2-150x150.jpg\",\"caption\":\"Altominho.tv\"},\"url\":\"https:\\\/\\\/www.altominho.tv\\\/site\\\/author\\\/altominhotv-tecnico\\\/\"}]}<\/script>\n<!-- \/ Yoast SEO Premium plugin. -->","yoast_head_json":{"title":"Ponte da Barca lan\u00e7a vers\u00e3o digital do Cart\u00e3o Jovem Municipal com novos benef\u00edcios","description":"O Munic\u00edpio de Ponte da Barca apresento ontem a nova vers\u00e3o do Cart\u00e3o Jovem Municipal, numa sess\u00e3o integrada no evento \u201cBarca Jovem\u201d, que assinalou o Dia Internacional da Juventude.","robots":{"index":"index","follow":"follow","max-snippet":"max-snippet:-1","max-image-preview":"max-image-preview:large","max-video-preview":"max-video-preview:-1"},"canonical":"https:\/\/www.altominho.tv\/site\/2025\/08\/13\/ponte-da-barca-lanca-versao-digital-do-cartao-jovem-municipal-com-novos-beneficios\/","og_locale":"pt_PT","og_type":"article","og_title":"Ponte da Barca lan\u00e7a vers\u00e3o digital do Cart\u00e3o Jovem Municipal com novos benef\u00edcios","og_description":"O Munic\u00edpio de Ponte da Barca apresento ontem a nova vers\u00e3o do Cart\u00e3o Jovem Municipal, numa sess\u00e3o integrada no evento \u201cBarca Jovem\u201d, que assinalou o Dia Internacional da Juventude.","og_url":"https:\/\/www.altominho.tv\/site\/2025\/08\/13\/ponte-da-barca-lanca-versao-digital-do-cartao-jovem-municipal-com-novos-beneficios\/","og_site_name":"Altominho.tv","article_publisher":"https:\/\/www.facebook.com\/altominhotv","article_published_time":"2025-08-13T08:53:13+00:00","article_modified_time":"2025-08-13T08:53:15+00:00","og_image":[{"width":1200,"height":630,"url":"https:\/\/www.altominho.tv\/site\/wp-content\/uploads\/2025\/08\/barca-jovem.jpg","type":"image\/jpeg"}],"author":"Altominho.tv","twitter_card":"summary_large_image","twitter_creator":"@altominhoTV","twitter_site":"@altominhoTV","twitter_misc":{"Escrito por":"Altominho.tv","Tempo estimado de leitura":"2 minutos"},"schema":{"@context":"https:\/\/schema.org","@graph":[{"@type":"Article","@id":"https:\/\/www.altominho.tv\/site\/2025\/08\/13\/ponte-da-barca-lanca-versao-digital-do-cartao-jovem-municipal-com-novos-beneficios\/#article","isPartOf":{"@id":"https:\/\/www.altominho.tv\/site\/2025\/08\/13\/ponte-da-barca-lanca-versao-digital-do-cartao-jovem-municipal-com-novos-beneficios\/"},"author":{"name":"Altominho.tv","@id":"https:\/\/www.altominho.tv\/site\/#\/schema\/person\/4e536851627d7914baf3dac752b6af22"},"headline":"Ponte da Barca lan\u00e7a vers\u00e3o digital do Cart\u00e3o Jovem Municipal com novos benef\u00edcios","datePublished":"2025-08-13T08:53:13+00:00","dateModified":"2025-08-13T08:53:15+00:00","mainEntityOfPage":{"@id":"https:\/\/www.altominho.tv\/site\/2025\/08\/13\/ponte-da-barca-lanca-versao-digital-do-cartao-jovem-municipal-com-novos-beneficios\/"},"wordCount":304,"image":{"@id":"https:\/\/www.altominho.tv\/site\/2025\/08\/13\/ponte-da-barca-lanca-versao-digital-do-cartao-jovem-municipal-com-novos-beneficios\/#primaryimage"},"thumbnailUrl":"https:\/\/www.altominho.tv\/site\/wp-content\/uploads\/2025\/08\/barca-jovem.jpg","keywords":["Sociedade"],"articleSection":["Ponte da Barca"],"inLanguage":"pt-PT","copyrightYear":"2025","copyrightHolder":{"@id":"https:\/\/www.altominho.tv\/site\/#organization"}},{"@type":"WebPage","@id":"https:\/\/www.altominho.tv\/site\/2025\/08\/13\/ponte-da-barca-lanca-versao-digital-do-cartao-jovem-municipal-com-novos-beneficios\/","url":"https:\/\/www.altominho.tv\/site\/2025\/08\/13\/ponte-da-barca-lanca-versao-digital-do-cartao-jovem-municipal-com-novos-beneficios\/","name":"Ponte da Barca lan\u00e7a vers\u00e3o digital do Cart\u00e3o Jovem Municipal com novos benef\u00edcios","isPartOf":{"@id":"https:\/\/www.altominho.tv\/site\/#website"},"primaryImageOfPage":{"@id":"https:\/\/www.altominho.tv\/site\/2025\/08\/13\/ponte-da-barca-lanca-versao-digital-do-cartao-jovem-municipal-com-novos-beneficios\/#primaryimage"},"image":{"@id":"https:\/\/www.altominho.tv\/site\/2025\/08\/13\/ponte-da-barca-lanca-versao-digital-do-cartao-jovem-municipal-com-novos-beneficios\/#primaryimage"},"thumbnailUrl":"https:\/\/www.altominho.tv\/site\/wp-content\/uploads\/2025\/08\/barca-jovem.jpg","datePublished":"2025-08-13T08:53:13+00:00","dateModified":"2025-08-13T08:53:15+00:00","author":{"@id":"https:\/\/www.altominho.tv\/site\/#\/schema\/person\/4e536851627d7914baf3dac752b6af22"},"description":"O Munic\u00edpio de Ponte da Barca apresento ontem a nova vers\u00e3o do Cart\u00e3o Jovem Municipal, numa sess\u00e3o integrada no evento \u201cBarca Jovem\u201d, que assinalou o Dia Internacional da Juventude.","breadcrumb":{"@id":"https:\/\/www.altominho.tv\/site\/2025\/08\/13\/ponte-da-barca-lanca-versao-digital-do-cartao-jovem-municipal-com-novos-beneficios\/#breadcrumb"},"inLanguage":"pt-PT","potentialAction":[{"@type":"ReadAction","target":["https:\/\/www.altominho.tv\/site\/2025\/08\/13\/ponte-da-barca-lanca-versao-digital-do-cartao-jovem-municipal-com-novos-beneficios\/"]}]},{"@type":"ImageObject","inLanguage":"pt-PT","@id":"https:\/\/www.altominho.tv\/site\/2025\/08\/13\/ponte-da-barca-lanca-versao-digital-do-cartao-jovem-municipal-com-novos-beneficios\/#primaryimage","url":"https:\/\/www.altominho.tv\/site\/wp-content\/uploads\/2025\/08\/barca-jovem.jpg","contentUrl":"https:\/\/www.altominho.tv\/site\/wp-content\/uploads\/2025\/08\/barca-jovem.jpg","width":1200,"height":630},{"@type":"BreadcrumbList","@id":"https:\/\/www.altominho.tv\/site\/2025\/08\/13\/ponte-da-barca-lanca-versao-digital-do-cartao-jovem-municipal-com-novos-beneficios\/#breadcrumb","itemListElement":[{"@type":"ListItem","position":1,"name":"In\u00edcio","item":"https:\/\/www.altominho.tv\/site\/"},{"@type":"ListItem","position":2,"name":"Ponte da Barca lan\u00e7a vers\u00e3o digital do Cart\u00e3o Jovem Municipal com novos benef\u00edcios"}]},{"@type":"WebSite","@id":"https:\/\/www.altominho.tv\/site\/#website","url":"https:\/\/www.altominho.tv\/site\/","name":"Altominho.tv","description":"A sua regi\u00e3o \u00e0 dist\u00e2ncia de um clique...","potentialAction":[{"@type":"SearchAction","target":{"@type":"EntryPoint","urlTemplate":"https:\/\/www.altominho.tv\/site\/?s={search_term_string}"},"query-input":{"@type":"PropertyValueSpecification","valueRequired":true,"valueName":"search_term_string"}}],"inLanguage":"pt-PT"},{"@type":"Person","@id":"https:\/\/www.altominho.tv\/site\/#\/schema\/person\/4e536851627d7914baf3dac752b6af22","name":"Altominho.tv","image":{"@type":"ImageObject","inLanguage":"pt-PT","@id":"https:\/\/www.altominho.tv\/site\/wp-content\/uploads\/2019\/11\/Logo_Avatar_2-150x150.jpg","url":"https:\/\/www.altominho.tv\/site\/wp-content\/uploads\/2019\/11\/Logo_Avatar_2-150x150.jpg","contentUrl":"https:\/\/www.altominho.tv\/site\/wp-content\/uploads\/2019\/11\/Logo_Avatar_2-150x150.jpg","caption":"Altominho.tv"},"url":"https:\/\/www.altominho.tv\/site\/author\/altominhotv-tecnico\/"}]}},"_links":{"self":[{"href":"https:\/\/www.altominho.tv\/site\/wp-json\/wp\/v2\/posts\/121962","targetHints":{"allow":["GET"]}}],"collection":[{"href":"https:\/\/www.altominho.tv\/site\/wp-json\/wp\/v2\/posts"}],"about":[{"href":"https:\/\/www.altominho.tv\/site\/wp-json\/wp\/v2\/types\/post"}],"author":[{"embeddable":true,"href":"https:\/\/www.altominho.tv\/site\/wp-json\/wp\/v2\/users\/1"}],"replies":[{"embeddable":true,"href":"https:\/\/www.altominho.tv\/site\/wp-json\/wp\/v2\/comments?post=121962"}],"version-history":[{"count":1,"href":"https:\/\/www.altominho.tv\/site\/wp-json\/wp\/v2\/posts\/121962\/revisions"}],"predecessor-version":[{"id":121965,"href":"https:\/\/www.altominho.tv\/site\/wp-json\/wp\/v2\/posts\/121962\/revisions\/121965"}],"wp:featuredmedia":[{"embeddable":true,"href":"https:\/\/www.altominho.tv\/site\/wp-json\/wp\/v2\/media\/121963"}],"wp:attachment":[{"href":"https:\/\/www.altominho.tv\/site\/wp-json\/wp\/v2\/media?parent=121962"}],"wp:term":[{"taxonomy":"category","embeddable":true,"href":"https:\/\/www.altominho.tv\/site\/wp-json\/wp\/v2\/categories?post=121962"},{"taxonomy":"post_tag","embeddable":true,"href":"https:\/\/www.altominho.tv\/site\/wp-json\/wp\/v2\/tags?post=121962"}],"curies":[{"name":"wp","href":"https:\/\/api.w.org\/{rel}","templated":true}]}}