{"id":121918,"date":"2025-08-12T10:11:38","date_gmt":"2025-08-12T09:11:38","guid":{"rendered":"https:\/\/www.altominho.tv\/site\/?p=121918"},"modified":"2025-08-12T10:11:40","modified_gmt":"2025-08-12T09:11:40","slug":"v-feira-do-livro-luso-galaica-da-ribeira-minho-abre-hoje-em-caminha","status":"publish","type":"post","link":"https:\/\/www.altominho.tv\/site\/2025\/08\/12\/v-feira-do-livro-luso-galaica-da-ribeira-minho-abre-hoje-em-caminha\/","title":{"rendered":"V Feira do Livro Luso Galaica da Ribeira Minho abre hoje em Caminha"},"content":{"rendered":"<p data-start=\"173\" data-end=\"498\">A V Feira do Livro Luso Galaica da Ribeira Minho abre hoje, 12 de agosto, na Pra\u00e7a Conselheiro Silva Torres, em Caminha, prolongando-se at\u00e9 quinta-feira. A abertura est\u00e1 marcada para as 18h00, seguida de uma palestra sobre \u201cO Barco de Vilar de Mouros e o processo de constru\u00e7\u00e3o\u201d, dedicada ao patrim\u00f3nio fluvial do concelho.<\/p>\n<p data-start=\"500\" data-end=\"848\">O certame, que decorre na quarta e quinta-feira entre as 16h30 e as 23h00, apresenta uma programa\u00e7\u00e3o que inclui livros, apresenta\u00e7\u00f5es, palestras, exposi\u00e7\u00f5es, m\u00fasica e anima\u00e7\u00e3o.<\/p>\n<p data-start=\"500\" data-end=\"848\">A iniciativa resulta de uma parceria entre os munic\u00edpios de Caminha, A Guarda e O Rosal, a Uni\u00e3o de Freguesias de Caminha (Matriz e Vilarelho) e o jornal Caminha@2000.<\/p>\n<p data-start=\"850\" data-end=\"1238\">Entre os destaques desta edi\u00e7\u00e3o est\u00e1 a inaugura\u00e7\u00e3o, na quarta-feira, da exposi\u00e7\u00e3o \u201c500 anos de Cam\u00f5es: a Camoniana da Funda\u00e7\u00e3o da Casa de Bragan\u00e7a\u201d, patente na Sala dos Presidentes, nos Pa\u00e7os do Concelho. No mesmo dia, ser\u00e1 apresentado o livro Coronel Estrela da Rua de S. Jo\u00e3o e ter\u00e1 lugar, no Largo Calouste Gulbenkian, o concerto \u201c\u00c0s Beiras do Mi\u00f1o\u201d pela Orquestra Cl\u00e1sica de Vigo.<\/p>\n<p data-start=\"1240\" data-end=\"1547\">Na quinta-feira, \u00e0s 16h30, ser\u00e1 lan\u00e7ada a publica\u00e7\u00e3o \u00cdnsua III \u2013 Cadernos de Hist\u00f3ria<em data-start=\"1293\" data-end=\"1370\">, <\/em>Ci\u00eancia e Cultura do Munic\u00edpio de Caminha. O encerramento da feira ser\u00e1 assinalado com a \u201cNoite Branca\u201d, evento que junta o Munic\u00edpio de Caminha e os bares da Rua Direita numa programa\u00e7\u00e3o que alia cultura e anima\u00e7\u00e3o.<\/p>\n","protected":false},"excerpt":{"rendered":"<p>A V Feira do Livro Luso Galaica da Ribeira Minho abre hoje, 12 de agosto, na Pra\u00e7a Conselheiro Silva Torres, em Caminha, prolongando-se at\u00e9 quinta-feira. A abertura est\u00e1 marcada para as 18h00, seguida de uma palestra sobre \u201cO Barco de Vilar de Mouros e o processo de constru\u00e7\u00e3o\u201d, dedicada ao patrim\u00f3nio fluvial do concelho. O [&hellip;]<\/p>\n","protected":false},"author":1,"featured_media":121919,"comment_status":"closed","ping_status":"closed","sticky":false,"template":"","format":"standard","meta":{"_exactmetrics_skip_tracking":false,"_exactmetrics_sitenote_active":false,"_exactmetrics_sitenote_note":"","_exactmetrics_sitenote_category":0,"footnotes":""},"categories":[7],"tags":[19],"class_list":["post-121918","post","type-post","status-publish","format-standard","has-post-thumbnail","hentry","category-caminha","tag-cultura"],"yoast_head":"<!-- This site is optimized with the Yoast SEO Premium plugin v27.5 (Yoast SEO v27.5) - https:\/\/yoast.com\/product\/yoast-seo-premium-wordpress\/ -->\n<title>V Feira do Livro Luso Galaica da Ribeira Minho abre hoje em Caminha<\/title>\n<meta name=\"description\" content=\"A V Feira do Livro Luso Galaica da Ribeira Minho abre hoje, 12 de agosto, na Pra\u00e7a Conselheiro Silva Torres, em Caminha, prolongando-se at\u00e9 quinta-feir\" \/>\n<meta name=\"robots\" content=\"index, follow, max-snippet:-1, max-image-preview:large, max-video-preview:-1\" \/>\n<link rel=\"canonical\" href=\"https:\/\/www.altominho.tv\/site\/2025\/08\/12\/v-feira-do-livro-luso-galaica-da-ribeira-minho-abre-hoje-em-caminha\/\" \/>\n<meta property=\"og:locale\" content=\"pt_PT\" \/>\n<meta property=\"og:type\" content=\"article\" \/>\n<meta property=\"og:title\" content=\"V Feira do Livro Luso Galaica da Ribeira Minho abre hoje em Caminha\" \/>\n<meta property=\"og:description\" content=\"A V Feira do Livro Luso Galaica da Ribeira Minho abre hoje, 12 de agosto, na Pra\u00e7a Conselheiro Silva Torres, em Caminha, prolongando-se at\u00e9 quinta-feir\" \/>\n<meta property=\"og:url\" content=\"https:\/\/www.altominho.tv\/site\/2025\/08\/12\/v-feira-do-livro-luso-galaica-da-ribeira-minho-abre-hoje-em-caminha\/\" \/>\n<meta property=\"og:site_name\" content=\"Altominho.tv\" \/>\n<meta property=\"article:publisher\" content=\"https:\/\/www.facebook.com\/altominhotv\" \/>\n<meta property=\"article:published_time\" content=\"2025-08-12T09:11:38+00:00\" \/>\n<meta property=\"article:modified_time\" content=\"2025-08-12T09:11:40+00:00\" \/>\n<meta property=\"og:image\" content=\"https:\/\/www.altominho.tv\/site\/wp-content\/uploads\/2025\/08\/livros.jpg\" \/>\n\t<meta property=\"og:image:width\" content=\"1200\" \/>\n\t<meta property=\"og:image:height\" content=\"630\" \/>\n\t<meta property=\"og:image:type\" content=\"image\/jpeg\" \/>\n<meta name=\"author\" content=\"Altominho.tv\" \/>\n<meta name=\"twitter:card\" content=\"summary_large_image\" \/>\n<meta name=\"twitter:creator\" content=\"@altominhoTV\" \/>\n<meta name=\"twitter:site\" content=\"@altominhoTV\" \/>\n<meta name=\"twitter:label1\" content=\"Escrito por\" \/>\n\t<meta name=\"twitter:data1\" content=\"Altominho.tv\" \/>\n\t<meta name=\"twitter:label2\" content=\"Tempo estimado de leitura\" \/>\n\t<meta name=\"twitter:data2\" content=\"2 minutos\" \/>\n<script type=\"application\/ld+json\" class=\"yoast-schema-graph\">{\"@context\":\"https:\\\/\\\/schema.org\",\"@graph\":[{\"@type\":\"Article\",\"@id\":\"https:\\\/\\\/www.altominho.tv\\\/site\\\/2025\\\/08\\\/12\\\/v-feira-do-livro-luso-galaica-da-ribeira-minho-abre-hoje-em-caminha\\\/#article\",\"isPartOf\":{\"@id\":\"https:\\\/\\\/www.altominho.tv\\\/site\\\/2025\\\/08\\\/12\\\/v-feira-do-livro-luso-galaica-da-ribeira-minho-abre-hoje-em-caminha\\\/\"},\"author\":{\"name\":\"Altominho.tv\",\"@id\":\"https:\\\/\\\/www.altominho.tv\\\/site\\\/#\\\/schema\\\/person\\\/4e536851627d7914baf3dac752b6af22\"},\"headline\":\"V Feira do Livro Luso Galaica da Ribeira Minho abre hoje em Caminha\",\"datePublished\":\"2025-08-12T09:11:38+00:00\",\"dateModified\":\"2025-08-12T09:11:40+00:00\",\"mainEntityOfPage\":{\"@id\":\"https:\\\/\\\/www.altominho.tv\\\/site\\\/2025\\\/08\\\/12\\\/v-feira-do-livro-luso-galaica-da-ribeira-minho-abre-hoje-em-caminha\\\/\"},\"wordCount\":263,\"image\":{\"@id\":\"https:\\\/\\\/www.altominho.tv\\\/site\\\/2025\\\/08\\\/12\\\/v-feira-do-livro-luso-galaica-da-ribeira-minho-abre-hoje-em-caminha\\\/#primaryimage\"},\"thumbnailUrl\":\"https:\\\/\\\/www.altominho.tv\\\/site\\\/wp-content\\\/uploads\\\/2025\\\/08\\\/livros.jpg\",\"keywords\":[\"Cultura\"],\"articleSection\":[\"Caminha\"],\"inLanguage\":\"pt-PT\",\"copyrightYear\":\"2025\",\"copyrightHolder\":{\"@id\":\"https:\\\/\\\/www.altominho.tv\\\/site\\\/#organization\"}},{\"@type\":\"WebPage\",\"@id\":\"https:\\\/\\\/www.altominho.tv\\\/site\\\/2025\\\/08\\\/12\\\/v-feira-do-livro-luso-galaica-da-ribeira-minho-abre-hoje-em-caminha\\\/\",\"url\":\"https:\\\/\\\/www.altominho.tv\\\/site\\\/2025\\\/08\\\/12\\\/v-feira-do-livro-luso-galaica-da-ribeira-minho-abre-hoje-em-caminha\\\/\",\"name\":\"V Feira do Livro Luso Galaica da Ribeira Minho abre hoje em Caminha\",\"isPartOf\":{\"@id\":\"https:\\\/\\\/www.altominho.tv\\\/site\\\/#website\"},\"primaryImageOfPage\":{\"@id\":\"https:\\\/\\\/www.altominho.tv\\\/site\\\/2025\\\/08\\\/12\\\/v-feira-do-livro-luso-galaica-da-ribeira-minho-abre-hoje-em-caminha\\\/#primaryimage\"},\"image\":{\"@id\":\"https:\\\/\\\/www.altominho.tv\\\/site\\\/2025\\\/08\\\/12\\\/v-feira-do-livro-luso-galaica-da-ribeira-minho-abre-hoje-em-caminha\\\/#primaryimage\"},\"thumbnailUrl\":\"https:\\\/\\\/www.altominho.tv\\\/site\\\/wp-content\\\/uploads\\\/2025\\\/08\\\/livros.jpg\",\"datePublished\":\"2025-08-12T09:11:38+00:00\",\"dateModified\":\"2025-08-12T09:11:40+00:00\",\"author\":{\"@id\":\"https:\\\/\\\/www.altominho.tv\\\/site\\\/#\\\/schema\\\/person\\\/4e536851627d7914baf3dac752b6af22\"},\"description\":\"A V Feira do Livro Luso Galaica da Ribeira Minho abre hoje, 12 de agosto, na Pra\u00e7a Conselheiro Silva Torres, em Caminha, prolongando-se at\u00e9 quinta-feir\",\"breadcrumb\":{\"@id\":\"https:\\\/\\\/www.altominho.tv\\\/site\\\/2025\\\/08\\\/12\\\/v-feira-do-livro-luso-galaica-da-ribeira-minho-abre-hoje-em-caminha\\\/#breadcrumb\"},\"inLanguage\":\"pt-PT\",\"potentialAction\":[{\"@type\":\"ReadAction\",\"target\":[\"https:\\\/\\\/www.altominho.tv\\\/site\\\/2025\\\/08\\\/12\\\/v-feira-do-livro-luso-galaica-da-ribeira-minho-abre-hoje-em-caminha\\\/\"]}]},{\"@type\":\"ImageObject\",\"inLanguage\":\"pt-PT\",\"@id\":\"https:\\\/\\\/www.altominho.tv\\\/site\\\/2025\\\/08\\\/12\\\/v-feira-do-livro-luso-galaica-da-ribeira-minho-abre-hoje-em-caminha\\\/#primaryimage\",\"url\":\"https:\\\/\\\/www.altominho.tv\\\/site\\\/wp-content\\\/uploads\\\/2025\\\/08\\\/livros.jpg\",\"contentUrl\":\"https:\\\/\\\/www.altominho.tv\\\/site\\\/wp-content\\\/uploads\\\/2025\\\/08\\\/livros.jpg\",\"width\":1200,\"height\":630},{\"@type\":\"BreadcrumbList\",\"@id\":\"https:\\\/\\\/www.altominho.tv\\\/site\\\/2025\\\/08\\\/12\\\/v-feira-do-livro-luso-galaica-da-ribeira-minho-abre-hoje-em-caminha\\\/#breadcrumb\",\"itemListElement\":[{\"@type\":\"ListItem\",\"position\":1,\"name\":\"In\u00edcio\",\"item\":\"https:\\\/\\\/www.altominho.tv\\\/site\\\/\"},{\"@type\":\"ListItem\",\"position\":2,\"name\":\"V Feira do Livro Luso Galaica da Ribeira Minho abre hoje em Caminha\"}]},{\"@type\":\"WebSite\",\"@id\":\"https:\\\/\\\/www.altominho.tv\\\/site\\\/#website\",\"url\":\"https:\\\/\\\/www.altominho.tv\\\/site\\\/\",\"name\":\"Altominho.tv\",\"description\":\"A sua regi\u00e3o \u00e0 dist\u00e2ncia de um clique...\",\"potentialAction\":[{\"@type\":\"SearchAction\",\"target\":{\"@type\":\"EntryPoint\",\"urlTemplate\":\"https:\\\/\\\/www.altominho.tv\\\/site\\\/?s={search_term_string}\"},\"query-input\":{\"@type\":\"PropertyValueSpecification\",\"valueRequired\":true,\"valueName\":\"search_term_string\"}}],\"inLanguage\":\"pt-PT\"},{\"@type\":\"Person\",\"@id\":\"https:\\\/\\\/www.altominho.tv\\\/site\\\/#\\\/schema\\\/person\\\/4e536851627d7914baf3dac752b6af22\",\"name\":\"Altominho.tv\",\"image\":{\"@type\":\"ImageObject\",\"inLanguage\":\"pt-PT\",\"@id\":\"https:\\\/\\\/www.altominho.tv\\\/site\\\/wp-content\\\/uploads\\\/2019\\\/11\\\/Logo_Avatar_2-150x150.jpg\",\"url\":\"https:\\\/\\\/www.altominho.tv\\\/site\\\/wp-content\\\/uploads\\\/2019\\\/11\\\/Logo_Avatar_2-150x150.jpg\",\"contentUrl\":\"https:\\\/\\\/www.altominho.tv\\\/site\\\/wp-content\\\/uploads\\\/2019\\\/11\\\/Logo_Avatar_2-150x150.jpg\",\"caption\":\"Altominho.tv\"},\"url\":\"https:\\\/\\\/www.altominho.tv\\\/site\\\/author\\\/altominhotv-tecnico\\\/\"}]}<\/script>\n<!-- \/ Yoast SEO Premium plugin. -->","yoast_head_json":{"title":"V Feira do Livro Luso Galaica da Ribeira Minho abre hoje em Caminha","description":"A V Feira do Livro Luso Galaica da Ribeira Minho abre hoje, 12 de agosto, na Pra\u00e7a Conselheiro Silva Torres, em Caminha, prolongando-se at\u00e9 quinta-feir","robots":{"index":"index","follow":"follow","max-snippet":"max-snippet:-1","max-image-preview":"max-image-preview:large","max-video-preview":"max-video-preview:-1"},"canonical":"https:\/\/www.altominho.tv\/site\/2025\/08\/12\/v-feira-do-livro-luso-galaica-da-ribeira-minho-abre-hoje-em-caminha\/","og_locale":"pt_PT","og_type":"article","og_title":"V Feira do Livro Luso Galaica da Ribeira Minho abre hoje em Caminha","og_description":"A V Feira do Livro Luso Galaica da Ribeira Minho abre hoje, 12 de agosto, na Pra\u00e7a Conselheiro Silva Torres, em Caminha, prolongando-se at\u00e9 quinta-feir","og_url":"https:\/\/www.altominho.tv\/site\/2025\/08\/12\/v-feira-do-livro-luso-galaica-da-ribeira-minho-abre-hoje-em-caminha\/","og_site_name":"Altominho.tv","article_publisher":"https:\/\/www.facebook.com\/altominhotv","article_published_time":"2025-08-12T09:11:38+00:00","article_modified_time":"2025-08-12T09:11:40+00:00","og_image":[{"width":1200,"height":630,"url":"https:\/\/www.altominho.tv\/site\/wp-content\/uploads\/2025\/08\/livros.jpg","type":"image\/jpeg"}],"author":"Altominho.tv","twitter_card":"summary_large_image","twitter_creator":"@altominhoTV","twitter_site":"@altominhoTV","twitter_misc":{"Escrito por":"Altominho.tv","Tempo estimado de leitura":"2 minutos"},"schema":{"@context":"https:\/\/schema.org","@graph":[{"@type":"Article","@id":"https:\/\/www.altominho.tv\/site\/2025\/08\/12\/v-feira-do-livro-luso-galaica-da-ribeira-minho-abre-hoje-em-caminha\/#article","isPartOf":{"@id":"https:\/\/www.altominho.tv\/site\/2025\/08\/12\/v-feira-do-livro-luso-galaica-da-ribeira-minho-abre-hoje-em-caminha\/"},"author":{"name":"Altominho.tv","@id":"https:\/\/www.altominho.tv\/site\/#\/schema\/person\/4e536851627d7914baf3dac752b6af22"},"headline":"V Feira do Livro Luso Galaica da Ribeira Minho abre hoje em Caminha","datePublished":"2025-08-12T09:11:38+00:00","dateModified":"2025-08-12T09:11:40+00:00","mainEntityOfPage":{"@id":"https:\/\/www.altominho.tv\/site\/2025\/08\/12\/v-feira-do-livro-luso-galaica-da-ribeira-minho-abre-hoje-em-caminha\/"},"wordCount":263,"image":{"@id":"https:\/\/www.altominho.tv\/site\/2025\/08\/12\/v-feira-do-livro-luso-galaica-da-ribeira-minho-abre-hoje-em-caminha\/#primaryimage"},"thumbnailUrl":"https:\/\/www.altominho.tv\/site\/wp-content\/uploads\/2025\/08\/livros.jpg","keywords":["Cultura"],"articleSection":["Caminha"],"inLanguage":"pt-PT","copyrightYear":"2025","copyrightHolder":{"@id":"https:\/\/www.altominho.tv\/site\/#organization"}},{"@type":"WebPage","@id":"https:\/\/www.altominho.tv\/site\/2025\/08\/12\/v-feira-do-livro-luso-galaica-da-ribeira-minho-abre-hoje-em-caminha\/","url":"https:\/\/www.altominho.tv\/site\/2025\/08\/12\/v-feira-do-livro-luso-galaica-da-ribeira-minho-abre-hoje-em-caminha\/","name":"V Feira do Livro Luso Galaica da Ribeira Minho abre hoje em Caminha","isPartOf":{"@id":"https:\/\/www.altominho.tv\/site\/#website"},"primaryImageOfPage":{"@id":"https:\/\/www.altominho.tv\/site\/2025\/08\/12\/v-feira-do-livro-luso-galaica-da-ribeira-minho-abre-hoje-em-caminha\/#primaryimage"},"image":{"@id":"https:\/\/www.altominho.tv\/site\/2025\/08\/12\/v-feira-do-livro-luso-galaica-da-ribeira-minho-abre-hoje-em-caminha\/#primaryimage"},"thumbnailUrl":"https:\/\/www.altominho.tv\/site\/wp-content\/uploads\/2025\/08\/livros.jpg","datePublished":"2025-08-12T09:11:38+00:00","dateModified":"2025-08-12T09:11:40+00:00","author":{"@id":"https:\/\/www.altominho.tv\/site\/#\/schema\/person\/4e536851627d7914baf3dac752b6af22"},"description":"A V Feira do Livro Luso Galaica da Ribeira Minho abre hoje, 12 de agosto, na Pra\u00e7a Conselheiro Silva Torres, em Caminha, prolongando-se at\u00e9 quinta-feir","breadcrumb":{"@id":"https:\/\/www.altominho.tv\/site\/2025\/08\/12\/v-feira-do-livro-luso-galaica-da-ribeira-minho-abre-hoje-em-caminha\/#breadcrumb"},"inLanguage":"pt-PT","potentialAction":[{"@type":"ReadAction","target":["https:\/\/www.altominho.tv\/site\/2025\/08\/12\/v-feira-do-livro-luso-galaica-da-ribeira-minho-abre-hoje-em-caminha\/"]}]},{"@type":"ImageObject","inLanguage":"pt-PT","@id":"https:\/\/www.altominho.tv\/site\/2025\/08\/12\/v-feira-do-livro-luso-galaica-da-ribeira-minho-abre-hoje-em-caminha\/#primaryimage","url":"https:\/\/www.altominho.tv\/site\/wp-content\/uploads\/2025\/08\/livros.jpg","contentUrl":"https:\/\/www.altominho.tv\/site\/wp-content\/uploads\/2025\/08\/livros.jpg","width":1200,"height":630},{"@type":"BreadcrumbList","@id":"https:\/\/www.altominho.tv\/site\/2025\/08\/12\/v-feira-do-livro-luso-galaica-da-ribeira-minho-abre-hoje-em-caminha\/#breadcrumb","itemListElement":[{"@type":"ListItem","position":1,"name":"In\u00edcio","item":"https:\/\/www.altominho.tv\/site\/"},{"@type":"ListItem","position":2,"name":"V Feira do Livro Luso Galaica da Ribeira Minho abre hoje em Caminha"}]},{"@type":"WebSite","@id":"https:\/\/www.altominho.tv\/site\/#website","url":"https:\/\/www.altominho.tv\/site\/","name":"Altominho.tv","description":"A sua regi\u00e3o \u00e0 dist\u00e2ncia de um clique...","potentialAction":[{"@type":"SearchAction","target":{"@type":"EntryPoint","urlTemplate":"https:\/\/www.altominho.tv\/site\/?s={search_term_string}"},"query-input":{"@type":"PropertyValueSpecification","valueRequired":true,"valueName":"search_term_string"}}],"inLanguage":"pt-PT"},{"@type":"Person","@id":"https:\/\/www.altominho.tv\/site\/#\/schema\/person\/4e536851627d7914baf3dac752b6af22","name":"Altominho.tv","image":{"@type":"ImageObject","inLanguage":"pt-PT","@id":"https:\/\/www.altominho.tv\/site\/wp-content\/uploads\/2019\/11\/Logo_Avatar_2-150x150.jpg","url":"https:\/\/www.altominho.tv\/site\/wp-content\/uploads\/2019\/11\/Logo_Avatar_2-150x150.jpg","contentUrl":"https:\/\/www.altominho.tv\/site\/wp-content\/uploads\/2019\/11\/Logo_Avatar_2-150x150.jpg","caption":"Altominho.tv"},"url":"https:\/\/www.altominho.tv\/site\/author\/altominhotv-tecnico\/"}]}},"_links":{"self":[{"href":"https:\/\/www.altominho.tv\/site\/wp-json\/wp\/v2\/posts\/121918","targetHints":{"allow":["GET"]}}],"collection":[{"href":"https:\/\/www.altominho.tv\/site\/wp-json\/wp\/v2\/posts"}],"about":[{"href":"https:\/\/www.altominho.tv\/site\/wp-json\/wp\/v2\/types\/post"}],"author":[{"embeddable":true,"href":"https:\/\/www.altominho.tv\/site\/wp-json\/wp\/v2\/users\/1"}],"replies":[{"embeddable":true,"href":"https:\/\/www.altominho.tv\/site\/wp-json\/wp\/v2\/comments?post=121918"}],"version-history":[{"count":1,"href":"https:\/\/www.altominho.tv\/site\/wp-json\/wp\/v2\/posts\/121918\/revisions"}],"predecessor-version":[{"id":121920,"href":"https:\/\/www.altominho.tv\/site\/wp-json\/wp\/v2\/posts\/121918\/revisions\/121920"}],"wp:featuredmedia":[{"embeddable":true,"href":"https:\/\/www.altominho.tv\/site\/wp-json\/wp\/v2\/media\/121919"}],"wp:attachment":[{"href":"https:\/\/www.altominho.tv\/site\/wp-json\/wp\/v2\/media?parent=121918"}],"wp:term":[{"taxonomy":"category","embeddable":true,"href":"https:\/\/www.altominho.tv\/site\/wp-json\/wp\/v2\/categories?post=121918"},{"taxonomy":"post_tag","embeddable":true,"href":"https:\/\/www.altominho.tv\/site\/wp-json\/wp\/v2\/tags?post=121918"}],"curies":[{"name":"wp","href":"https:\/\/api.w.org\/{rel}","templated":true}]}}