{"id":121878,"date":"2025-08-11T11:25:33","date_gmt":"2025-08-11T10:25:33","guid":{"rendered":"https:\/\/www.altominho.tv\/site\/?p=121878"},"modified":"2025-08-11T11:25:35","modified_gmt":"2025-08-11T10:25:35","slug":"festival-de-musica-das-geminacoes-de-ponte-de-lima","status":"publish","type":"post","link":"https:\/\/www.altominho.tv\/site\/2025\/08\/11\/festival-de-musica-das-geminacoes-de-ponte-de-lima\/","title":{"rendered":"Festival de M\u00fasica das Gemina\u00e7\u00f5es de Ponte de Lima realiza-se a 16 de agosto"},"content":{"rendered":"<p class=\"p1\">O munic\u00edpio de Ponte de Lima vai acolher o Festival de M\u00fasica das Gemina\u00e7\u00f5es de Ponte de Lima, inserido no programa das comemora\u00e7\u00f5es dos 900 anos de Foral de Ponte de Lima, no pr\u00f3ximo s\u00e1bado, 16 de agosto, \u00e0s 22h00 na Expolima.<\/p>\n<p class=\"p1\">Este \u00e9 um evento que promove a amizade, o interc\u00e2mbio cultural e a riqueza musical entre os territ\u00f3rios com os quais Ponte de Lima mant\u00e9m rela\u00e7\u00f5es de gemina\u00e7\u00e3o.<\/p>\n<p class=\"p1\">O espet\u00e1culo ir\u00e1 reunir grupos musicais oriundos de Fran\u00e7a, Brasil e Espanha. O cartaz do Festival conta com a \u201cOs Amigos das Cordas \u2013 os Lusitanos\u201d, de Saint-Cyr-L\u2019\u00c9cole (Fran\u00e7a); a \u201cOHV \u2013 Orchestre d\u2019Harmonie de Chambre\u201d de Vandoeuvre (Fran\u00e7a); o \u201cRancho Folcl\u00f3rico Maria da Fonte \u2013 Casa do Minho\u201d do Rio de Janeiro (Brasil); e a \u201cEscola Municipal de Gaitas e Percusi\u00f3n\u201d, de Xinzo de Limia (Espanha).<\/p>\n<p class=\"p1\">A entrada \u00e9 livre.<\/p>\n","protected":false},"excerpt":{"rendered":"<p>O munic\u00edpio de Ponte de Lima vai acolher o Festival de M\u00fasica das Gemina\u00e7\u00f5es de Ponte de Lima, inserido no programa das comemora\u00e7\u00f5es dos 900 anos de Foral de Ponte de Lima, no pr\u00f3ximo s\u00e1bado, 16 de agosto, \u00e0s 22h00 na Expolima. Este \u00e9 um evento que promove a amizade, o interc\u00e2mbio cultural e a [&hellip;]<\/p>\n","protected":false},"author":1,"featured_media":121879,"comment_status":"closed","ping_status":"closed","sticky":false,"template":"","format":"standard","meta":{"_exactmetrics_skip_tracking":false,"_exactmetrics_sitenote_active":false,"_exactmetrics_sitenote_note":"","_exactmetrics_sitenote_category":0,"footnotes":""},"categories":[12],"tags":[19],"class_list":["post-121878","post","type-post","status-publish","format-standard","has-post-thumbnail","hentry","category-ponte-de-lima","tag-cultura"],"yoast_head":"<!-- This site is optimized with the Yoast SEO Premium plugin v27.5 (Yoast SEO v27.5) - https:\/\/yoast.com\/product\/yoast-seo-premium-wordpress\/ -->\n<title>Festival de M\u00fasica das Gemina\u00e7\u00f5es de Ponte de Lima realiza-se a 16 de agosto<\/title>\n<meta name=\"description\" content=\"O munic\u00edpio de Ponte de Lima vai acolher o Festival de M\u00fasica das Gemina\u00e7\u00f5es de Ponte de Lima, inserido no programa das comemora\u00e7\u00f5es dos 900 anos de Foral de Ponte de Lima, no pr\u00f3ximo s\u00e1bado, 16 de agosto, \u00e0s 22h00 na Expolima.\" \/>\n<meta name=\"robots\" content=\"index, follow, max-snippet:-1, max-image-preview:large, max-video-preview:-1\" \/>\n<link rel=\"canonical\" href=\"https:\/\/www.altominho.tv\/site\/2025\/08\/11\/festival-de-musica-das-geminacoes-de-ponte-de-lima\/\" \/>\n<meta property=\"og:locale\" content=\"pt_PT\" \/>\n<meta property=\"og:type\" content=\"article\" \/>\n<meta property=\"og:title\" content=\"Festival de M\u00fasica das Gemina\u00e7\u00f5es de Ponte de Lima realiza-se a 16 de agosto\" \/>\n<meta property=\"og:description\" content=\"O munic\u00edpio de Ponte de Lima vai acolher o Festival de M\u00fasica das Gemina\u00e7\u00f5es de Ponte de Lima, inserido no programa das comemora\u00e7\u00f5es dos 900 anos de Foral de Ponte de Lima, no pr\u00f3ximo s\u00e1bado, 16 de agosto, \u00e0s 22h00 na Expolima.\" \/>\n<meta property=\"og:url\" content=\"https:\/\/www.altominho.tv\/site\/2025\/08\/11\/festival-de-musica-das-geminacoes-de-ponte-de-lima\/\" \/>\n<meta property=\"og:site_name\" content=\"Altominho.tv\" \/>\n<meta property=\"article:publisher\" content=\"https:\/\/www.facebook.com\/altominhotv\" \/>\n<meta property=\"article:published_time\" content=\"2025-08-11T10:25:33+00:00\" \/>\n<meta property=\"article:modified_time\" content=\"2025-08-11T10:25:35+00:00\" \/>\n<meta property=\"og:image\" content=\"https:\/\/www.altominho.tv\/site\/wp-content\/uploads\/2025\/08\/Festival-de-Musica-das-Geminacoes-de-Ponte-de-Lima.jpg\" \/>\n\t<meta property=\"og:image:width\" content=\"1200\" \/>\n\t<meta property=\"og:image:height\" content=\"630\" \/>\n\t<meta property=\"og:image:type\" content=\"image\/jpeg\" \/>\n<meta name=\"author\" content=\"Altominho.tv\" \/>\n<meta name=\"twitter:card\" content=\"summary_large_image\" \/>\n<meta name=\"twitter:creator\" content=\"@altominhoTV\" \/>\n<meta name=\"twitter:site\" content=\"@altominhoTV\" \/>\n<meta name=\"twitter:label1\" content=\"Escrito por\" \/>\n\t<meta name=\"twitter:data1\" content=\"Altominho.tv\" \/>\n\t<meta name=\"twitter:label2\" content=\"Tempo estimado de leitura\" \/>\n\t<meta name=\"twitter:data2\" content=\"1 minuto\" \/>\n<script type=\"application\/ld+json\" class=\"yoast-schema-graph\">{\"@context\":\"https:\\\/\\\/schema.org\",\"@graph\":[{\"@type\":\"Article\",\"@id\":\"https:\\\/\\\/www.altominho.tv\\\/site\\\/2025\\\/08\\\/11\\\/festival-de-musica-das-geminacoes-de-ponte-de-lima\\\/#article\",\"isPartOf\":{\"@id\":\"https:\\\/\\\/www.altominho.tv\\\/site\\\/2025\\\/08\\\/11\\\/festival-de-musica-das-geminacoes-de-ponte-de-lima\\\/\"},\"author\":{\"name\":\"Altominho.tv\",\"@id\":\"https:\\\/\\\/www.altominho.tv\\\/site\\\/#\\\/schema\\\/person\\\/4e536851627d7914baf3dac752b6af22\"},\"headline\":\"Festival de M\u00fasica das Gemina\u00e7\u00f5es de Ponte de Lima realiza-se a 16 de agosto\",\"datePublished\":\"2025-08-11T10:25:33+00:00\",\"dateModified\":\"2025-08-11T10:25:35+00:00\",\"mainEntityOfPage\":{\"@id\":\"https:\\\/\\\/www.altominho.tv\\\/site\\\/2025\\\/08\\\/11\\\/festival-de-musica-das-geminacoes-de-ponte-de-lima\\\/\"},\"wordCount\":168,\"image\":{\"@id\":\"https:\\\/\\\/www.altominho.tv\\\/site\\\/2025\\\/08\\\/11\\\/festival-de-musica-das-geminacoes-de-ponte-de-lima\\\/#primaryimage\"},\"thumbnailUrl\":\"https:\\\/\\\/www.altominho.tv\\\/site\\\/wp-content\\\/uploads\\\/2025\\\/08\\\/Festival-de-Musica-das-Geminacoes-de-Ponte-de-Lima.jpg\",\"keywords\":[\"Cultura\"],\"articleSection\":[\"Ponte de Lima\"],\"inLanguage\":\"pt-PT\",\"copyrightYear\":\"2025\",\"copyrightHolder\":{\"@id\":\"https:\\\/\\\/www.altominho.tv\\\/site\\\/#organization\"}},{\"@type\":\"WebPage\",\"@id\":\"https:\\\/\\\/www.altominho.tv\\\/site\\\/2025\\\/08\\\/11\\\/festival-de-musica-das-geminacoes-de-ponte-de-lima\\\/\",\"url\":\"https:\\\/\\\/www.altominho.tv\\\/site\\\/2025\\\/08\\\/11\\\/festival-de-musica-das-geminacoes-de-ponte-de-lima\\\/\",\"name\":\"Festival de M\u00fasica das Gemina\u00e7\u00f5es de Ponte de Lima realiza-se a 16 de agosto\",\"isPartOf\":{\"@id\":\"https:\\\/\\\/www.altominho.tv\\\/site\\\/#website\"},\"primaryImageOfPage\":{\"@id\":\"https:\\\/\\\/www.altominho.tv\\\/site\\\/2025\\\/08\\\/11\\\/festival-de-musica-das-geminacoes-de-ponte-de-lima\\\/#primaryimage\"},\"image\":{\"@id\":\"https:\\\/\\\/www.altominho.tv\\\/site\\\/2025\\\/08\\\/11\\\/festival-de-musica-das-geminacoes-de-ponte-de-lima\\\/#primaryimage\"},\"thumbnailUrl\":\"https:\\\/\\\/www.altominho.tv\\\/site\\\/wp-content\\\/uploads\\\/2025\\\/08\\\/Festival-de-Musica-das-Geminacoes-de-Ponte-de-Lima.jpg\",\"datePublished\":\"2025-08-11T10:25:33+00:00\",\"dateModified\":\"2025-08-11T10:25:35+00:00\",\"author\":{\"@id\":\"https:\\\/\\\/www.altominho.tv\\\/site\\\/#\\\/schema\\\/person\\\/4e536851627d7914baf3dac752b6af22\"},\"description\":\"O munic\u00edpio de Ponte de Lima vai acolher o Festival de M\u00fasica das Gemina\u00e7\u00f5es de Ponte de Lima, inserido no programa das comemora\u00e7\u00f5es dos 900 anos de Foral de Ponte de Lima, no pr\u00f3ximo s\u00e1bado, 16 de agosto, \u00e0s 22h00 na Expolima.\",\"breadcrumb\":{\"@id\":\"https:\\\/\\\/www.altominho.tv\\\/site\\\/2025\\\/08\\\/11\\\/festival-de-musica-das-geminacoes-de-ponte-de-lima\\\/#breadcrumb\"},\"inLanguage\":\"pt-PT\",\"potentialAction\":[{\"@type\":\"ReadAction\",\"target\":[\"https:\\\/\\\/www.altominho.tv\\\/site\\\/2025\\\/08\\\/11\\\/festival-de-musica-das-geminacoes-de-ponte-de-lima\\\/\"]}]},{\"@type\":\"ImageObject\",\"inLanguage\":\"pt-PT\",\"@id\":\"https:\\\/\\\/www.altominho.tv\\\/site\\\/2025\\\/08\\\/11\\\/festival-de-musica-das-geminacoes-de-ponte-de-lima\\\/#primaryimage\",\"url\":\"https:\\\/\\\/www.altominho.tv\\\/site\\\/wp-content\\\/uploads\\\/2025\\\/08\\\/Festival-de-Musica-das-Geminacoes-de-Ponte-de-Lima.jpg\",\"contentUrl\":\"https:\\\/\\\/www.altominho.tv\\\/site\\\/wp-content\\\/uploads\\\/2025\\\/08\\\/Festival-de-Musica-das-Geminacoes-de-Ponte-de-Lima.jpg\",\"width\":1200,\"height\":630},{\"@type\":\"BreadcrumbList\",\"@id\":\"https:\\\/\\\/www.altominho.tv\\\/site\\\/2025\\\/08\\\/11\\\/festival-de-musica-das-geminacoes-de-ponte-de-lima\\\/#breadcrumb\",\"itemListElement\":[{\"@type\":\"ListItem\",\"position\":1,\"name\":\"In\u00edcio\",\"item\":\"https:\\\/\\\/www.altominho.tv\\\/site\\\/\"},{\"@type\":\"ListItem\",\"position\":2,\"name\":\"Festival de M\u00fasica das Gemina\u00e7\u00f5es de Ponte de Lima realiza-se a 16 de agosto\"}]},{\"@type\":\"WebSite\",\"@id\":\"https:\\\/\\\/www.altominho.tv\\\/site\\\/#website\",\"url\":\"https:\\\/\\\/www.altominho.tv\\\/site\\\/\",\"name\":\"Altominho.tv\",\"description\":\"A sua regi\u00e3o \u00e0 dist\u00e2ncia de um clique...\",\"potentialAction\":[{\"@type\":\"SearchAction\",\"target\":{\"@type\":\"EntryPoint\",\"urlTemplate\":\"https:\\\/\\\/www.altominho.tv\\\/site\\\/?s={search_term_string}\"},\"query-input\":{\"@type\":\"PropertyValueSpecification\",\"valueRequired\":true,\"valueName\":\"search_term_string\"}}],\"inLanguage\":\"pt-PT\"},{\"@type\":\"Person\",\"@id\":\"https:\\\/\\\/www.altominho.tv\\\/site\\\/#\\\/schema\\\/person\\\/4e536851627d7914baf3dac752b6af22\",\"name\":\"Altominho.tv\",\"image\":{\"@type\":\"ImageObject\",\"inLanguage\":\"pt-PT\",\"@id\":\"https:\\\/\\\/www.altominho.tv\\\/site\\\/wp-content\\\/uploads\\\/2019\\\/11\\\/Logo_Avatar_2-150x150.jpg\",\"url\":\"https:\\\/\\\/www.altominho.tv\\\/site\\\/wp-content\\\/uploads\\\/2019\\\/11\\\/Logo_Avatar_2-150x150.jpg\",\"contentUrl\":\"https:\\\/\\\/www.altominho.tv\\\/site\\\/wp-content\\\/uploads\\\/2019\\\/11\\\/Logo_Avatar_2-150x150.jpg\",\"caption\":\"Altominho.tv\"},\"url\":\"https:\\\/\\\/www.altominho.tv\\\/site\\\/author\\\/altominhotv-tecnico\\\/\"}]}<\/script>\n<!-- \/ Yoast SEO Premium plugin. -->","yoast_head_json":{"title":"Festival de M\u00fasica das Gemina\u00e7\u00f5es de Ponte de Lima realiza-se a 16 de agosto","description":"O munic\u00edpio de Ponte de Lima vai acolher o Festival de M\u00fasica das Gemina\u00e7\u00f5es de Ponte de Lima, inserido no programa das comemora\u00e7\u00f5es dos 900 anos de Foral de Ponte de Lima, no pr\u00f3ximo s\u00e1bado, 16 de agosto, \u00e0s 22h00 na Expolima.","robots":{"index":"index","follow":"follow","max-snippet":"max-snippet:-1","max-image-preview":"max-image-preview:large","max-video-preview":"max-video-preview:-1"},"canonical":"https:\/\/www.altominho.tv\/site\/2025\/08\/11\/festival-de-musica-das-geminacoes-de-ponte-de-lima\/","og_locale":"pt_PT","og_type":"article","og_title":"Festival de M\u00fasica das Gemina\u00e7\u00f5es de Ponte de Lima realiza-se a 16 de agosto","og_description":"O munic\u00edpio de Ponte de Lima vai acolher o Festival de M\u00fasica das Gemina\u00e7\u00f5es de Ponte de Lima, inserido no programa das comemora\u00e7\u00f5es dos 900 anos de Foral de Ponte de Lima, no pr\u00f3ximo s\u00e1bado, 16 de agosto, \u00e0s 22h00 na Expolima.","og_url":"https:\/\/www.altominho.tv\/site\/2025\/08\/11\/festival-de-musica-das-geminacoes-de-ponte-de-lima\/","og_site_name":"Altominho.tv","article_publisher":"https:\/\/www.facebook.com\/altominhotv","article_published_time":"2025-08-11T10:25:33+00:00","article_modified_time":"2025-08-11T10:25:35+00:00","og_image":[{"width":1200,"height":630,"url":"https:\/\/www.altominho.tv\/site\/wp-content\/uploads\/2025\/08\/Festival-de-Musica-das-Geminacoes-de-Ponte-de-Lima.jpg","type":"image\/jpeg"}],"author":"Altominho.tv","twitter_card":"summary_large_image","twitter_creator":"@altominhoTV","twitter_site":"@altominhoTV","twitter_misc":{"Escrito por":"Altominho.tv","Tempo estimado de leitura":"1 minuto"},"schema":{"@context":"https:\/\/schema.org","@graph":[{"@type":"Article","@id":"https:\/\/www.altominho.tv\/site\/2025\/08\/11\/festival-de-musica-das-geminacoes-de-ponte-de-lima\/#article","isPartOf":{"@id":"https:\/\/www.altominho.tv\/site\/2025\/08\/11\/festival-de-musica-das-geminacoes-de-ponte-de-lima\/"},"author":{"name":"Altominho.tv","@id":"https:\/\/www.altominho.tv\/site\/#\/schema\/person\/4e536851627d7914baf3dac752b6af22"},"headline":"Festival de M\u00fasica das Gemina\u00e7\u00f5es de Ponte de Lima realiza-se a 16 de agosto","datePublished":"2025-08-11T10:25:33+00:00","dateModified":"2025-08-11T10:25:35+00:00","mainEntityOfPage":{"@id":"https:\/\/www.altominho.tv\/site\/2025\/08\/11\/festival-de-musica-das-geminacoes-de-ponte-de-lima\/"},"wordCount":168,"image":{"@id":"https:\/\/www.altominho.tv\/site\/2025\/08\/11\/festival-de-musica-das-geminacoes-de-ponte-de-lima\/#primaryimage"},"thumbnailUrl":"https:\/\/www.altominho.tv\/site\/wp-content\/uploads\/2025\/08\/Festival-de-Musica-das-Geminacoes-de-Ponte-de-Lima.jpg","keywords":["Cultura"],"articleSection":["Ponte de Lima"],"inLanguage":"pt-PT","copyrightYear":"2025","copyrightHolder":{"@id":"https:\/\/www.altominho.tv\/site\/#organization"}},{"@type":"WebPage","@id":"https:\/\/www.altominho.tv\/site\/2025\/08\/11\/festival-de-musica-das-geminacoes-de-ponte-de-lima\/","url":"https:\/\/www.altominho.tv\/site\/2025\/08\/11\/festival-de-musica-das-geminacoes-de-ponte-de-lima\/","name":"Festival de M\u00fasica das Gemina\u00e7\u00f5es de Ponte de Lima realiza-se a 16 de agosto","isPartOf":{"@id":"https:\/\/www.altominho.tv\/site\/#website"},"primaryImageOfPage":{"@id":"https:\/\/www.altominho.tv\/site\/2025\/08\/11\/festival-de-musica-das-geminacoes-de-ponte-de-lima\/#primaryimage"},"image":{"@id":"https:\/\/www.altominho.tv\/site\/2025\/08\/11\/festival-de-musica-das-geminacoes-de-ponte-de-lima\/#primaryimage"},"thumbnailUrl":"https:\/\/www.altominho.tv\/site\/wp-content\/uploads\/2025\/08\/Festival-de-Musica-das-Geminacoes-de-Ponte-de-Lima.jpg","datePublished":"2025-08-11T10:25:33+00:00","dateModified":"2025-08-11T10:25:35+00:00","author":{"@id":"https:\/\/www.altominho.tv\/site\/#\/schema\/person\/4e536851627d7914baf3dac752b6af22"},"description":"O munic\u00edpio de Ponte de Lima vai acolher o Festival de M\u00fasica das Gemina\u00e7\u00f5es de Ponte de Lima, inserido no programa das comemora\u00e7\u00f5es dos 900 anos de Foral de Ponte de Lima, no pr\u00f3ximo s\u00e1bado, 16 de agosto, \u00e0s 22h00 na Expolima.","breadcrumb":{"@id":"https:\/\/www.altominho.tv\/site\/2025\/08\/11\/festival-de-musica-das-geminacoes-de-ponte-de-lima\/#breadcrumb"},"inLanguage":"pt-PT","potentialAction":[{"@type":"ReadAction","target":["https:\/\/www.altominho.tv\/site\/2025\/08\/11\/festival-de-musica-das-geminacoes-de-ponte-de-lima\/"]}]},{"@type":"ImageObject","inLanguage":"pt-PT","@id":"https:\/\/www.altominho.tv\/site\/2025\/08\/11\/festival-de-musica-das-geminacoes-de-ponte-de-lima\/#primaryimage","url":"https:\/\/www.altominho.tv\/site\/wp-content\/uploads\/2025\/08\/Festival-de-Musica-das-Geminacoes-de-Ponte-de-Lima.jpg","contentUrl":"https:\/\/www.altominho.tv\/site\/wp-content\/uploads\/2025\/08\/Festival-de-Musica-das-Geminacoes-de-Ponte-de-Lima.jpg","width":1200,"height":630},{"@type":"BreadcrumbList","@id":"https:\/\/www.altominho.tv\/site\/2025\/08\/11\/festival-de-musica-das-geminacoes-de-ponte-de-lima\/#breadcrumb","itemListElement":[{"@type":"ListItem","position":1,"name":"In\u00edcio","item":"https:\/\/www.altominho.tv\/site\/"},{"@type":"ListItem","position":2,"name":"Festival de M\u00fasica das Gemina\u00e7\u00f5es de Ponte de Lima realiza-se a 16 de agosto"}]},{"@type":"WebSite","@id":"https:\/\/www.altominho.tv\/site\/#website","url":"https:\/\/www.altominho.tv\/site\/","name":"Altominho.tv","description":"A sua regi\u00e3o \u00e0 dist\u00e2ncia de um clique...","potentialAction":[{"@type":"SearchAction","target":{"@type":"EntryPoint","urlTemplate":"https:\/\/www.altominho.tv\/site\/?s={search_term_string}"},"query-input":{"@type":"PropertyValueSpecification","valueRequired":true,"valueName":"search_term_string"}}],"inLanguage":"pt-PT"},{"@type":"Person","@id":"https:\/\/www.altominho.tv\/site\/#\/schema\/person\/4e536851627d7914baf3dac752b6af22","name":"Altominho.tv","image":{"@type":"ImageObject","inLanguage":"pt-PT","@id":"https:\/\/www.altominho.tv\/site\/wp-content\/uploads\/2019\/11\/Logo_Avatar_2-150x150.jpg","url":"https:\/\/www.altominho.tv\/site\/wp-content\/uploads\/2019\/11\/Logo_Avatar_2-150x150.jpg","contentUrl":"https:\/\/www.altominho.tv\/site\/wp-content\/uploads\/2019\/11\/Logo_Avatar_2-150x150.jpg","caption":"Altominho.tv"},"url":"https:\/\/www.altominho.tv\/site\/author\/altominhotv-tecnico\/"}]}},"_links":{"self":[{"href":"https:\/\/www.altominho.tv\/site\/wp-json\/wp\/v2\/posts\/121878","targetHints":{"allow":["GET"]}}],"collection":[{"href":"https:\/\/www.altominho.tv\/site\/wp-json\/wp\/v2\/posts"}],"about":[{"href":"https:\/\/www.altominho.tv\/site\/wp-json\/wp\/v2\/types\/post"}],"author":[{"embeddable":true,"href":"https:\/\/www.altominho.tv\/site\/wp-json\/wp\/v2\/users\/1"}],"replies":[{"embeddable":true,"href":"https:\/\/www.altominho.tv\/site\/wp-json\/wp\/v2\/comments?post=121878"}],"version-history":[{"count":1,"href":"https:\/\/www.altominho.tv\/site\/wp-json\/wp\/v2\/posts\/121878\/revisions"}],"predecessor-version":[{"id":121880,"href":"https:\/\/www.altominho.tv\/site\/wp-json\/wp\/v2\/posts\/121878\/revisions\/121880"}],"wp:featuredmedia":[{"embeddable":true,"href":"https:\/\/www.altominho.tv\/site\/wp-json\/wp\/v2\/media\/121879"}],"wp:attachment":[{"href":"https:\/\/www.altominho.tv\/site\/wp-json\/wp\/v2\/media?parent=121878"}],"wp:term":[{"taxonomy":"category","embeddable":true,"href":"https:\/\/www.altominho.tv\/site\/wp-json\/wp\/v2\/categories?post=121878"},{"taxonomy":"post_tag","embeddable":true,"href":"https:\/\/www.altominho.tv\/site\/wp-json\/wp\/v2\/tags?post=121878"}],"curies":[{"name":"wp","href":"https:\/\/api.w.org\/{rel}","templated":true}]}}