{"id":121861,"date":"2025-08-11T09:01:58","date_gmt":"2025-08-11T08:01:58","guid":{"rendered":"https:\/\/www.altominho.tv\/site\/?p=121861"},"modified":"2025-08-11T09:02:00","modified_gmt":"2025-08-11T08:02:00","slug":"incendios-cerca-de-120-concelhos-em-risco-maximo","status":"publish","type":"post","link":"https:\/\/www.altominho.tv\/site\/2025\/08\/11\/incendios-cerca-de-120-concelhos-em-risco-maximo\/","title":{"rendered":"Inc\u00eandios: Cerca de 120 concelhos do interior Norte e Centro e Algarve em risco m\u00e1ximo"},"content":{"rendered":"<p>Cerca de 120 munic\u00edpios do interior Norte e centro do pa\u00eds e da regi\u00e3o do Algarve est\u00e3o hoje em risco m\u00e1ximo de inc\u00eandio, segundo o Instituto Portugu\u00eas do Mar e da Atmosfera (IPMA).<\/p>\n<p>Est\u00e3o sob risco m\u00e1ximo de inc\u00eandio todos os concelhos dos distritos de Bragan\u00e7a e Guarda e a maioria dos de Viseu e Castelo Branco.<\/p>\n<p>Tamb\u00e9m em risco m\u00e1ximo est\u00e3o dezenas de munic\u00edpios dos distritos de Viana do Castelo, Braga, Porto, Aveiro, Coimbra, Leiria, Santar\u00e9m, Portalegre e Faro.<\/p>\n<p>Em risco muito elevado est\u00e3o cerca de 50 concelhos nos distritos de Viana do Castelo, Braga, Porto, Vila Real, Aveiro, Coimbra, Viseu, Leiria, Lisboa, Castelo Branco, Portalegre, Beja e Faro.<\/p>\n<p>O IPMA colocou em risco elevado quase toda a regi\u00e3o do Alentejo e outros cerca de 30 munic\u00edpios nos distritos de Faro, Lisboa, Set\u00fabal, Coimbra, Leiria, Aveiro, Porto e Braga.<br \/>\nSob risco moderado est\u00e3o dezenas de munic\u00edpios, quase todos no litoral do pa\u00eds, nos distritos de Lisboa, Aveiro e Porto.<\/p>\n<p>O risco de inc\u00eandio determinado pelo IPMA tem cinco n\u00edveis, que v\u00e3o de reduzido a m\u00e1ximo, sendo este \u00faltimo emitido quando as condi\u00e7\u00f5es meteorol\u00f3gicas, como calor extremo e baixa humidade, aumentam significativamente o perigo de igni\u00e7\u00e3o e propaga\u00e7\u00e3o de inc\u00eandios.<\/p>\n<p>Portugal est\u00e1 em situa\u00e7\u00e3o de alerta at\u00e9 quarta-feira (13 de agosto), devido ao risco de inc\u00eandio florestal.<\/p>\n<p>A situa\u00e7\u00e3o de alerta \u00e9 justificada tendo como base dois motivos principais: a continua\u00e7\u00e3o de temperaturas elevadas em todo o pa\u00eds para os pr\u00f3ximos dias e a diminui\u00e7\u00e3o de igni\u00e7\u00f5es devido \u00e0s proibi\u00e7\u00f5es determinadas.<\/p>\n<p>O IPMA prev\u00ea para hoje uma pequena descida de temperatura nas regi\u00f5es Norte e Centro e uma pequena subida na regi\u00e3o Sul.<\/p>\n<p>O tempo vai permanecer quente, com c\u00e9u pouco nublado ou limpo, e o IPMA mant\u00e9m a previs\u00e3o de poeiras em suspens\u00e3o, devido \u00e0 massa de ar quente do Norte de \u00c1frica que atravessa o territ\u00f3rio continental.<\/p>\n<p>As temperaturas m\u00ednimas v\u00e3o variar entre os 15\u00ba (graus Celsius), em Viana do Castelo e Braga, e os 25\u00ba (Portalegre) e as m\u00e1ximas entre os 25\u00ba (Viana do Castelo) e os 43\u00ba (Beja e \u00c9vora).<\/p>\n","protected":false},"excerpt":{"rendered":"<p>Cerca de 120 munic\u00edpios do interior Norte e centro do pa\u00eds e da regi\u00e3o do Algarve est\u00e3o hoje em risco m\u00e1ximo de inc\u00eandio, segundo o Instituto Portugu\u00eas do Mar e da Atmosfera (IPMA). Est\u00e3o sob risco m\u00e1ximo de inc\u00eandio todos os concelhos dos distritos de Bragan\u00e7a e Guarda e a maioria dos de Viseu e [&hellip;]<\/p>\n","protected":false},"author":13,"featured_media":119683,"comment_status":"closed","ping_status":"closed","sticky":false,"template":"","format":"standard","meta":{"_exactmetrics_skip_tracking":false,"_exactmetrics_sitenote_active":false,"_exactmetrics_sitenote_note":"","_exactmetrics_sitenote_category":0,"footnotes":""},"categories":[56325],"tags":[27],"class_list":["post-121861","post","type-post","status-publish","format-standard","has-post-thumbnail","hentry","category-pais","tag-sociedade"],"yoast_head":"<!-- This site is optimized with the Yoast SEO Premium plugin v27.5 (Yoast SEO v27.5) - https:\/\/yoast.com\/product\/yoast-seo-premium-wordpress\/ -->\n<title>Inc\u00eandios: Cerca de 120 concelhos do interior Norte e Centro e Algarve em risco m\u00e1ximo<\/title>\n<meta name=\"description\" content=\"Cerca de 120 munic\u00edpios do interior Norte e centro do pa\u00eds e da regi\u00e3o do Algarve est\u00e3o hoje em risco m\u00e1ximo de inc\u00eandio, segundo o Instituto Portugu\u00eas do Mar e da Atmosfera (IPMA).\" \/>\n<meta name=\"robots\" content=\"index, follow, max-snippet:-1, max-image-preview:large, max-video-preview:-1\" \/>\n<link rel=\"canonical\" href=\"https:\/\/www.altominho.tv\/site\/2025\/08\/11\/incendios-cerca-de-120-concelhos-em-risco-maximo\/\" \/>\n<meta property=\"og:locale\" content=\"pt_PT\" \/>\n<meta property=\"og:type\" content=\"article\" \/>\n<meta property=\"og:title\" content=\"Inc\u00eandios: Cerca de 120 concelhos do interior Norte e Centro e Algarve em risco m\u00e1ximo\" \/>\n<meta property=\"og:description\" content=\"Cerca de 120 munic\u00edpios do interior Norte e centro do pa\u00eds e da regi\u00e3o do Algarve est\u00e3o hoje em risco m\u00e1ximo de inc\u00eandio, segundo o Instituto Portugu\u00eas do Mar e da Atmosfera (IPMA).\" \/>\n<meta property=\"og:url\" content=\"https:\/\/www.altominho.tv\/site\/2025\/08\/11\/incendios-cerca-de-120-concelhos-em-risco-maximo\/\" \/>\n<meta property=\"og:site_name\" content=\"Altominho.tv\" \/>\n<meta property=\"article:publisher\" content=\"https:\/\/www.facebook.com\/altominhotv\" \/>\n<meta property=\"article:published_time\" content=\"2025-08-11T08:01:58+00:00\" \/>\n<meta property=\"article:modified_time\" content=\"2025-08-11T08:02:00+00:00\" \/>\n<meta property=\"og:image\" content=\"https:\/\/www.altominho.tv\/site\/wp-content\/uploads\/2025\/06\/incendio-rural.jpg\" \/>\n\t<meta property=\"og:image:width\" content=\"1200\" \/>\n\t<meta property=\"og:image:height\" content=\"630\" \/>\n\t<meta property=\"og:image:type\" content=\"image\/jpeg\" \/>\n<meta name=\"author\" content=\"Lusa\" \/>\n<meta name=\"twitter:card\" content=\"summary_large_image\" \/>\n<meta name=\"twitter:creator\" content=\"@altominhoTV\" \/>\n<meta name=\"twitter:site\" content=\"@altominhoTV\" \/>\n<meta name=\"twitter:label1\" content=\"Escrito por\" \/>\n\t<meta name=\"twitter:data1\" content=\"Lusa\" \/>\n\t<meta name=\"twitter:label2\" content=\"Tempo estimado de leitura\" \/>\n\t<meta name=\"twitter:data2\" content=\"3 minutos\" \/>\n<script type=\"application\/ld+json\" class=\"yoast-schema-graph\">{\"@context\":\"https:\\\/\\\/schema.org\",\"@graph\":[{\"@type\":\"Article\",\"@id\":\"https:\\\/\\\/www.altominho.tv\\\/site\\\/2025\\\/08\\\/11\\\/incendios-cerca-de-120-concelhos-em-risco-maximo\\\/#article\",\"isPartOf\":{\"@id\":\"https:\\\/\\\/www.altominho.tv\\\/site\\\/2025\\\/08\\\/11\\\/incendios-cerca-de-120-concelhos-em-risco-maximo\\\/\"},\"author\":{\"name\":\"Lusa\",\"@id\":\"https:\\\/\\\/www.altominho.tv\\\/site\\\/#\\\/schema\\\/person\\\/63f693da3e1899361cbe955c46f3232e\"},\"headline\":\"Inc\u00eandios: Cerca de 120 concelhos do interior Norte e Centro e Algarve em risco m\u00e1ximo\",\"datePublished\":\"2025-08-11T08:01:58+00:00\",\"dateModified\":\"2025-08-11T08:02:00+00:00\",\"mainEntityOfPage\":{\"@id\":\"https:\\\/\\\/www.altominho.tv\\\/site\\\/2025\\\/08\\\/11\\\/incendios-cerca-de-120-concelhos-em-risco-maximo\\\/\"},\"wordCount\":401,\"image\":{\"@id\":\"https:\\\/\\\/www.altominho.tv\\\/site\\\/2025\\\/08\\\/11\\\/incendios-cerca-de-120-concelhos-em-risco-maximo\\\/#primaryimage\"},\"thumbnailUrl\":\"https:\\\/\\\/www.altominho.tv\\\/site\\\/wp-content\\\/uploads\\\/2025\\\/06\\\/incendio-rural.jpg\",\"keywords\":[\"Sociedade\"],\"articleSection\":[\"Pa\u00eds\"],\"inLanguage\":\"pt-PT\",\"copyrightYear\":\"2025\",\"copyrightHolder\":{\"@id\":\"https:\\\/\\\/www.altominho.tv\\\/site\\\/#organization\"}},{\"@type\":\"WebPage\",\"@id\":\"https:\\\/\\\/www.altominho.tv\\\/site\\\/2025\\\/08\\\/11\\\/incendios-cerca-de-120-concelhos-em-risco-maximo\\\/\",\"url\":\"https:\\\/\\\/www.altominho.tv\\\/site\\\/2025\\\/08\\\/11\\\/incendios-cerca-de-120-concelhos-em-risco-maximo\\\/\",\"name\":\"Inc\u00eandios: Cerca de 120 concelhos do interior Norte e Centro e Algarve em risco m\u00e1ximo\",\"isPartOf\":{\"@id\":\"https:\\\/\\\/www.altominho.tv\\\/site\\\/#website\"},\"primaryImageOfPage\":{\"@id\":\"https:\\\/\\\/www.altominho.tv\\\/site\\\/2025\\\/08\\\/11\\\/incendios-cerca-de-120-concelhos-em-risco-maximo\\\/#primaryimage\"},\"image\":{\"@id\":\"https:\\\/\\\/www.altominho.tv\\\/site\\\/2025\\\/08\\\/11\\\/incendios-cerca-de-120-concelhos-em-risco-maximo\\\/#primaryimage\"},\"thumbnailUrl\":\"https:\\\/\\\/www.altominho.tv\\\/site\\\/wp-content\\\/uploads\\\/2025\\\/06\\\/incendio-rural.jpg\",\"datePublished\":\"2025-08-11T08:01:58+00:00\",\"dateModified\":\"2025-08-11T08:02:00+00:00\",\"author\":{\"@id\":\"https:\\\/\\\/www.altominho.tv\\\/site\\\/#\\\/schema\\\/person\\\/63f693da3e1899361cbe955c46f3232e\"},\"description\":\"Cerca de 120 munic\u00edpios do interior Norte e centro do pa\u00eds e da regi\u00e3o do Algarve est\u00e3o hoje em risco m\u00e1ximo de inc\u00eandio, segundo o Instituto Portugu\u00eas do Mar e da Atmosfera (IPMA).\",\"breadcrumb\":{\"@id\":\"https:\\\/\\\/www.altominho.tv\\\/site\\\/2025\\\/08\\\/11\\\/incendios-cerca-de-120-concelhos-em-risco-maximo\\\/#breadcrumb\"},\"inLanguage\":\"pt-PT\",\"potentialAction\":[{\"@type\":\"ReadAction\",\"target\":[\"https:\\\/\\\/www.altominho.tv\\\/site\\\/2025\\\/08\\\/11\\\/incendios-cerca-de-120-concelhos-em-risco-maximo\\\/\"]}]},{\"@type\":\"ImageObject\",\"inLanguage\":\"pt-PT\",\"@id\":\"https:\\\/\\\/www.altominho.tv\\\/site\\\/2025\\\/08\\\/11\\\/incendios-cerca-de-120-concelhos-em-risco-maximo\\\/#primaryimage\",\"url\":\"https:\\\/\\\/www.altominho.tv\\\/site\\\/wp-content\\\/uploads\\\/2025\\\/06\\\/incendio-rural.jpg\",\"contentUrl\":\"https:\\\/\\\/www.altominho.tv\\\/site\\\/wp-content\\\/uploads\\\/2025\\\/06\\\/incendio-rural.jpg\",\"width\":1200,\"height\":630},{\"@type\":\"BreadcrumbList\",\"@id\":\"https:\\\/\\\/www.altominho.tv\\\/site\\\/2025\\\/08\\\/11\\\/incendios-cerca-de-120-concelhos-em-risco-maximo\\\/#breadcrumb\",\"itemListElement\":[{\"@type\":\"ListItem\",\"position\":1,\"name\":\"In\u00edcio\",\"item\":\"https:\\\/\\\/www.altominho.tv\\\/site\\\/\"},{\"@type\":\"ListItem\",\"position\":2,\"name\":\"Inc\u00eandios: Cerca de 120 concelhos do interior Norte e Centro e Algarve em risco m\u00e1ximo\"}]},{\"@type\":\"WebSite\",\"@id\":\"https:\\\/\\\/www.altominho.tv\\\/site\\\/#website\",\"url\":\"https:\\\/\\\/www.altominho.tv\\\/site\\\/\",\"name\":\"Altominho.tv\",\"description\":\"A sua regi\u00e3o \u00e0 dist\u00e2ncia de um clique...\",\"potentialAction\":[{\"@type\":\"SearchAction\",\"target\":{\"@type\":\"EntryPoint\",\"urlTemplate\":\"https:\\\/\\\/www.altominho.tv\\\/site\\\/?s={search_term_string}\"},\"query-input\":{\"@type\":\"PropertyValueSpecification\",\"valueRequired\":true,\"valueName\":\"search_term_string\"}}],\"inLanguage\":\"pt-PT\"},{\"@type\":\"Person\",\"@id\":\"https:\\\/\\\/www.altominho.tv\\\/site\\\/#\\\/schema\\\/person\\\/63f693da3e1899361cbe955c46f3232e\",\"name\":\"Lusa\",\"image\":{\"@type\":\"ImageObject\",\"inLanguage\":\"pt-PT\",\"@id\":\"https:\\\/\\\/www.altominho.tv\\\/site\\\/wp-content\\\/uploads\\\/2019\\\/08\\\/LUSA_Logo.gif\",\"url\":\"https:\\\/\\\/www.altominho.tv\\\/site\\\/wp-content\\\/uploads\\\/2019\\\/08\\\/LUSA_Logo.gif\",\"contentUrl\":\"https:\\\/\\\/www.altominho.tv\\\/site\\\/wp-content\\\/uploads\\\/2019\\\/08\\\/LUSA_Logo.gif\",\"caption\":\"Lusa\"},\"sameAs\":[\"http:\\\/\\\/\\\/\\\/www.altominho.tv\\\/site\"],\"url\":\"https:\\\/\\\/www.altominho.tv\\\/site\\\/author\\\/lusa\\\/\"}]}<\/script>\n<!-- \/ Yoast SEO Premium plugin. -->","yoast_head_json":{"title":"Inc\u00eandios: Cerca de 120 concelhos do interior Norte e Centro e Algarve em risco m\u00e1ximo","description":"Cerca de 120 munic\u00edpios do interior Norte e centro do pa\u00eds e da regi\u00e3o do Algarve est\u00e3o hoje em risco m\u00e1ximo de inc\u00eandio, segundo o Instituto Portugu\u00eas do Mar e da Atmosfera (IPMA).","robots":{"index":"index","follow":"follow","max-snippet":"max-snippet:-1","max-image-preview":"max-image-preview:large","max-video-preview":"max-video-preview:-1"},"canonical":"https:\/\/www.altominho.tv\/site\/2025\/08\/11\/incendios-cerca-de-120-concelhos-em-risco-maximo\/","og_locale":"pt_PT","og_type":"article","og_title":"Inc\u00eandios: Cerca de 120 concelhos do interior Norte e Centro e Algarve em risco m\u00e1ximo","og_description":"Cerca de 120 munic\u00edpios do interior Norte e centro do pa\u00eds e da regi\u00e3o do Algarve est\u00e3o hoje em risco m\u00e1ximo de inc\u00eandio, segundo o Instituto Portugu\u00eas do Mar e da Atmosfera (IPMA).","og_url":"https:\/\/www.altominho.tv\/site\/2025\/08\/11\/incendios-cerca-de-120-concelhos-em-risco-maximo\/","og_site_name":"Altominho.tv","article_publisher":"https:\/\/www.facebook.com\/altominhotv","article_published_time":"2025-08-11T08:01:58+00:00","article_modified_time":"2025-08-11T08:02:00+00:00","og_image":[{"width":1200,"height":630,"url":"https:\/\/www.altominho.tv\/site\/wp-content\/uploads\/2025\/06\/incendio-rural.jpg","type":"image\/jpeg"}],"author":"Lusa","twitter_card":"summary_large_image","twitter_creator":"@altominhoTV","twitter_site":"@altominhoTV","twitter_misc":{"Escrito por":"Lusa","Tempo estimado de leitura":"3 minutos"},"schema":{"@context":"https:\/\/schema.org","@graph":[{"@type":"Article","@id":"https:\/\/www.altominho.tv\/site\/2025\/08\/11\/incendios-cerca-de-120-concelhos-em-risco-maximo\/#article","isPartOf":{"@id":"https:\/\/www.altominho.tv\/site\/2025\/08\/11\/incendios-cerca-de-120-concelhos-em-risco-maximo\/"},"author":{"name":"Lusa","@id":"https:\/\/www.altominho.tv\/site\/#\/schema\/person\/63f693da3e1899361cbe955c46f3232e"},"headline":"Inc\u00eandios: Cerca de 120 concelhos do interior Norte e Centro e Algarve em risco m\u00e1ximo","datePublished":"2025-08-11T08:01:58+00:00","dateModified":"2025-08-11T08:02:00+00:00","mainEntityOfPage":{"@id":"https:\/\/www.altominho.tv\/site\/2025\/08\/11\/incendios-cerca-de-120-concelhos-em-risco-maximo\/"},"wordCount":401,"image":{"@id":"https:\/\/www.altominho.tv\/site\/2025\/08\/11\/incendios-cerca-de-120-concelhos-em-risco-maximo\/#primaryimage"},"thumbnailUrl":"https:\/\/www.altominho.tv\/site\/wp-content\/uploads\/2025\/06\/incendio-rural.jpg","keywords":["Sociedade"],"articleSection":["Pa\u00eds"],"inLanguage":"pt-PT","copyrightYear":"2025","copyrightHolder":{"@id":"https:\/\/www.altominho.tv\/site\/#organization"}},{"@type":"WebPage","@id":"https:\/\/www.altominho.tv\/site\/2025\/08\/11\/incendios-cerca-de-120-concelhos-em-risco-maximo\/","url":"https:\/\/www.altominho.tv\/site\/2025\/08\/11\/incendios-cerca-de-120-concelhos-em-risco-maximo\/","name":"Inc\u00eandios: Cerca de 120 concelhos do interior Norte e Centro e Algarve em risco m\u00e1ximo","isPartOf":{"@id":"https:\/\/www.altominho.tv\/site\/#website"},"primaryImageOfPage":{"@id":"https:\/\/www.altominho.tv\/site\/2025\/08\/11\/incendios-cerca-de-120-concelhos-em-risco-maximo\/#primaryimage"},"image":{"@id":"https:\/\/www.altominho.tv\/site\/2025\/08\/11\/incendios-cerca-de-120-concelhos-em-risco-maximo\/#primaryimage"},"thumbnailUrl":"https:\/\/www.altominho.tv\/site\/wp-content\/uploads\/2025\/06\/incendio-rural.jpg","datePublished":"2025-08-11T08:01:58+00:00","dateModified":"2025-08-11T08:02:00+00:00","author":{"@id":"https:\/\/www.altominho.tv\/site\/#\/schema\/person\/63f693da3e1899361cbe955c46f3232e"},"description":"Cerca de 120 munic\u00edpios do interior Norte e centro do pa\u00eds e da regi\u00e3o do Algarve est\u00e3o hoje em risco m\u00e1ximo de inc\u00eandio, segundo o Instituto Portugu\u00eas do Mar e da Atmosfera (IPMA).","breadcrumb":{"@id":"https:\/\/www.altominho.tv\/site\/2025\/08\/11\/incendios-cerca-de-120-concelhos-em-risco-maximo\/#breadcrumb"},"inLanguage":"pt-PT","potentialAction":[{"@type":"ReadAction","target":["https:\/\/www.altominho.tv\/site\/2025\/08\/11\/incendios-cerca-de-120-concelhos-em-risco-maximo\/"]}]},{"@type":"ImageObject","inLanguage":"pt-PT","@id":"https:\/\/www.altominho.tv\/site\/2025\/08\/11\/incendios-cerca-de-120-concelhos-em-risco-maximo\/#primaryimage","url":"https:\/\/www.altominho.tv\/site\/wp-content\/uploads\/2025\/06\/incendio-rural.jpg","contentUrl":"https:\/\/www.altominho.tv\/site\/wp-content\/uploads\/2025\/06\/incendio-rural.jpg","width":1200,"height":630},{"@type":"BreadcrumbList","@id":"https:\/\/www.altominho.tv\/site\/2025\/08\/11\/incendios-cerca-de-120-concelhos-em-risco-maximo\/#breadcrumb","itemListElement":[{"@type":"ListItem","position":1,"name":"In\u00edcio","item":"https:\/\/www.altominho.tv\/site\/"},{"@type":"ListItem","position":2,"name":"Inc\u00eandios: Cerca de 120 concelhos do interior Norte e Centro e Algarve em risco m\u00e1ximo"}]},{"@type":"WebSite","@id":"https:\/\/www.altominho.tv\/site\/#website","url":"https:\/\/www.altominho.tv\/site\/","name":"Altominho.tv","description":"A sua regi\u00e3o \u00e0 dist\u00e2ncia de um clique...","potentialAction":[{"@type":"SearchAction","target":{"@type":"EntryPoint","urlTemplate":"https:\/\/www.altominho.tv\/site\/?s={search_term_string}"},"query-input":{"@type":"PropertyValueSpecification","valueRequired":true,"valueName":"search_term_string"}}],"inLanguage":"pt-PT"},{"@type":"Person","@id":"https:\/\/www.altominho.tv\/site\/#\/schema\/person\/63f693da3e1899361cbe955c46f3232e","name":"Lusa","image":{"@type":"ImageObject","inLanguage":"pt-PT","@id":"https:\/\/www.altominho.tv\/site\/wp-content\/uploads\/2019\/08\/LUSA_Logo.gif","url":"https:\/\/www.altominho.tv\/site\/wp-content\/uploads\/2019\/08\/LUSA_Logo.gif","contentUrl":"https:\/\/www.altominho.tv\/site\/wp-content\/uploads\/2019\/08\/LUSA_Logo.gif","caption":"Lusa"},"sameAs":["http:\/\/\/\/www.altominho.tv\/site"],"url":"https:\/\/www.altominho.tv\/site\/author\/lusa\/"}]}},"_links":{"self":[{"href":"https:\/\/www.altominho.tv\/site\/wp-json\/wp\/v2\/posts\/121861","targetHints":{"allow":["GET"]}}],"collection":[{"href":"https:\/\/www.altominho.tv\/site\/wp-json\/wp\/v2\/posts"}],"about":[{"href":"https:\/\/www.altominho.tv\/site\/wp-json\/wp\/v2\/types\/post"}],"author":[{"embeddable":true,"href":"https:\/\/www.altominho.tv\/site\/wp-json\/wp\/v2\/users\/13"}],"replies":[{"embeddable":true,"href":"https:\/\/www.altominho.tv\/site\/wp-json\/wp\/v2\/comments?post=121861"}],"version-history":[{"count":1,"href":"https:\/\/www.altominho.tv\/site\/wp-json\/wp\/v2\/posts\/121861\/revisions"}],"predecessor-version":[{"id":121862,"href":"https:\/\/www.altominho.tv\/site\/wp-json\/wp\/v2\/posts\/121861\/revisions\/121862"}],"wp:featuredmedia":[{"embeddable":true,"href":"https:\/\/www.altominho.tv\/site\/wp-json\/wp\/v2\/media\/119683"}],"wp:attachment":[{"href":"https:\/\/www.altominho.tv\/site\/wp-json\/wp\/v2\/media?parent=121861"}],"wp:term":[{"taxonomy":"category","embeddable":true,"href":"https:\/\/www.altominho.tv\/site\/wp-json\/wp\/v2\/categories?post=121861"},{"taxonomy":"post_tag","embeddable":true,"href":"https:\/\/www.altominho.tv\/site\/wp-json\/wp\/v2\/tags?post=121861"}],"curies":[{"name":"wp","href":"https:\/\/api.w.org\/{rel}","templated":true}]}}