{"id":121812,"date":"2025-08-08T16:49:23","date_gmt":"2025-08-08T15:49:23","guid":{"rendered":"https:\/\/www.altominho.tv\/site\/?p=121812"},"modified":"2025-08-08T16:49:27","modified_gmt":"2025-08-08T15:49:27","slug":"ponte-da-barca-incendios-5","status":"publish","type":"post","link":"https:\/\/www.altominho.tv\/site\/2025\/08\/08\/ponte-da-barca-incendios-5\/","title":{"rendered":"Inc\u00eandios: Governo promete &#8220;dar passos&#8221; anuais para cumprir plano de preven\u00e7\u00e3o a 30 anos"},"content":{"rendered":"\n<p>O Governo apontou hoje o Plano de Interven\u00e7\u00e3o na Floresta para os pr\u00f3ximos 30 anos, ainda por aprovar, como forma de prevenir inc\u00eandios com as dimens\u00f5es dos que se t\u00eam registado, nomeadamente na Peneda-Ger\u00eas.<\/p>\n\n\n\n<p>\u201cO governo j\u00e1 preparou um plano a 30 anos para valorizar a floresta. O compromisso do Governo \u00e9, todos os anos, dar passos em frente para cumprir o plano a 30 anos. N\u00e3o nos conformamos com a situa\u00e7\u00e3o atual. N\u00e3o \u00e9 poss\u00edvel continuar a ter inc\u00eandios destas dimens\u00f5es todos os anos\u201d, afirmou o ministro da Economia e da Coes\u00e3o Territorial, Castro Almeida, que visitou v\u00e1rios pontos afetados pelo inc\u00eandio que lavrou durante uma semana no Parque Nacional da Peneda-Ger\u00eas (PNPG) no concelho de Ponte da Barca, distrito de Viana do Castelo.<\/p>\n\n\n\n<p>A resposta de Castro Almeida aos jornalistas surgiu depois de ser questionado sobre \u201co que sobrou do PNPG\u201d ap\u00f3s o inc\u00eandio.<\/p>\n\n\n\n<p>Antes, questionado sobre se faltam Sapadores Florestais ou mais meios para o Instituto de Conserva\u00e7\u00e3o da Natureza e Florestas (ICNF), que gere o PNPG, tamb\u00e9m o ministro da Agricultura e Mar, Jos\u00e9 Manuel Fernandes, destacou a import\u00e2ncia do Plano de Interven\u00e7\u00e3o na Floresta.<\/p>\n\n\n\n<p>Jos\u00e9 Manuel Fernandes disse estar em causa um \u201cinvestimento m\u00e9dio anual de 245 milh\u00f5es de euros para o prazo 2025-2050 que deve ser aprovado at\u00e9 ao fim do m\u00eas em reuni\u00e3o do Conselho de Ministros\u201d.<\/p>\n\n\n\n<p>\u201cParece que as pessoas at\u00e9 se esquecem, mas j\u00e1 apresent\u00e1mos este plano a 21 de mar\u00e7o de 2024\u201d, notou.<\/p>\n\n\n\n<p>O ministro da Agricultura considerou haver \u201cmeios para o combate\u201d \u00e0s chamas, defendendo a aposta na preven\u00e7\u00e3o.<\/p>\n\n\n\n<p>\u201cPor isso temos o plano, que tem a componente de valoriza\u00e7\u00e3o da floresta, a resili\u00eancia, a propriedade\u201d, acrescentou.<\/p>\n\n\n\n<p>O objetivo \u00e9, disse, at\u00e9 2026, ter aprovada a legisla\u00e7\u00e3o sobre a propriedade, por ser \u201cuma das condi\u00e7\u00f5es para ter sucesso\u201d.<\/p>\n\n\n\n<p>Para Jos\u00e9 Manuel Fernandes, \u201ca floresta tem de ser uma riqueza n\u00e3o s\u00f3 do ponto de vista ambiental mas tamb\u00e9m do ponto de vista econ\u00f3mico\u201d.<\/p>\n\n\n\n<p>\u201cMas avan\u00e7amos j\u00e1 com um concurso para os baldios. Tamb\u00e9m precisamos de reduzir o material combust\u00edvel. As cabras e outros animais reduzem esse material e ajudam na biodiversidade. Temos 30 milh\u00f5es de euros do Fundo Ambiental para refor\u00e7o desses ruminantes\u201d, garantiu.<\/p>\n\n\n\n<p>Castro Almeida sublinhou que \u201co plano de longo alcance tem de ter uma a\u00e7\u00e3o concertada ano a ano\u201d, n\u00e3o se podendo resolver a partir de Lisboa.<br>\u201cVamos dar meios \u00e0s c\u00e2maras e \u00e0s freguesias para fazerem planos de a\u00e7\u00e3o locais\u201d, afirmou.<\/p>\n\n\n\n<p>O ministro da Coes\u00e3o revelou ainda que existem dois tipos de apoios para a agricultura afetada pelas chamas, no \u00e2mbito de um decreto-lei que o Governo vai aprovar \u201cem princ\u00edpio no pr\u00f3ximo Conselho de Ministros\u201d para \u201cdefinir um quadro geral de apoio em caso de grandes inc\u00eandios florestais\u201d.<\/p>\n\n\n\n<p>Castro Almeida explicou que a inten\u00e7\u00e3o \u00e9 criar \u201cum quadro geral\u201d para \u201caplicar a cada caso, ano a ano, porque est\u00e1 visto que vamos continuar a ter inc\u00eandios ao longo dos anos\u201d.<\/p>\n\n\n\n<p>O Instituto para a Conserva\u00e7\u00e3o da Natureza e das Florestas (ICNF) adiantou na segunda-feira \u00e0 Lusa que as chamas consumiram 5.786 hectares do PNPG, de acordo com dados provis\u00f3rios.<\/p>\n\n\n\n<p>O PNPG foi criado em 1971, \u00e9 gerido pelo ICNF e ocupa uma \u00e1rea de 69.596 hectares e abrange os distritos de Braga (concelho de Terras de Bouro), de Viana do Castelo (concelhos de Melga\u00e7o, Arcos de Valdevez e Ponte da Barca) e de Vila Real (concelho de Montalegre).<\/p>\n","protected":false},"excerpt":{"rendered":"<p>O Governo apontou hoje o Plano de Interven\u00e7\u00e3o na Floresta para os pr\u00f3ximos 30 anos, ainda por aprovar, como forma de prevenir inc\u00eandios com as dimens\u00f5es dos que se t\u00eam registado, nomeadamente na Peneda-Ger\u00eas. \u201cO governo j\u00e1 preparou um plano a 30 anos para valorizar a floresta. O compromisso do Governo \u00e9, todos os anos, [&hellip;]<\/p>\n","protected":false},"author":7,"featured_media":121813,"comment_status":"closed","ping_status":"closed","sticky":false,"template":"","format":"standard","meta":{"_exactmetrics_skip_tracking":false,"_exactmetrics_sitenote_active":false,"_exactmetrics_sitenote_note":"","_exactmetrics_sitenote_category":0,"footnotes":""},"categories":[11],"tags":[27],"class_list":["post-121812","post","type-post","status-publish","format-standard","has-post-thumbnail","hentry","category-ponte-da-barca","tag-sociedade"],"yoast_head":"<!-- This site is optimized with the Yoast SEO Premium plugin v27.5 (Yoast SEO v27.5) - https:\/\/yoast.com\/product\/yoast-seo-premium-wordpress\/ -->\n<title>Inc\u00eandios: Governo promete &quot;dar passos&quot; anuais para cumprir plano de preven\u00e7\u00e3o a 30 anos<\/title>\n<meta name=\"description\" content=\"Inc\u00eandios: Governo promete &quot;dar passos&quot; anuais para cumprir plano de preven\u00e7\u00e3o a 30 anos.\" \/>\n<meta name=\"robots\" content=\"index, follow, max-snippet:-1, max-image-preview:large, max-video-preview:-1\" \/>\n<link rel=\"canonical\" href=\"https:\/\/www.altominho.tv\/site\/2025\/08\/08\/ponte-da-barca-incendios-5\/\" \/>\n<meta property=\"og:locale\" content=\"pt_PT\" \/>\n<meta property=\"og:type\" content=\"article\" \/>\n<meta property=\"og:title\" content=\"Inc\u00eandios: Governo promete &quot;dar passos&quot; anuais para cumprir plano de preven\u00e7\u00e3o a 30 anos\" \/>\n<meta property=\"og:description\" content=\"Inc\u00eandios: Governo promete &quot;dar passos&quot; anuais para cumprir plano de preven\u00e7\u00e3o a 30 anos.\" \/>\n<meta property=\"og:url\" content=\"https:\/\/www.altominho.tv\/site\/2025\/08\/08\/ponte-da-barca-incendios-5\/\" \/>\n<meta property=\"og:site_name\" content=\"Altominho.tv\" \/>\n<meta property=\"article:publisher\" content=\"https:\/\/www.facebook.com\/altominhotv\" \/>\n<meta property=\"article:published_time\" content=\"2025-08-08T15:49:23+00:00\" \/>\n<meta property=\"article:modified_time\" content=\"2025-08-08T15:49:27+00:00\" \/>\n<meta property=\"og:image\" content=\"https:\/\/www.altominho.tv\/site\/wp-content\/uploads\/2025\/08\/fogo-dominado.jpeg\" \/>\n\t<meta property=\"og:image:width\" content=\"1200\" \/>\n\t<meta property=\"og:image:height\" content=\"630\" \/>\n\t<meta property=\"og:image:type\" content=\"image\/jpeg\" \/>\n<meta name=\"author\" content=\"Andreia Cunha\" \/>\n<meta name=\"twitter:card\" content=\"summary_large_image\" \/>\n<meta name=\"twitter:creator\" content=\"@altominhoTV\" \/>\n<meta name=\"twitter:site\" content=\"@altominhoTV\" \/>\n<meta name=\"twitter:label1\" content=\"Escrito por\" \/>\n\t<meta name=\"twitter:data1\" content=\"Andreia Cunha\" \/>\n\t<meta name=\"twitter:label2\" content=\"Tempo estimado de leitura\" \/>\n\t<meta name=\"twitter:data2\" content=\"4 minutos\" \/>\n<script type=\"application\/ld+json\" class=\"yoast-schema-graph\">{\"@context\":\"https:\\\/\\\/schema.org\",\"@graph\":[{\"@type\":\"Article\",\"@id\":\"https:\\\/\\\/www.altominho.tv\\\/site\\\/2025\\\/08\\\/08\\\/ponte-da-barca-incendios-5\\\/#article\",\"isPartOf\":{\"@id\":\"https:\\\/\\\/www.altominho.tv\\\/site\\\/2025\\\/08\\\/08\\\/ponte-da-barca-incendios-5\\\/\"},\"author\":{\"name\":\"Andreia Cunha\",\"@id\":\"https:\\\/\\\/www.altominho.tv\\\/site\\\/#\\\/schema\\\/person\\\/a0e4ef6d041f98ca284393d8f1d97153\"},\"headline\":\"Inc\u00eandios: Governo promete &#8220;dar passos&#8221; anuais para cumprir plano de preven\u00e7\u00e3o a 30 anos\",\"datePublished\":\"2025-08-08T15:49:23+00:00\",\"dateModified\":\"2025-08-08T15:49:27+00:00\",\"mainEntityOfPage\":{\"@id\":\"https:\\\/\\\/www.altominho.tv\\\/site\\\/2025\\\/08\\\/08\\\/ponte-da-barca-incendios-5\\\/\"},\"wordCount\":616,\"image\":{\"@id\":\"https:\\\/\\\/www.altominho.tv\\\/site\\\/2025\\\/08\\\/08\\\/ponte-da-barca-incendios-5\\\/#primaryimage\"},\"thumbnailUrl\":\"https:\\\/\\\/www.altominho.tv\\\/site\\\/wp-content\\\/uploads\\\/2025\\\/08\\\/fogo-dominado.jpeg\",\"keywords\":[\"Sociedade\"],\"articleSection\":[\"Ponte da Barca\"],\"inLanguage\":\"pt-PT\",\"copyrightYear\":\"2025\",\"copyrightHolder\":{\"@id\":\"https:\\\/\\\/www.altominho.tv\\\/site\\\/#organization\"}},{\"@type\":\"WebPage\",\"@id\":\"https:\\\/\\\/www.altominho.tv\\\/site\\\/2025\\\/08\\\/08\\\/ponte-da-barca-incendios-5\\\/\",\"url\":\"https:\\\/\\\/www.altominho.tv\\\/site\\\/2025\\\/08\\\/08\\\/ponte-da-barca-incendios-5\\\/\",\"name\":\"Inc\u00eandios: Governo promete \\\"dar passos\\\" anuais para cumprir plano de preven\u00e7\u00e3o a 30 anos\",\"isPartOf\":{\"@id\":\"https:\\\/\\\/www.altominho.tv\\\/site\\\/#website\"},\"primaryImageOfPage\":{\"@id\":\"https:\\\/\\\/www.altominho.tv\\\/site\\\/2025\\\/08\\\/08\\\/ponte-da-barca-incendios-5\\\/#primaryimage\"},\"image\":{\"@id\":\"https:\\\/\\\/www.altominho.tv\\\/site\\\/2025\\\/08\\\/08\\\/ponte-da-barca-incendios-5\\\/#primaryimage\"},\"thumbnailUrl\":\"https:\\\/\\\/www.altominho.tv\\\/site\\\/wp-content\\\/uploads\\\/2025\\\/08\\\/fogo-dominado.jpeg\",\"datePublished\":\"2025-08-08T15:49:23+00:00\",\"dateModified\":\"2025-08-08T15:49:27+00:00\",\"author\":{\"@id\":\"https:\\\/\\\/www.altominho.tv\\\/site\\\/#\\\/schema\\\/person\\\/a0e4ef6d041f98ca284393d8f1d97153\"},\"description\":\"Inc\u00eandios: Governo promete \\\"dar passos\\\" anuais para cumprir plano de preven\u00e7\u00e3o a 30 anos.\",\"breadcrumb\":{\"@id\":\"https:\\\/\\\/www.altominho.tv\\\/site\\\/2025\\\/08\\\/08\\\/ponte-da-barca-incendios-5\\\/#breadcrumb\"},\"inLanguage\":\"pt-PT\",\"potentialAction\":[{\"@type\":\"ReadAction\",\"target\":[\"https:\\\/\\\/www.altominho.tv\\\/site\\\/2025\\\/08\\\/08\\\/ponte-da-barca-incendios-5\\\/\"]}]},{\"@type\":\"ImageObject\",\"inLanguage\":\"pt-PT\",\"@id\":\"https:\\\/\\\/www.altominho.tv\\\/site\\\/2025\\\/08\\\/08\\\/ponte-da-barca-incendios-5\\\/#primaryimage\",\"url\":\"https:\\\/\\\/www.altominho.tv\\\/site\\\/wp-content\\\/uploads\\\/2025\\\/08\\\/fogo-dominado.jpeg\",\"contentUrl\":\"https:\\\/\\\/www.altominho.tv\\\/site\\\/wp-content\\\/uploads\\\/2025\\\/08\\\/fogo-dominado.jpeg\",\"width\":1200,\"height\":630},{\"@type\":\"BreadcrumbList\",\"@id\":\"https:\\\/\\\/www.altominho.tv\\\/site\\\/2025\\\/08\\\/08\\\/ponte-da-barca-incendios-5\\\/#breadcrumb\",\"itemListElement\":[{\"@type\":\"ListItem\",\"position\":1,\"name\":\"In\u00edcio\",\"item\":\"https:\\\/\\\/www.altominho.tv\\\/site\\\/\"},{\"@type\":\"ListItem\",\"position\":2,\"name\":\"Inc\u00eandios: Governo promete &#8220;dar passos&#8221; anuais para cumprir plano de preven\u00e7\u00e3o a 30 anos\"}]},{\"@type\":\"WebSite\",\"@id\":\"https:\\\/\\\/www.altominho.tv\\\/site\\\/#website\",\"url\":\"https:\\\/\\\/www.altominho.tv\\\/site\\\/\",\"name\":\"Altominho.tv\",\"description\":\"A sua regi\u00e3o \u00e0 dist\u00e2ncia de um clique...\",\"potentialAction\":[{\"@type\":\"SearchAction\",\"target\":{\"@type\":\"EntryPoint\",\"urlTemplate\":\"https:\\\/\\\/www.altominho.tv\\\/site\\\/?s={search_term_string}\"},\"query-input\":{\"@type\":\"PropertyValueSpecification\",\"valueRequired\":true,\"valueName\":\"search_term_string\"}}],\"inLanguage\":\"pt-PT\"},{\"@type\":\"Person\",\"@id\":\"https:\\\/\\\/www.altominho.tv\\\/site\\\/#\\\/schema\\\/person\\\/a0e4ef6d041f98ca284393d8f1d97153\",\"name\":\"Andreia Cunha\",\"image\":{\"@type\":\"ImageObject\",\"inLanguage\":\"pt-PT\",\"@id\":\"https:\\\/\\\/www.altominho.tv\\\/site\\\/wp-content\\\/uploads\\\/2017\\\/11\\\/Andreia_Cunha-1-150x150.jpg\",\"url\":\"https:\\\/\\\/www.altominho.tv\\\/site\\\/wp-content\\\/uploads\\\/2017\\\/11\\\/Andreia_Cunha-1-150x150.jpg\",\"contentUrl\":\"https:\\\/\\\/www.altominho.tv\\\/site\\\/wp-content\\\/uploads\\\/2017\\\/11\\\/Andreia_Cunha-1-150x150.jpg\",\"caption\":\"Andreia Cunha\"},\"url\":\"https:\\\/\\\/www.altominho.tv\\\/site\\\/author\\\/andreiacunha\\\/\"}]}<\/script>\n<!-- \/ Yoast SEO Premium plugin. -->","yoast_head_json":{"title":"Inc\u00eandios: Governo promete \"dar passos\" anuais para cumprir plano de preven\u00e7\u00e3o a 30 anos","description":"Inc\u00eandios: Governo promete \"dar passos\" anuais para cumprir plano de preven\u00e7\u00e3o a 30 anos.","robots":{"index":"index","follow":"follow","max-snippet":"max-snippet:-1","max-image-preview":"max-image-preview:large","max-video-preview":"max-video-preview:-1"},"canonical":"https:\/\/www.altominho.tv\/site\/2025\/08\/08\/ponte-da-barca-incendios-5\/","og_locale":"pt_PT","og_type":"article","og_title":"Inc\u00eandios: Governo promete \"dar passos\" anuais para cumprir plano de preven\u00e7\u00e3o a 30 anos","og_description":"Inc\u00eandios: Governo promete \"dar passos\" anuais para cumprir plano de preven\u00e7\u00e3o a 30 anos.","og_url":"https:\/\/www.altominho.tv\/site\/2025\/08\/08\/ponte-da-barca-incendios-5\/","og_site_name":"Altominho.tv","article_publisher":"https:\/\/www.facebook.com\/altominhotv","article_published_time":"2025-08-08T15:49:23+00:00","article_modified_time":"2025-08-08T15:49:27+00:00","og_image":[{"width":1200,"height":630,"url":"https:\/\/www.altominho.tv\/site\/wp-content\/uploads\/2025\/08\/fogo-dominado.jpeg","type":"image\/jpeg"}],"author":"Andreia Cunha","twitter_card":"summary_large_image","twitter_creator":"@altominhoTV","twitter_site":"@altominhoTV","twitter_misc":{"Escrito por":"Andreia Cunha","Tempo estimado de leitura":"4 minutos"},"schema":{"@context":"https:\/\/schema.org","@graph":[{"@type":"Article","@id":"https:\/\/www.altominho.tv\/site\/2025\/08\/08\/ponte-da-barca-incendios-5\/#article","isPartOf":{"@id":"https:\/\/www.altominho.tv\/site\/2025\/08\/08\/ponte-da-barca-incendios-5\/"},"author":{"name":"Andreia Cunha","@id":"https:\/\/www.altominho.tv\/site\/#\/schema\/person\/a0e4ef6d041f98ca284393d8f1d97153"},"headline":"Inc\u00eandios: Governo promete &#8220;dar passos&#8221; anuais para cumprir plano de preven\u00e7\u00e3o a 30 anos","datePublished":"2025-08-08T15:49:23+00:00","dateModified":"2025-08-08T15:49:27+00:00","mainEntityOfPage":{"@id":"https:\/\/www.altominho.tv\/site\/2025\/08\/08\/ponte-da-barca-incendios-5\/"},"wordCount":616,"image":{"@id":"https:\/\/www.altominho.tv\/site\/2025\/08\/08\/ponte-da-barca-incendios-5\/#primaryimage"},"thumbnailUrl":"https:\/\/www.altominho.tv\/site\/wp-content\/uploads\/2025\/08\/fogo-dominado.jpeg","keywords":["Sociedade"],"articleSection":["Ponte da Barca"],"inLanguage":"pt-PT","copyrightYear":"2025","copyrightHolder":{"@id":"https:\/\/www.altominho.tv\/site\/#organization"}},{"@type":"WebPage","@id":"https:\/\/www.altominho.tv\/site\/2025\/08\/08\/ponte-da-barca-incendios-5\/","url":"https:\/\/www.altominho.tv\/site\/2025\/08\/08\/ponte-da-barca-incendios-5\/","name":"Inc\u00eandios: Governo promete \"dar passos\" anuais para cumprir plano de preven\u00e7\u00e3o a 30 anos","isPartOf":{"@id":"https:\/\/www.altominho.tv\/site\/#website"},"primaryImageOfPage":{"@id":"https:\/\/www.altominho.tv\/site\/2025\/08\/08\/ponte-da-barca-incendios-5\/#primaryimage"},"image":{"@id":"https:\/\/www.altominho.tv\/site\/2025\/08\/08\/ponte-da-barca-incendios-5\/#primaryimage"},"thumbnailUrl":"https:\/\/www.altominho.tv\/site\/wp-content\/uploads\/2025\/08\/fogo-dominado.jpeg","datePublished":"2025-08-08T15:49:23+00:00","dateModified":"2025-08-08T15:49:27+00:00","author":{"@id":"https:\/\/www.altominho.tv\/site\/#\/schema\/person\/a0e4ef6d041f98ca284393d8f1d97153"},"description":"Inc\u00eandios: Governo promete \"dar passos\" anuais para cumprir plano de preven\u00e7\u00e3o a 30 anos.","breadcrumb":{"@id":"https:\/\/www.altominho.tv\/site\/2025\/08\/08\/ponte-da-barca-incendios-5\/#breadcrumb"},"inLanguage":"pt-PT","potentialAction":[{"@type":"ReadAction","target":["https:\/\/www.altominho.tv\/site\/2025\/08\/08\/ponte-da-barca-incendios-5\/"]}]},{"@type":"ImageObject","inLanguage":"pt-PT","@id":"https:\/\/www.altominho.tv\/site\/2025\/08\/08\/ponte-da-barca-incendios-5\/#primaryimage","url":"https:\/\/www.altominho.tv\/site\/wp-content\/uploads\/2025\/08\/fogo-dominado.jpeg","contentUrl":"https:\/\/www.altominho.tv\/site\/wp-content\/uploads\/2025\/08\/fogo-dominado.jpeg","width":1200,"height":630},{"@type":"BreadcrumbList","@id":"https:\/\/www.altominho.tv\/site\/2025\/08\/08\/ponte-da-barca-incendios-5\/#breadcrumb","itemListElement":[{"@type":"ListItem","position":1,"name":"In\u00edcio","item":"https:\/\/www.altominho.tv\/site\/"},{"@type":"ListItem","position":2,"name":"Inc\u00eandios: Governo promete &#8220;dar passos&#8221; anuais para cumprir plano de preven\u00e7\u00e3o a 30 anos"}]},{"@type":"WebSite","@id":"https:\/\/www.altominho.tv\/site\/#website","url":"https:\/\/www.altominho.tv\/site\/","name":"Altominho.tv","description":"A sua regi\u00e3o \u00e0 dist\u00e2ncia de um clique...","potentialAction":[{"@type":"SearchAction","target":{"@type":"EntryPoint","urlTemplate":"https:\/\/www.altominho.tv\/site\/?s={search_term_string}"},"query-input":{"@type":"PropertyValueSpecification","valueRequired":true,"valueName":"search_term_string"}}],"inLanguage":"pt-PT"},{"@type":"Person","@id":"https:\/\/www.altominho.tv\/site\/#\/schema\/person\/a0e4ef6d041f98ca284393d8f1d97153","name":"Andreia Cunha","image":{"@type":"ImageObject","inLanguage":"pt-PT","@id":"https:\/\/www.altominho.tv\/site\/wp-content\/uploads\/2017\/11\/Andreia_Cunha-1-150x150.jpg","url":"https:\/\/www.altominho.tv\/site\/wp-content\/uploads\/2017\/11\/Andreia_Cunha-1-150x150.jpg","contentUrl":"https:\/\/www.altominho.tv\/site\/wp-content\/uploads\/2017\/11\/Andreia_Cunha-1-150x150.jpg","caption":"Andreia Cunha"},"url":"https:\/\/www.altominho.tv\/site\/author\/andreiacunha\/"}]}},"_links":{"self":[{"href":"https:\/\/www.altominho.tv\/site\/wp-json\/wp\/v2\/posts\/121812","targetHints":{"allow":["GET"]}}],"collection":[{"href":"https:\/\/www.altominho.tv\/site\/wp-json\/wp\/v2\/posts"}],"about":[{"href":"https:\/\/www.altominho.tv\/site\/wp-json\/wp\/v2\/types\/post"}],"author":[{"embeddable":true,"href":"https:\/\/www.altominho.tv\/site\/wp-json\/wp\/v2\/users\/7"}],"replies":[{"embeddable":true,"href":"https:\/\/www.altominho.tv\/site\/wp-json\/wp\/v2\/comments?post=121812"}],"version-history":[{"count":1,"href":"https:\/\/www.altominho.tv\/site\/wp-json\/wp\/v2\/posts\/121812\/revisions"}],"predecessor-version":[{"id":121814,"href":"https:\/\/www.altominho.tv\/site\/wp-json\/wp\/v2\/posts\/121812\/revisions\/121814"}],"wp:featuredmedia":[{"embeddable":true,"href":"https:\/\/www.altominho.tv\/site\/wp-json\/wp\/v2\/media\/121813"}],"wp:attachment":[{"href":"https:\/\/www.altominho.tv\/site\/wp-json\/wp\/v2\/media?parent=121812"}],"wp:term":[{"taxonomy":"category","embeddable":true,"href":"https:\/\/www.altominho.tv\/site\/wp-json\/wp\/v2\/categories?post=121812"},{"taxonomy":"post_tag","embeddable":true,"href":"https:\/\/www.altominho.tv\/site\/wp-json\/wp\/v2\/tags?post=121812"}],"curies":[{"name":"wp","href":"https:\/\/api.w.org\/{rel}","templated":true}]}}