{"id":121762,"date":"2025-08-07T12:38:45","date_gmt":"2025-08-07T11:38:45","guid":{"rendered":"https:\/\/www.altominho.tv\/site\/?p=121762"},"modified":"2025-08-07T12:38:49","modified_gmt":"2025-08-07T11:38:49","slug":"eduardo-goncalves-e-o-candidato-do-chega-a-caminha-e-quer-ponte-internacional","status":"publish","type":"post","link":"https:\/\/www.altominho.tv\/site\/2025\/08\/07\/eduardo-goncalves-e-o-candidato-do-chega-a-caminha-e-quer-ponte-internacional\/","title":{"rendered":"Eduardo Gon\u00e7alves \u00e9 o candidato do Chega a Caminha e quer ponte internacional"},"content":{"rendered":"<p>O ex-socialista Eduardo Gon\u00e7alves \u00e9 o candidato do Chega \u00e0 C\u00e2mara de Caminha, apresentando como aposta a constru\u00e7\u00e3o de uma ponte internacional sobre o rio Minho e como \u201cprioridade absoluta\u201d a cria\u00e7\u00e3o de uma zona industrial.<\/p>\n<p>\u201cA cria\u00e7\u00e3o de uma zona industrial real e funcional tem de ser uma prioridade absoluta.<\/p>\n<p>Caminha n\u00e3o pode continuar sem uma \u00e1rea adequada para atrair empresas, criar emprego qualificado e gerar riqueza\u201d, defendeu, em declara\u00e7\u00f5es \u00e0 Lusa, o ex-presidente da Junta de Freguesia de Caminha, eleito pelo PS entre 2006 e 2013.<\/p>\n<p>Para o candidato do Chega \u00e0 C\u00e2mara de Caminha \u201cuma das apostas estrat\u00e9gicas deve ser a constru\u00e7\u00e3o de uma ponte internacional sobre o rio Minho\u201d.<\/p>\n<p>\u201cSomos o \u00fanico concelho do distrito sem uma liga\u00e7\u00e3o direta \u00e0 Galiza \u2014 uma limita\u00e7\u00e3o absurda numa era em que a coopera\u00e7\u00e3o \u00e9 essencial para o desenvolvimento econ\u00f3mico, social e cultural. Esta liga\u00e7\u00e3o \u00e9 fundamental para dinamizar o com\u00e9rcio, o turismo e a mobilidade\u201d, afirmou.<\/p>\n<p>Eduardo Gon\u00e7alves considera que o concelho \u201cenfrenta uma estagna\u00e7\u00e3o prolongada, resultado de d\u00e9cadas de gest\u00e3o ineficaz\u201d, que empurrou Caminha \u201cpara a cauda do distrito de Viana do Castelo em v\u00e1rios indicadores socioecon\u00f3micos, comprometendo o desenvolvimento, a reten\u00e7\u00e3o de popula\u00e7\u00e3o jovem e o aproveitamento pleno das potencialidades do territ\u00f3rio\u201d.<\/p>\n<p>Entre as prioridades, o candidato apontou \u201ca revitaliza\u00e7\u00e3o do setor tur\u00edstico e do com\u00e9rcio local, a melhoria das infraestruturas, ao investimento real na habita\u00e7\u00e3o acess\u00edvel e na fixa\u00e7\u00e3o de empresas e talentos\u201d.<\/p>\n<p>\u201cCaminha tem recursos \u00fanicos \u2014 localiza\u00e7\u00e3o privilegiada, patrim\u00f3nio hist\u00f3rico, beleza natural \u2014 mas falta-lhe ambi\u00e7\u00e3o estrat\u00e9gica e lideran\u00e7a competente\u201d, sustentou.<\/p>\n<p>Eduardo Gon\u00e7alves, que trabalha na Conservat\u00f3ria de Caminha e \u00e9 natural e residente em Moledo, Caminha, destaca tamb\u00e9m o projeto da marginal como \u201coutra prioridade esquecida e abandonada por sucessivos executivos\u201d.<\/p>\n<p>Para o candidato, este investimento estrutural \u201cpoderia resolver de forma integrada o problema do assoreamento do rio Coura, requalificar o espa\u00e7o p\u00fablico e criar condi\u00e7\u00f5es para o desenvolvimento de um turismo n\u00e1utico de excel\u00eancia\u201d, at\u00e9 porque Caminha \u201ctem todas as condi\u00e7\u00f5es naturais para se tornar uma refer\u00eancia nacional neste setor\u201d.<\/p>\n<p>Por outro lado, &#8220;h\u00e1 decis\u00f5es pol\u00edticas que t\u00eam causado danos profundos&#8221;, como \u00e9 o caso do Plano Diretor Municipal &#8220;que se revelou altamente castradora para fam\u00edlias e empresas\u201d.<\/p>\n<p>Eduardo Gon\u00e7alves considera que, em vez \u201cde criar um instrumento facilitador do desenvolvimento, produziu-se um plano r\u00edgido, desajustado da realidade local, que imp\u00f5e entraves ao investimento privado, condiciona novas constru\u00e7\u00f5es e agravou gravemente o problema da habita\u00e7\u00e3o\u201d.<\/p>\n<p>\u201cA escassez de oferta, aliada \u00e0 procura tur\u00edstica e \u00e0 aus\u00eancia de respostas p\u00fablicas, est\u00e1 a empurrar os pre\u00e7os [da habita\u00e7\u00e3o] para n\u00edveis proibitivos para a maioria dos residentes\u201d, alertou.<\/p>\n<p>O candidato disse ser \u201cfundamental criar um projeto tur\u00edstico para a zona das Comboas, em Vila Praia de \u00c2ncora, incluindo a instala\u00e7\u00e3o de um pavilh\u00e3o multi\u00fasos e a requalifica\u00e7\u00e3o urban\u00edstica da \u00e1rea envolvente\u201d.<\/p>\n<p>\u201cN\u00e3o podemos continuar a virar costas ao interior, completamente esquecido pelos sucessivos executivos, atrav\u00e9s da melhoria das acessibilidades, oferta de servi\u00e7os p\u00fablicos e incentivos \u00e0 fixa\u00e7\u00e3o de pessoas e empresas\u201d, acrescentou.<\/p>\n<p>Para al\u00e9m de Eduardo Gon\u00e7alves, j\u00e1 apresentaram candidatura \u00e0 C\u00e2mara de Caminha Rui Lages (presidente desde a sa\u00edda de Miguel Alves para o governo), pelo PS, Liliana Silva, pela coliga\u00e7\u00e3o PSD\/CDS\/PPM, Celestino Ribeiro, pela CDU (PCP-PEV), e Ab\u00edlio Cerqueira, pelo BE.<\/p>\n<p>Atualmente, o executivo de Caminha \u00e9 composto por quatro eleitos pelo PS e tr\u00eas pela coliga\u00e7\u00e3o O Concelho em Primeiro (PSD, CDS-PP, Alian\u00e7a e PPM).<\/p>\n<p>Nas elei\u00e7\u00f5es de 2021, o PS obteve 46,79% dos votos e a coliga\u00e7\u00e3o teve 41,36%.<\/p>\n<p>As elei\u00e7\u00f5es aut\u00e1rquicas realizam-se a 12 de outubro.<\/p>\n","protected":false},"excerpt":{"rendered":"<p>O ex-socialista Eduardo Gon\u00e7alves \u00e9 o candidato do Chega \u00e0 C\u00e2mara de Caminha, apresentando como aposta a constru\u00e7\u00e3o de uma ponte internacional sobre o rio Minho e como \u201cprioridade absoluta\u201d a cria\u00e7\u00e3o de uma zona industrial. \u201cA cria\u00e7\u00e3o de uma zona industrial real e funcional tem de ser uma prioridade absoluta. Caminha n\u00e3o pode continuar [&hellip;]<\/p>\n","protected":false},"author":13,"featured_media":121763,"comment_status":"closed","ping_status":"closed","sticky":false,"template":"","format":"standard","meta":{"_exactmetrics_skip_tracking":false,"_exactmetrics_sitenote_active":false,"_exactmetrics_sitenote_note":"","_exactmetrics_sitenote_category":0,"footnotes":""},"categories":[7],"tags":[56326],"class_list":["post-121762","post","type-post","status-publish","format-standard","has-post-thumbnail","hentry","category-caminha","tag-politica"],"yoast_head":"<!-- This site is optimized with the Yoast SEO Premium plugin v27.5 (Yoast SEO v27.5) - https:\/\/yoast.com\/product\/yoast-seo-premium-wordpress\/ -->\n<title>Eduardo Gon\u00e7alves \u00e9 o candidato do Chega a Caminha e quer ponte internacional<\/title>\n<meta name=\"description\" content=\"O ex-socialista Eduardo Gon\u00e7alves \u00e9 o candidato do Chega \u00e0 C\u00e2mara de Caminha, apresentando como aposta a constru\u00e7\u00e3o de uma ponte internacional sobre o rio Minho e como \u201cprioridade absoluta\u201d a cria\u00e7\u00e3o de uma zona industrial.\" \/>\n<meta name=\"robots\" content=\"index, follow, max-snippet:-1, max-image-preview:large, max-video-preview:-1\" \/>\n<link rel=\"canonical\" href=\"https:\/\/www.altominho.tv\/site\/2025\/08\/07\/eduardo-goncalves-e-o-candidato-do-chega-a-caminha-e-quer-ponte-internacional\/\" \/>\n<meta property=\"og:locale\" content=\"pt_PT\" \/>\n<meta property=\"og:type\" content=\"article\" \/>\n<meta property=\"og:title\" content=\"Eduardo Gon\u00e7alves \u00e9 o candidato do Chega a Caminha e quer ponte internacional\" \/>\n<meta property=\"og:description\" content=\"O ex-socialista Eduardo Gon\u00e7alves \u00e9 o candidato do Chega \u00e0 C\u00e2mara de Caminha, apresentando como aposta a constru\u00e7\u00e3o de uma ponte internacional sobre o rio Minho e como \u201cprioridade absoluta\u201d a cria\u00e7\u00e3o de uma zona industrial.\" \/>\n<meta property=\"og:url\" content=\"https:\/\/www.altominho.tv\/site\/2025\/08\/07\/eduardo-goncalves-e-o-candidato-do-chega-a-caminha-e-quer-ponte-internacional\/\" \/>\n<meta property=\"og:site_name\" content=\"Altominho.tv\" \/>\n<meta property=\"article:publisher\" content=\"https:\/\/www.facebook.com\/altominhotv\" \/>\n<meta property=\"article:published_time\" content=\"2025-08-07T11:38:45+00:00\" \/>\n<meta property=\"article:modified_time\" content=\"2025-08-07T11:38:49+00:00\" \/>\n<meta property=\"og:image\" content=\"https:\/\/www.altominho.tv\/site\/wp-content\/uploads\/2025\/08\/eduardo-goncalves.jpg\" \/>\n\t<meta property=\"og:image:width\" content=\"1200\" \/>\n\t<meta property=\"og:image:height\" content=\"630\" \/>\n\t<meta property=\"og:image:type\" content=\"image\/jpeg\" \/>\n<meta name=\"author\" content=\"Lusa\" \/>\n<meta name=\"twitter:card\" content=\"summary_large_image\" \/>\n<meta name=\"twitter:creator\" content=\"@altominhoTV\" \/>\n<meta name=\"twitter:site\" content=\"@altominhoTV\" \/>\n<meta name=\"twitter:label1\" content=\"Escrito por\" \/>\n\t<meta name=\"twitter:data1\" content=\"Lusa\" \/>\n\t<meta name=\"twitter:label2\" content=\"Tempo estimado de leitura\" \/>\n\t<meta name=\"twitter:data2\" content=\"4 minutos\" \/>\n<script type=\"application\/ld+json\" class=\"yoast-schema-graph\">{\"@context\":\"https:\\\/\\\/schema.org\",\"@graph\":[{\"@type\":\"Article\",\"@id\":\"https:\\\/\\\/www.altominho.tv\\\/site\\\/2025\\\/08\\\/07\\\/eduardo-goncalves-e-o-candidato-do-chega-a-caminha-e-quer-ponte-internacional\\\/#article\",\"isPartOf\":{\"@id\":\"https:\\\/\\\/www.altominho.tv\\\/site\\\/2025\\\/08\\\/07\\\/eduardo-goncalves-e-o-candidato-do-chega-a-caminha-e-quer-ponte-internacional\\\/\"},\"author\":{\"name\":\"Lusa\",\"@id\":\"https:\\\/\\\/www.altominho.tv\\\/site\\\/#\\\/schema\\\/person\\\/63f693da3e1899361cbe955c46f3232e\"},\"headline\":\"Eduardo Gon\u00e7alves \u00e9 o candidato do Chega a Caminha e quer ponte internacional\",\"datePublished\":\"2025-08-07T11:38:45+00:00\",\"dateModified\":\"2025-08-07T11:38:49+00:00\",\"mainEntityOfPage\":{\"@id\":\"https:\\\/\\\/www.altominho.tv\\\/site\\\/2025\\\/08\\\/07\\\/eduardo-goncalves-e-o-candidato-do-chega-a-caminha-e-quer-ponte-internacional\\\/\"},\"wordCount\":665,\"image\":{\"@id\":\"https:\\\/\\\/www.altominho.tv\\\/site\\\/2025\\\/08\\\/07\\\/eduardo-goncalves-e-o-candidato-do-chega-a-caminha-e-quer-ponte-internacional\\\/#primaryimage\"},\"thumbnailUrl\":\"https:\\\/\\\/www.altominho.tv\\\/site\\\/wp-content\\\/uploads\\\/2025\\\/08\\\/eduardo-goncalves.jpg\",\"keywords\":[\"Pol\u00edtica\"],\"articleSection\":[\"Caminha\"],\"inLanguage\":\"pt-PT\",\"copyrightYear\":\"2025\",\"copyrightHolder\":{\"@id\":\"https:\\\/\\\/www.altominho.tv\\\/site\\\/#organization\"}},{\"@type\":\"WebPage\",\"@id\":\"https:\\\/\\\/www.altominho.tv\\\/site\\\/2025\\\/08\\\/07\\\/eduardo-goncalves-e-o-candidato-do-chega-a-caminha-e-quer-ponte-internacional\\\/\",\"url\":\"https:\\\/\\\/www.altominho.tv\\\/site\\\/2025\\\/08\\\/07\\\/eduardo-goncalves-e-o-candidato-do-chega-a-caminha-e-quer-ponte-internacional\\\/\",\"name\":\"Eduardo Gon\u00e7alves \u00e9 o candidato do Chega a Caminha e quer ponte internacional\",\"isPartOf\":{\"@id\":\"https:\\\/\\\/www.altominho.tv\\\/site\\\/#website\"},\"primaryImageOfPage\":{\"@id\":\"https:\\\/\\\/www.altominho.tv\\\/site\\\/2025\\\/08\\\/07\\\/eduardo-goncalves-e-o-candidato-do-chega-a-caminha-e-quer-ponte-internacional\\\/#primaryimage\"},\"image\":{\"@id\":\"https:\\\/\\\/www.altominho.tv\\\/site\\\/2025\\\/08\\\/07\\\/eduardo-goncalves-e-o-candidato-do-chega-a-caminha-e-quer-ponte-internacional\\\/#primaryimage\"},\"thumbnailUrl\":\"https:\\\/\\\/www.altominho.tv\\\/site\\\/wp-content\\\/uploads\\\/2025\\\/08\\\/eduardo-goncalves.jpg\",\"datePublished\":\"2025-08-07T11:38:45+00:00\",\"dateModified\":\"2025-08-07T11:38:49+00:00\",\"author\":{\"@id\":\"https:\\\/\\\/www.altominho.tv\\\/site\\\/#\\\/schema\\\/person\\\/63f693da3e1899361cbe955c46f3232e\"},\"description\":\"O ex-socialista Eduardo Gon\u00e7alves \u00e9 o candidato do Chega \u00e0 C\u00e2mara de Caminha, apresentando como aposta a constru\u00e7\u00e3o de uma ponte internacional sobre o rio Minho e como \u201cprioridade absoluta\u201d a cria\u00e7\u00e3o de uma zona industrial.\",\"breadcrumb\":{\"@id\":\"https:\\\/\\\/www.altominho.tv\\\/site\\\/2025\\\/08\\\/07\\\/eduardo-goncalves-e-o-candidato-do-chega-a-caminha-e-quer-ponte-internacional\\\/#breadcrumb\"},\"inLanguage\":\"pt-PT\",\"potentialAction\":[{\"@type\":\"ReadAction\",\"target\":[\"https:\\\/\\\/www.altominho.tv\\\/site\\\/2025\\\/08\\\/07\\\/eduardo-goncalves-e-o-candidato-do-chega-a-caminha-e-quer-ponte-internacional\\\/\"]}]},{\"@type\":\"ImageObject\",\"inLanguage\":\"pt-PT\",\"@id\":\"https:\\\/\\\/www.altominho.tv\\\/site\\\/2025\\\/08\\\/07\\\/eduardo-goncalves-e-o-candidato-do-chega-a-caminha-e-quer-ponte-internacional\\\/#primaryimage\",\"url\":\"https:\\\/\\\/www.altominho.tv\\\/site\\\/wp-content\\\/uploads\\\/2025\\\/08\\\/eduardo-goncalves.jpg\",\"contentUrl\":\"https:\\\/\\\/www.altominho.tv\\\/site\\\/wp-content\\\/uploads\\\/2025\\\/08\\\/eduardo-goncalves.jpg\",\"width\":1200,\"height\":630},{\"@type\":\"BreadcrumbList\",\"@id\":\"https:\\\/\\\/www.altominho.tv\\\/site\\\/2025\\\/08\\\/07\\\/eduardo-goncalves-e-o-candidato-do-chega-a-caminha-e-quer-ponte-internacional\\\/#breadcrumb\",\"itemListElement\":[{\"@type\":\"ListItem\",\"position\":1,\"name\":\"In\u00edcio\",\"item\":\"https:\\\/\\\/www.altominho.tv\\\/site\\\/\"},{\"@type\":\"ListItem\",\"position\":2,\"name\":\"Eduardo Gon\u00e7alves \u00e9 o candidato do Chega a Caminha e quer ponte internacional\"}]},{\"@type\":\"WebSite\",\"@id\":\"https:\\\/\\\/www.altominho.tv\\\/site\\\/#website\",\"url\":\"https:\\\/\\\/www.altominho.tv\\\/site\\\/\",\"name\":\"Altominho.tv\",\"description\":\"A sua regi\u00e3o \u00e0 dist\u00e2ncia de um clique...\",\"potentialAction\":[{\"@type\":\"SearchAction\",\"target\":{\"@type\":\"EntryPoint\",\"urlTemplate\":\"https:\\\/\\\/www.altominho.tv\\\/site\\\/?s={search_term_string}\"},\"query-input\":{\"@type\":\"PropertyValueSpecification\",\"valueRequired\":true,\"valueName\":\"search_term_string\"}}],\"inLanguage\":\"pt-PT\"},{\"@type\":\"Person\",\"@id\":\"https:\\\/\\\/www.altominho.tv\\\/site\\\/#\\\/schema\\\/person\\\/63f693da3e1899361cbe955c46f3232e\",\"name\":\"Lusa\",\"image\":{\"@type\":\"ImageObject\",\"inLanguage\":\"pt-PT\",\"@id\":\"https:\\\/\\\/www.altominho.tv\\\/site\\\/wp-content\\\/uploads\\\/2019\\\/08\\\/LUSA_Logo.gif\",\"url\":\"https:\\\/\\\/www.altominho.tv\\\/site\\\/wp-content\\\/uploads\\\/2019\\\/08\\\/LUSA_Logo.gif\",\"contentUrl\":\"https:\\\/\\\/www.altominho.tv\\\/site\\\/wp-content\\\/uploads\\\/2019\\\/08\\\/LUSA_Logo.gif\",\"caption\":\"Lusa\"},\"sameAs\":[\"http:\\\/\\\/\\\/\\\/www.altominho.tv\\\/site\"],\"url\":\"https:\\\/\\\/www.altominho.tv\\\/site\\\/author\\\/lusa\\\/\"}]}<\/script>\n<!-- \/ Yoast SEO Premium plugin. -->","yoast_head_json":{"title":"Eduardo Gon\u00e7alves \u00e9 o candidato do Chega a Caminha e quer ponte internacional","description":"O ex-socialista Eduardo Gon\u00e7alves \u00e9 o candidato do Chega \u00e0 C\u00e2mara de Caminha, apresentando como aposta a constru\u00e7\u00e3o de uma ponte internacional sobre o rio Minho e como \u201cprioridade absoluta\u201d a cria\u00e7\u00e3o de uma zona industrial.","robots":{"index":"index","follow":"follow","max-snippet":"max-snippet:-1","max-image-preview":"max-image-preview:large","max-video-preview":"max-video-preview:-1"},"canonical":"https:\/\/www.altominho.tv\/site\/2025\/08\/07\/eduardo-goncalves-e-o-candidato-do-chega-a-caminha-e-quer-ponte-internacional\/","og_locale":"pt_PT","og_type":"article","og_title":"Eduardo Gon\u00e7alves \u00e9 o candidato do Chega a Caminha e quer ponte internacional","og_description":"O ex-socialista Eduardo Gon\u00e7alves \u00e9 o candidato do Chega \u00e0 C\u00e2mara de Caminha, apresentando como aposta a constru\u00e7\u00e3o de uma ponte internacional sobre o rio Minho e como \u201cprioridade absoluta\u201d a cria\u00e7\u00e3o de uma zona industrial.","og_url":"https:\/\/www.altominho.tv\/site\/2025\/08\/07\/eduardo-goncalves-e-o-candidato-do-chega-a-caminha-e-quer-ponte-internacional\/","og_site_name":"Altominho.tv","article_publisher":"https:\/\/www.facebook.com\/altominhotv","article_published_time":"2025-08-07T11:38:45+00:00","article_modified_time":"2025-08-07T11:38:49+00:00","og_image":[{"width":1200,"height":630,"url":"https:\/\/www.altominho.tv\/site\/wp-content\/uploads\/2025\/08\/eduardo-goncalves.jpg","type":"image\/jpeg"}],"author":"Lusa","twitter_card":"summary_large_image","twitter_creator":"@altominhoTV","twitter_site":"@altominhoTV","twitter_misc":{"Escrito por":"Lusa","Tempo estimado de leitura":"4 minutos"},"schema":{"@context":"https:\/\/schema.org","@graph":[{"@type":"Article","@id":"https:\/\/www.altominho.tv\/site\/2025\/08\/07\/eduardo-goncalves-e-o-candidato-do-chega-a-caminha-e-quer-ponte-internacional\/#article","isPartOf":{"@id":"https:\/\/www.altominho.tv\/site\/2025\/08\/07\/eduardo-goncalves-e-o-candidato-do-chega-a-caminha-e-quer-ponte-internacional\/"},"author":{"name":"Lusa","@id":"https:\/\/www.altominho.tv\/site\/#\/schema\/person\/63f693da3e1899361cbe955c46f3232e"},"headline":"Eduardo Gon\u00e7alves \u00e9 o candidato do Chega a Caminha e quer ponte internacional","datePublished":"2025-08-07T11:38:45+00:00","dateModified":"2025-08-07T11:38:49+00:00","mainEntityOfPage":{"@id":"https:\/\/www.altominho.tv\/site\/2025\/08\/07\/eduardo-goncalves-e-o-candidato-do-chega-a-caminha-e-quer-ponte-internacional\/"},"wordCount":665,"image":{"@id":"https:\/\/www.altominho.tv\/site\/2025\/08\/07\/eduardo-goncalves-e-o-candidato-do-chega-a-caminha-e-quer-ponte-internacional\/#primaryimage"},"thumbnailUrl":"https:\/\/www.altominho.tv\/site\/wp-content\/uploads\/2025\/08\/eduardo-goncalves.jpg","keywords":["Pol\u00edtica"],"articleSection":["Caminha"],"inLanguage":"pt-PT","copyrightYear":"2025","copyrightHolder":{"@id":"https:\/\/www.altominho.tv\/site\/#organization"}},{"@type":"WebPage","@id":"https:\/\/www.altominho.tv\/site\/2025\/08\/07\/eduardo-goncalves-e-o-candidato-do-chega-a-caminha-e-quer-ponte-internacional\/","url":"https:\/\/www.altominho.tv\/site\/2025\/08\/07\/eduardo-goncalves-e-o-candidato-do-chega-a-caminha-e-quer-ponte-internacional\/","name":"Eduardo Gon\u00e7alves \u00e9 o candidato do Chega a Caminha e quer ponte internacional","isPartOf":{"@id":"https:\/\/www.altominho.tv\/site\/#website"},"primaryImageOfPage":{"@id":"https:\/\/www.altominho.tv\/site\/2025\/08\/07\/eduardo-goncalves-e-o-candidato-do-chega-a-caminha-e-quer-ponte-internacional\/#primaryimage"},"image":{"@id":"https:\/\/www.altominho.tv\/site\/2025\/08\/07\/eduardo-goncalves-e-o-candidato-do-chega-a-caminha-e-quer-ponte-internacional\/#primaryimage"},"thumbnailUrl":"https:\/\/www.altominho.tv\/site\/wp-content\/uploads\/2025\/08\/eduardo-goncalves.jpg","datePublished":"2025-08-07T11:38:45+00:00","dateModified":"2025-08-07T11:38:49+00:00","author":{"@id":"https:\/\/www.altominho.tv\/site\/#\/schema\/person\/63f693da3e1899361cbe955c46f3232e"},"description":"O ex-socialista Eduardo Gon\u00e7alves \u00e9 o candidato do Chega \u00e0 C\u00e2mara de Caminha, apresentando como aposta a constru\u00e7\u00e3o de uma ponte internacional sobre o rio Minho e como \u201cprioridade absoluta\u201d a cria\u00e7\u00e3o de uma zona industrial.","breadcrumb":{"@id":"https:\/\/www.altominho.tv\/site\/2025\/08\/07\/eduardo-goncalves-e-o-candidato-do-chega-a-caminha-e-quer-ponte-internacional\/#breadcrumb"},"inLanguage":"pt-PT","potentialAction":[{"@type":"ReadAction","target":["https:\/\/www.altominho.tv\/site\/2025\/08\/07\/eduardo-goncalves-e-o-candidato-do-chega-a-caminha-e-quer-ponte-internacional\/"]}]},{"@type":"ImageObject","inLanguage":"pt-PT","@id":"https:\/\/www.altominho.tv\/site\/2025\/08\/07\/eduardo-goncalves-e-o-candidato-do-chega-a-caminha-e-quer-ponte-internacional\/#primaryimage","url":"https:\/\/www.altominho.tv\/site\/wp-content\/uploads\/2025\/08\/eduardo-goncalves.jpg","contentUrl":"https:\/\/www.altominho.tv\/site\/wp-content\/uploads\/2025\/08\/eduardo-goncalves.jpg","width":1200,"height":630},{"@type":"BreadcrumbList","@id":"https:\/\/www.altominho.tv\/site\/2025\/08\/07\/eduardo-goncalves-e-o-candidato-do-chega-a-caminha-e-quer-ponte-internacional\/#breadcrumb","itemListElement":[{"@type":"ListItem","position":1,"name":"In\u00edcio","item":"https:\/\/www.altominho.tv\/site\/"},{"@type":"ListItem","position":2,"name":"Eduardo Gon\u00e7alves \u00e9 o candidato do Chega a Caminha e quer ponte internacional"}]},{"@type":"WebSite","@id":"https:\/\/www.altominho.tv\/site\/#website","url":"https:\/\/www.altominho.tv\/site\/","name":"Altominho.tv","description":"A sua regi\u00e3o \u00e0 dist\u00e2ncia de um clique...","potentialAction":[{"@type":"SearchAction","target":{"@type":"EntryPoint","urlTemplate":"https:\/\/www.altominho.tv\/site\/?s={search_term_string}"},"query-input":{"@type":"PropertyValueSpecification","valueRequired":true,"valueName":"search_term_string"}}],"inLanguage":"pt-PT"},{"@type":"Person","@id":"https:\/\/www.altominho.tv\/site\/#\/schema\/person\/63f693da3e1899361cbe955c46f3232e","name":"Lusa","image":{"@type":"ImageObject","inLanguage":"pt-PT","@id":"https:\/\/www.altominho.tv\/site\/wp-content\/uploads\/2019\/08\/LUSA_Logo.gif","url":"https:\/\/www.altominho.tv\/site\/wp-content\/uploads\/2019\/08\/LUSA_Logo.gif","contentUrl":"https:\/\/www.altominho.tv\/site\/wp-content\/uploads\/2019\/08\/LUSA_Logo.gif","caption":"Lusa"},"sameAs":["http:\/\/\/\/www.altominho.tv\/site"],"url":"https:\/\/www.altominho.tv\/site\/author\/lusa\/"}]}},"_links":{"self":[{"href":"https:\/\/www.altominho.tv\/site\/wp-json\/wp\/v2\/posts\/121762","targetHints":{"allow":["GET"]}}],"collection":[{"href":"https:\/\/www.altominho.tv\/site\/wp-json\/wp\/v2\/posts"}],"about":[{"href":"https:\/\/www.altominho.tv\/site\/wp-json\/wp\/v2\/types\/post"}],"author":[{"embeddable":true,"href":"https:\/\/www.altominho.tv\/site\/wp-json\/wp\/v2\/users\/13"}],"replies":[{"embeddable":true,"href":"https:\/\/www.altominho.tv\/site\/wp-json\/wp\/v2\/comments?post=121762"}],"version-history":[{"count":1,"href":"https:\/\/www.altominho.tv\/site\/wp-json\/wp\/v2\/posts\/121762\/revisions"}],"predecessor-version":[{"id":121764,"href":"https:\/\/www.altominho.tv\/site\/wp-json\/wp\/v2\/posts\/121762\/revisions\/121764"}],"wp:featuredmedia":[{"embeddable":true,"href":"https:\/\/www.altominho.tv\/site\/wp-json\/wp\/v2\/media\/121763"}],"wp:attachment":[{"href":"https:\/\/www.altominho.tv\/site\/wp-json\/wp\/v2\/media?parent=121762"}],"wp:term":[{"taxonomy":"category","embeddable":true,"href":"https:\/\/www.altominho.tv\/site\/wp-json\/wp\/v2\/categories?post=121762"},{"taxonomy":"post_tag","embeddable":true,"href":"https:\/\/www.altominho.tv\/site\/wp-json\/wp\/v2\/tags?post=121762"}],"curies":[{"name":"wp","href":"https:\/\/api.w.org\/{rel}","templated":true}]}}