{"id":121733,"date":"2025-08-07T09:36:19","date_gmt":"2025-08-07T08:36:19","guid":{"rendered":"https:\/\/www.altominho.tv\/site\/?p=121733"},"modified":"2025-08-07T09:36:24","modified_gmt":"2025-08-07T08:36:24","slug":"peneda-geres-agua","status":"publish","type":"post","link":"https:\/\/www.altominho.tv\/site\/2025\/08\/07\/peneda-geres-agua\/","title":{"rendered":"Preservar Peneda-Ger\u00eas \u00e9 essencial para abastecimento de \u00e1gua \u00e0s cidades"},"content":{"rendered":"\n<p>A preserva\u00e7\u00e3o dos ecossistemas de montanha deve integrar \u201cuma estrat\u00e9gia para proteger a \u00e1gua\u201d e o seu abastecimento \u00e0s cidades, nomeadamente a partir da Peneda-Ger\u00eas, defendeu hoje uma investigadora.<\/p>\n\n\n\n<p>\u201cDeve haver uma preocupa\u00e7\u00e3o com a preserva\u00e7\u00e3o destes ecossistemas de montanha e com a preserva\u00e7\u00e3o das atividades que favorecem a sua resili\u00eancia aos inc\u00eandios como parte de uma estrat\u00e9gia de proteger o nosso recurso h\u00eddrico e vital que \u00e9 a \u00e1gua\u201d, alertou Joana Nogueira, da Escola Superior Agr\u00e1ria do Instituto Polit\u00e9cnico de Viana do Castelo (IPVC).<\/p>\n\n\n\n<p>Quando os ecossistemas s\u00e3o afetados pelo decr\u00e9scimo de atividades tradicionais, como tem acontecido no Parque Nacional da Peneda-Ger\u00eas (PNPG), ficam com a biodiversidade menos protegida e mais vulner\u00e1veis a inc\u00eandios, podendo afetar o abastecimento de \u00e1gua, n\u00e3o s\u00f3 na regi\u00e3o como nas cidades.<\/p>\n\n\n\n<p>\u201cEsse abastecimento pode ficar afetado, com custos mais elevados, de tratamento ou para assegurar o abastecimento. Fica afetado na sua qualidade e quantidade\u201d, asseverou a professora, que tem estudado o papel das comunidades que vivem na Peneda-Ger\u00eas e o papel desempenhado na \u201cpreserva\u00e7\u00e3o da integridade e diversidade dos ecossistemas\u201d, a prop\u00f3sito do inc\u00eandio que come\u00e7ou a 26 de julho no PNPG, em Ponte da Barca, distrito de Viana do Castelo.<\/p>\n\n\n\n<p>De acordo com Joana Nogueira, esta quest\u00e3o \u201c\u00e9 importante mesmo para quem n\u00e3o vai visitar o Parque Nacional\u201d, embora seja \u201cpouco compreendido pela sociedade\u201d<br>\u201cAs montanhas, como as serras da Peneda, do Ger\u00eas, a serra Amarela, todas as serras que constituem o PNPG, funcionam como sistemas de capta\u00e7\u00e3o de \u00e1gua que dependem de haver aqui esta paisagem equilibrada, esta paisagem com elevada biodiversidade e com agricultura e com a presen\u00e7a humana\u201d, avisa a docente.<br>No fundo, tudo isso \u201cassegura que se mantenha o solo, a vegeta\u00e7\u00e3o e que a \u00e1gua se infiltre e continue a fluir\u201d.<\/p>\n\n\n\n<p>\u201cNo futuro, vamos ter cada vez mais escassez de \u00e1gua e isto \u00e9 um servi\u00e7o de ecossistema de regula\u00e7\u00e3o em que a \u00e1gua que chega pelo rio C\u00e1vado a Braga e a \u00e1gua que chega pelo rio Lima, a Viana do Castelo, vem dos sistemas montanhosos\u201d, vincou.<\/p>\n\n\n\n<p>Com inc\u00eandios como o que deflagrou a 26 de agosto e esteve ativo at\u00e9 domingo, aquele solo \u201cfica vulner\u00e1vel, fica exposto, ficam as ra\u00edzes destru\u00eddas\u201d e com as chuvas e ventos \u201cperde-se solo\u201d.<\/p>\n\n\n\n<p>Tal implica menos vegeta\u00e7\u00e3o para reter a \u00e1gua quando chover, e isso implica \u201cmenos \u00e1gua para alimentar os rios e para esses rios alimentarem as nascentes e o abastecimento de \u00e1gua das cidades\u201d, destaca.<\/p>\n\n\n\n<p>\u201cIsto para n\u00e3o falar da qualidade da \u00e1gua que temos nas nossas casas, da \u00e1gua pot\u00e1vel. \u00c9 muito importante, est\u00e1 mais que demonstrado por v\u00e1rios estudos em Portugal, que a redu\u00e7\u00e3o da popula\u00e7\u00e3o das montanhas e o abandono agr\u00edcola e o abandono pastoril est\u00e3o relacionados com o incremento de inc\u00eandios e com o incremento de maior risco de inc\u00eandios\u201d, sublinha.<\/p>\n\n\n\n<p>O PNPG abrange os distritos de Braga (concelho de Terras de Bouro), Viana do Castelo (concelho de Melga\u00e7o, Arcos de Valdevez e Ponte da Barca) e Vila Real (concelho de Montalegre), numa \u00e1rea total de cerca de 70.290 hectares.<\/p>\n","protected":false},"excerpt":{"rendered":"<p>A preserva\u00e7\u00e3o dos ecossistemas de montanha deve integrar \u201cuma estrat\u00e9gia para proteger a \u00e1gua\u201d e o seu abastecimento \u00e0s cidades, nomeadamente a partir da Peneda-Ger\u00eas, defendeu hoje uma investigadora. \u201cDeve haver uma preocupa\u00e7\u00e3o com a preserva\u00e7\u00e3o destes ecossistemas de montanha e com a preserva\u00e7\u00e3o das atividades que favorecem a sua resili\u00eancia aos inc\u00eandios como parte [&hellip;]<\/p>\n","protected":false},"author":16,"featured_media":121734,"comment_status":"closed","ping_status":"closed","sticky":false,"template":"","format":"standard","meta":{"_exactmetrics_skip_tracking":false,"_exactmetrics_sitenote_active":false,"_exactmetrics_sitenote_note":"","_exactmetrics_sitenote_category":0,"footnotes":""},"categories":[73],"tags":[27],"class_list":["post-121733","post","type-post","status-publish","format-standard","has-post-thumbnail","hentry","category-alto-minho","tag-sociedade"],"yoast_head":"<!-- This site is optimized with the Yoast SEO Premium plugin v27.5 (Yoast SEO v27.5) - https:\/\/yoast.com\/product\/yoast-seo-premium-wordpress\/ -->\n<title>Preservar Peneda-Ger\u00eas \u00e9 essencial para abastecimento de \u00e1gua \u00e0s cidades<\/title>\n<meta name=\"description\" content=\"Preservar Peneda-Ger\u00eas \u00e9 essencial para abastecimento de \u00e1gua \u00e0s cidades.\" \/>\n<meta name=\"robots\" content=\"index, follow, max-snippet:-1, max-image-preview:large, max-video-preview:-1\" \/>\n<link rel=\"canonical\" href=\"https:\/\/www.altominho.tv\/site\/2025\/08\/07\/peneda-geres-agua\/\" \/>\n<meta property=\"og:locale\" content=\"pt_PT\" \/>\n<meta property=\"og:type\" content=\"article\" \/>\n<meta property=\"og:title\" content=\"Preservar Peneda-Ger\u00eas \u00e9 essencial para abastecimento de \u00e1gua \u00e0s cidades\" \/>\n<meta property=\"og:description\" content=\"Preservar Peneda-Ger\u00eas \u00e9 essencial para abastecimento de \u00e1gua \u00e0s cidades.\" \/>\n<meta property=\"og:url\" content=\"https:\/\/www.altominho.tv\/site\/2025\/08\/07\/peneda-geres-agua\/\" \/>\n<meta property=\"og:site_name\" content=\"Altominho.tv\" \/>\n<meta property=\"article:publisher\" content=\"https:\/\/www.facebook.com\/altominhotv\" \/>\n<meta property=\"article:published_time\" content=\"2025-08-07T08:36:19+00:00\" \/>\n<meta property=\"article:modified_time\" content=\"2025-08-07T08:36:24+00:00\" \/>\n<meta property=\"og:image\" content=\"https:\/\/www.altominho.tv\/site\/wp-content\/uploads\/2025\/08\/parque-peneda-geres-740x389-1.jpg\" \/>\n\t<meta property=\"og:image:width\" content=\"740\" \/>\n\t<meta property=\"og:image:height\" content=\"389\" \/>\n\t<meta property=\"og:image:type\" content=\"image\/jpeg\" \/>\n<meta name=\"author\" content=\"Andreia Cunha | Lusa\" \/>\n<meta name=\"twitter:card\" content=\"summary_large_image\" \/>\n<meta name=\"twitter:creator\" content=\"@altominhoTV\" \/>\n<meta name=\"twitter:site\" content=\"@altominhoTV\" \/>\n<meta name=\"twitter:label1\" content=\"Escrito por\" \/>\n\t<meta name=\"twitter:data1\" content=\"Andreia Cunha | Lusa\" \/>\n\t<meta name=\"twitter:label2\" content=\"Tempo estimado de leitura\" \/>\n\t<meta name=\"twitter:data2\" content=\"4 minutos\" \/>\n<script type=\"application\/ld+json\" class=\"yoast-schema-graph\">{\"@context\":\"https:\\\/\\\/schema.org\",\"@graph\":[{\"@type\":\"Article\",\"@id\":\"https:\\\/\\\/www.altominho.tv\\\/site\\\/2025\\\/08\\\/07\\\/peneda-geres-agua\\\/#article\",\"isPartOf\":{\"@id\":\"https:\\\/\\\/www.altominho.tv\\\/site\\\/2025\\\/08\\\/07\\\/peneda-geres-agua\\\/\"},\"author\":{\"name\":\"Andreia Cunha | Lusa\",\"@id\":\"https:\\\/\\\/www.altominho.tv\\\/site\\\/#\\\/schema\\\/person\\\/dbaf181c01b51ff40c9f461a905d321e\"},\"headline\":\"Preservar Peneda-Ger\u00eas \u00e9 essencial para abastecimento de \u00e1gua \u00e0s cidades\",\"datePublished\":\"2025-08-07T08:36:19+00:00\",\"dateModified\":\"2025-08-07T08:36:24+00:00\",\"mainEntityOfPage\":{\"@id\":\"https:\\\/\\\/www.altominho.tv\\\/site\\\/2025\\\/08\\\/07\\\/peneda-geres-agua\\\/\"},\"wordCount\":558,\"image\":{\"@id\":\"https:\\\/\\\/www.altominho.tv\\\/site\\\/2025\\\/08\\\/07\\\/peneda-geres-agua\\\/#primaryimage\"},\"thumbnailUrl\":\"https:\\\/\\\/www.altominho.tv\\\/site\\\/wp-content\\\/uploads\\\/2025\\\/08\\\/parque-peneda-geres-740x389-1.jpg\",\"keywords\":[\"Sociedade\"],\"articleSection\":[\"Alto Minho\"],\"inLanguage\":\"pt-PT\",\"copyrightYear\":\"2025\",\"copyrightHolder\":{\"@id\":\"https:\\\/\\\/www.altominho.tv\\\/site\\\/#organization\"}},{\"@type\":\"WebPage\",\"@id\":\"https:\\\/\\\/www.altominho.tv\\\/site\\\/2025\\\/08\\\/07\\\/peneda-geres-agua\\\/\",\"url\":\"https:\\\/\\\/www.altominho.tv\\\/site\\\/2025\\\/08\\\/07\\\/peneda-geres-agua\\\/\",\"name\":\"Preservar Peneda-Ger\u00eas \u00e9 essencial para abastecimento de \u00e1gua \u00e0s cidades\",\"isPartOf\":{\"@id\":\"https:\\\/\\\/www.altominho.tv\\\/site\\\/#website\"},\"primaryImageOfPage\":{\"@id\":\"https:\\\/\\\/www.altominho.tv\\\/site\\\/2025\\\/08\\\/07\\\/peneda-geres-agua\\\/#primaryimage\"},\"image\":{\"@id\":\"https:\\\/\\\/www.altominho.tv\\\/site\\\/2025\\\/08\\\/07\\\/peneda-geres-agua\\\/#primaryimage\"},\"thumbnailUrl\":\"https:\\\/\\\/www.altominho.tv\\\/site\\\/wp-content\\\/uploads\\\/2025\\\/08\\\/parque-peneda-geres-740x389-1.jpg\",\"datePublished\":\"2025-08-07T08:36:19+00:00\",\"dateModified\":\"2025-08-07T08:36:24+00:00\",\"author\":{\"@id\":\"https:\\\/\\\/www.altominho.tv\\\/site\\\/#\\\/schema\\\/person\\\/dbaf181c01b51ff40c9f461a905d321e\"},\"description\":\"Preservar Peneda-Ger\u00eas \u00e9 essencial para abastecimento de \u00e1gua \u00e0s cidades.\",\"breadcrumb\":{\"@id\":\"https:\\\/\\\/www.altominho.tv\\\/site\\\/2025\\\/08\\\/07\\\/peneda-geres-agua\\\/#breadcrumb\"},\"inLanguage\":\"pt-PT\",\"potentialAction\":[{\"@type\":\"ReadAction\",\"target\":[\"https:\\\/\\\/www.altominho.tv\\\/site\\\/2025\\\/08\\\/07\\\/peneda-geres-agua\\\/\"]}]},{\"@type\":\"ImageObject\",\"inLanguage\":\"pt-PT\",\"@id\":\"https:\\\/\\\/www.altominho.tv\\\/site\\\/2025\\\/08\\\/07\\\/peneda-geres-agua\\\/#primaryimage\",\"url\":\"https:\\\/\\\/www.altominho.tv\\\/site\\\/wp-content\\\/uploads\\\/2025\\\/08\\\/parque-peneda-geres-740x389-1.jpg\",\"contentUrl\":\"https:\\\/\\\/www.altominho.tv\\\/site\\\/wp-content\\\/uploads\\\/2025\\\/08\\\/parque-peneda-geres-740x389-1.jpg\",\"width\":740,\"height\":389},{\"@type\":\"BreadcrumbList\",\"@id\":\"https:\\\/\\\/www.altominho.tv\\\/site\\\/2025\\\/08\\\/07\\\/peneda-geres-agua\\\/#breadcrumb\",\"itemListElement\":[{\"@type\":\"ListItem\",\"position\":1,\"name\":\"In\u00edcio\",\"item\":\"https:\\\/\\\/www.altominho.tv\\\/site\\\/\"},{\"@type\":\"ListItem\",\"position\":2,\"name\":\"Preservar Peneda-Ger\u00eas \u00e9 essencial para abastecimento de \u00e1gua \u00e0s cidades\"}]},{\"@type\":\"WebSite\",\"@id\":\"https:\\\/\\\/www.altominho.tv\\\/site\\\/#website\",\"url\":\"https:\\\/\\\/www.altominho.tv\\\/site\\\/\",\"name\":\"Altominho.tv\",\"description\":\"A sua regi\u00e3o \u00e0 dist\u00e2ncia de um clique...\",\"potentialAction\":[{\"@type\":\"SearchAction\",\"target\":{\"@type\":\"EntryPoint\",\"urlTemplate\":\"https:\\\/\\\/www.altominho.tv\\\/site\\\/?s={search_term_string}\"},\"query-input\":{\"@type\":\"PropertyValueSpecification\",\"valueRequired\":true,\"valueName\":\"search_term_string\"}}],\"inLanguage\":\"pt-PT\"},{\"@type\":\"Person\",\"@id\":\"https:\\\/\\\/www.altominho.tv\\\/site\\\/#\\\/schema\\\/person\\\/dbaf181c01b51ff40c9f461a905d321e\",\"name\":\"Andreia Cunha | Lusa\",\"image\":{\"@type\":\"ImageObject\",\"inLanguage\":\"pt-PT\",\"@id\":\"https:\\\/\\\/www.altominho.tv\\\/site\\\/wp-content\\\/uploads\\\/2017\\\/11\\\/Andreia_Cunha-1-150x150.jpg\",\"url\":\"https:\\\/\\\/www.altominho.tv\\\/site\\\/wp-content\\\/uploads\\\/2017\\\/11\\\/Andreia_Cunha-1-150x150.jpg\",\"contentUrl\":\"https:\\\/\\\/www.altominho.tv\\\/site\\\/wp-content\\\/uploads\\\/2017\\\/11\\\/Andreia_Cunha-1-150x150.jpg\",\"caption\":\"Andreia Cunha | Lusa\"},\"sameAs\":[\"https:\\\/\\\/www.altominho.tv\\\/site\"],\"url\":\"https:\\\/\\\/www.altominho.tv\\\/site\\\/author\\\/andreiacunhalusa\\\/\"}]}<\/script>\n<!-- \/ Yoast SEO Premium plugin. -->","yoast_head_json":{"title":"Preservar Peneda-Ger\u00eas \u00e9 essencial para abastecimento de \u00e1gua \u00e0s cidades","description":"Preservar Peneda-Ger\u00eas \u00e9 essencial para abastecimento de \u00e1gua \u00e0s cidades.","robots":{"index":"index","follow":"follow","max-snippet":"max-snippet:-1","max-image-preview":"max-image-preview:large","max-video-preview":"max-video-preview:-1"},"canonical":"https:\/\/www.altominho.tv\/site\/2025\/08\/07\/peneda-geres-agua\/","og_locale":"pt_PT","og_type":"article","og_title":"Preservar Peneda-Ger\u00eas \u00e9 essencial para abastecimento de \u00e1gua \u00e0s cidades","og_description":"Preservar Peneda-Ger\u00eas \u00e9 essencial para abastecimento de \u00e1gua \u00e0s cidades.","og_url":"https:\/\/www.altominho.tv\/site\/2025\/08\/07\/peneda-geres-agua\/","og_site_name":"Altominho.tv","article_publisher":"https:\/\/www.facebook.com\/altominhotv","article_published_time":"2025-08-07T08:36:19+00:00","article_modified_time":"2025-08-07T08:36:24+00:00","og_image":[{"width":740,"height":389,"url":"https:\/\/www.altominho.tv\/site\/wp-content\/uploads\/2025\/08\/parque-peneda-geres-740x389-1.jpg","type":"image\/jpeg"}],"author":"Andreia Cunha | Lusa","twitter_card":"summary_large_image","twitter_creator":"@altominhoTV","twitter_site":"@altominhoTV","twitter_misc":{"Escrito por":"Andreia Cunha | Lusa","Tempo estimado de leitura":"4 minutos"},"schema":{"@context":"https:\/\/schema.org","@graph":[{"@type":"Article","@id":"https:\/\/www.altominho.tv\/site\/2025\/08\/07\/peneda-geres-agua\/#article","isPartOf":{"@id":"https:\/\/www.altominho.tv\/site\/2025\/08\/07\/peneda-geres-agua\/"},"author":{"name":"Andreia Cunha | Lusa","@id":"https:\/\/www.altominho.tv\/site\/#\/schema\/person\/dbaf181c01b51ff40c9f461a905d321e"},"headline":"Preservar Peneda-Ger\u00eas \u00e9 essencial para abastecimento de \u00e1gua \u00e0s cidades","datePublished":"2025-08-07T08:36:19+00:00","dateModified":"2025-08-07T08:36:24+00:00","mainEntityOfPage":{"@id":"https:\/\/www.altominho.tv\/site\/2025\/08\/07\/peneda-geres-agua\/"},"wordCount":558,"image":{"@id":"https:\/\/www.altominho.tv\/site\/2025\/08\/07\/peneda-geres-agua\/#primaryimage"},"thumbnailUrl":"https:\/\/www.altominho.tv\/site\/wp-content\/uploads\/2025\/08\/parque-peneda-geres-740x389-1.jpg","keywords":["Sociedade"],"articleSection":["Alto Minho"],"inLanguage":"pt-PT","copyrightYear":"2025","copyrightHolder":{"@id":"https:\/\/www.altominho.tv\/site\/#organization"}},{"@type":"WebPage","@id":"https:\/\/www.altominho.tv\/site\/2025\/08\/07\/peneda-geres-agua\/","url":"https:\/\/www.altominho.tv\/site\/2025\/08\/07\/peneda-geres-agua\/","name":"Preservar Peneda-Ger\u00eas \u00e9 essencial para abastecimento de \u00e1gua \u00e0s cidades","isPartOf":{"@id":"https:\/\/www.altominho.tv\/site\/#website"},"primaryImageOfPage":{"@id":"https:\/\/www.altominho.tv\/site\/2025\/08\/07\/peneda-geres-agua\/#primaryimage"},"image":{"@id":"https:\/\/www.altominho.tv\/site\/2025\/08\/07\/peneda-geres-agua\/#primaryimage"},"thumbnailUrl":"https:\/\/www.altominho.tv\/site\/wp-content\/uploads\/2025\/08\/parque-peneda-geres-740x389-1.jpg","datePublished":"2025-08-07T08:36:19+00:00","dateModified":"2025-08-07T08:36:24+00:00","author":{"@id":"https:\/\/www.altominho.tv\/site\/#\/schema\/person\/dbaf181c01b51ff40c9f461a905d321e"},"description":"Preservar Peneda-Ger\u00eas \u00e9 essencial para abastecimento de \u00e1gua \u00e0s cidades.","breadcrumb":{"@id":"https:\/\/www.altominho.tv\/site\/2025\/08\/07\/peneda-geres-agua\/#breadcrumb"},"inLanguage":"pt-PT","potentialAction":[{"@type":"ReadAction","target":["https:\/\/www.altominho.tv\/site\/2025\/08\/07\/peneda-geres-agua\/"]}]},{"@type":"ImageObject","inLanguage":"pt-PT","@id":"https:\/\/www.altominho.tv\/site\/2025\/08\/07\/peneda-geres-agua\/#primaryimage","url":"https:\/\/www.altominho.tv\/site\/wp-content\/uploads\/2025\/08\/parque-peneda-geres-740x389-1.jpg","contentUrl":"https:\/\/www.altominho.tv\/site\/wp-content\/uploads\/2025\/08\/parque-peneda-geres-740x389-1.jpg","width":740,"height":389},{"@type":"BreadcrumbList","@id":"https:\/\/www.altominho.tv\/site\/2025\/08\/07\/peneda-geres-agua\/#breadcrumb","itemListElement":[{"@type":"ListItem","position":1,"name":"In\u00edcio","item":"https:\/\/www.altominho.tv\/site\/"},{"@type":"ListItem","position":2,"name":"Preservar Peneda-Ger\u00eas \u00e9 essencial para abastecimento de \u00e1gua \u00e0s cidades"}]},{"@type":"WebSite","@id":"https:\/\/www.altominho.tv\/site\/#website","url":"https:\/\/www.altominho.tv\/site\/","name":"Altominho.tv","description":"A sua regi\u00e3o \u00e0 dist\u00e2ncia de um clique...","potentialAction":[{"@type":"SearchAction","target":{"@type":"EntryPoint","urlTemplate":"https:\/\/www.altominho.tv\/site\/?s={search_term_string}"},"query-input":{"@type":"PropertyValueSpecification","valueRequired":true,"valueName":"search_term_string"}}],"inLanguage":"pt-PT"},{"@type":"Person","@id":"https:\/\/www.altominho.tv\/site\/#\/schema\/person\/dbaf181c01b51ff40c9f461a905d321e","name":"Andreia Cunha | Lusa","image":{"@type":"ImageObject","inLanguage":"pt-PT","@id":"https:\/\/www.altominho.tv\/site\/wp-content\/uploads\/2017\/11\/Andreia_Cunha-1-150x150.jpg","url":"https:\/\/www.altominho.tv\/site\/wp-content\/uploads\/2017\/11\/Andreia_Cunha-1-150x150.jpg","contentUrl":"https:\/\/www.altominho.tv\/site\/wp-content\/uploads\/2017\/11\/Andreia_Cunha-1-150x150.jpg","caption":"Andreia Cunha | Lusa"},"sameAs":["https:\/\/www.altominho.tv\/site"],"url":"https:\/\/www.altominho.tv\/site\/author\/andreiacunhalusa\/"}]}},"_links":{"self":[{"href":"https:\/\/www.altominho.tv\/site\/wp-json\/wp\/v2\/posts\/121733","targetHints":{"allow":["GET"]}}],"collection":[{"href":"https:\/\/www.altominho.tv\/site\/wp-json\/wp\/v2\/posts"}],"about":[{"href":"https:\/\/www.altominho.tv\/site\/wp-json\/wp\/v2\/types\/post"}],"author":[{"embeddable":true,"href":"https:\/\/www.altominho.tv\/site\/wp-json\/wp\/v2\/users\/16"}],"replies":[{"embeddable":true,"href":"https:\/\/www.altominho.tv\/site\/wp-json\/wp\/v2\/comments?post=121733"}],"version-history":[{"count":1,"href":"https:\/\/www.altominho.tv\/site\/wp-json\/wp\/v2\/posts\/121733\/revisions"}],"predecessor-version":[{"id":121735,"href":"https:\/\/www.altominho.tv\/site\/wp-json\/wp\/v2\/posts\/121733\/revisions\/121735"}],"wp:featuredmedia":[{"embeddable":true,"href":"https:\/\/www.altominho.tv\/site\/wp-json\/wp\/v2\/media\/121734"}],"wp:attachment":[{"href":"https:\/\/www.altominho.tv\/site\/wp-json\/wp\/v2\/media?parent=121733"}],"wp:term":[{"taxonomy":"category","embeddable":true,"href":"https:\/\/www.altominho.tv\/site\/wp-json\/wp\/v2\/categories?post=121733"},{"taxonomy":"post_tag","embeddable":true,"href":"https:\/\/www.altominho.tv\/site\/wp-json\/wp\/v2\/tags?post=121733"}],"curies":[{"name":"wp","href":"https:\/\/api.w.org\/{rel}","templated":true}]}}