{"id":121677,"date":"2025-08-06T09:17:26","date_gmt":"2025-08-06T08:17:26","guid":{"rendered":"https:\/\/www.altominho.tv\/site\/?p=121677"},"modified":"2025-08-06T10:09:24","modified_gmt":"2025-08-06T09:09:24","slug":"festival-sonicblast-esta-de-regresso-ate-9-de-agosto","status":"publish","type":"post","link":"https:\/\/www.altominho.tv\/site\/2025\/08\/06\/festival-sonicblast-esta-de-regresso-ate-9-de-agosto\/","title":{"rendered":"Festival SonicBlast est\u00e1 de regresso at\u00e9 9 de agosto"},"content":{"rendered":"<p>O festival SonicBlast d\u00e1 hoje in\u00edcio \u00e0 13.\u00aa edi\u00e7\u00e3o com uma noite de \u2018aquecimento\u2019 que abre quatro dias de psicadelia musical na praia da Duna dos Caldeir\u00f5es, em \u00c2ncora, no concelho de Caminha, com nomes que v\u00e3o de Fu Manchu a Witchcraft.<\/p>\n<p>A festa de \u2018aquecimento\u2019 de hoje \u00e9 de entrada livre para quem tiver qualquer tipo de bilhete para o festival (passe ou bilhete di\u00e1rio) e come\u00e7a \u00e0s 22h00 com Overcrooks, seguindo pela madrugada dentro com Daily Thompson, Nerve Agent, Castle Rat (que depois s\u00e3o cabe\u00e7as de cartaz no \u00faltimo dia do evento) e o DJ \u2018set\u2019 de The Heavy Brothers.<\/p>\n<p>O festival arranca em pleno na quinta-feira e, at\u00e9 \u00e0 madrugada de s\u00e1bado para domingo, vai ser poss\u00edvel assistir a concertos de alguns dos principais nomes internacionais do rock psicad\u00e9lico, nas suas vertentes mais pesadas ou ligeiras, com a ocasional passagem pelo metal ou pelo punk.<\/p>\n<p>Assim, o SonicBlast conta com destaques como os belgas Amenra, os norte-americanos Earthless, Circle Jerks, Emma Ruth Rundle e King Woman, os suecos Witchcraft, de Magnus Pelander, entre muitos outros, como os italianos Messa, os tamb\u00e9m norte-americanos Atomic Bitchwax ou os canadianos Dopethrone.<\/p>\n<p>De Portugal v\u00e3o estar em palco artistas como MAQUINA., Capela Mortu\u00e1ria, Sunflowers, Bow ou Overcrooks.<\/p>\n<p>O festival inclui campismo gratuito para quem tiver bilhete. As entradas d\u00e3o direito a descontos em bilhetes na CP e Rede Expressos.<\/p>\n","protected":false},"excerpt":{"rendered":"<p>O festival SonicBlast d\u00e1 hoje in\u00edcio \u00e0 13.\u00aa edi\u00e7\u00e3o com uma noite de \u2018aquecimento\u2019 que abre quatro dias de psicadelia musical na praia da Duna dos Caldeir\u00f5es, em \u00c2ncora, no concelho de Caminha, com nomes que v\u00e3o de Fu Manchu a Witchcraft. A festa de \u2018aquecimento\u2019 de hoje \u00e9 de entrada livre para quem tiver [&hellip;]<\/p>\n","protected":false},"author":13,"featured_media":121679,"comment_status":"closed","ping_status":"closed","sticky":false,"template":"","format":"standard","meta":{"_exactmetrics_skip_tracking":false,"_exactmetrics_sitenote_active":false,"_exactmetrics_sitenote_note":"","_exactmetrics_sitenote_category":0,"footnotes":""},"categories":[7],"tags":[19,24],"class_list":["post-121677","post","type-post","status-publish","format-standard","has-post-thumbnail","hentry","category-caminha","tag-cultura","tag-lazer"],"yoast_head":"<!-- This site is optimized with the Yoast SEO Premium plugin v27.5 (Yoast SEO v27.5) - https:\/\/yoast.com\/product\/yoast-seo-premium-wordpress\/ -->\n<title>Festival SonicBlast est\u00e1 de regresso at\u00e9 9 de agosto<\/title>\n<meta name=\"description\" content=\"O festival SonicBlast d\u00e1 hoje in\u00edcio \u00e0 13.\u00aa edi\u00e7\u00e3o com uma noite de \u2018aquecimento\u2019 que abre quatro dias de psicadelia musical na praia da Duna dos Caldeir\u00f5es, em Caminha, com nomes que v\u00e3o de Fu Manchu a Witchcraft.\" \/>\n<meta name=\"robots\" content=\"index, follow, max-snippet:-1, max-image-preview:large, max-video-preview:-1\" \/>\n<link rel=\"canonical\" href=\"https:\/\/www.altominho.tv\/site\/2025\/08\/06\/festival-sonicblast-esta-de-regresso-ate-9-de-agosto\/\" \/>\n<meta property=\"og:locale\" content=\"pt_PT\" \/>\n<meta property=\"og:type\" content=\"article\" \/>\n<meta property=\"og:title\" content=\"Festival SonicBlast est\u00e1 de regresso at\u00e9 9 de agosto\" \/>\n<meta property=\"og:description\" content=\"O festival SonicBlast d\u00e1 hoje in\u00edcio \u00e0 13.\u00aa edi\u00e7\u00e3o com uma noite de \u2018aquecimento\u2019 que abre quatro dias de psicadelia musical na praia da Duna dos Caldeir\u00f5es, em Caminha, com nomes que v\u00e3o de Fu Manchu a Witchcraft.\" \/>\n<meta property=\"og:url\" content=\"https:\/\/www.altominho.tv\/site\/2025\/08\/06\/festival-sonicblast-esta-de-regresso-ate-9-de-agosto\/\" \/>\n<meta property=\"og:site_name\" content=\"Altominho.tv\" \/>\n<meta property=\"article:publisher\" content=\"https:\/\/www.facebook.com\/altominhotv\" \/>\n<meta property=\"article:published_time\" content=\"2025-08-06T08:17:26+00:00\" \/>\n<meta property=\"article:modified_time\" content=\"2025-08-06T09:09:24+00:00\" \/>\n<meta property=\"og:image\" content=\"https:\/\/www.altominho.tv\/site\/wp-content\/uploads\/2025\/08\/SonicBlast-2.jpg\" \/>\n\t<meta property=\"og:image:width\" content=\"1200\" \/>\n\t<meta property=\"og:image:height\" content=\"630\" \/>\n\t<meta property=\"og:image:type\" content=\"image\/jpeg\" \/>\n<meta name=\"author\" content=\"Lusa\" \/>\n<meta name=\"twitter:card\" content=\"summary_large_image\" \/>\n<meta name=\"twitter:creator\" content=\"@altominhoTV\" \/>\n<meta name=\"twitter:site\" content=\"@altominhoTV\" \/>\n<meta name=\"twitter:label1\" content=\"Escrito por\" \/>\n\t<meta name=\"twitter:data1\" content=\"Lusa\" \/>\n\t<meta name=\"twitter:label2\" content=\"Tempo estimado de leitura\" \/>\n\t<meta name=\"twitter:data2\" content=\"2 minutos\" \/>\n<script type=\"application\/ld+json\" class=\"yoast-schema-graph\">{\"@context\":\"https:\\\/\\\/schema.org\",\"@graph\":[{\"@type\":\"Article\",\"@id\":\"https:\\\/\\\/www.altominho.tv\\\/site\\\/2025\\\/08\\\/06\\\/festival-sonicblast-esta-de-regresso-ate-9-de-agosto\\\/#article\",\"isPartOf\":{\"@id\":\"https:\\\/\\\/www.altominho.tv\\\/site\\\/2025\\\/08\\\/06\\\/festival-sonicblast-esta-de-regresso-ate-9-de-agosto\\\/\"},\"author\":{\"name\":\"Lusa\",\"@id\":\"https:\\\/\\\/www.altominho.tv\\\/site\\\/#\\\/schema\\\/person\\\/63f693da3e1899361cbe955c46f3232e\"},\"headline\":\"Festival SonicBlast est\u00e1 de regresso at\u00e9 9 de agosto\",\"datePublished\":\"2025-08-06T08:17:26+00:00\",\"dateModified\":\"2025-08-06T09:09:24+00:00\",\"mainEntityOfPage\":{\"@id\":\"https:\\\/\\\/www.altominho.tv\\\/site\\\/2025\\\/08\\\/06\\\/festival-sonicblast-esta-de-regresso-ate-9-de-agosto\\\/\"},\"wordCount\":247,\"image\":{\"@id\":\"https:\\\/\\\/www.altominho.tv\\\/site\\\/2025\\\/08\\\/06\\\/festival-sonicblast-esta-de-regresso-ate-9-de-agosto\\\/#primaryimage\"},\"thumbnailUrl\":\"https:\\\/\\\/www.altominho.tv\\\/site\\\/wp-content\\\/uploads\\\/2025\\\/08\\\/SonicBlast-2.jpg\",\"keywords\":[\"Cultura\",\"Lazer\"],\"articleSection\":[\"Caminha\"],\"inLanguage\":\"pt-PT\",\"copyrightYear\":\"2025\",\"copyrightHolder\":{\"@id\":\"https:\\\/\\\/www.altominho.tv\\\/site\\\/#organization\"}},{\"@type\":\"WebPage\",\"@id\":\"https:\\\/\\\/www.altominho.tv\\\/site\\\/2025\\\/08\\\/06\\\/festival-sonicblast-esta-de-regresso-ate-9-de-agosto\\\/\",\"url\":\"https:\\\/\\\/www.altominho.tv\\\/site\\\/2025\\\/08\\\/06\\\/festival-sonicblast-esta-de-regresso-ate-9-de-agosto\\\/\",\"name\":\"Festival SonicBlast est\u00e1 de regresso at\u00e9 9 de agosto\",\"isPartOf\":{\"@id\":\"https:\\\/\\\/www.altominho.tv\\\/site\\\/#website\"},\"primaryImageOfPage\":{\"@id\":\"https:\\\/\\\/www.altominho.tv\\\/site\\\/2025\\\/08\\\/06\\\/festival-sonicblast-esta-de-regresso-ate-9-de-agosto\\\/#primaryimage\"},\"image\":{\"@id\":\"https:\\\/\\\/www.altominho.tv\\\/site\\\/2025\\\/08\\\/06\\\/festival-sonicblast-esta-de-regresso-ate-9-de-agosto\\\/#primaryimage\"},\"thumbnailUrl\":\"https:\\\/\\\/www.altominho.tv\\\/site\\\/wp-content\\\/uploads\\\/2025\\\/08\\\/SonicBlast-2.jpg\",\"datePublished\":\"2025-08-06T08:17:26+00:00\",\"dateModified\":\"2025-08-06T09:09:24+00:00\",\"author\":{\"@id\":\"https:\\\/\\\/www.altominho.tv\\\/site\\\/#\\\/schema\\\/person\\\/63f693da3e1899361cbe955c46f3232e\"},\"description\":\"O festival SonicBlast d\u00e1 hoje in\u00edcio \u00e0 13.\u00aa edi\u00e7\u00e3o com uma noite de \u2018aquecimento\u2019 que abre quatro dias de psicadelia musical na praia da Duna dos Caldeir\u00f5es, em Caminha, com nomes que v\u00e3o de Fu Manchu a Witchcraft.\",\"breadcrumb\":{\"@id\":\"https:\\\/\\\/www.altominho.tv\\\/site\\\/2025\\\/08\\\/06\\\/festival-sonicblast-esta-de-regresso-ate-9-de-agosto\\\/#breadcrumb\"},\"inLanguage\":\"pt-PT\",\"potentialAction\":[{\"@type\":\"ReadAction\",\"target\":[\"https:\\\/\\\/www.altominho.tv\\\/site\\\/2025\\\/08\\\/06\\\/festival-sonicblast-esta-de-regresso-ate-9-de-agosto\\\/\"]}]},{\"@type\":\"ImageObject\",\"inLanguage\":\"pt-PT\",\"@id\":\"https:\\\/\\\/www.altominho.tv\\\/site\\\/2025\\\/08\\\/06\\\/festival-sonicblast-esta-de-regresso-ate-9-de-agosto\\\/#primaryimage\",\"url\":\"https:\\\/\\\/www.altominho.tv\\\/site\\\/wp-content\\\/uploads\\\/2025\\\/08\\\/SonicBlast-2.jpg\",\"contentUrl\":\"https:\\\/\\\/www.altominho.tv\\\/site\\\/wp-content\\\/uploads\\\/2025\\\/08\\\/SonicBlast-2.jpg\",\"width\":1200,\"height\":630},{\"@type\":\"BreadcrumbList\",\"@id\":\"https:\\\/\\\/www.altominho.tv\\\/site\\\/2025\\\/08\\\/06\\\/festival-sonicblast-esta-de-regresso-ate-9-de-agosto\\\/#breadcrumb\",\"itemListElement\":[{\"@type\":\"ListItem\",\"position\":1,\"name\":\"In\u00edcio\",\"item\":\"https:\\\/\\\/www.altominho.tv\\\/site\\\/\"},{\"@type\":\"ListItem\",\"position\":2,\"name\":\"Festival SonicBlast est\u00e1 de regresso at\u00e9 9 de agosto\"}]},{\"@type\":\"WebSite\",\"@id\":\"https:\\\/\\\/www.altominho.tv\\\/site\\\/#website\",\"url\":\"https:\\\/\\\/www.altominho.tv\\\/site\\\/\",\"name\":\"Altominho.tv\",\"description\":\"A sua regi\u00e3o \u00e0 dist\u00e2ncia de um clique...\",\"potentialAction\":[{\"@type\":\"SearchAction\",\"target\":{\"@type\":\"EntryPoint\",\"urlTemplate\":\"https:\\\/\\\/www.altominho.tv\\\/site\\\/?s={search_term_string}\"},\"query-input\":{\"@type\":\"PropertyValueSpecification\",\"valueRequired\":true,\"valueName\":\"search_term_string\"}}],\"inLanguage\":\"pt-PT\"},{\"@type\":\"Person\",\"@id\":\"https:\\\/\\\/www.altominho.tv\\\/site\\\/#\\\/schema\\\/person\\\/63f693da3e1899361cbe955c46f3232e\",\"name\":\"Lusa\",\"image\":{\"@type\":\"ImageObject\",\"inLanguage\":\"pt-PT\",\"@id\":\"https:\\\/\\\/www.altominho.tv\\\/site\\\/wp-content\\\/uploads\\\/2019\\\/08\\\/LUSA_Logo.gif\",\"url\":\"https:\\\/\\\/www.altominho.tv\\\/site\\\/wp-content\\\/uploads\\\/2019\\\/08\\\/LUSA_Logo.gif\",\"contentUrl\":\"https:\\\/\\\/www.altominho.tv\\\/site\\\/wp-content\\\/uploads\\\/2019\\\/08\\\/LUSA_Logo.gif\",\"caption\":\"Lusa\"},\"sameAs\":[\"http:\\\/\\\/\\\/\\\/www.altominho.tv\\\/site\"],\"url\":\"https:\\\/\\\/www.altominho.tv\\\/site\\\/author\\\/lusa\\\/\"}]}<\/script>\n<!-- \/ Yoast SEO Premium plugin. -->","yoast_head_json":{"title":"Festival SonicBlast est\u00e1 de regresso at\u00e9 9 de agosto","description":"O festival SonicBlast d\u00e1 hoje in\u00edcio \u00e0 13.\u00aa edi\u00e7\u00e3o com uma noite de \u2018aquecimento\u2019 que abre quatro dias de psicadelia musical na praia da Duna dos Caldeir\u00f5es, em Caminha, com nomes que v\u00e3o de Fu Manchu a Witchcraft.","robots":{"index":"index","follow":"follow","max-snippet":"max-snippet:-1","max-image-preview":"max-image-preview:large","max-video-preview":"max-video-preview:-1"},"canonical":"https:\/\/www.altominho.tv\/site\/2025\/08\/06\/festival-sonicblast-esta-de-regresso-ate-9-de-agosto\/","og_locale":"pt_PT","og_type":"article","og_title":"Festival SonicBlast est\u00e1 de regresso at\u00e9 9 de agosto","og_description":"O festival SonicBlast d\u00e1 hoje in\u00edcio \u00e0 13.\u00aa edi\u00e7\u00e3o com uma noite de \u2018aquecimento\u2019 que abre quatro dias de psicadelia musical na praia da Duna dos Caldeir\u00f5es, em Caminha, com nomes que v\u00e3o de Fu Manchu a Witchcraft.","og_url":"https:\/\/www.altominho.tv\/site\/2025\/08\/06\/festival-sonicblast-esta-de-regresso-ate-9-de-agosto\/","og_site_name":"Altominho.tv","article_publisher":"https:\/\/www.facebook.com\/altominhotv","article_published_time":"2025-08-06T08:17:26+00:00","article_modified_time":"2025-08-06T09:09:24+00:00","og_image":[{"width":1200,"height":630,"url":"https:\/\/www.altominho.tv\/site\/wp-content\/uploads\/2025\/08\/SonicBlast-2.jpg","type":"image\/jpeg"}],"author":"Lusa","twitter_card":"summary_large_image","twitter_creator":"@altominhoTV","twitter_site":"@altominhoTV","twitter_misc":{"Escrito por":"Lusa","Tempo estimado de leitura":"2 minutos"},"schema":{"@context":"https:\/\/schema.org","@graph":[{"@type":"Article","@id":"https:\/\/www.altominho.tv\/site\/2025\/08\/06\/festival-sonicblast-esta-de-regresso-ate-9-de-agosto\/#article","isPartOf":{"@id":"https:\/\/www.altominho.tv\/site\/2025\/08\/06\/festival-sonicblast-esta-de-regresso-ate-9-de-agosto\/"},"author":{"name":"Lusa","@id":"https:\/\/www.altominho.tv\/site\/#\/schema\/person\/63f693da3e1899361cbe955c46f3232e"},"headline":"Festival SonicBlast est\u00e1 de regresso at\u00e9 9 de agosto","datePublished":"2025-08-06T08:17:26+00:00","dateModified":"2025-08-06T09:09:24+00:00","mainEntityOfPage":{"@id":"https:\/\/www.altominho.tv\/site\/2025\/08\/06\/festival-sonicblast-esta-de-regresso-ate-9-de-agosto\/"},"wordCount":247,"image":{"@id":"https:\/\/www.altominho.tv\/site\/2025\/08\/06\/festival-sonicblast-esta-de-regresso-ate-9-de-agosto\/#primaryimage"},"thumbnailUrl":"https:\/\/www.altominho.tv\/site\/wp-content\/uploads\/2025\/08\/SonicBlast-2.jpg","keywords":["Cultura","Lazer"],"articleSection":["Caminha"],"inLanguage":"pt-PT","copyrightYear":"2025","copyrightHolder":{"@id":"https:\/\/www.altominho.tv\/site\/#organization"}},{"@type":"WebPage","@id":"https:\/\/www.altominho.tv\/site\/2025\/08\/06\/festival-sonicblast-esta-de-regresso-ate-9-de-agosto\/","url":"https:\/\/www.altominho.tv\/site\/2025\/08\/06\/festival-sonicblast-esta-de-regresso-ate-9-de-agosto\/","name":"Festival SonicBlast est\u00e1 de regresso at\u00e9 9 de agosto","isPartOf":{"@id":"https:\/\/www.altominho.tv\/site\/#website"},"primaryImageOfPage":{"@id":"https:\/\/www.altominho.tv\/site\/2025\/08\/06\/festival-sonicblast-esta-de-regresso-ate-9-de-agosto\/#primaryimage"},"image":{"@id":"https:\/\/www.altominho.tv\/site\/2025\/08\/06\/festival-sonicblast-esta-de-regresso-ate-9-de-agosto\/#primaryimage"},"thumbnailUrl":"https:\/\/www.altominho.tv\/site\/wp-content\/uploads\/2025\/08\/SonicBlast-2.jpg","datePublished":"2025-08-06T08:17:26+00:00","dateModified":"2025-08-06T09:09:24+00:00","author":{"@id":"https:\/\/www.altominho.tv\/site\/#\/schema\/person\/63f693da3e1899361cbe955c46f3232e"},"description":"O festival SonicBlast d\u00e1 hoje in\u00edcio \u00e0 13.\u00aa edi\u00e7\u00e3o com uma noite de \u2018aquecimento\u2019 que abre quatro dias de psicadelia musical na praia da Duna dos Caldeir\u00f5es, em Caminha, com nomes que v\u00e3o de Fu Manchu a Witchcraft.","breadcrumb":{"@id":"https:\/\/www.altominho.tv\/site\/2025\/08\/06\/festival-sonicblast-esta-de-regresso-ate-9-de-agosto\/#breadcrumb"},"inLanguage":"pt-PT","potentialAction":[{"@type":"ReadAction","target":["https:\/\/www.altominho.tv\/site\/2025\/08\/06\/festival-sonicblast-esta-de-regresso-ate-9-de-agosto\/"]}]},{"@type":"ImageObject","inLanguage":"pt-PT","@id":"https:\/\/www.altominho.tv\/site\/2025\/08\/06\/festival-sonicblast-esta-de-regresso-ate-9-de-agosto\/#primaryimage","url":"https:\/\/www.altominho.tv\/site\/wp-content\/uploads\/2025\/08\/SonicBlast-2.jpg","contentUrl":"https:\/\/www.altominho.tv\/site\/wp-content\/uploads\/2025\/08\/SonicBlast-2.jpg","width":1200,"height":630},{"@type":"BreadcrumbList","@id":"https:\/\/www.altominho.tv\/site\/2025\/08\/06\/festival-sonicblast-esta-de-regresso-ate-9-de-agosto\/#breadcrumb","itemListElement":[{"@type":"ListItem","position":1,"name":"In\u00edcio","item":"https:\/\/www.altominho.tv\/site\/"},{"@type":"ListItem","position":2,"name":"Festival SonicBlast est\u00e1 de regresso at\u00e9 9 de agosto"}]},{"@type":"WebSite","@id":"https:\/\/www.altominho.tv\/site\/#website","url":"https:\/\/www.altominho.tv\/site\/","name":"Altominho.tv","description":"A sua regi\u00e3o \u00e0 dist\u00e2ncia de um clique...","potentialAction":[{"@type":"SearchAction","target":{"@type":"EntryPoint","urlTemplate":"https:\/\/www.altominho.tv\/site\/?s={search_term_string}"},"query-input":{"@type":"PropertyValueSpecification","valueRequired":true,"valueName":"search_term_string"}}],"inLanguage":"pt-PT"},{"@type":"Person","@id":"https:\/\/www.altominho.tv\/site\/#\/schema\/person\/63f693da3e1899361cbe955c46f3232e","name":"Lusa","image":{"@type":"ImageObject","inLanguage":"pt-PT","@id":"https:\/\/www.altominho.tv\/site\/wp-content\/uploads\/2019\/08\/LUSA_Logo.gif","url":"https:\/\/www.altominho.tv\/site\/wp-content\/uploads\/2019\/08\/LUSA_Logo.gif","contentUrl":"https:\/\/www.altominho.tv\/site\/wp-content\/uploads\/2019\/08\/LUSA_Logo.gif","caption":"Lusa"},"sameAs":["http:\/\/\/\/www.altominho.tv\/site"],"url":"https:\/\/www.altominho.tv\/site\/author\/lusa\/"}]}},"_links":{"self":[{"href":"https:\/\/www.altominho.tv\/site\/wp-json\/wp\/v2\/posts\/121677","targetHints":{"allow":["GET"]}}],"collection":[{"href":"https:\/\/www.altominho.tv\/site\/wp-json\/wp\/v2\/posts"}],"about":[{"href":"https:\/\/www.altominho.tv\/site\/wp-json\/wp\/v2\/types\/post"}],"author":[{"embeddable":true,"href":"https:\/\/www.altominho.tv\/site\/wp-json\/wp\/v2\/users\/13"}],"replies":[{"embeddable":true,"href":"https:\/\/www.altominho.tv\/site\/wp-json\/wp\/v2\/comments?post=121677"}],"version-history":[{"count":3,"href":"https:\/\/www.altominho.tv\/site\/wp-json\/wp\/v2\/posts\/121677\/revisions"}],"predecessor-version":[{"id":121684,"href":"https:\/\/www.altominho.tv\/site\/wp-json\/wp\/v2\/posts\/121677\/revisions\/121684"}],"wp:featuredmedia":[{"embeddable":true,"href":"https:\/\/www.altominho.tv\/site\/wp-json\/wp\/v2\/media\/121679"}],"wp:attachment":[{"href":"https:\/\/www.altominho.tv\/site\/wp-json\/wp\/v2\/media?parent=121677"}],"wp:term":[{"taxonomy":"category","embeddable":true,"href":"https:\/\/www.altominho.tv\/site\/wp-json\/wp\/v2\/categories?post=121677"},{"taxonomy":"post_tag","embeddable":true,"href":"https:\/\/www.altominho.tv\/site\/wp-json\/wp\/v2\/tags?post=121677"}],"curies":[{"name":"wp","href":"https:\/\/api.w.org\/{rel}","templated":true}]}}