{"id":121635,"date":"2025-08-05T12:47:28","date_gmt":"2025-08-05T11:47:28","guid":{"rendered":"https:\/\/www.altominho.tv\/site\/?p=121635"},"modified":"2025-08-05T12:47:31","modified_gmt":"2025-08-05T11:47:31","slug":"ponte-de-lima-barco-lancamento","status":"publish","type":"post","link":"https:\/\/www.altominho.tv\/site\/2025\/08\/05\/ponte-de-lima-barco-lancamento\/","title":{"rendered":"Lan\u00e7amento do novo Barco de \u00c1gua-Arriba a 22 de agosto"},"content":{"rendered":"\n<p>Ponte de Lima vai lan\u00e7ar o novo Barco de \u00c1gua-Arriba, junto \u00e0 Avenida dos Pl\u00e1tanos, no dia 22 de agosto.<\/p>\n\n\n\n<p>Inserido no programa das comemora\u00e7\u00f5es dos 900 anos do Foral de Ponte de Lima, este lan\u00e7amento ter\u00e1 lugar pelas 17h00.<\/p>\n\n\n\n<p>Os barcos de \u00c1gua-Arriba &#8220;eram antigamente utilizados para o transporte de mercadorias e pessoas&#8221;.<\/p>\n\n\n\n<p>Atualmente, &#8220;estas embarca\u00e7\u00f5es est\u00e3o associadas a visitas tur\u00edsticas mediante marca\u00e7\u00e3o, dando a conhecer a hist\u00f3ria da Vila de Ponte de Lima, bem como a fauna e a flora das margens do Rio Lima&#8221;, disse o Munic\u00edpio.<\/p>\n\n\n\n<figure class=\"wp-block-image size-large\"><img loading=\"lazy\" decoding=\"async\" width=\"1024\" height=\"536\" src=\"https:\/\/www.altominho.tv\/site\/wp-content\/uploads\/2025\/08\/900anosforal_eventos_1200x628_29_1_1200_800-1024x536.jpg\" alt=\"\" class=\"wp-image-121636\" srcset=\"https:\/\/www.altominho.tv\/site\/wp-content\/uploads\/2025\/08\/900anosforal_eventos_1200x628_29_1_1200_800-1024x536.jpg 1024w, https:\/\/www.altominho.tv\/site\/wp-content\/uploads\/2025\/08\/900anosforal_eventos_1200x628_29_1_1200_800-770x403.jpg 770w, https:\/\/www.altominho.tv\/site\/wp-content\/uploads\/2025\/08\/900anosforal_eventos_1200x628_29_1_1200_800-768x402.jpg 768w, https:\/\/www.altominho.tv\/site\/wp-content\/uploads\/2025\/08\/900anosforal_eventos_1200x628_29_1_1200_800-370x194.jpg 370w, https:\/\/www.altominho.tv\/site\/wp-content\/uploads\/2025\/08\/900anosforal_eventos_1200x628_29_1_1200_800-270x141.jpg 270w, https:\/\/www.altominho.tv\/site\/wp-content\/uploads\/2025\/08\/900anosforal_eventos_1200x628_29_1_1200_800-570x298.jpg 570w, https:\/\/www.altominho.tv\/site\/wp-content\/uploads\/2025\/08\/900anosforal_eventos_1200x628_29_1_1200_800-740x387.jpg 740w, https:\/\/www.altominho.tv\/site\/wp-content\/uploads\/2025\/08\/900anosforal_eventos_1200x628_29_1_1200_800.jpg 1200w\" sizes=\"auto, (max-width: 1024px) 100vw, 1024px\" \/><\/figure>\n\n\n\n<p><a href=\"https:\/\/itunes.apple.com\/pt\/app\/ponte-de-lima\/id1214948413?mt=8\" target=\"_blank\" rel=\"noreferrer noopener\"><\/a><\/p>\n","protected":false},"excerpt":{"rendered":"<p>Ponte de Lima vai lan\u00e7ar o novo Barco de \u00c1gua-Arriba, junto \u00e0 Avenida dos Pl\u00e1tanos, no dia 22 de agosto. Inserido no programa das comemora\u00e7\u00f5es dos 900 anos do Foral de Ponte de Lima, este lan\u00e7amento ter\u00e1 lugar pelas 17h00. Os barcos de \u00c1gua-Arriba &#8220;eram antigamente utilizados para o transporte de mercadorias e pessoas&#8221;. Atualmente, [&hellip;]<\/p>\n","protected":false},"author":7,"featured_media":121637,"comment_status":"closed","ping_status":"closed","sticky":false,"template":"","format":"standard","meta":{"_exactmetrics_skip_tracking":false,"_exactmetrics_sitenote_active":false,"_exactmetrics_sitenote_note":"","_exactmetrics_sitenote_category":0,"footnotes":""},"categories":[12],"tags":[27],"class_list":["post-121635","post","type-post","status-publish","format-standard","has-post-thumbnail","hentry","category-ponte-de-lima","tag-sociedade"],"yoast_head":"<!-- This site is optimized with the Yoast SEO Premium plugin v27.5 (Yoast SEO v27.5) - https:\/\/yoast.com\/product\/yoast-seo-premium-wordpress\/ -->\n<title>Lan\u00e7amento do novo Barco de \u00c1gua-Arriba a 22 de agosto<\/title>\n<meta name=\"description\" content=\"Inserido nas comemora\u00e7\u00f5es dos 900 anos de Ponte de Lima, ser\u00e1 lan\u00e7ado o novo Barco de \u00c1gua-Arriba, a 22 de agosto.\" \/>\n<meta name=\"robots\" content=\"index, follow, max-snippet:-1, max-image-preview:large, max-video-preview:-1\" \/>\n<link rel=\"canonical\" href=\"https:\/\/www.altominho.tv\/site\/2025\/08\/05\/ponte-de-lima-barco-lancamento\/\" \/>\n<meta property=\"og:locale\" content=\"pt_PT\" \/>\n<meta property=\"og:type\" content=\"article\" \/>\n<meta property=\"og:title\" content=\"Lan\u00e7amento do novo Barco de \u00c1gua-Arriba a 22 de agosto\" \/>\n<meta property=\"og:description\" content=\"Inserido nas comemora\u00e7\u00f5es dos 900 anos de Ponte de Lima, ser\u00e1 lan\u00e7ado o novo Barco de \u00c1gua-Arriba, a 22 de agosto.\" \/>\n<meta property=\"og:url\" content=\"https:\/\/www.altominho.tv\/site\/2025\/08\/05\/ponte-de-lima-barco-lancamento\/\" \/>\n<meta property=\"og:site_name\" content=\"Altominho.tv\" \/>\n<meta property=\"article:publisher\" content=\"https:\/\/www.facebook.com\/altominhotv\" \/>\n<meta property=\"article:published_time\" content=\"2025-08-05T11:47:28+00:00\" \/>\n<meta property=\"article:modified_time\" content=\"2025-08-05T11:47:31+00:00\" \/>\n<meta property=\"og:image\" content=\"https:\/\/www.altominho.tv\/site\/wp-content\/uploads\/2025\/08\/barco.jpg\" \/>\n\t<meta property=\"og:image:width\" content=\"1280\" \/>\n\t<meta property=\"og:image:height\" content=\"720\" \/>\n\t<meta property=\"og:image:type\" content=\"image\/jpeg\" \/>\n<meta name=\"author\" content=\"Andreia Cunha\" \/>\n<meta name=\"twitter:card\" content=\"summary_large_image\" \/>\n<meta name=\"twitter:creator\" content=\"@altominhoTV\" \/>\n<meta name=\"twitter:site\" content=\"@altominhoTV\" \/>\n<meta name=\"twitter:label1\" content=\"Escrito por\" \/>\n\t<meta name=\"twitter:data1\" content=\"Andreia Cunha\" \/>\n\t<meta name=\"twitter:label2\" content=\"Tempo estimado de leitura\" \/>\n\t<meta name=\"twitter:data2\" content=\"1 minuto\" \/>\n<script type=\"application\/ld+json\" class=\"yoast-schema-graph\">{\"@context\":\"https:\\\/\\\/schema.org\",\"@graph\":[{\"@type\":\"Article\",\"@id\":\"https:\\\/\\\/www.altominho.tv\\\/site\\\/2025\\\/08\\\/05\\\/ponte-de-lima-barco-lancamento\\\/#article\",\"isPartOf\":{\"@id\":\"https:\\\/\\\/www.altominho.tv\\\/site\\\/2025\\\/08\\\/05\\\/ponte-de-lima-barco-lancamento\\\/\"},\"author\":{\"name\":\"Andreia Cunha\",\"@id\":\"https:\\\/\\\/www.altominho.tv\\\/site\\\/#\\\/schema\\\/person\\\/a0e4ef6d041f98ca284393d8f1d97153\"},\"headline\":\"Lan\u00e7amento do novo Barco de \u00c1gua-Arriba a 22 de agosto\",\"datePublished\":\"2025-08-05T11:47:28+00:00\",\"dateModified\":\"2025-08-05T11:47:31+00:00\",\"mainEntityOfPage\":{\"@id\":\"https:\\\/\\\/www.altominho.tv\\\/site\\\/2025\\\/08\\\/05\\\/ponte-de-lima-barco-lancamento\\\/\"},\"wordCount\":107,\"image\":{\"@id\":\"https:\\\/\\\/www.altominho.tv\\\/site\\\/2025\\\/08\\\/05\\\/ponte-de-lima-barco-lancamento\\\/#primaryimage\"},\"thumbnailUrl\":\"https:\\\/\\\/www.altominho.tv\\\/site\\\/wp-content\\\/uploads\\\/2025\\\/08\\\/barco.jpg\",\"keywords\":[\"Sociedade\"],\"articleSection\":[\"Ponte de Lima\"],\"inLanguage\":\"pt-PT\",\"copyrightYear\":\"2025\",\"copyrightHolder\":{\"@id\":\"https:\\\/\\\/www.altominho.tv\\\/site\\\/#organization\"}},{\"@type\":\"WebPage\",\"@id\":\"https:\\\/\\\/www.altominho.tv\\\/site\\\/2025\\\/08\\\/05\\\/ponte-de-lima-barco-lancamento\\\/\",\"url\":\"https:\\\/\\\/www.altominho.tv\\\/site\\\/2025\\\/08\\\/05\\\/ponte-de-lima-barco-lancamento\\\/\",\"name\":\"Lan\u00e7amento do novo Barco de \u00c1gua-Arriba a 22 de agosto\",\"isPartOf\":{\"@id\":\"https:\\\/\\\/www.altominho.tv\\\/site\\\/#website\"},\"primaryImageOfPage\":{\"@id\":\"https:\\\/\\\/www.altominho.tv\\\/site\\\/2025\\\/08\\\/05\\\/ponte-de-lima-barco-lancamento\\\/#primaryimage\"},\"image\":{\"@id\":\"https:\\\/\\\/www.altominho.tv\\\/site\\\/2025\\\/08\\\/05\\\/ponte-de-lima-barco-lancamento\\\/#primaryimage\"},\"thumbnailUrl\":\"https:\\\/\\\/www.altominho.tv\\\/site\\\/wp-content\\\/uploads\\\/2025\\\/08\\\/barco.jpg\",\"datePublished\":\"2025-08-05T11:47:28+00:00\",\"dateModified\":\"2025-08-05T11:47:31+00:00\",\"author\":{\"@id\":\"https:\\\/\\\/www.altominho.tv\\\/site\\\/#\\\/schema\\\/person\\\/a0e4ef6d041f98ca284393d8f1d97153\"},\"description\":\"Inserido nas comemora\u00e7\u00f5es dos 900 anos de Ponte de Lima, ser\u00e1 lan\u00e7ado o novo Barco de \u00c1gua-Arriba, a 22 de agosto.\",\"breadcrumb\":{\"@id\":\"https:\\\/\\\/www.altominho.tv\\\/site\\\/2025\\\/08\\\/05\\\/ponte-de-lima-barco-lancamento\\\/#breadcrumb\"},\"inLanguage\":\"pt-PT\",\"potentialAction\":[{\"@type\":\"ReadAction\",\"target\":[\"https:\\\/\\\/www.altominho.tv\\\/site\\\/2025\\\/08\\\/05\\\/ponte-de-lima-barco-lancamento\\\/\"]}]},{\"@type\":\"ImageObject\",\"inLanguage\":\"pt-PT\",\"@id\":\"https:\\\/\\\/www.altominho.tv\\\/site\\\/2025\\\/08\\\/05\\\/ponte-de-lima-barco-lancamento\\\/#primaryimage\",\"url\":\"https:\\\/\\\/www.altominho.tv\\\/site\\\/wp-content\\\/uploads\\\/2025\\\/08\\\/barco.jpg\",\"contentUrl\":\"https:\\\/\\\/www.altominho.tv\\\/site\\\/wp-content\\\/uploads\\\/2025\\\/08\\\/barco.jpg\",\"width\":1280,\"height\":720},{\"@type\":\"BreadcrumbList\",\"@id\":\"https:\\\/\\\/www.altominho.tv\\\/site\\\/2025\\\/08\\\/05\\\/ponte-de-lima-barco-lancamento\\\/#breadcrumb\",\"itemListElement\":[{\"@type\":\"ListItem\",\"position\":1,\"name\":\"In\u00edcio\",\"item\":\"https:\\\/\\\/www.altominho.tv\\\/site\\\/\"},{\"@type\":\"ListItem\",\"position\":2,\"name\":\"Lan\u00e7amento do novo Barco de \u00c1gua-Arriba a 22 de agosto\"}]},{\"@type\":\"WebSite\",\"@id\":\"https:\\\/\\\/www.altominho.tv\\\/site\\\/#website\",\"url\":\"https:\\\/\\\/www.altominho.tv\\\/site\\\/\",\"name\":\"Altominho.tv\",\"description\":\"A sua regi\u00e3o \u00e0 dist\u00e2ncia de um clique...\",\"potentialAction\":[{\"@type\":\"SearchAction\",\"target\":{\"@type\":\"EntryPoint\",\"urlTemplate\":\"https:\\\/\\\/www.altominho.tv\\\/site\\\/?s={search_term_string}\"},\"query-input\":{\"@type\":\"PropertyValueSpecification\",\"valueRequired\":true,\"valueName\":\"search_term_string\"}}],\"inLanguage\":\"pt-PT\"},{\"@type\":\"Person\",\"@id\":\"https:\\\/\\\/www.altominho.tv\\\/site\\\/#\\\/schema\\\/person\\\/a0e4ef6d041f98ca284393d8f1d97153\",\"name\":\"Andreia Cunha\",\"image\":{\"@type\":\"ImageObject\",\"inLanguage\":\"pt-PT\",\"@id\":\"https:\\\/\\\/www.altominho.tv\\\/site\\\/wp-content\\\/uploads\\\/2017\\\/11\\\/Andreia_Cunha-1-150x150.jpg\",\"url\":\"https:\\\/\\\/www.altominho.tv\\\/site\\\/wp-content\\\/uploads\\\/2017\\\/11\\\/Andreia_Cunha-1-150x150.jpg\",\"contentUrl\":\"https:\\\/\\\/www.altominho.tv\\\/site\\\/wp-content\\\/uploads\\\/2017\\\/11\\\/Andreia_Cunha-1-150x150.jpg\",\"caption\":\"Andreia Cunha\"},\"url\":\"https:\\\/\\\/www.altominho.tv\\\/site\\\/author\\\/andreiacunha\\\/\"}]}<\/script>\n<!-- \/ Yoast SEO Premium plugin. -->","yoast_head_json":{"title":"Lan\u00e7amento do novo Barco de \u00c1gua-Arriba a 22 de agosto","description":"Inserido nas comemora\u00e7\u00f5es dos 900 anos de Ponte de Lima, ser\u00e1 lan\u00e7ado o novo Barco de \u00c1gua-Arriba, a 22 de agosto.","robots":{"index":"index","follow":"follow","max-snippet":"max-snippet:-1","max-image-preview":"max-image-preview:large","max-video-preview":"max-video-preview:-1"},"canonical":"https:\/\/www.altominho.tv\/site\/2025\/08\/05\/ponte-de-lima-barco-lancamento\/","og_locale":"pt_PT","og_type":"article","og_title":"Lan\u00e7amento do novo Barco de \u00c1gua-Arriba a 22 de agosto","og_description":"Inserido nas comemora\u00e7\u00f5es dos 900 anos de Ponte de Lima, ser\u00e1 lan\u00e7ado o novo Barco de \u00c1gua-Arriba, a 22 de agosto.","og_url":"https:\/\/www.altominho.tv\/site\/2025\/08\/05\/ponte-de-lima-barco-lancamento\/","og_site_name":"Altominho.tv","article_publisher":"https:\/\/www.facebook.com\/altominhotv","article_published_time":"2025-08-05T11:47:28+00:00","article_modified_time":"2025-08-05T11:47:31+00:00","og_image":[{"width":1280,"height":720,"url":"https:\/\/www.altominho.tv\/site\/wp-content\/uploads\/2025\/08\/barco.jpg","type":"image\/jpeg"}],"author":"Andreia Cunha","twitter_card":"summary_large_image","twitter_creator":"@altominhoTV","twitter_site":"@altominhoTV","twitter_misc":{"Escrito por":"Andreia Cunha","Tempo estimado de leitura":"1 minuto"},"schema":{"@context":"https:\/\/schema.org","@graph":[{"@type":"Article","@id":"https:\/\/www.altominho.tv\/site\/2025\/08\/05\/ponte-de-lima-barco-lancamento\/#article","isPartOf":{"@id":"https:\/\/www.altominho.tv\/site\/2025\/08\/05\/ponte-de-lima-barco-lancamento\/"},"author":{"name":"Andreia Cunha","@id":"https:\/\/www.altominho.tv\/site\/#\/schema\/person\/a0e4ef6d041f98ca284393d8f1d97153"},"headline":"Lan\u00e7amento do novo Barco de \u00c1gua-Arriba a 22 de agosto","datePublished":"2025-08-05T11:47:28+00:00","dateModified":"2025-08-05T11:47:31+00:00","mainEntityOfPage":{"@id":"https:\/\/www.altominho.tv\/site\/2025\/08\/05\/ponte-de-lima-barco-lancamento\/"},"wordCount":107,"image":{"@id":"https:\/\/www.altominho.tv\/site\/2025\/08\/05\/ponte-de-lima-barco-lancamento\/#primaryimage"},"thumbnailUrl":"https:\/\/www.altominho.tv\/site\/wp-content\/uploads\/2025\/08\/barco.jpg","keywords":["Sociedade"],"articleSection":["Ponte de Lima"],"inLanguage":"pt-PT","copyrightYear":"2025","copyrightHolder":{"@id":"https:\/\/www.altominho.tv\/site\/#organization"}},{"@type":"WebPage","@id":"https:\/\/www.altominho.tv\/site\/2025\/08\/05\/ponte-de-lima-barco-lancamento\/","url":"https:\/\/www.altominho.tv\/site\/2025\/08\/05\/ponte-de-lima-barco-lancamento\/","name":"Lan\u00e7amento do novo Barco de \u00c1gua-Arriba a 22 de agosto","isPartOf":{"@id":"https:\/\/www.altominho.tv\/site\/#website"},"primaryImageOfPage":{"@id":"https:\/\/www.altominho.tv\/site\/2025\/08\/05\/ponte-de-lima-barco-lancamento\/#primaryimage"},"image":{"@id":"https:\/\/www.altominho.tv\/site\/2025\/08\/05\/ponte-de-lima-barco-lancamento\/#primaryimage"},"thumbnailUrl":"https:\/\/www.altominho.tv\/site\/wp-content\/uploads\/2025\/08\/barco.jpg","datePublished":"2025-08-05T11:47:28+00:00","dateModified":"2025-08-05T11:47:31+00:00","author":{"@id":"https:\/\/www.altominho.tv\/site\/#\/schema\/person\/a0e4ef6d041f98ca284393d8f1d97153"},"description":"Inserido nas comemora\u00e7\u00f5es dos 900 anos de Ponte de Lima, ser\u00e1 lan\u00e7ado o novo Barco de \u00c1gua-Arriba, a 22 de agosto.","breadcrumb":{"@id":"https:\/\/www.altominho.tv\/site\/2025\/08\/05\/ponte-de-lima-barco-lancamento\/#breadcrumb"},"inLanguage":"pt-PT","potentialAction":[{"@type":"ReadAction","target":["https:\/\/www.altominho.tv\/site\/2025\/08\/05\/ponte-de-lima-barco-lancamento\/"]}]},{"@type":"ImageObject","inLanguage":"pt-PT","@id":"https:\/\/www.altominho.tv\/site\/2025\/08\/05\/ponte-de-lima-barco-lancamento\/#primaryimage","url":"https:\/\/www.altominho.tv\/site\/wp-content\/uploads\/2025\/08\/barco.jpg","contentUrl":"https:\/\/www.altominho.tv\/site\/wp-content\/uploads\/2025\/08\/barco.jpg","width":1280,"height":720},{"@type":"BreadcrumbList","@id":"https:\/\/www.altominho.tv\/site\/2025\/08\/05\/ponte-de-lima-barco-lancamento\/#breadcrumb","itemListElement":[{"@type":"ListItem","position":1,"name":"In\u00edcio","item":"https:\/\/www.altominho.tv\/site\/"},{"@type":"ListItem","position":2,"name":"Lan\u00e7amento do novo Barco de \u00c1gua-Arriba a 22 de agosto"}]},{"@type":"WebSite","@id":"https:\/\/www.altominho.tv\/site\/#website","url":"https:\/\/www.altominho.tv\/site\/","name":"Altominho.tv","description":"A sua regi\u00e3o \u00e0 dist\u00e2ncia de um clique...","potentialAction":[{"@type":"SearchAction","target":{"@type":"EntryPoint","urlTemplate":"https:\/\/www.altominho.tv\/site\/?s={search_term_string}"},"query-input":{"@type":"PropertyValueSpecification","valueRequired":true,"valueName":"search_term_string"}}],"inLanguage":"pt-PT"},{"@type":"Person","@id":"https:\/\/www.altominho.tv\/site\/#\/schema\/person\/a0e4ef6d041f98ca284393d8f1d97153","name":"Andreia Cunha","image":{"@type":"ImageObject","inLanguage":"pt-PT","@id":"https:\/\/www.altominho.tv\/site\/wp-content\/uploads\/2017\/11\/Andreia_Cunha-1-150x150.jpg","url":"https:\/\/www.altominho.tv\/site\/wp-content\/uploads\/2017\/11\/Andreia_Cunha-1-150x150.jpg","contentUrl":"https:\/\/www.altominho.tv\/site\/wp-content\/uploads\/2017\/11\/Andreia_Cunha-1-150x150.jpg","caption":"Andreia Cunha"},"url":"https:\/\/www.altominho.tv\/site\/author\/andreiacunha\/"}]}},"_links":{"self":[{"href":"https:\/\/www.altominho.tv\/site\/wp-json\/wp\/v2\/posts\/121635","targetHints":{"allow":["GET"]}}],"collection":[{"href":"https:\/\/www.altominho.tv\/site\/wp-json\/wp\/v2\/posts"}],"about":[{"href":"https:\/\/www.altominho.tv\/site\/wp-json\/wp\/v2\/types\/post"}],"author":[{"embeddable":true,"href":"https:\/\/www.altominho.tv\/site\/wp-json\/wp\/v2\/users\/7"}],"replies":[{"embeddable":true,"href":"https:\/\/www.altominho.tv\/site\/wp-json\/wp\/v2\/comments?post=121635"}],"version-history":[{"count":1,"href":"https:\/\/www.altominho.tv\/site\/wp-json\/wp\/v2\/posts\/121635\/revisions"}],"predecessor-version":[{"id":121638,"href":"https:\/\/www.altominho.tv\/site\/wp-json\/wp\/v2\/posts\/121635\/revisions\/121638"}],"wp:featuredmedia":[{"embeddable":true,"href":"https:\/\/www.altominho.tv\/site\/wp-json\/wp\/v2\/media\/121637"}],"wp:attachment":[{"href":"https:\/\/www.altominho.tv\/site\/wp-json\/wp\/v2\/media?parent=121635"}],"wp:term":[{"taxonomy":"category","embeddable":true,"href":"https:\/\/www.altominho.tv\/site\/wp-json\/wp\/v2\/categories?post=121635"},{"taxonomy":"post_tag","embeddable":true,"href":"https:\/\/www.altominho.tv\/site\/wp-json\/wp\/v2\/tags?post=121635"}],"curies":[{"name":"wp","href":"https:\/\/api.w.org\/{rel}","templated":true}]}}